{"id":40217,"date":"2022-04-27T13:08:51","date_gmt":"2022-04-27T17:08:51","guid":{"rendered":"https:\/\/blog.canadamotorjobs.com\/un-ancien-de-ferrari-nouveau-pdg-de-mclaren\/"},"modified":"2022-04-27T13:13:49","modified_gmt":"2022-04-27T17:13:49","slug":"un-ancien-de-ferrari-nouveau-pdg-de-mclaren","status":"publish","type":"post","link":"https:\/\/news.canadamotorjobs.com\/fr\/un-ancien-de-ferrari-nouveau-pdg-de-mclaren\/","title":{"rendered":"Un ancien de Ferrari nouveau PDG de McLaren"},"content":{"rendered":"<\/p>\n<p>L\u2019allemand Michael Leiters \u00e9tait le directeur de la technologie de Ferrari et l\u2019une des t\u00eates d\u2019affiche derri\u00e8re la conception de la Ferrari 296. Il est maintenant le nouveau PDG de McLaren.<br \/> <strong>La suite des choses<\/strong><br \/> Sa nomination a \u00e9t\u00e9 confirm\u00e9e aujourd&#8217;hui et entrera en vigueur \u00e0 compter du 1er juillet 2022. Cela fait suite \u00e0 des mois de rumeurs du successeur de Mike Flewitt, qui a annonc\u00e9 sa d\u00e9mission en octobre 2021. Leiters sera bas\u00e9 au c\u00e9l\u00e8bre centre technologique de McLaren et son usine de production adjacente, au Royaume-Uni, si\u00e8ge social de l\u2019entreprise. Il dirigera un effectif d&#8217;environ 3000 personnes partout autour du globe. Son poste le place \u00e9galement \u00e0 la t\u00eate du McLaren Composites Technology Center. Cette branche particuli\u00e8re de McLaren est responsable du d\u00e9veloppement de nouvelles technologies et a jou\u00e9 un r\u00f4le important dans le r\u00e9cent bolide de McLaren, l&#8217;Artura.<br \/> <strong>Un ajout de taille<\/strong><br \/> Cette embauche apporte une richesse d&#8217;exp\u00e9rience et de savoir-faire. Ferrari produit en permanence certaines des meilleures voitures hautes performances au monde et le nouveau directeur g\u00e9n\u00e9ral pourrait bien \u00eatre ce dont McLaren a besoin pour faire le prochain grand pas en avant. La grande question est de savoir si le nouveau PDG autorisera la production d&#8217;un VUS, suivant les traces de Lamborghini et Aston Martin, ou si McLaren restera uniquement un producteur de voitures exotiques.<br \/> <strong>De bons mots<\/strong><br \/> Michael Leiters a pris la parole pour mentionner que McLaren est d\u00e9j\u00e0 reconnue comme \u00e9tant l&#8217;une des soci\u00e9t\u00e9s de v\u00e9hicules haut de gamme les plus admir\u00e9es<\/p>\n","protected":false},"excerpt":{"rendered":"<p>L\u2019allemand Michael Leiters \u00e9tait le directeur de la technologie de Ferrari et l\u2019une des t\u00eates d\u2019affiche derri\u00e8re la conception de la Ferrari 296. Il est maintenant le nouveau PDG de McLaren. La suite des choses Sa nomination a \u00e9t\u00e9 confirm\u00e9e aujourd&#8217;hui et entrera en vigueur \u00e0 compter du 1er juillet 2022. Cela fait suite \u00e0 [&hellip;]<\/p>\n","protected":false},"author":8,"featured_media":40221,"comment_status":"close","ping_status":"closed","sticky":false,"template":"","format":"standard","meta":{"_monsterinsights_skip_tracking":false,"_monsterinsights_sitenote_active":false,"_monsterinsights_sitenote_note":"","_monsterinsights_sitenote_category":0,"footnotes":""},"categories":[101],"tags":[],"yoast_head":"<!-- This site is optimized with the Yoast SEO plugin v23.2 - https:\/\/yoast.com\/wordpress\/plugins\/seo\/ -->\n<title>Un ancien de Ferrari nouveau PDG de McLaren - CanadaMotorJobs.com<\/title>\n<meta name=\"description\" content=\"Un ancien de Ferrari nouveau PDG de McLaren - Benoit Charette - Annuel automobile - CanadaMotorJobs.com.\" \/>\n<meta name=\"robots\" content=\"index, follow, max-snippet:-1, max-image-preview:large, max-video-preview:-1\" \/>\n<meta property=\"og:locale\" content=\"fr_CA\" \/>\n<meta property=\"og:type\" content=\"article\" \/>\n<meta property=\"og:title\" content=\"Un ancien de Ferrari nouveau PDG de McLaren - CanadaMotorJobs.com\" \/>\n<meta property=\"og:description\" content=\"Un ancien de Ferrari nouveau PDG de McLaren - Benoit Charette - Annuel automobile - CanadaMotorJobs.com.\" \/>\n<meta property=\"og:url\" content=\"https:\/\/news.canadamotorjobs.com\/fr\/un-ancien-de-ferrari-nouveau-pdg-de-mclaren\/\" \/>\n<meta property=\"og:site_name\" content=\"CanadaMotorJobs.com\" \/>\n<meta property=\"article:publisher\" content=\"https:\/\/www.facebook.com\/canadamotorjobs\/\" \/>\n<meta property=\"article:published_time\" content=\"2022-04-27T17:08:51+00:00\" \/>\n<meta property=\"article:modified_time\" content=\"2022-04-27T17:13:49+00:00\" \/>\n<meta property=\"og:image\" content=\"https:\/\/news.canadamotorjobs.com\/wp-content\/uploads\/2022\/04\/mclarenleiters_50-1.jpg\" \/>\n\t<meta property=\"og:image:width\" content=\"1700\" \/>\n\t<meta property=\"og:image:height\" content=\"1133\" \/>\n\t<meta property=\"og:image:type\" content=\"image\/jpeg\" \/>\n<meta name=\"author\" content=\"Benoit Charette\" \/>\n<meta name=\"twitter:card\" content=\"summary_large_image\" \/>\n<meta name=\"twitter:creator\" content=\"@canadamotorjobs\" \/>\n<meta name=\"twitter:site\" content=\"@canadamotorjobs\" \/>\n<meta name=\"twitter:label1\" content=\"\u00c9crit par\" \/>\n\t<meta name=\"twitter:data1\" content=\"Benoit Charette\" \/>\n\t<meta name=\"twitter:label2\" content=\"Estimation du temps de lecture\" \/>\n\t<meta name=\"twitter:data2\" content=\"1 minute\" \/>\n<!-- \/ Yoast SEO plugin. -->","yoast_head_json":{"title":"Un ancien de Ferrari nouveau PDG de McLaren - CanadaMotorJobs.com","description":"Un ancien de Ferrari nouveau PDG de McLaren - Benoit Charette - Annuel automobile - CanadaMotorJobs.com.","robots":{"index":"index","follow":"follow","max-snippet":"max-snippet:-1","max-image-preview":"max-image-preview:large","max-video-preview":"max-video-preview:-1"},"og_locale":"fr_CA","og_type":"article","og_title":"Un ancien de Ferrari nouveau PDG de McLaren - CanadaMotorJobs.com","og_description":"Un ancien de Ferrari nouveau PDG de McLaren - Benoit Charette - Annuel automobile - CanadaMotorJobs.com.","og_url":"https:\/\/news.canadamotorjobs.com\/fr\/un-ancien-de-ferrari-nouveau-pdg-de-mclaren\/","og_site_name":"CanadaMotorJobs.com","article_publisher":"https:\/\/www.facebook.com\/canadamotorjobs\/","article_published_time":"2022-04-27T17:08:51+00:00","article_modified_time":"2022-04-27T17:13:49+00:00","og_image":[{"width":1700,"height":1133,"url":"https:\/\/news.canadamotorjobs.com\/wp-content\/uploads\/2022\/04\/mclarenleiters_50-1.jpg","type":"image\/jpeg"}],"author":"Benoit Charette","twitter_card":"summary_large_image","twitter_creator":"@canadamotorjobs","twitter_site":"@canadamotorjobs","twitter_misc":{"\u00c9crit par":"Benoit Charette","Estimation du temps de lecture":"1 minute"},"schema":{"@context":"https:\/\/schema.org","@graph":[{"@type":"Article","@id":"https:\/\/news.canadamotorjobs.com\/fr\/un-ancien-de-ferrari-nouveau-pdg-de-mclaren\/#article","isPartOf":{"@id":"https:\/\/news.canadamotorjobs.com\/fr\/un-ancien-de-ferrari-nouveau-pdg-de-mclaren\/"},"author":{"name":"Benoit Charette","@id":"https:\/\/news.canadamotorjobs.com\/#\/schema\/person\/51793d1f87d44011d7bcc2ed99269a90"},"headline":"Un ancien de Ferrari nouveau PDG de McLaren","datePublished":"2022-04-27T17:08:51+00:00","dateModified":"2022-04-27T17:13:49+00:00","mainEntityOfPage":{"@id":"https:\/\/news.canadamotorjobs.com\/fr\/un-ancien-de-ferrari-nouveau-pdg-de-mclaren\/"},"wordCount":281,"publisher":{"@id":"https:\/\/news.canadamotorjobs.com\/#organization"},"image":{"@id":"https:\/\/news.canadamotorjobs.com\/fr\/un-ancien-de-ferrari-nouveau-pdg-de-mclaren\/#primaryimage"},"thumbnailUrl":"https:\/\/news.canadamotorjobs.com\/wp-content\/uploads\/2022\/04\/mclarenleiters_50-1.jpg","articleSection":["Annuel automobile"],"inLanguage":"fr-CA"},{"@type":"WebPage","@id":"https:\/\/news.canadamotorjobs.com\/fr\/un-ancien-de-ferrari-nouveau-pdg-de-mclaren\/","url":"https:\/\/news.canadamotorjobs.com\/fr\/un-ancien-de-ferrari-nouveau-pdg-de-mclaren\/","name":"Un ancien de Ferrari nouveau PDG de McLaren - CanadaMotorJobs.com","isPartOf":{"@id":"https:\/\/news.canadamotorjobs.com\/#website"},"primaryImageOfPage":{"@id":"https:\/\/news.canadamotorjobs.com\/fr\/un-ancien-de-ferrari-nouveau-pdg-de-mclaren\/#primaryimage"},"image":{"@id":"https:\/\/news.canadamotorjobs.com\/fr\/un-ancien-de-ferrari-nouveau-pdg-de-mclaren\/#primaryimage"},"thumbnailUrl":"https:\/\/news.canadamotorjobs.com\/wp-content\/uploads\/2022\/04\/mclarenleiters_50-1.jpg","datePublished":"2022-04-27T17:08:51+00:00","dateModified":"2022-04-27T17:13:49+00:00","description":"Un ancien de Ferrari nouveau PDG de McLaren - Benoit Charette - Annuel automobile - CanadaMotorJobs.com.","breadcrumb":{"@id":"https:\/\/news.canadamotorjobs.com\/fr\/un-ancien-de-ferrari-nouveau-pdg-de-mclaren\/#breadcrumb"},"inLanguage":"fr-CA","potentialAction":[{"@type":"ReadAction","target":["https:\/\/news.canadamotorjobs.com\/fr\/un-ancien-de-ferrari-nouveau-pdg-de-mclaren\/"]}]},{"@type":"ImageObject","inLanguage":"fr-CA","@id":"https:\/\/news.canadamotorjobs.com\/fr\/un-ancien-de-ferrari-nouveau-pdg-de-mclaren\/#primaryimage","url":"https:\/\/news.canadamotorjobs.com\/wp-content\/uploads\/2022\/04\/mclarenleiters_50-1.jpg","contentUrl":"https:\/\/news.canadamotorjobs.com\/wp-content\/uploads\/2022\/04\/mclarenleiters_50-1.jpg","width":1700,"height":1133},{"@type":"BreadcrumbList","@id":"https:\/\/news.canadamotorjobs.com\/fr\/un-ancien-de-ferrari-nouveau-pdg-de-mclaren\/#breadcrumb","itemListElement":[{"@type":"ListItem","position":1,"name":"Home","item":"https:\/\/news.canadamotorjobs.com\/fr\/blog\/"},{"@type":"ListItem","position":2,"name":"Un ancien de Ferrari nouveau PDG de McLaren"}]},{"@type":"WebSite","@id":"https:\/\/news.canadamotorjobs.com\/#website","url":"https:\/\/news.canadamotorjobs.com\/","name":"CanadaMotorJobs.com","description":"Automotive Jobs","publisher":{"@id":"https:\/\/news.canadamotorjobs.com\/#organization"},"potentialAction":[{"@type":"SearchAction","target":{"@type":"EntryPoint","urlTemplate":"https:\/\/news.canadamotorjobs.com\/?s={search_term_string}"},"query-input":"required name=search_term_string"}],"inLanguage":"fr-CA"},{"@type":"Organization","@id":"https:\/\/news.canadamotorjobs.com\/#organization","name":"Canada Motor Jobs","url":"https:\/\/news.canadamotorjobs.com\/","logo":{"@type":"ImageObject","inLanguage":"fr-CA","@id":"https:\/\/news.canadamotorjobs.com\/#\/schema\/logo\/image\/","url":"https:\/\/news.canadamotorjobs.com\/wp-content\/uploads\/2022\/10\/logo-canada-motor-jobs-1.png","contentUrl":"https:\/\/news.canadamotorjobs.com\/wp-content\/uploads\/2022\/10\/logo-canada-motor-jobs-1.png","width":800,"height":400,"caption":"Canada Motor Jobs"},"image":{"@id":"https:\/\/news.canadamotorjobs.com\/#\/schema\/logo\/image\/"},"sameAs":["https:\/\/www.facebook.com\/canadamotorjobs\/","https:\/\/x.com\/canadamotorjobs","https:\/\/www.instagram.com\/canadamotorjobs\/","https:\/\/www.linkedin.com\/company\/canadamotorjobs"]},{"@type":"Person","@id":"https:\/\/news.canadamotorjobs.com\/#\/schema\/person\/51793d1f87d44011d7bcc2ed99269a90","name":"Benoit Charette","image":{"@type":"ImageObject","inLanguage":"fr-CA","@id":"https:\/\/news.canadamotorjobs.com\/#\/schema\/person\/image\/","url":"https:\/\/secure.gravatar.com\/avatar\/45f3d2eebcccd909668d7ce7ea7267b6?s=96&d=mm&r=g","contentUrl":"https:\/\/secure.gravatar.com\/avatar\/45f3d2eebcccd909668d7ce7ea7267b6?s=96&d=mm&r=g","caption":"Benoit Charette"},"description":"Benoit Charette \/ Propri\u00e9taire et r\u00e9dacteur en chef Benoit Charette pratique le journalisme automobile depuis bient\u00f4t 30 ans. Il a fait ses classes au c\u00f4t\u00e9 de Daniel H\u00e9raud et au Carnet de route de 1992 \u00e0 2001. Il est fondateur, copropri\u00e9taire et r\u00e9dacteur en chef de L\u2019Annuel de l\u2019automobile, qu\u2019il publie depuis 2001. Il a anim\u00e9 les \u00e9missions RPM et RPM+ sur V et les L\u00e9gendes de la route sur Historia. \u00c0 la radio depuis 1986, il reprend l\u2019antenne cette ann\u00e9e sur les ondes de Cogeco et participe pour la deuxi\u00e8me ann\u00e9e \u00e0 l\u2019\u00e9mission Passion Auto sur RDS en plus de mettre en ligne le site Web officiel de L\u2019Annuel de l\u2019automobile sur annuelauto.ca.","sameAs":["https:\/\/annuelauto.ca\/"],"url":"https:\/\/news.canadamotorjobs.com\/fr\/author\/benoit-charette\/"}]}},"_links":{"self":[{"href":"https:\/\/news.canadamotorjobs.com\/fr\/wp-json\/wp\/v2\/posts\/40217"}],"collection":[{"href":"https:\/\/news.canadamotorjobs.com\/fr\/wp-json\/wp\/v2\/posts"}],"about":[{"href":"https:\/\/news.canadamotorjobs.com\/fr\/wp-json\/wp\/v2\/types\/post"}],"author":[{"embeddable":true,"href":"https:\/\/news.canadamotorjobs.com\/fr\/wp-json\/wp\/v2\/users\/8"}],"replies":[{"embeddable":true,"href":"https:\/\/news.canadamotorjobs.com\/fr\/wp-json\/wp\/v2\/comments?post=40217"}],"version-history":[{"count":0,"href":"https:\/\/news.canadamotorjobs.com\/fr\/wp-json\/wp\/v2\/posts\/40217\/revisions"}],"wp:featuredmedia":[{"embeddable":true,"href":"https:\/\/news.canadamotorjobs.com\/fr\/wp-json\/wp\/v2\/media\/40221"}],"wp:attachment":[{"href":"https:\/\/news.canadamotorjobs.com\/fr\/wp-json\/wp\/v2\/media?parent=40217"}],"wp:term":[{"taxonomy":"category","embeddable":true,"href":"https:\/\/news.canadamotorjobs.com\/fr\/wp-json\/wp\/v2\/categories?post=40217"},{"taxonomy":"post_tag","embeddable":true,"href":"https:\/\/news.canadamotorjobs.com\/fr\/wp-json\/wp\/v2\/tags?post=40217"}],"curies":[{"name":"wp","href":"https:\/\/api.w.org\/{rel}","templated":true}]}}