{"id":40189,"date":"2022-04-27T10:35:19","date_gmt":"2022-04-27T14:35:19","guid":{"rendered":"https:\/\/blog.canadamotorjobs.com\/subaru-suspend-sa-production-automobile-au-japon-pour-2-jours\/"},"modified":"2022-04-27T10:43:56","modified_gmt":"2022-04-27T14:43:56","slug":"subaru-suspend-sa-production-automobile-au-japon-pour-2-jours","status":"publish","type":"post","link":"https:\/\/news.canadamotorjobs.com\/fr\/subaru-suspend-sa-production-automobile-au-japon-pour-2-jours\/","title":{"rendered":"Subaru suspend sa production automobile au Japon pour 2 jours"},"content":{"rendered":"<\/p>\n<p>Ceux qui croyaient que les choses pourraient aller mieux devront se raviser. Non seulement la pand\u00e9mie mondiale traverse une 6e vague, mais l\u2019Ukraine et la Russie sont en guerre, la crise des puces \u00e9lectroniques est loin d\u2019\u00eatre termin\u00e9e, mais nous sommes \u00e9galement confront\u00e9s \u00e0 une r\u00e9cession \u00e9conomique mondiale et des probl\u00e8mes de pi\u00e8ces et de cha\u00eenes d\u2019approvisionnements.<br \/> Subaru arr\u00eate la machine le 28 et 29 avril<br \/> Dans une d\u00e9claration officielle publi\u00e9e par Subaru, le constructeur japonais a annonc\u00e9 qu&#8217;il allait arr\u00eater la production dans la plupart de ses principales usines au Japon. Le communiqu\u00e9 indique simplement que \u00ab\u00a0Subaru Corporation va suspendre temporairement la production dans ses usines de fabrication automobile au Japon en raison d&#8217;interruptions dans l&#8217;approvisionnement de certaines pi\u00e8ces. Les activit\u00e9s de l&#8217;usine de fabrication de Gunma, de l&#8217;usine de Yajima et de l&#8217;usine de moteurs et de transmissions d&#8217;Oizumi seront temporairement suspendues.<br \/> Des probl\u00e8mes chroniques depuis deux ans<br \/> L\u2019an dernier, Subaru a affich\u00e9 des chiffres de vente d\u00e9cevants et a d\u00fb, \u00e0 un moment donn\u00e9, arr\u00eater toute production de voitures en raison de la crise logistique mondiale. Au d\u00e9but de l&#8217;ann\u00e9e, elle a m\u00eame d\u00fb cesser de prendre les commandes de la populaire Subaru BRZ en raison de la p\u00e9nurie de semi-conducteurs, et elle vient \u00e0 nouveau d&#8217;annoncer qu&#8217;elle allait interrompre la production dans ses usines au Japon. Heureusement, les usines ne seront ferm\u00e9es que pendant deux jours ouvrables, les 28 et 29 avril, mais m\u00eame un retard aussi court peut co\u00fbter des millions en b\u00e9n\u00e9fices perdus et<\/p>\n","protected":false},"excerpt":{"rendered":"<p>Ceux qui croyaient que les choses pourraient aller mieux devront se raviser. Non seulement la pand\u00e9mie mondiale traverse une 6e vague, mais l\u2019Ukraine et la Russie sont en guerre, la crise des puces \u00e9lectroniques est loin d\u2019\u00eatre termin\u00e9e, mais nous sommes \u00e9galement confront\u00e9s \u00e0 une r\u00e9cession \u00e9conomique mondiale et des probl\u00e8mes de pi\u00e8ces et de [&hellip;]<\/p>\n","protected":false},"author":8,"featured_media":40193,"comment_status":"close","ping_status":"closed","sticky":false,"template":"","format":"standard","meta":{"_monsterinsights_skip_tracking":false,"_monsterinsights_sitenote_active":false,"_monsterinsights_sitenote_note":"","_monsterinsights_sitenote_category":0,"footnotes":""},"categories":[101],"tags":[],"yoast_head":"<!-- This site is optimized with the Yoast SEO plugin v23.2 - https:\/\/yoast.com\/wordpress\/plugins\/seo\/ -->\n<title>Subaru suspend sa production automobile au Japon pour 2 jours - CanadaMotorJobs.com<\/title>\n<meta name=\"description\" content=\"Subaru suspend sa production automobile au Japon pour 2 jours - Benoit Charette - Annuel automobile - CanadaMotorJobs.com.\" \/>\n<meta name=\"robots\" content=\"index, follow, max-snippet:-1, max-image-preview:large, max-video-preview:-1\" \/>\n<meta property=\"og:locale\" content=\"fr_CA\" \/>\n<meta property=\"og:type\" content=\"article\" \/>\n<meta property=\"og:title\" content=\"Subaru suspend sa production automobile au Japon pour 2 jours - CanadaMotorJobs.com\" \/>\n<meta property=\"og:description\" content=\"Subaru suspend sa production automobile au Japon pour 2 jours - Benoit Charette - Annuel automobile - CanadaMotorJobs.com.\" \/>\n<meta property=\"og:url\" content=\"https:\/\/news.canadamotorjobs.com\/fr\/subaru-suspend-sa-production-automobile-au-japon-pour-2-jours\/\" \/>\n<meta property=\"og:site_name\" content=\"CanadaMotorJobs.com\" \/>\n<meta property=\"article:publisher\" content=\"https:\/\/www.facebook.com\/canadamotorjobs\/\" \/>\n<meta property=\"article:published_time\" content=\"2022-04-27T14:35:19+00:00\" \/>\n<meta property=\"article:modified_time\" content=\"2022-04-27T14:43:56+00:00\" \/>\n<meta property=\"og:image\" content=\"https:\/\/news.canadamotorjobs.com\/wp-content\/uploads\/2022\/04\/Subaru-Logo-1.png\" \/>\n\t<meta property=\"og:image:width\" content=\"3840\" \/>\n\t<meta property=\"og:image:height\" content=\"2160\" \/>\n\t<meta property=\"og:image:type\" content=\"image\/png\" \/>\n<meta name=\"author\" content=\"Benoit Charette\" \/>\n<meta name=\"twitter:card\" content=\"summary_large_image\" \/>\n<meta name=\"twitter:creator\" content=\"@canadamotorjobs\" \/>\n<meta name=\"twitter:site\" content=\"@canadamotorjobs\" \/>\n<meta name=\"twitter:label1\" content=\"\u00c9crit par\" \/>\n\t<meta name=\"twitter:data1\" content=\"Benoit Charette\" \/>\n\t<meta name=\"twitter:label2\" content=\"Estimation du temps de lecture\" \/>\n\t<meta name=\"twitter:data2\" content=\"1 minute\" \/>\n<!-- \/ Yoast SEO plugin. -->","yoast_head_json":{"title":"Subaru suspend sa production automobile au Japon pour 2 jours - CanadaMotorJobs.com","description":"Subaru suspend sa production automobile au Japon pour 2 jours - Benoit Charette - Annuel automobile - CanadaMotorJobs.com.","robots":{"index":"index","follow":"follow","max-snippet":"max-snippet:-1","max-image-preview":"max-image-preview:large","max-video-preview":"max-video-preview:-1"},"og_locale":"fr_CA","og_type":"article","og_title":"Subaru suspend sa production automobile au Japon pour 2 jours - CanadaMotorJobs.com","og_description":"Subaru suspend sa production automobile au Japon pour 2 jours - Benoit Charette - Annuel automobile - CanadaMotorJobs.com.","og_url":"https:\/\/news.canadamotorjobs.com\/fr\/subaru-suspend-sa-production-automobile-au-japon-pour-2-jours\/","og_site_name":"CanadaMotorJobs.com","article_publisher":"https:\/\/www.facebook.com\/canadamotorjobs\/","article_published_time":"2022-04-27T14:35:19+00:00","article_modified_time":"2022-04-27T14:43:56+00:00","og_image":[{"width":3840,"height":2160,"url":"https:\/\/news.canadamotorjobs.com\/wp-content\/uploads\/2022\/04\/Subaru-Logo-1.png","type":"image\/png"}],"author":"Benoit Charette","twitter_card":"summary_large_image","twitter_creator":"@canadamotorjobs","twitter_site":"@canadamotorjobs","twitter_misc":{"\u00c9crit par":"Benoit Charette","Estimation du temps de lecture":"1 minute"},"schema":{"@context":"https:\/\/schema.org","@graph":[{"@type":"Article","@id":"https:\/\/news.canadamotorjobs.com\/fr\/subaru-suspend-sa-production-automobile-au-japon-pour-2-jours\/#article","isPartOf":{"@id":"https:\/\/news.canadamotorjobs.com\/fr\/subaru-suspend-sa-production-automobile-au-japon-pour-2-jours\/"},"author":{"name":"Benoit Charette","@id":"https:\/\/news.canadamotorjobs.com\/#\/schema\/person\/51793d1f87d44011d7bcc2ed99269a90"},"headline":"Subaru suspend sa production automobile au Japon pour 2 jours","datePublished":"2022-04-27T14:35:19+00:00","dateModified":"2022-04-27T14:43:56+00:00","mainEntityOfPage":{"@id":"https:\/\/news.canadamotorjobs.com\/fr\/subaru-suspend-sa-production-automobile-au-japon-pour-2-jours\/"},"wordCount":291,"publisher":{"@id":"https:\/\/news.canadamotorjobs.com\/#organization"},"image":{"@id":"https:\/\/news.canadamotorjobs.com\/fr\/subaru-suspend-sa-production-automobile-au-japon-pour-2-jours\/#primaryimage"},"thumbnailUrl":"https:\/\/news.canadamotorjobs.com\/wp-content\/uploads\/2022\/04\/Subaru-Logo-1.png","articleSection":["Annuel automobile"],"inLanguage":"fr-CA"},{"@type":"WebPage","@id":"https:\/\/news.canadamotorjobs.com\/fr\/subaru-suspend-sa-production-automobile-au-japon-pour-2-jours\/","url":"https:\/\/news.canadamotorjobs.com\/fr\/subaru-suspend-sa-production-automobile-au-japon-pour-2-jours\/","name":"Subaru suspend sa production automobile au Japon pour 2 jours - CanadaMotorJobs.com","isPartOf":{"@id":"https:\/\/news.canadamotorjobs.com\/#website"},"primaryImageOfPage":{"@id":"https:\/\/news.canadamotorjobs.com\/fr\/subaru-suspend-sa-production-automobile-au-japon-pour-2-jours\/#primaryimage"},"image":{"@id":"https:\/\/news.canadamotorjobs.com\/fr\/subaru-suspend-sa-production-automobile-au-japon-pour-2-jours\/#primaryimage"},"thumbnailUrl":"https:\/\/news.canadamotorjobs.com\/wp-content\/uploads\/2022\/04\/Subaru-Logo-1.png","datePublished":"2022-04-27T14:35:19+00:00","dateModified":"2022-04-27T14:43:56+00:00","description":"Subaru suspend sa production automobile au Japon pour 2 jours - Benoit Charette - Annuel automobile - CanadaMotorJobs.com.","breadcrumb":{"@id":"https:\/\/news.canadamotorjobs.com\/fr\/subaru-suspend-sa-production-automobile-au-japon-pour-2-jours\/#breadcrumb"},"inLanguage":"fr-CA","potentialAction":[{"@type":"ReadAction","target":["https:\/\/news.canadamotorjobs.com\/fr\/subaru-suspend-sa-production-automobile-au-japon-pour-2-jours\/"]}]},{"@type":"ImageObject","inLanguage":"fr-CA","@id":"https:\/\/news.canadamotorjobs.com\/fr\/subaru-suspend-sa-production-automobile-au-japon-pour-2-jours\/#primaryimage","url":"https:\/\/news.canadamotorjobs.com\/wp-content\/uploads\/2022\/04\/Subaru-Logo-1.png","contentUrl":"https:\/\/news.canadamotorjobs.com\/wp-content\/uploads\/2022\/04\/Subaru-Logo-1.png","width":3840,"height":2160},{"@type":"BreadcrumbList","@id":"https:\/\/news.canadamotorjobs.com\/fr\/subaru-suspend-sa-production-automobile-au-japon-pour-2-jours\/#breadcrumb","itemListElement":[{"@type":"ListItem","position":1,"name":"Home","item":"https:\/\/news.canadamotorjobs.com\/fr\/blog\/"},{"@type":"ListItem","position":2,"name":"Subaru suspend sa production automobile au Japon pour 2 jours"}]},{"@type":"WebSite","@id":"https:\/\/news.canadamotorjobs.com\/#website","url":"https:\/\/news.canadamotorjobs.com\/","name":"CanadaMotorJobs.com","description":"Automotive Jobs","publisher":{"@id":"https:\/\/news.canadamotorjobs.com\/#organization"},"potentialAction":[{"@type":"SearchAction","target":{"@type":"EntryPoint","urlTemplate":"https:\/\/news.canadamotorjobs.com\/?s={search_term_string}"},"query-input":"required name=search_term_string"}],"inLanguage":"fr-CA"},{"@type":"Organization","@id":"https:\/\/news.canadamotorjobs.com\/#organization","name":"Canada Motor Jobs","url":"https:\/\/news.canadamotorjobs.com\/","logo":{"@type":"ImageObject","inLanguage":"fr-CA","@id":"https:\/\/news.canadamotorjobs.com\/#\/schema\/logo\/image\/","url":"https:\/\/news.canadamotorjobs.com\/wp-content\/uploads\/2022\/10\/logo-canada-motor-jobs-1.png","contentUrl":"https:\/\/news.canadamotorjobs.com\/wp-content\/uploads\/2022\/10\/logo-canada-motor-jobs-1.png","width":800,"height":400,"caption":"Canada Motor Jobs"},"image":{"@id":"https:\/\/news.canadamotorjobs.com\/#\/schema\/logo\/image\/"},"sameAs":["https:\/\/www.facebook.com\/canadamotorjobs\/","https:\/\/x.com\/canadamotorjobs","https:\/\/www.instagram.com\/canadamotorjobs\/","https:\/\/www.linkedin.com\/company\/canadamotorjobs"]},{"@type":"Person","@id":"https:\/\/news.canadamotorjobs.com\/#\/schema\/person\/51793d1f87d44011d7bcc2ed99269a90","name":"Benoit Charette","image":{"@type":"ImageObject","inLanguage":"fr-CA","@id":"https:\/\/news.canadamotorjobs.com\/#\/schema\/person\/image\/","url":"https:\/\/secure.gravatar.com\/avatar\/45f3d2eebcccd909668d7ce7ea7267b6?s=96&d=mm&r=g","contentUrl":"https:\/\/secure.gravatar.com\/avatar\/45f3d2eebcccd909668d7ce7ea7267b6?s=96&d=mm&r=g","caption":"Benoit Charette"},"description":"Benoit Charette \/ Propri\u00e9taire et r\u00e9dacteur en chef Benoit Charette pratique le journalisme automobile depuis bient\u00f4t 30 ans. Il a fait ses classes au c\u00f4t\u00e9 de Daniel H\u00e9raud et au Carnet de route de 1992 \u00e0 2001. Il est fondateur, copropri\u00e9taire et r\u00e9dacteur en chef de L\u2019Annuel de l\u2019automobile, qu\u2019il publie depuis 2001. Il a anim\u00e9 les \u00e9missions RPM et RPM+ sur V et les L\u00e9gendes de la route sur Historia. \u00c0 la radio depuis 1986, il reprend l\u2019antenne cette ann\u00e9e sur les ondes de Cogeco et participe pour la deuxi\u00e8me ann\u00e9e \u00e0 l\u2019\u00e9mission Passion Auto sur RDS en plus de mettre en ligne le site Web officiel de L\u2019Annuel de l\u2019automobile sur annuelauto.ca.","sameAs":["https:\/\/annuelauto.ca\/"],"url":"https:\/\/news.canadamotorjobs.com\/fr\/author\/benoit-charette\/"}]}},"_links":{"self":[{"href":"https:\/\/news.canadamotorjobs.com\/fr\/wp-json\/wp\/v2\/posts\/40189"}],"collection":[{"href":"https:\/\/news.canadamotorjobs.com\/fr\/wp-json\/wp\/v2\/posts"}],"about":[{"href":"https:\/\/news.canadamotorjobs.com\/fr\/wp-json\/wp\/v2\/types\/post"}],"author":[{"embeddable":true,"href":"https:\/\/news.canadamotorjobs.com\/fr\/wp-json\/wp\/v2\/users\/8"}],"replies":[{"embeddable":true,"href":"https:\/\/news.canadamotorjobs.com\/fr\/wp-json\/wp\/v2\/comments?post=40189"}],"version-history":[{"count":0,"href":"https:\/\/news.canadamotorjobs.com\/fr\/wp-json\/wp\/v2\/posts\/40189\/revisions"}],"wp:featuredmedia":[{"embeddable":true,"href":"https:\/\/news.canadamotorjobs.com\/fr\/wp-json\/wp\/v2\/media\/40193"}],"wp:attachment":[{"href":"https:\/\/news.canadamotorjobs.com\/fr\/wp-json\/wp\/v2\/media?parent=40189"}],"wp:term":[{"taxonomy":"category","embeddable":true,"href":"https:\/\/news.canadamotorjobs.com\/fr\/wp-json\/wp\/v2\/categories?post=40189"},{"taxonomy":"post_tag","embeddable":true,"href":"https:\/\/news.canadamotorjobs.com\/fr\/wp-json\/wp\/v2\/tags?post=40189"}],"curies":[{"name":"wp","href":"https:\/\/api.w.org\/{rel}","templated":true}]}}