{"id":40161,"date":"2022-04-27T08:24:34","date_gmt":"2022-04-27T12:24:34","guid":{"rendered":"https:\/\/blog.canadamotorjobs.com\/et-si-on-demandait-au-conducteur-detre-plus-vigilant\/"},"modified":"2022-04-27T08:30:12","modified_gmt":"2022-04-27T12:30:12","slug":"et-si-on-demandait-au-conducteur-detre-plus-vigilant","status":"publish","type":"post","link":"https:\/\/news.canadamotorjobs.com\/fr\/et-si-on-demandait-au-conducteur-detre-plus-vigilant\/","title":{"rendered":"Et si on demandait au conducteur d\u2019\u00eatre plus vigilant"},"content":{"rendered":"<\/p>\n<p>Depuis quelques ann\u00e9es, les syst\u00e8mes d\u2019aides \u00e0 la conduite sont devenus partie int\u00e9grante du monde automobile. Sauvent-ils vraiment de vies ? Avons-nous besoin de v\u00e9hicules encore plus intelligents et surtout quelle est la meilleure fa\u00e7on d&#8217;implanter les plus r\u00e9centes technologies en mati\u00e8re de s\u00e9curit\u00e9 automobile ? Tous les jours je conduis derri\u00e8re des gens qui font des choses incroyables au volant d\u2019une voiture. De la lecture d\u2019un journal, au maquillage en passant par le rasage et le d\u00e9jeuner. J\u2019ai m\u00eame vu quelqu\u2019un changer de v\u00eatement en conduisant.<br \/> Quelques statistiques qui font r\u00e9fl\u00e9chir<br \/> Au Canada, environ 94\u00a0000 personnes ont \u00e9t\u00e9 tu\u00e9es dans les accidents de la route entre 1984 et 2013 \u2014 c&#8217;est plus de 3 000 morts chaque ann\u00e9e. Aux \u00c9tats-Unis, ce nombre s&#8217;approche des 33\u00a0000 victimes par an. Dans le monde entier, le nombre de d\u00e9c\u00e8s annuellement attribuables aux collisions routi\u00e8res atteint 1,25 million. Le NHTSA aux \u00c9tats-Unis avance que 94 % des accidents est le fait d\u2019une erreur humaine et aurait pu \u00eatre \u00e9vit\u00e9. Dons, il semble assez clair que l\u2019aide \u00e0 la conduite \u00e9lectronique a un r\u00f4le \u00e0 jouer.\u00a0 Il reste maintenant \u00e0 le d\u00e9finir concr\u00e8tement.<br \/> S\u2019occuper du conducteur avant de s\u2019occuper de l\u2019ordinateur<br \/> Pendant que vous avez d\u2019un c\u00f4t\u00e9 les constructeurs automobiles qui se relancent \u00e0 savoir qui aura le plus de gadgets \u00e9lectroniques sur ces mod\u00e8les vous avez d\u2019un autre c\u00f4t\u00e9 le conducteur qui jour de moins en moins son r\u00f4le au volant d\u2019un v\u00e9hicule. J\u2019ai obtenu mon permis de conduire en 1981. Mon p\u00e8re<\/p>\n","protected":false},"excerpt":{"rendered":"<p>Depuis quelques ann\u00e9es, les syst\u00e8mes d\u2019aides \u00e0 la conduite sont devenus partie int\u00e9grante du monde automobile. Sauvent-ils vraiment de vies ? Avons-nous besoin de v\u00e9hicules encore plus intelligents et surtout quelle est la meilleure fa\u00e7on d&#8217;implanter les plus r\u00e9centes technologies en mati\u00e8re de s\u00e9curit\u00e9 automobile ? Tous les jours je conduis derri\u00e8re des gens qui [&hellip;]<\/p>\n","protected":false},"author":8,"featured_media":40165,"comment_status":"close","ping_status":"closed","sticky":false,"template":"","format":"standard","meta":{"_monsterinsights_skip_tracking":false,"_monsterinsights_sitenote_active":false,"_monsterinsights_sitenote_note":"","_monsterinsights_sitenote_category":0,"footnotes":""},"categories":[101],"tags":[],"yoast_head":"<!-- This site is optimized with the Yoast SEO plugin v23.2 - https:\/\/yoast.com\/wordpress\/plugins\/seo\/ -->\n<title>Et si on demandait au conducteur d\u2019\u00eatre plus vigilant - CanadaMotorJobs.com<\/title>\n<meta name=\"description\" content=\"Et si on demandait au conducteur d\u2019\u00eatre plus vigilant - Benoit Charette - Annuel automobile - CanadaMotorJobs.com.\" \/>\n<meta name=\"robots\" content=\"index, follow, max-snippet:-1, max-image-preview:large, max-video-preview:-1\" \/>\n<meta property=\"og:locale\" content=\"fr_CA\" \/>\n<meta property=\"og:type\" content=\"article\" \/>\n<meta property=\"og:title\" content=\"Et si on demandait au conducteur d\u2019\u00eatre plus vigilant - CanadaMotorJobs.com\" \/>\n<meta property=\"og:description\" content=\"Et si on demandait au conducteur d\u2019\u00eatre plus vigilant - Benoit Charette - Annuel automobile - CanadaMotorJobs.com.\" \/>\n<meta property=\"og:url\" content=\"https:\/\/news.canadamotorjobs.com\/fr\/et-si-on-demandait-au-conducteur-detre-plus-vigilant\/\" \/>\n<meta property=\"og:site_name\" content=\"CanadaMotorJobs.com\" \/>\n<meta property=\"article:publisher\" content=\"https:\/\/www.facebook.com\/canadamotorjobs\/\" \/>\n<meta property=\"article:published_time\" content=\"2022-04-27T12:24:34+00:00\" \/>\n<meta property=\"article:modified_time\" content=\"2022-04-27T12:30:12+00:00\" \/>\n<meta property=\"og:image\" content=\"https:\/\/news.canadamotorjobs.com\/wp-content\/uploads\/2022\/04\/011977DodgeMonaco-1.jpg\" \/>\n\t<meta property=\"og:image:width\" content=\"1046\" \/>\n\t<meta property=\"og:image:height\" content=\"546\" \/>\n\t<meta property=\"og:image:type\" content=\"image\/jpeg\" \/>\n<meta name=\"author\" content=\"Benoit Charette\" \/>\n<meta name=\"twitter:card\" content=\"summary_large_image\" \/>\n<meta name=\"twitter:creator\" content=\"@canadamotorjobs\" \/>\n<meta name=\"twitter:site\" content=\"@canadamotorjobs\" \/>\n<meta name=\"twitter:label1\" content=\"\u00c9crit par\" \/>\n\t<meta name=\"twitter:data1\" content=\"Benoit Charette\" \/>\n\t<meta name=\"twitter:label2\" content=\"Estimation du temps de lecture\" \/>\n\t<meta name=\"twitter:data2\" content=\"1 minute\" \/>\n<!-- \/ Yoast SEO plugin. -->","yoast_head_json":{"title":"Et si on demandait au conducteur d\u2019\u00eatre plus vigilant - CanadaMotorJobs.com","description":"Et si on demandait au conducteur d\u2019\u00eatre plus vigilant - Benoit Charette - Annuel automobile - CanadaMotorJobs.com.","robots":{"index":"index","follow":"follow","max-snippet":"max-snippet:-1","max-image-preview":"max-image-preview:large","max-video-preview":"max-video-preview:-1"},"og_locale":"fr_CA","og_type":"article","og_title":"Et si on demandait au conducteur d\u2019\u00eatre plus vigilant - CanadaMotorJobs.com","og_description":"Et si on demandait au conducteur d\u2019\u00eatre plus vigilant - Benoit Charette - Annuel automobile - CanadaMotorJobs.com.","og_url":"https:\/\/news.canadamotorjobs.com\/fr\/et-si-on-demandait-au-conducteur-detre-plus-vigilant\/","og_site_name":"CanadaMotorJobs.com","article_publisher":"https:\/\/www.facebook.com\/canadamotorjobs\/","article_published_time":"2022-04-27T12:24:34+00:00","article_modified_time":"2022-04-27T12:30:12+00:00","og_image":[{"width":1046,"height":546,"url":"https:\/\/news.canadamotorjobs.com\/wp-content\/uploads\/2022\/04\/011977DodgeMonaco-1.jpg","type":"image\/jpeg"}],"author":"Benoit Charette","twitter_card":"summary_large_image","twitter_creator":"@canadamotorjobs","twitter_site":"@canadamotorjobs","twitter_misc":{"\u00c9crit par":"Benoit Charette","Estimation du temps de lecture":"1 minute"},"schema":{"@context":"https:\/\/schema.org","@graph":[{"@type":"Article","@id":"https:\/\/news.canadamotorjobs.com\/fr\/et-si-on-demandait-au-conducteur-detre-plus-vigilant\/#article","isPartOf":{"@id":"https:\/\/news.canadamotorjobs.com\/fr\/et-si-on-demandait-au-conducteur-detre-plus-vigilant\/"},"author":{"name":"Benoit Charette","@id":"https:\/\/news.canadamotorjobs.com\/#\/schema\/person\/51793d1f87d44011d7bcc2ed99269a90"},"headline":"Et si on demandait au conducteur d\u2019\u00eatre plus vigilant","datePublished":"2022-04-27T12:24:34+00:00","dateModified":"2022-04-27T12:30:12+00:00","mainEntityOfPage":{"@id":"https:\/\/news.canadamotorjobs.com\/fr\/et-si-on-demandait-au-conducteur-detre-plus-vigilant\/"},"wordCount":287,"publisher":{"@id":"https:\/\/news.canadamotorjobs.com\/#organization"},"image":{"@id":"https:\/\/news.canadamotorjobs.com\/fr\/et-si-on-demandait-au-conducteur-detre-plus-vigilant\/#primaryimage"},"thumbnailUrl":"https:\/\/news.canadamotorjobs.com\/wp-content\/uploads\/2022\/04\/011977DodgeMonaco-1.jpg","articleSection":["Annuel automobile"],"inLanguage":"fr-CA"},{"@type":"WebPage","@id":"https:\/\/news.canadamotorjobs.com\/fr\/et-si-on-demandait-au-conducteur-detre-plus-vigilant\/","url":"https:\/\/news.canadamotorjobs.com\/fr\/et-si-on-demandait-au-conducteur-detre-plus-vigilant\/","name":"Et si on demandait au conducteur d\u2019\u00eatre plus vigilant - CanadaMotorJobs.com","isPartOf":{"@id":"https:\/\/news.canadamotorjobs.com\/#website"},"primaryImageOfPage":{"@id":"https:\/\/news.canadamotorjobs.com\/fr\/et-si-on-demandait-au-conducteur-detre-plus-vigilant\/#primaryimage"},"image":{"@id":"https:\/\/news.canadamotorjobs.com\/fr\/et-si-on-demandait-au-conducteur-detre-plus-vigilant\/#primaryimage"},"thumbnailUrl":"https:\/\/news.canadamotorjobs.com\/wp-content\/uploads\/2022\/04\/011977DodgeMonaco-1.jpg","datePublished":"2022-04-27T12:24:34+00:00","dateModified":"2022-04-27T12:30:12+00:00","description":"Et si on demandait au conducteur d\u2019\u00eatre plus vigilant - Benoit Charette - Annuel automobile - CanadaMotorJobs.com.","breadcrumb":{"@id":"https:\/\/news.canadamotorjobs.com\/fr\/et-si-on-demandait-au-conducteur-detre-plus-vigilant\/#breadcrumb"},"inLanguage":"fr-CA","potentialAction":[{"@type":"ReadAction","target":["https:\/\/news.canadamotorjobs.com\/fr\/et-si-on-demandait-au-conducteur-detre-plus-vigilant\/"]}]},{"@type":"ImageObject","inLanguage":"fr-CA","@id":"https:\/\/news.canadamotorjobs.com\/fr\/et-si-on-demandait-au-conducteur-detre-plus-vigilant\/#primaryimage","url":"https:\/\/news.canadamotorjobs.com\/wp-content\/uploads\/2022\/04\/011977DodgeMonaco-1.jpg","contentUrl":"https:\/\/news.canadamotorjobs.com\/wp-content\/uploads\/2022\/04\/011977DodgeMonaco-1.jpg","width":1046,"height":546},{"@type":"BreadcrumbList","@id":"https:\/\/news.canadamotorjobs.com\/fr\/et-si-on-demandait-au-conducteur-detre-plus-vigilant\/#breadcrumb","itemListElement":[{"@type":"ListItem","position":1,"name":"Home","item":"https:\/\/news.canadamotorjobs.com\/fr\/blog\/"},{"@type":"ListItem","position":2,"name":"Et si on demandait au conducteur d\u2019\u00eatre plus vigilant"}]},{"@type":"WebSite","@id":"https:\/\/news.canadamotorjobs.com\/#website","url":"https:\/\/news.canadamotorjobs.com\/","name":"CanadaMotorJobs.com","description":"Automotive Jobs","publisher":{"@id":"https:\/\/news.canadamotorjobs.com\/#organization"},"potentialAction":[{"@type":"SearchAction","target":{"@type":"EntryPoint","urlTemplate":"https:\/\/news.canadamotorjobs.com\/?s={search_term_string}"},"query-input":"required name=search_term_string"}],"inLanguage":"fr-CA"},{"@type":"Organization","@id":"https:\/\/news.canadamotorjobs.com\/#organization","name":"Canada Motor Jobs","url":"https:\/\/news.canadamotorjobs.com\/","logo":{"@type":"ImageObject","inLanguage":"fr-CA","@id":"https:\/\/news.canadamotorjobs.com\/#\/schema\/logo\/image\/","url":"https:\/\/news.canadamotorjobs.com\/wp-content\/uploads\/2022\/10\/logo-canada-motor-jobs-1.png","contentUrl":"https:\/\/news.canadamotorjobs.com\/wp-content\/uploads\/2022\/10\/logo-canada-motor-jobs-1.png","width":800,"height":400,"caption":"Canada Motor Jobs"},"image":{"@id":"https:\/\/news.canadamotorjobs.com\/#\/schema\/logo\/image\/"},"sameAs":["https:\/\/www.facebook.com\/canadamotorjobs\/","https:\/\/x.com\/canadamotorjobs","https:\/\/www.instagram.com\/canadamotorjobs\/","https:\/\/www.linkedin.com\/company\/canadamotorjobs"]},{"@type":"Person","@id":"https:\/\/news.canadamotorjobs.com\/#\/schema\/person\/51793d1f87d44011d7bcc2ed99269a90","name":"Benoit Charette","image":{"@type":"ImageObject","inLanguage":"fr-CA","@id":"https:\/\/news.canadamotorjobs.com\/#\/schema\/person\/image\/","url":"https:\/\/secure.gravatar.com\/avatar\/45f3d2eebcccd909668d7ce7ea7267b6?s=96&d=mm&r=g","contentUrl":"https:\/\/secure.gravatar.com\/avatar\/45f3d2eebcccd909668d7ce7ea7267b6?s=96&d=mm&r=g","caption":"Benoit Charette"},"description":"Benoit Charette \/ Propri\u00e9taire et r\u00e9dacteur en chef Benoit Charette pratique le journalisme automobile depuis bient\u00f4t 30 ans. Il a fait ses classes au c\u00f4t\u00e9 de Daniel H\u00e9raud et au Carnet de route de 1992 \u00e0 2001. Il est fondateur, copropri\u00e9taire et r\u00e9dacteur en chef de L\u2019Annuel de l\u2019automobile, qu\u2019il publie depuis 2001. Il a anim\u00e9 les \u00e9missions RPM et RPM+ sur V et les L\u00e9gendes de la route sur Historia. \u00c0 la radio depuis 1986, il reprend l\u2019antenne cette ann\u00e9e sur les ondes de Cogeco et participe pour la deuxi\u00e8me ann\u00e9e \u00e0 l\u2019\u00e9mission Passion Auto sur RDS en plus de mettre en ligne le site Web officiel de L\u2019Annuel de l\u2019automobile sur annuelauto.ca.","sameAs":["https:\/\/annuelauto.ca\/"],"url":"https:\/\/news.canadamotorjobs.com\/fr\/author\/benoit-charette\/"}]}},"_links":{"self":[{"href":"https:\/\/news.canadamotorjobs.com\/fr\/wp-json\/wp\/v2\/posts\/40161"}],"collection":[{"href":"https:\/\/news.canadamotorjobs.com\/fr\/wp-json\/wp\/v2\/posts"}],"about":[{"href":"https:\/\/news.canadamotorjobs.com\/fr\/wp-json\/wp\/v2\/types\/post"}],"author":[{"embeddable":true,"href":"https:\/\/news.canadamotorjobs.com\/fr\/wp-json\/wp\/v2\/users\/8"}],"replies":[{"embeddable":true,"href":"https:\/\/news.canadamotorjobs.com\/fr\/wp-json\/wp\/v2\/comments?post=40161"}],"version-history":[{"count":0,"href":"https:\/\/news.canadamotorjobs.com\/fr\/wp-json\/wp\/v2\/posts\/40161\/revisions"}],"wp:featuredmedia":[{"embeddable":true,"href":"https:\/\/news.canadamotorjobs.com\/fr\/wp-json\/wp\/v2\/media\/40165"}],"wp:attachment":[{"href":"https:\/\/news.canadamotorjobs.com\/fr\/wp-json\/wp\/v2\/media?parent=40161"}],"wp:term":[{"taxonomy":"category","embeddable":true,"href":"https:\/\/news.canadamotorjobs.com\/fr\/wp-json\/wp\/v2\/categories?post=40161"},{"taxonomy":"post_tag","embeddable":true,"href":"https:\/\/news.canadamotorjobs.com\/fr\/wp-json\/wp\/v2\/tags?post=40161"}],"curies":[{"name":"wp","href":"https:\/\/api.w.org\/{rel}","templated":true}]}}