{"id":40153,"date":"2022-04-27T07:09:33","date_gmt":"2022-04-27T11:09:33","guid":{"rendered":"https:\/\/blog.canadamotorjobs.com\/ford-prepare-un-autre-camion-electrique\/"},"modified":"2022-04-27T07:15:17","modified_gmt":"2022-04-27T11:15:17","slug":"ford-prepare-un-autre-camion-electrique","status":"publish","type":"post","link":"https:\/\/news.canadamotorjobs.com\/fr\/ford-prepare-un-autre-camion-electrique\/","title":{"rendered":"Ford pr\u00e9pare un autre camion \u00e9lectrique"},"content":{"rendered":"<\/p>\n<p>Le PDG de Ford, Jim Farley, a d\u00e9clar\u00e9 cette semaine que la compagnie pr\u00e9parait sur son futur campus Blue Oval City au Tennessee un autre pick-up \u00e9lectrique qui ne sera pas un F-150 Lightning.<br \/> Un pick-up de nouvelle g\u00e9n\u00e9ration<br \/> Sans donner trop de d\u00e9tails, Jim Farley s\u2019est content\u00e9 de dire qu\u2019il s\u2019agit d\u2019un nouveau mod\u00e8le. Dans un communiqu\u00e9 l&#8217;ann\u00e9e derni\u00e8re annon\u00e7ant Blue Oval City, Ford a d\u00e9clar\u00e9 qu&#8217;elle construirait \u00ab\u00a0des pick-up \u00e9lectriques de la prochaine g\u00e9n\u00e9ration de la s\u00e9rie F\u00a0\u00bb. L&#8217;usine devrait entrer en service en 2024.<br \/> 600\u00a0000 unit\u00e9s dans le monde<br \/> Ford pr\u00e9voit de vendre 600\u00a0000 v\u00e9hicules \u00e9lectriques dans le monde au cours des deux prochaines ann\u00e9es afin de devenir le deuxi\u00e8me fabricant de V\u00c9, derri\u00e8re Tesla. Ensuite, M. Farley indique que Ford pr\u00e9voit de d\u00e9fier Tesla pour devenir le premier producteur de VE.<br \/> Alors que les premiers mod\u00e8les de Lightning sont sortis de l\u2019usine hier, on devrait atteindre une cadence de 150\u00a0000 unit\u00e9s par ann\u00e9e<br \/> \u00c7a passe ou \u00e7a casse<br \/> Le pr\u00e9sident ex\u00e9cutif Bill Ford a d\u00e9clar\u00e9 que le pick-up \u00e9lectrique \u00ab\u00a0va changer notre entreprise pour toujours\u00a0\u00bb et qu&#8217;il s&#8217;agit du lancement le plus important depuis le mod\u00e8le T.<br \/> Farley, vantant les capacit\u00e9s du Lightning, a d\u00e9clar\u00e9 que \u00ab\u00a0la conduite est si douce que vous jureriez \u00eatre dans une Lincoln\u00a0\u00bb et qu&#8217;il \u00ab\u00a0peut m\u00eame recharger d&#8217;autres VE, pour vos amis qui poss\u00e8dent des Teslas\u00a0\u00bb.<br \/> La liste d\u2019attente est toutefois assez longue<br \/> Bien que Ford ait invit\u00e9 un certain nombre de clients \u00e0 l&#8217;\u00e9v\u00e9nement, beaucoup attendront leur Lightning pendant<\/p>\n","protected":false},"excerpt":{"rendered":"<p>Le PDG de Ford, Jim Farley, a d\u00e9clar\u00e9 cette semaine que la compagnie pr\u00e9parait sur son futur campus Blue Oval City au Tennessee un autre pick-up \u00e9lectrique qui ne sera pas un F-150 Lightning. Un pick-up de nouvelle g\u00e9n\u00e9ration Sans donner trop de d\u00e9tails, Jim Farley s\u2019est content\u00e9 de dire qu\u2019il s\u2019agit d\u2019un nouveau mod\u00e8le. [&hellip;]<\/p>\n","protected":false},"author":8,"featured_media":40157,"comment_status":"close","ping_status":"closed","sticky":false,"template":"","format":"standard","meta":{"_monsterinsights_skip_tracking":false,"_monsterinsights_sitenote_active":false,"_monsterinsights_sitenote_note":"","_monsterinsights_sitenote_category":0,"footnotes":""},"categories":[101],"tags":[],"yoast_head":"<!-- This site is optimized with the Yoast SEO plugin v23.2 - https:\/\/yoast.com\/wordpress\/plugins\/seo\/ -->\n<title>Ford pr\u00e9pare un autre camion \u00e9lectrique - CanadaMotorJobs.com<\/title>\n<meta name=\"description\" content=\"Ford pr\u00e9pare un autre camion \u00e9lectrique - Benoit Charette - Annuel automobile - CanadaMotorJobs.com.\" \/>\n<meta name=\"robots\" content=\"index, follow, max-snippet:-1, max-image-preview:large, max-video-preview:-1\" \/>\n<meta property=\"og:locale\" content=\"fr_CA\" \/>\n<meta property=\"og:type\" content=\"article\" \/>\n<meta property=\"og:title\" content=\"Ford pr\u00e9pare un autre camion \u00e9lectrique - CanadaMotorJobs.com\" \/>\n<meta property=\"og:description\" content=\"Ford pr\u00e9pare un autre camion \u00e9lectrique - Benoit Charette - Annuel automobile - CanadaMotorJobs.com.\" \/>\n<meta property=\"og:url\" content=\"https:\/\/news.canadamotorjobs.com\/fr\/ford-prepare-un-autre-camion-electrique\/\" \/>\n<meta property=\"og:site_name\" content=\"CanadaMotorJobs.com\" \/>\n<meta property=\"article:publisher\" content=\"https:\/\/www.facebook.com\/canadamotorjobs\/\" \/>\n<meta property=\"article:published_time\" content=\"2022-04-27T11:09:33+00:00\" \/>\n<meta property=\"article:modified_time\" content=\"2022-04-27T11:15:17+00:00\" \/>\n<meta property=\"og:image\" content=\"https:\/\/news.canadamotorjobs.com\/wp-content\/uploads\/2022\/04\/Jim_Farley_Headshot-scaled-1-1.jpg\" \/>\n\t<meta property=\"og:image:width\" content=\"2560\" \/>\n\t<meta property=\"og:image:height\" content=\"1709\" \/>\n\t<meta property=\"og:image:type\" content=\"image\/jpeg\" \/>\n<meta name=\"author\" content=\"Benoit Charette\" \/>\n<meta name=\"twitter:card\" content=\"summary_large_image\" \/>\n<meta name=\"twitter:creator\" content=\"@canadamotorjobs\" \/>\n<meta name=\"twitter:site\" content=\"@canadamotorjobs\" \/>\n<meta name=\"twitter:label1\" content=\"\u00c9crit par\" \/>\n\t<meta name=\"twitter:data1\" content=\"Benoit Charette\" \/>\n\t<meta name=\"twitter:label2\" content=\"Estimation du temps de lecture\" \/>\n\t<meta name=\"twitter:data2\" content=\"1 minute\" \/>\n<!-- \/ Yoast SEO plugin. -->","yoast_head_json":{"title":"Ford pr\u00e9pare un autre camion \u00e9lectrique - CanadaMotorJobs.com","description":"Ford pr\u00e9pare un autre camion \u00e9lectrique - Benoit Charette - Annuel automobile - CanadaMotorJobs.com.","robots":{"index":"index","follow":"follow","max-snippet":"max-snippet:-1","max-image-preview":"max-image-preview:large","max-video-preview":"max-video-preview:-1"},"og_locale":"fr_CA","og_type":"article","og_title":"Ford pr\u00e9pare un autre camion \u00e9lectrique - CanadaMotorJobs.com","og_description":"Ford pr\u00e9pare un autre camion \u00e9lectrique - Benoit Charette - Annuel automobile - CanadaMotorJobs.com.","og_url":"https:\/\/news.canadamotorjobs.com\/fr\/ford-prepare-un-autre-camion-electrique\/","og_site_name":"CanadaMotorJobs.com","article_publisher":"https:\/\/www.facebook.com\/canadamotorjobs\/","article_published_time":"2022-04-27T11:09:33+00:00","article_modified_time":"2022-04-27T11:15:17+00:00","og_image":[{"width":2560,"height":1709,"url":"https:\/\/news.canadamotorjobs.com\/wp-content\/uploads\/2022\/04\/Jim_Farley_Headshot-scaled-1-1.jpg","type":"image\/jpeg"}],"author":"Benoit Charette","twitter_card":"summary_large_image","twitter_creator":"@canadamotorjobs","twitter_site":"@canadamotorjobs","twitter_misc":{"\u00c9crit par":"Benoit Charette","Estimation du temps de lecture":"1 minute"},"schema":{"@context":"https:\/\/schema.org","@graph":[{"@type":"Article","@id":"https:\/\/news.canadamotorjobs.com\/fr\/ford-prepare-un-autre-camion-electrique\/#article","isPartOf":{"@id":"https:\/\/news.canadamotorjobs.com\/fr\/ford-prepare-un-autre-camion-electrique\/"},"author":{"name":"Benoit Charette","@id":"https:\/\/news.canadamotorjobs.com\/#\/schema\/person\/51793d1f87d44011d7bcc2ed99269a90"},"headline":"Ford pr\u00e9pare un autre camion \u00e9lectrique","datePublished":"2022-04-27T11:09:33+00:00","dateModified":"2022-04-27T11:15:17+00:00","mainEntityOfPage":{"@id":"https:\/\/news.canadamotorjobs.com\/fr\/ford-prepare-un-autre-camion-electrique\/"},"wordCount":299,"publisher":{"@id":"https:\/\/news.canadamotorjobs.com\/#organization"},"image":{"@id":"https:\/\/news.canadamotorjobs.com\/fr\/ford-prepare-un-autre-camion-electrique\/#primaryimage"},"thumbnailUrl":"https:\/\/news.canadamotorjobs.com\/wp-content\/uploads\/2022\/04\/Jim_Farley_Headshot-scaled-1-1.jpg","articleSection":["Annuel automobile"],"inLanguage":"fr-CA"},{"@type":"WebPage","@id":"https:\/\/news.canadamotorjobs.com\/fr\/ford-prepare-un-autre-camion-electrique\/","url":"https:\/\/news.canadamotorjobs.com\/fr\/ford-prepare-un-autre-camion-electrique\/","name":"Ford pr\u00e9pare un autre camion \u00e9lectrique - CanadaMotorJobs.com","isPartOf":{"@id":"https:\/\/news.canadamotorjobs.com\/#website"},"primaryImageOfPage":{"@id":"https:\/\/news.canadamotorjobs.com\/fr\/ford-prepare-un-autre-camion-electrique\/#primaryimage"},"image":{"@id":"https:\/\/news.canadamotorjobs.com\/fr\/ford-prepare-un-autre-camion-electrique\/#primaryimage"},"thumbnailUrl":"https:\/\/news.canadamotorjobs.com\/wp-content\/uploads\/2022\/04\/Jim_Farley_Headshot-scaled-1-1.jpg","datePublished":"2022-04-27T11:09:33+00:00","dateModified":"2022-04-27T11:15:17+00:00","description":"Ford pr\u00e9pare un autre camion \u00e9lectrique - Benoit Charette - Annuel automobile - CanadaMotorJobs.com.","breadcrumb":{"@id":"https:\/\/news.canadamotorjobs.com\/fr\/ford-prepare-un-autre-camion-electrique\/#breadcrumb"},"inLanguage":"fr-CA","potentialAction":[{"@type":"ReadAction","target":["https:\/\/news.canadamotorjobs.com\/fr\/ford-prepare-un-autre-camion-electrique\/"]}]},{"@type":"ImageObject","inLanguage":"fr-CA","@id":"https:\/\/news.canadamotorjobs.com\/fr\/ford-prepare-un-autre-camion-electrique\/#primaryimage","url":"https:\/\/news.canadamotorjobs.com\/wp-content\/uploads\/2022\/04\/Jim_Farley_Headshot-scaled-1-1.jpg","contentUrl":"https:\/\/news.canadamotorjobs.com\/wp-content\/uploads\/2022\/04\/Jim_Farley_Headshot-scaled-1-1.jpg","width":2560,"height":1709},{"@type":"BreadcrumbList","@id":"https:\/\/news.canadamotorjobs.com\/fr\/ford-prepare-un-autre-camion-electrique\/#breadcrumb","itemListElement":[{"@type":"ListItem","position":1,"name":"Home","item":"https:\/\/news.canadamotorjobs.com\/fr\/blog\/"},{"@type":"ListItem","position":2,"name":"Ford pr\u00e9pare un autre camion \u00e9lectrique"}]},{"@type":"WebSite","@id":"https:\/\/news.canadamotorjobs.com\/#website","url":"https:\/\/news.canadamotorjobs.com\/","name":"CanadaMotorJobs.com","description":"Automotive Jobs","publisher":{"@id":"https:\/\/news.canadamotorjobs.com\/#organization"},"potentialAction":[{"@type":"SearchAction","target":{"@type":"EntryPoint","urlTemplate":"https:\/\/news.canadamotorjobs.com\/?s={search_term_string}"},"query-input":"required name=search_term_string"}],"inLanguage":"fr-CA"},{"@type":"Organization","@id":"https:\/\/news.canadamotorjobs.com\/#organization","name":"Canada Motor Jobs","url":"https:\/\/news.canadamotorjobs.com\/","logo":{"@type":"ImageObject","inLanguage":"fr-CA","@id":"https:\/\/news.canadamotorjobs.com\/#\/schema\/logo\/image\/","url":"https:\/\/news.canadamotorjobs.com\/wp-content\/uploads\/2022\/10\/logo-canada-motor-jobs-1.png","contentUrl":"https:\/\/news.canadamotorjobs.com\/wp-content\/uploads\/2022\/10\/logo-canada-motor-jobs-1.png","width":800,"height":400,"caption":"Canada Motor Jobs"},"image":{"@id":"https:\/\/news.canadamotorjobs.com\/#\/schema\/logo\/image\/"},"sameAs":["https:\/\/www.facebook.com\/canadamotorjobs\/","https:\/\/x.com\/canadamotorjobs","https:\/\/www.instagram.com\/canadamotorjobs\/","https:\/\/www.linkedin.com\/company\/canadamotorjobs"]},{"@type":"Person","@id":"https:\/\/news.canadamotorjobs.com\/#\/schema\/person\/51793d1f87d44011d7bcc2ed99269a90","name":"Benoit Charette","image":{"@type":"ImageObject","inLanguage":"fr-CA","@id":"https:\/\/news.canadamotorjobs.com\/#\/schema\/person\/image\/","url":"https:\/\/secure.gravatar.com\/avatar\/45f3d2eebcccd909668d7ce7ea7267b6?s=96&d=mm&r=g","contentUrl":"https:\/\/secure.gravatar.com\/avatar\/45f3d2eebcccd909668d7ce7ea7267b6?s=96&d=mm&r=g","caption":"Benoit Charette"},"description":"Benoit Charette \/ Propri\u00e9taire et r\u00e9dacteur en chef Benoit Charette pratique le journalisme automobile depuis bient\u00f4t 30 ans. Il a fait ses classes au c\u00f4t\u00e9 de Daniel H\u00e9raud et au Carnet de route de 1992 \u00e0 2001. Il est fondateur, copropri\u00e9taire et r\u00e9dacteur en chef de L\u2019Annuel de l\u2019automobile, qu\u2019il publie depuis 2001. Il a anim\u00e9 les \u00e9missions RPM et RPM+ sur V et les L\u00e9gendes de la route sur Historia. \u00c0 la radio depuis 1986, il reprend l\u2019antenne cette ann\u00e9e sur les ondes de Cogeco et participe pour la deuxi\u00e8me ann\u00e9e \u00e0 l\u2019\u00e9mission Passion Auto sur RDS en plus de mettre en ligne le site Web officiel de L\u2019Annuel de l\u2019automobile sur annuelauto.ca.","sameAs":["https:\/\/annuelauto.ca\/"],"url":"https:\/\/news.canadamotorjobs.com\/fr\/author\/benoit-charette\/"}]}},"_links":{"self":[{"href":"https:\/\/news.canadamotorjobs.com\/fr\/wp-json\/wp\/v2\/posts\/40153"}],"collection":[{"href":"https:\/\/news.canadamotorjobs.com\/fr\/wp-json\/wp\/v2\/posts"}],"about":[{"href":"https:\/\/news.canadamotorjobs.com\/fr\/wp-json\/wp\/v2\/types\/post"}],"author":[{"embeddable":true,"href":"https:\/\/news.canadamotorjobs.com\/fr\/wp-json\/wp\/v2\/users\/8"}],"replies":[{"embeddable":true,"href":"https:\/\/news.canadamotorjobs.com\/fr\/wp-json\/wp\/v2\/comments?post=40153"}],"version-history":[{"count":0,"href":"https:\/\/news.canadamotorjobs.com\/fr\/wp-json\/wp\/v2\/posts\/40153\/revisions"}],"wp:featuredmedia":[{"embeddable":true,"href":"https:\/\/news.canadamotorjobs.com\/fr\/wp-json\/wp\/v2\/media\/40157"}],"wp:attachment":[{"href":"https:\/\/news.canadamotorjobs.com\/fr\/wp-json\/wp\/v2\/media?parent=40153"}],"wp:term":[{"taxonomy":"category","embeddable":true,"href":"https:\/\/news.canadamotorjobs.com\/fr\/wp-json\/wp\/v2\/categories?post=40153"},{"taxonomy":"post_tag","embeddable":true,"href":"https:\/\/news.canadamotorjobs.com\/fr\/wp-json\/wp\/v2\/tags?post=40153"}],"curies":[{"name":"wp","href":"https:\/\/api.w.org\/{rel}","templated":true}]}}