{"id":40145,"date":"2022-04-26T20:27:57","date_gmt":"2022-04-27T00:27:57","guid":{"rendered":"https:\/\/blog.canadamotorjobs.com\/dites-bye-bye-a-datsun-pour-une-2e-fois\/"},"modified":"2022-04-26T20:58:59","modified_gmt":"2022-04-27T00:58:59","slug":"dites-bye-bye-a-datsun-pour-une-2e-fois","status":"publish","type":"post","link":"https:\/\/news.canadamotorjobs.com\/fr\/dites-bye-bye-a-datsun-pour-une-2e-fois\/","title":{"rendered":"Dites bye, bye \u00e0 Datsun pour une 2e fois"},"content":{"rendered":"<\/p>\n<p>Nissan cessera bient\u00f4t de produire des Datsun. Son usine de Chennai, en Inde, produit actuellement les derniers v\u00e9hicules de cette marque que le constructeur nippon avait fait rena\u00eetre il y a 9\u00a0ans.<\/p>\n<p> Nissan entend ainsi se concentrer sur des produits et des cr\u00e9neaux plus populaires et plus profitables.<\/p>\n<p> Des sources bien inform\u00e9es rapportent qu\u2019en 2021, gu\u00e8re plus de 7\u00a0000 Datsun ont \u00e9t\u00e9 produites.<\/p>\n<p> La production de la <a href=\"https:\/\/annuelauto.ca\/22-octobre-1969-lancement-de-la-240z\/\" target=\"_blank\" rel=\"noopener noreferrer\">Datsun<\/a> redi-GO cessera donc tr\u00e8s bient\u00f4t \u00e0 l\u2019usine de Chennai. L\u2019ann\u00e9e derni\u00e8re, Nissan avait d\u00e9j\u00e0 mis un terme \u00e0 la production des mod\u00e8les Go et Go+ dans cette usine.<br \/> <strong>Un retrait amorc\u00e9 en 2020<\/strong><br \/> C\u2019est la derni\u00e8re usine qui produit encore des v\u00e9hicules de cette marque. Les installations de Nissan en Indon\u00e9sie et en Russie qui en produisait auparavant ont cess\u00e9 de le faire en 2020 dans le cadre d\u2019un programme de restructuration o\u00f9 l\u2019on a annonc\u00e9 la mise au rencart de la marque Datsun.<\/p>\n<p> Les derniers exemplaires de cette marque seront vendus en Inde et en Afrique du Sud, les deux derniers march\u00e9s qu\u2019elle dessert.<\/p>\n<p> La marque Datsun a \u00e9t\u00e9 ressuscit\u00e9e \u00e0 l\u2019initiative de <a href=\"https:\/\/annuelauto.ca\/la-france-lance-un-mandat-darret-contre-carlos-ghosn\/\" target=\"_blank\" rel=\"noopener noreferrer\">Carlos Ghosn<\/a> en 2013. Il souhaitait disposer d\u2019une marque offrant des produits bon march\u00e9 dans les pays \u00e9mergents, une marque comparable \u00e0 Dacia chez Renault.<\/p>\n<p> \u00c0 son point culminant, la gamme de Datsun comptait six mod\u00e8les diff\u00e9rents\u00a0: la mini redi-Go, les sous-compactes Go et Go+, les compactes on-Do et mi-Do, et l\u2019utilitaire compact Cross.<\/p>\n<p> Apr\u00e8s le renvoi de M. Ghosn, en<\/p>\n","protected":false},"excerpt":{"rendered":"<p>Nissan cessera bient\u00f4t de produire des Datsun. Son usine de Chennai, en Inde, produit actuellement les derniers v\u00e9hicules de cette marque que le constructeur nippon avait fait rena\u00eetre il y a 9\u00a0ans. Nissan entend ainsi se concentrer sur des produits et des cr\u00e9neaux plus populaires et plus profitables. Des sources bien inform\u00e9es rapportent qu\u2019en 2021, [&hellip;]<\/p>\n","protected":false},"author":8,"featured_media":40149,"comment_status":"close","ping_status":"closed","sticky":false,"template":"","format":"standard","meta":{"_monsterinsights_skip_tracking":false,"_monsterinsights_sitenote_active":false,"_monsterinsights_sitenote_note":"","_monsterinsights_sitenote_category":0,"footnotes":""},"categories":[101],"tags":[],"yoast_head":"<!-- This site is optimized with the Yoast SEO plugin v23.2 - https:\/\/yoast.com\/wordpress\/plugins\/seo\/ -->\n<title>Dites bye, bye \u00e0 Datsun pour une 2e fois - CanadaMotorJobs.com<\/title>\n<meta name=\"description\" content=\"Dites bye, bye \u00e0 Datsun pour une 2e fois - Benoit Charette - Annuel automobile - CanadaMotorJobs.com.\" \/>\n<meta name=\"robots\" content=\"index, follow, max-snippet:-1, max-image-preview:large, max-video-preview:-1\" \/>\n<meta property=\"og:locale\" content=\"fr_CA\" \/>\n<meta property=\"og:type\" content=\"article\" \/>\n<meta property=\"og:title\" content=\"Dites bye, bye \u00e0 Datsun pour une 2e fois - CanadaMotorJobs.com\" \/>\n<meta property=\"og:description\" content=\"Dites bye, bye \u00e0 Datsun pour une 2e fois - Benoit Charette - Annuel automobile - CanadaMotorJobs.com.\" \/>\n<meta property=\"og:url\" content=\"https:\/\/news.canadamotorjobs.com\/fr\/dites-bye-bye-a-datsun-pour-une-2e-fois\/\" \/>\n<meta property=\"og:site_name\" content=\"CanadaMotorJobs.com\" \/>\n<meta property=\"article:publisher\" content=\"https:\/\/www.facebook.com\/canadamotorjobs\/\" \/>\n<meta property=\"article:published_time\" content=\"2022-04-27T00:27:57+00:00\" \/>\n<meta property=\"article:modified_time\" content=\"2022-04-27T00:58:59+00:00\" \/>\n<meta property=\"og:image\" content=\"https:\/\/news.canadamotorjobs.com\/wp-content\/uploads\/2022\/04\/Carlos-Ghosn-et-la-Datsun-Go-a\u0300-New-Dheli-2013-1.jpg\" \/>\n\t<meta property=\"og:image:width\" content=\"1500\" \/>\n\t<meta property=\"og:image:height\" content=\"1000\" \/>\n\t<meta property=\"og:image:type\" content=\"image\/jpeg\" \/>\n<meta name=\"author\" content=\"Benoit Charette\" \/>\n<meta name=\"twitter:card\" content=\"summary_large_image\" \/>\n<meta name=\"twitter:creator\" content=\"@canadamotorjobs\" \/>\n<meta name=\"twitter:site\" content=\"@canadamotorjobs\" \/>\n<meta name=\"twitter:label1\" content=\"\u00c9crit par\" \/>\n\t<meta name=\"twitter:data1\" content=\"Benoit Charette\" \/>\n\t<meta name=\"twitter:label2\" content=\"Estimation du temps de lecture\" \/>\n\t<meta name=\"twitter:data2\" content=\"1 minute\" \/>\n<!-- \/ Yoast SEO plugin. -->","yoast_head_json":{"title":"Dites bye, bye \u00e0 Datsun pour une 2e fois - CanadaMotorJobs.com","description":"Dites bye, bye \u00e0 Datsun pour une 2e fois - Benoit Charette - Annuel automobile - CanadaMotorJobs.com.","robots":{"index":"index","follow":"follow","max-snippet":"max-snippet:-1","max-image-preview":"max-image-preview:large","max-video-preview":"max-video-preview:-1"},"og_locale":"fr_CA","og_type":"article","og_title":"Dites bye, bye \u00e0 Datsun pour une 2e fois - CanadaMotorJobs.com","og_description":"Dites bye, bye \u00e0 Datsun pour une 2e fois - Benoit Charette - Annuel automobile - CanadaMotorJobs.com.","og_url":"https:\/\/news.canadamotorjobs.com\/fr\/dites-bye-bye-a-datsun-pour-une-2e-fois\/","og_site_name":"CanadaMotorJobs.com","article_publisher":"https:\/\/www.facebook.com\/canadamotorjobs\/","article_published_time":"2022-04-27T00:27:57+00:00","article_modified_time":"2022-04-27T00:58:59+00:00","og_image":[{"width":1500,"height":1000,"url":"https:\/\/news.canadamotorjobs.com\/wp-content\/uploads\/2022\/04\/Carlos-Ghosn-et-la-Datsun-Go-a\u0300-New-Dheli-2013-1.jpg","type":"image\/jpeg"}],"author":"Benoit Charette","twitter_card":"summary_large_image","twitter_creator":"@canadamotorjobs","twitter_site":"@canadamotorjobs","twitter_misc":{"\u00c9crit par":"Benoit Charette","Estimation du temps de lecture":"1 minute"},"schema":{"@context":"https:\/\/schema.org","@graph":[{"@type":"Article","@id":"https:\/\/news.canadamotorjobs.com\/fr\/dites-bye-bye-a-datsun-pour-une-2e-fois\/#article","isPartOf":{"@id":"https:\/\/news.canadamotorjobs.com\/fr\/dites-bye-bye-a-datsun-pour-une-2e-fois\/"},"author":{"name":"Benoit Charette","@id":"https:\/\/news.canadamotorjobs.com\/#\/schema\/person\/51793d1f87d44011d7bcc2ed99269a90"},"headline":"Dites bye, bye \u00e0 Datsun pour une 2e fois","datePublished":"2022-04-27T00:27:57+00:00","dateModified":"2022-04-27T00:58:59+00:00","mainEntityOfPage":{"@id":"https:\/\/news.canadamotorjobs.com\/fr\/dites-bye-bye-a-datsun-pour-une-2e-fois\/"},"wordCount":271,"publisher":{"@id":"https:\/\/news.canadamotorjobs.com\/#organization"},"image":{"@id":"https:\/\/news.canadamotorjobs.com\/fr\/dites-bye-bye-a-datsun-pour-une-2e-fois\/#primaryimage"},"thumbnailUrl":"https:\/\/news.canadamotorjobs.com\/wp-content\/uploads\/2022\/04\/Carlos-Ghosn-et-la-Datsun-Go-a\u0300-New-Dheli-2013-1.jpg","articleSection":["Annuel automobile"],"inLanguage":"fr-CA"},{"@type":"WebPage","@id":"https:\/\/news.canadamotorjobs.com\/fr\/dites-bye-bye-a-datsun-pour-une-2e-fois\/","url":"https:\/\/news.canadamotorjobs.com\/fr\/dites-bye-bye-a-datsun-pour-une-2e-fois\/","name":"Dites bye, bye \u00e0 Datsun pour une 2e fois - CanadaMotorJobs.com","isPartOf":{"@id":"https:\/\/news.canadamotorjobs.com\/#website"},"primaryImageOfPage":{"@id":"https:\/\/news.canadamotorjobs.com\/fr\/dites-bye-bye-a-datsun-pour-une-2e-fois\/#primaryimage"},"image":{"@id":"https:\/\/news.canadamotorjobs.com\/fr\/dites-bye-bye-a-datsun-pour-une-2e-fois\/#primaryimage"},"thumbnailUrl":"https:\/\/news.canadamotorjobs.com\/wp-content\/uploads\/2022\/04\/Carlos-Ghosn-et-la-Datsun-Go-a\u0300-New-Dheli-2013-1.jpg","datePublished":"2022-04-27T00:27:57+00:00","dateModified":"2022-04-27T00:58:59+00:00","description":"Dites bye, bye \u00e0 Datsun pour une 2e fois - Benoit Charette - Annuel automobile - CanadaMotorJobs.com.","breadcrumb":{"@id":"https:\/\/news.canadamotorjobs.com\/fr\/dites-bye-bye-a-datsun-pour-une-2e-fois\/#breadcrumb"},"inLanguage":"fr-CA","potentialAction":[{"@type":"ReadAction","target":["https:\/\/news.canadamotorjobs.com\/fr\/dites-bye-bye-a-datsun-pour-une-2e-fois\/"]}]},{"@type":"ImageObject","inLanguage":"fr-CA","@id":"https:\/\/news.canadamotorjobs.com\/fr\/dites-bye-bye-a-datsun-pour-une-2e-fois\/#primaryimage","url":"https:\/\/news.canadamotorjobs.com\/wp-content\/uploads\/2022\/04\/Carlos-Ghosn-et-la-Datsun-Go-a\u0300-New-Dheli-2013-1.jpg","contentUrl":"https:\/\/news.canadamotorjobs.com\/wp-content\/uploads\/2022\/04\/Carlos-Ghosn-et-la-Datsun-Go-a\u0300-New-Dheli-2013-1.jpg","width":1500,"height":1000},{"@type":"BreadcrumbList","@id":"https:\/\/news.canadamotorjobs.com\/fr\/dites-bye-bye-a-datsun-pour-une-2e-fois\/#breadcrumb","itemListElement":[{"@type":"ListItem","position":1,"name":"Home","item":"https:\/\/news.canadamotorjobs.com\/fr\/blog\/"},{"@type":"ListItem","position":2,"name":"Dites bye, bye \u00e0 Datsun pour une 2e fois"}]},{"@type":"WebSite","@id":"https:\/\/news.canadamotorjobs.com\/#website","url":"https:\/\/news.canadamotorjobs.com\/","name":"CanadaMotorJobs.com","description":"Automotive Jobs","publisher":{"@id":"https:\/\/news.canadamotorjobs.com\/#organization"},"potentialAction":[{"@type":"SearchAction","target":{"@type":"EntryPoint","urlTemplate":"https:\/\/news.canadamotorjobs.com\/?s={search_term_string}"},"query-input":"required name=search_term_string"}],"inLanguage":"fr-CA"},{"@type":"Organization","@id":"https:\/\/news.canadamotorjobs.com\/#organization","name":"Canada Motor Jobs","url":"https:\/\/news.canadamotorjobs.com\/","logo":{"@type":"ImageObject","inLanguage":"fr-CA","@id":"https:\/\/news.canadamotorjobs.com\/#\/schema\/logo\/image\/","url":"https:\/\/news.canadamotorjobs.com\/wp-content\/uploads\/2022\/10\/logo-canada-motor-jobs-1.png","contentUrl":"https:\/\/news.canadamotorjobs.com\/wp-content\/uploads\/2022\/10\/logo-canada-motor-jobs-1.png","width":800,"height":400,"caption":"Canada Motor Jobs"},"image":{"@id":"https:\/\/news.canadamotorjobs.com\/#\/schema\/logo\/image\/"},"sameAs":["https:\/\/www.facebook.com\/canadamotorjobs\/","https:\/\/x.com\/canadamotorjobs","https:\/\/www.instagram.com\/canadamotorjobs\/","https:\/\/www.linkedin.com\/company\/canadamotorjobs"]},{"@type":"Person","@id":"https:\/\/news.canadamotorjobs.com\/#\/schema\/person\/51793d1f87d44011d7bcc2ed99269a90","name":"Benoit Charette","image":{"@type":"ImageObject","inLanguage":"fr-CA","@id":"https:\/\/news.canadamotorjobs.com\/#\/schema\/person\/image\/","url":"https:\/\/secure.gravatar.com\/avatar\/45f3d2eebcccd909668d7ce7ea7267b6?s=96&d=mm&r=g","contentUrl":"https:\/\/secure.gravatar.com\/avatar\/45f3d2eebcccd909668d7ce7ea7267b6?s=96&d=mm&r=g","caption":"Benoit Charette"},"description":"Benoit Charette \/ Propri\u00e9taire et r\u00e9dacteur en chef Benoit Charette pratique le journalisme automobile depuis bient\u00f4t 30 ans. Il a fait ses classes au c\u00f4t\u00e9 de Daniel H\u00e9raud et au Carnet de route de 1992 \u00e0 2001. Il est fondateur, copropri\u00e9taire et r\u00e9dacteur en chef de L\u2019Annuel de l\u2019automobile, qu\u2019il publie depuis 2001. Il a anim\u00e9 les \u00e9missions RPM et RPM+ sur V et les L\u00e9gendes de la route sur Historia. \u00c0 la radio depuis 1986, il reprend l\u2019antenne cette ann\u00e9e sur les ondes de Cogeco et participe pour la deuxi\u00e8me ann\u00e9e \u00e0 l\u2019\u00e9mission Passion Auto sur RDS en plus de mettre en ligne le site Web officiel de L\u2019Annuel de l\u2019automobile sur annuelauto.ca.","sameAs":["https:\/\/annuelauto.ca\/"],"url":"https:\/\/news.canadamotorjobs.com\/fr\/author\/benoit-charette\/"}]}},"_links":{"self":[{"href":"https:\/\/news.canadamotorjobs.com\/fr\/wp-json\/wp\/v2\/posts\/40145"}],"collection":[{"href":"https:\/\/news.canadamotorjobs.com\/fr\/wp-json\/wp\/v2\/posts"}],"about":[{"href":"https:\/\/news.canadamotorjobs.com\/fr\/wp-json\/wp\/v2\/types\/post"}],"author":[{"embeddable":true,"href":"https:\/\/news.canadamotorjobs.com\/fr\/wp-json\/wp\/v2\/users\/8"}],"replies":[{"embeddable":true,"href":"https:\/\/news.canadamotorjobs.com\/fr\/wp-json\/wp\/v2\/comments?post=40145"}],"version-history":[{"count":0,"href":"https:\/\/news.canadamotorjobs.com\/fr\/wp-json\/wp\/v2\/posts\/40145\/revisions"}],"wp:featuredmedia":[{"embeddable":true,"href":"https:\/\/news.canadamotorjobs.com\/fr\/wp-json\/wp\/v2\/media\/40149"}],"wp:attachment":[{"href":"https:\/\/news.canadamotorjobs.com\/fr\/wp-json\/wp\/v2\/media?parent=40145"}],"wp:term":[{"taxonomy":"category","embeddable":true,"href":"https:\/\/news.canadamotorjobs.com\/fr\/wp-json\/wp\/v2\/categories?post=40145"},{"taxonomy":"post_tag","embeddable":true,"href":"https:\/\/news.canadamotorjobs.com\/fr\/wp-json\/wp\/v2\/tags?post=40145"}],"curies":[{"name":"wp","href":"https:\/\/api.w.org\/{rel}","templated":true}]}}