{"id":40137,"date":"2022-04-26T14:43:59","date_gmt":"2022-04-26T18:43:59","guid":{"rendered":"https:\/\/blog.canadamotorjobs.com\/la-production-du-f-150-lightning-a-officiellement-commencee\/"},"modified":"2022-04-26T14:44:24","modified_gmt":"2022-04-26T18:44:24","slug":"la-production-du-f-150-lightning-a-officiellement-commencee","status":"publish","type":"post","link":"https:\/\/news.canadamotorjobs.com\/fr\/la-production-du-f-150-lightning-a-officiellement-commencee\/","title":{"rendered":"La production du F-150 Lightning a officiellement commenc\u00e9e"},"content":{"rendered":"<\/p>\n<p>Le tout premier Ford F-150 Lightning est sorti aujourd\u2019hui du quartier g\u00e9n\u00e9ral de Dearborn, \u00e9tablissant ainsi une nouvelle marque dans le monde des camionnettes \u00e9lectriques. Le tout s\u2019est effectu\u00e9 au Rouge Electric Vehicle Center, o\u00f9 le constructeur automobile a investi plus d\u2019un milliard de dollars canadiens et cr\u00e9\u00e9 750 emplois avec ce projet grandiose. L\u2019invasion du march\u00e9 am\u00e9ricain a donc pris son envol.<br \/> De grandes promesses<br \/> Ford affirme qu&#8217;il est sur la bonne voie pour livrer plus de 2 millions de v\u00e9hicules \u00e9lectriques par an d&#8217;ici 2026, soit environ un tiers du volume mondial de l&#8217;entreprise, en route vers 50\u00a0% d&#8217;ici 2030. Il affirme aussi que le F-150 Lightning sera la seule camionnette \u00e9lectrique pleine grandeur disponible avec un prix de d\u00e9part inf\u00e9rieur \u00e0 40\u00a0000\u00a0$ am\u00e9ricains.<br \/> Les r\u00e9servations<br \/> La demande du F-150 Lightning est tr\u00e8s grande, avec 200\u00a0000 r\u00e9servations effectu\u00e9es. Ceux qui n\u2019ont pas eu la chance d\u2019obtenir le mod\u00e8le\u00a02022 seront plac\u00e9s sur la liste d\u2019attente du camion de l\u2019ann\u00e9e suivante.<br \/> Un vaste r\u00e9seau<br \/> Pour 2023, 150\u00a0000 unit\u00e9s sont attendues et 1700 emplois seront cr\u00e9\u00e9s. Le tout sera r\u00e9parti dans cinq usines Ford du Michigan, dont le Van Dyke Electric Powertrain Center \u00e0 Sterling Heights, pour l&#8217;assemblage des moteurs \u00e9lectriques et des bo\u00eetes \u00e9lectriques, et l&#8217;usine de composants de Rawsonville, pour l&#8217;assemblage des batteries.<br \/> En chiffres<br \/> Ford mentionne que le F-150 Lightning peut obtenir une autonomie de 515\u00a0km et acc\u00e9l\u00e9rer de 0 \u00e0 100\u00a0km\/h en quatre secondes avec la batterie \u00e0 autonomie \u00e9tendue, ce qui en fait le F-150 le<\/p>\n","protected":false},"excerpt":{"rendered":"<p>Le tout premier Ford F-150 Lightning est sorti aujourd\u2019hui du quartier g\u00e9n\u00e9ral de Dearborn, \u00e9tablissant ainsi une nouvelle marque dans le monde des camionnettes \u00e9lectriques. Le tout s\u2019est effectu\u00e9 au Rouge Electric Vehicle Center, o\u00f9 le constructeur automobile a investi plus d\u2019un milliard de dollars canadiens et cr\u00e9\u00e9 750 emplois avec ce projet grandiose. L\u2019invasion [&hellip;]<\/p>\n","protected":false},"author":8,"featured_media":40141,"comment_status":"close","ping_status":"closed","sticky":false,"template":"","format":"standard","meta":{"_monsterinsights_skip_tracking":false,"_monsterinsights_sitenote_active":false,"_monsterinsights_sitenote_note":"","_monsterinsights_sitenote_category":0,"footnotes":""},"categories":[101],"tags":[],"yoast_head":"<!-- This site is optimized with the Yoast SEO plugin v23.2 - https:\/\/yoast.com\/wordpress\/plugins\/seo\/ -->\n<title>La production du F-150 Lightning a officiellement commenc\u00e9e - CanadaMotorJobs.com<\/title>\n<meta name=\"description\" content=\"La production du F-150 Lightning a officiellement commenc\u00e9e - Benoit Charette - Annuel automobile - CanadaMotorJobs.com.\" \/>\n<meta name=\"robots\" content=\"index, follow, max-snippet:-1, max-image-preview:large, max-video-preview:-1\" \/>\n<meta property=\"og:locale\" content=\"fr_CA\" \/>\n<meta property=\"og:type\" content=\"article\" \/>\n<meta property=\"og:title\" content=\"La production du F-150 Lightning a officiellement commenc\u00e9e - CanadaMotorJobs.com\" \/>\n<meta property=\"og:description\" content=\"La production du F-150 Lightning a officiellement commenc\u00e9e - Benoit Charette - Annuel automobile - CanadaMotorJobs.com.\" \/>\n<meta property=\"og:url\" content=\"https:\/\/news.canadamotorjobs.com\/fr\/la-production-du-f-150-lightning-a-officiellement-commencee\/\" \/>\n<meta property=\"og:site_name\" content=\"CanadaMotorJobs.com\" \/>\n<meta property=\"article:publisher\" content=\"https:\/\/www.facebook.com\/canadamotorjobs\/\" \/>\n<meta property=\"article:published_time\" content=\"2022-04-26T18:43:59+00:00\" \/>\n<meta property=\"article:modified_time\" content=\"2022-04-26T18:44:24+00:00\" \/>\n<meta property=\"og:image\" content=\"https:\/\/news.canadamotorjobs.com\/wp-content\/uploads\/2022\/04\/f-150-lightning-max-spec-1.jpg\" \/>\n\t<meta property=\"og:image:width\" content=\"1280\" \/>\n\t<meta property=\"og:image:height\" content=\"720\" \/>\n\t<meta property=\"og:image:type\" content=\"image\/jpeg\" \/>\n<meta name=\"author\" content=\"Benoit Charette\" \/>\n<meta name=\"twitter:card\" content=\"summary_large_image\" \/>\n<meta name=\"twitter:creator\" content=\"@canadamotorjobs\" \/>\n<meta name=\"twitter:site\" content=\"@canadamotorjobs\" \/>\n<meta name=\"twitter:label1\" content=\"\u00c9crit par\" \/>\n\t<meta name=\"twitter:data1\" content=\"Benoit Charette\" \/>\n\t<meta name=\"twitter:label2\" content=\"Estimation du temps de lecture\" \/>\n\t<meta name=\"twitter:data2\" content=\"1 minute\" \/>\n<!-- \/ Yoast SEO plugin. -->","yoast_head_json":{"title":"La production du F-150 Lightning a officiellement commenc\u00e9e - CanadaMotorJobs.com","description":"La production du F-150 Lightning a officiellement commenc\u00e9e - Benoit Charette - Annuel automobile - CanadaMotorJobs.com.","robots":{"index":"index","follow":"follow","max-snippet":"max-snippet:-1","max-image-preview":"max-image-preview:large","max-video-preview":"max-video-preview:-1"},"og_locale":"fr_CA","og_type":"article","og_title":"La production du F-150 Lightning a officiellement commenc\u00e9e - CanadaMotorJobs.com","og_description":"La production du F-150 Lightning a officiellement commenc\u00e9e - Benoit Charette - Annuel automobile - CanadaMotorJobs.com.","og_url":"https:\/\/news.canadamotorjobs.com\/fr\/la-production-du-f-150-lightning-a-officiellement-commencee\/","og_site_name":"CanadaMotorJobs.com","article_publisher":"https:\/\/www.facebook.com\/canadamotorjobs\/","article_published_time":"2022-04-26T18:43:59+00:00","article_modified_time":"2022-04-26T18:44:24+00:00","og_image":[{"width":1280,"height":720,"url":"https:\/\/news.canadamotorjobs.com\/wp-content\/uploads\/2022\/04\/f-150-lightning-max-spec-1.jpg","type":"image\/jpeg"}],"author":"Benoit Charette","twitter_card":"summary_large_image","twitter_creator":"@canadamotorjobs","twitter_site":"@canadamotorjobs","twitter_misc":{"\u00c9crit par":"Benoit Charette","Estimation du temps de lecture":"1 minute"},"schema":{"@context":"https:\/\/schema.org","@graph":[{"@type":"Article","@id":"https:\/\/news.canadamotorjobs.com\/fr\/la-production-du-f-150-lightning-a-officiellement-commencee\/#article","isPartOf":{"@id":"https:\/\/news.canadamotorjobs.com\/fr\/la-production-du-f-150-lightning-a-officiellement-commencee\/"},"author":{"name":"Benoit Charette","@id":"https:\/\/news.canadamotorjobs.com\/#\/schema\/person\/51793d1f87d44011d7bcc2ed99269a90"},"headline":"La production du F-150 Lightning a officiellement commenc\u00e9e","datePublished":"2022-04-26T18:43:59+00:00","dateModified":"2022-04-26T18:44:24+00:00","mainEntityOfPage":{"@id":"https:\/\/news.canadamotorjobs.com\/fr\/la-production-du-f-150-lightning-a-officiellement-commencee\/"},"wordCount":281,"publisher":{"@id":"https:\/\/news.canadamotorjobs.com\/#organization"},"image":{"@id":"https:\/\/news.canadamotorjobs.com\/fr\/la-production-du-f-150-lightning-a-officiellement-commencee\/#primaryimage"},"thumbnailUrl":"https:\/\/news.canadamotorjobs.com\/wp-content\/uploads\/2022\/04\/f-150-lightning-max-spec-1.jpg","articleSection":["Annuel automobile"],"inLanguage":"fr-CA"},{"@type":"WebPage","@id":"https:\/\/news.canadamotorjobs.com\/fr\/la-production-du-f-150-lightning-a-officiellement-commencee\/","url":"https:\/\/news.canadamotorjobs.com\/fr\/la-production-du-f-150-lightning-a-officiellement-commencee\/","name":"La production du F-150 Lightning a officiellement commenc\u00e9e - CanadaMotorJobs.com","isPartOf":{"@id":"https:\/\/news.canadamotorjobs.com\/#website"},"primaryImageOfPage":{"@id":"https:\/\/news.canadamotorjobs.com\/fr\/la-production-du-f-150-lightning-a-officiellement-commencee\/#primaryimage"},"image":{"@id":"https:\/\/news.canadamotorjobs.com\/fr\/la-production-du-f-150-lightning-a-officiellement-commencee\/#primaryimage"},"thumbnailUrl":"https:\/\/news.canadamotorjobs.com\/wp-content\/uploads\/2022\/04\/f-150-lightning-max-spec-1.jpg","datePublished":"2022-04-26T18:43:59+00:00","dateModified":"2022-04-26T18:44:24+00:00","description":"La production du F-150 Lightning a officiellement commenc\u00e9e - Benoit Charette - Annuel automobile - CanadaMotorJobs.com.","breadcrumb":{"@id":"https:\/\/news.canadamotorjobs.com\/fr\/la-production-du-f-150-lightning-a-officiellement-commencee\/#breadcrumb"},"inLanguage":"fr-CA","potentialAction":[{"@type":"ReadAction","target":["https:\/\/news.canadamotorjobs.com\/fr\/la-production-du-f-150-lightning-a-officiellement-commencee\/"]}]},{"@type":"ImageObject","inLanguage":"fr-CA","@id":"https:\/\/news.canadamotorjobs.com\/fr\/la-production-du-f-150-lightning-a-officiellement-commencee\/#primaryimage","url":"https:\/\/news.canadamotorjobs.com\/wp-content\/uploads\/2022\/04\/f-150-lightning-max-spec-1.jpg","contentUrl":"https:\/\/news.canadamotorjobs.com\/wp-content\/uploads\/2022\/04\/f-150-lightning-max-spec-1.jpg","width":1280,"height":720},{"@type":"BreadcrumbList","@id":"https:\/\/news.canadamotorjobs.com\/fr\/la-production-du-f-150-lightning-a-officiellement-commencee\/#breadcrumb","itemListElement":[{"@type":"ListItem","position":1,"name":"Home","item":"https:\/\/news.canadamotorjobs.com\/fr\/blog\/"},{"@type":"ListItem","position":2,"name":"La production du F-150 Lightning a officiellement commenc\u00e9e"}]},{"@type":"WebSite","@id":"https:\/\/news.canadamotorjobs.com\/#website","url":"https:\/\/news.canadamotorjobs.com\/","name":"CanadaMotorJobs.com","description":"Automotive Jobs","publisher":{"@id":"https:\/\/news.canadamotorjobs.com\/#organization"},"potentialAction":[{"@type":"SearchAction","target":{"@type":"EntryPoint","urlTemplate":"https:\/\/news.canadamotorjobs.com\/?s={search_term_string}"},"query-input":"required name=search_term_string"}],"inLanguage":"fr-CA"},{"@type":"Organization","@id":"https:\/\/news.canadamotorjobs.com\/#organization","name":"Canada Motor Jobs","url":"https:\/\/news.canadamotorjobs.com\/","logo":{"@type":"ImageObject","inLanguage":"fr-CA","@id":"https:\/\/news.canadamotorjobs.com\/#\/schema\/logo\/image\/","url":"https:\/\/news.canadamotorjobs.com\/wp-content\/uploads\/2022\/10\/logo-canada-motor-jobs-1.png","contentUrl":"https:\/\/news.canadamotorjobs.com\/wp-content\/uploads\/2022\/10\/logo-canada-motor-jobs-1.png","width":800,"height":400,"caption":"Canada Motor Jobs"},"image":{"@id":"https:\/\/news.canadamotorjobs.com\/#\/schema\/logo\/image\/"},"sameAs":["https:\/\/www.facebook.com\/canadamotorjobs\/","https:\/\/x.com\/canadamotorjobs","https:\/\/www.instagram.com\/canadamotorjobs\/","https:\/\/www.linkedin.com\/company\/canadamotorjobs"]},{"@type":"Person","@id":"https:\/\/news.canadamotorjobs.com\/#\/schema\/person\/51793d1f87d44011d7bcc2ed99269a90","name":"Benoit Charette","image":{"@type":"ImageObject","inLanguage":"fr-CA","@id":"https:\/\/news.canadamotorjobs.com\/#\/schema\/person\/image\/","url":"https:\/\/secure.gravatar.com\/avatar\/45f3d2eebcccd909668d7ce7ea7267b6?s=96&d=mm&r=g","contentUrl":"https:\/\/secure.gravatar.com\/avatar\/45f3d2eebcccd909668d7ce7ea7267b6?s=96&d=mm&r=g","caption":"Benoit Charette"},"description":"Benoit Charette \/ Propri\u00e9taire et r\u00e9dacteur en chef Benoit Charette pratique le journalisme automobile depuis bient\u00f4t 30 ans. Il a fait ses classes au c\u00f4t\u00e9 de Daniel H\u00e9raud et au Carnet de route de 1992 \u00e0 2001. Il est fondateur, copropri\u00e9taire et r\u00e9dacteur en chef de L\u2019Annuel de l\u2019automobile, qu\u2019il publie depuis 2001. Il a anim\u00e9 les \u00e9missions RPM et RPM+ sur V et les L\u00e9gendes de la route sur Historia. \u00c0 la radio depuis 1986, il reprend l\u2019antenne cette ann\u00e9e sur les ondes de Cogeco et participe pour la deuxi\u00e8me ann\u00e9e \u00e0 l\u2019\u00e9mission Passion Auto sur RDS en plus de mettre en ligne le site Web officiel de L\u2019Annuel de l\u2019automobile sur annuelauto.ca.","sameAs":["https:\/\/annuelauto.ca\/"],"url":"https:\/\/news.canadamotorjobs.com\/fr\/author\/benoit-charette\/"}]}},"_links":{"self":[{"href":"https:\/\/news.canadamotorjobs.com\/fr\/wp-json\/wp\/v2\/posts\/40137"}],"collection":[{"href":"https:\/\/news.canadamotorjobs.com\/fr\/wp-json\/wp\/v2\/posts"}],"about":[{"href":"https:\/\/news.canadamotorjobs.com\/fr\/wp-json\/wp\/v2\/types\/post"}],"author":[{"embeddable":true,"href":"https:\/\/news.canadamotorjobs.com\/fr\/wp-json\/wp\/v2\/users\/8"}],"replies":[{"embeddable":true,"href":"https:\/\/news.canadamotorjobs.com\/fr\/wp-json\/wp\/v2\/comments?post=40137"}],"version-history":[{"count":0,"href":"https:\/\/news.canadamotorjobs.com\/fr\/wp-json\/wp\/v2\/posts\/40137\/revisions"}],"wp:featuredmedia":[{"embeddable":true,"href":"https:\/\/news.canadamotorjobs.com\/fr\/wp-json\/wp\/v2\/media\/40141"}],"wp:attachment":[{"href":"https:\/\/news.canadamotorjobs.com\/fr\/wp-json\/wp\/v2\/media?parent=40137"}],"wp:term":[{"taxonomy":"category","embeddable":true,"href":"https:\/\/news.canadamotorjobs.com\/fr\/wp-json\/wp\/v2\/categories?post=40137"},{"taxonomy":"post_tag","embeddable":true,"href":"https:\/\/news.canadamotorjobs.com\/fr\/wp-json\/wp\/v2\/tags?post=40137"}],"curies":[{"name":"wp","href":"https:\/\/api.w.org\/{rel}","templated":true}]}}