{"id":40112,"date":"2022-04-26T07:05:49","date_gmt":"2022-04-26T11:05:49","guid":{"rendered":"https:\/\/blog.canadamotorjobs.com\/lexus-prepare-un-vus-a-huit-places-baptise-tx\/"},"modified":"2022-04-26T07:14:38","modified_gmt":"2022-04-26T11:14:38","slug":"lexus-prepare-un-vus-a-huit-places-baptise-tx","status":"publish","type":"post","link":"https:\/\/news.canadamotorjobs.com\/fr\/lexus-prepare-un-vus-a-huit-places-baptise-tx\/","title":{"rendered":"Lexus pr\u00e9pare un VUS \u00e0 huit places baptis\u00e9 TX"},"content":{"rendered":"<\/p>\n<p>Il fera son entr\u00e9e sur le march\u00e9 dans environ 18 mois, offrant trois rang\u00e9es de si\u00e8ges et devenant ainsi le concurrent direct au BMW X7.<br \/> <strong>Historique<\/strong><br \/> Le Lexus RX 350L est qualifi\u00e9 de sup\u00e9rieur \u00e0 son mod\u00e8le GX, un peu moins grand, n\u2019arrivant toutefois pas \u00e0 la taille de ses comp\u00e9titeurs du circuit. Une solution calcul\u00e9e est envisag\u00e9e pour combler le gouffre de la gamme Lexus\u00a0: un VUS \u00e0 trois rang\u00e9es sur un ch\u00e2ssis monocoque pour contrer ses opposants comme le Mercedes-Benz GLS et le BMW X7. Trop longtemps, on a demand\u00e9 aux consommateurs de Lexus d&#8217;accepter les compromis du RX L, avec moins d\u2019espace de chargement ou un plus petit camion dans la gamme LX et GX. Il est maintenant l\u2019heure d\u2019avoir du nouveau.<br \/> <strong>Le fameux projet<\/strong><br \/> Automotive News rapporte qu&#8217;un nouveau v\u00e9hicule arrive pour satisfaire la demande. Le Lexus TX aurait beaucoup plus d\u2019espace pour ses occupants, faisant ses d\u00e9buts environ six mois apr\u00e8s le Toyota Grand Highlander \u00e0 trois rang\u00e9es qui est attendu pour le milieu de l\u2019ann\u00e9e 2023.<br \/> <strong>Une arriv\u00e9e attendue<\/strong><br \/> Le Grand Highlander est la pi\u00e8ce ma\u00eetresse chez les camions Toyota, le TX \u00e9tant l\u2019\u00e9quivalent de Lexus. Pour l\u2019instant, la longueur du v\u00e9hicule est encore inconnue, mais devrait ressembler au Highlander 2022 mesurant 194,9 pouces de long. Quant \u00e0 lui, le RX 350L \u00e0 deux pouces suppl\u00e9mentaires, soit 196,9.<br \/> <strong>Un investissement de taille<\/strong><br \/> Ce nouveau mod\u00e8le sera construit chez Toyota Motor Manufacturing Indiana, dans le cadre d&#8217;une cure de jouvence \u00e0 plus d\u2019un milliard de<\/p>\n","protected":false},"excerpt":{"rendered":"<p>Il fera son entr\u00e9e sur le march\u00e9 dans environ 18 mois, offrant trois rang\u00e9es de si\u00e8ges et devenant ainsi le concurrent direct au BMW X7. Historique Le Lexus RX 350L est qualifi\u00e9 de sup\u00e9rieur \u00e0 son mod\u00e8le GX, un peu moins grand, n\u2019arrivant toutefois pas \u00e0 la taille de ses comp\u00e9titeurs du circuit. Une solution [&hellip;]<\/p>\n","protected":false},"author":8,"featured_media":40116,"comment_status":"close","ping_status":"closed","sticky":false,"template":"","format":"standard","meta":{"_monsterinsights_skip_tracking":false,"_monsterinsights_sitenote_active":false,"_monsterinsights_sitenote_note":"","_monsterinsights_sitenote_category":0,"footnotes":""},"categories":[101],"tags":[],"yoast_head":"<!-- This site is optimized with the Yoast SEO plugin v23.2 - https:\/\/yoast.com\/wordpress\/plugins\/seo\/ -->\n<title>Lexus pr\u00e9pare un VUS \u00e0 huit places baptis\u00e9 TX - CanadaMotorJobs.com<\/title>\n<meta name=\"description\" content=\"Lexus pr\u00e9pare un VUS \u00e0 huit places baptis\u00e9 TX - Benoit Charette - Annuel automobile - CanadaMotorJobs.com.\" \/>\n<meta name=\"robots\" content=\"index, follow, max-snippet:-1, max-image-preview:large, max-video-preview:-1\" \/>\n<meta property=\"og:locale\" content=\"fr_CA\" \/>\n<meta property=\"og:type\" content=\"article\" \/>\n<meta property=\"og:title\" content=\"Lexus pr\u00e9pare un VUS \u00e0 huit places baptis\u00e9 TX - CanadaMotorJobs.com\" \/>\n<meta property=\"og:description\" content=\"Lexus pr\u00e9pare un VUS \u00e0 huit places baptis\u00e9 TX - Benoit Charette - Annuel automobile - CanadaMotorJobs.com.\" \/>\n<meta property=\"og:url\" content=\"https:\/\/news.canadamotorjobs.com\/fr\/lexus-prepare-un-vus-a-huit-places-baptise-tx\/\" \/>\n<meta property=\"og:site_name\" content=\"CanadaMotorJobs.com\" \/>\n<meta property=\"article:publisher\" content=\"https:\/\/www.facebook.com\/canadamotorjobs\/\" \/>\n<meta property=\"article:published_time\" content=\"2022-04-26T11:05:49+00:00\" \/>\n<meta property=\"article:modified_time\" content=\"2022-04-26T11:14:38+00:00\" \/>\n<meta property=\"og:image\" content=\"https:\/\/news.canadamotorjobs.com\/wp-content\/uploads\/2022\/04\/lexus-tx-350-and-tx-500h-3-row-suv-trademarked-148807-7-1.jpg\" \/>\n\t<meta property=\"og:image:width\" content=\"728\" \/>\n\t<meta property=\"og:image:height\" content=\"300\" \/>\n\t<meta property=\"og:image:type\" content=\"image\/jpeg\" \/>\n<meta name=\"author\" content=\"Benoit Charette\" \/>\n<meta name=\"twitter:card\" content=\"summary_large_image\" \/>\n<meta name=\"twitter:creator\" content=\"@canadamotorjobs\" \/>\n<meta name=\"twitter:site\" content=\"@canadamotorjobs\" \/>\n<meta name=\"twitter:label1\" content=\"\u00c9crit par\" \/>\n\t<meta name=\"twitter:data1\" content=\"Benoit Charette\" \/>\n\t<meta name=\"twitter:label2\" content=\"Estimation du temps de lecture\" \/>\n\t<meta name=\"twitter:data2\" content=\"1 minute\" \/>\n<!-- \/ Yoast SEO plugin. -->","yoast_head_json":{"title":"Lexus pr\u00e9pare un VUS \u00e0 huit places baptis\u00e9 TX - CanadaMotorJobs.com","description":"Lexus pr\u00e9pare un VUS \u00e0 huit places baptis\u00e9 TX - Benoit Charette - Annuel automobile - CanadaMotorJobs.com.","robots":{"index":"index","follow":"follow","max-snippet":"max-snippet:-1","max-image-preview":"max-image-preview:large","max-video-preview":"max-video-preview:-1"},"og_locale":"fr_CA","og_type":"article","og_title":"Lexus pr\u00e9pare un VUS \u00e0 huit places baptis\u00e9 TX - CanadaMotorJobs.com","og_description":"Lexus pr\u00e9pare un VUS \u00e0 huit places baptis\u00e9 TX - Benoit Charette - Annuel automobile - CanadaMotorJobs.com.","og_url":"https:\/\/news.canadamotorjobs.com\/fr\/lexus-prepare-un-vus-a-huit-places-baptise-tx\/","og_site_name":"CanadaMotorJobs.com","article_publisher":"https:\/\/www.facebook.com\/canadamotorjobs\/","article_published_time":"2022-04-26T11:05:49+00:00","article_modified_time":"2022-04-26T11:14:38+00:00","og_image":[{"width":728,"height":300,"url":"https:\/\/news.canadamotorjobs.com\/wp-content\/uploads\/2022\/04\/lexus-tx-350-and-tx-500h-3-row-suv-trademarked-148807-7-1.jpg","type":"image\/jpeg"}],"author":"Benoit Charette","twitter_card":"summary_large_image","twitter_creator":"@canadamotorjobs","twitter_site":"@canadamotorjobs","twitter_misc":{"\u00c9crit par":"Benoit Charette","Estimation du temps de lecture":"1 minute"},"schema":{"@context":"https:\/\/schema.org","@graph":[{"@type":"Article","@id":"https:\/\/news.canadamotorjobs.com\/fr\/lexus-prepare-un-vus-a-huit-places-baptise-tx\/#article","isPartOf":{"@id":"https:\/\/news.canadamotorjobs.com\/fr\/lexus-prepare-un-vus-a-huit-places-baptise-tx\/"},"author":{"name":"Benoit Charette","@id":"https:\/\/news.canadamotorjobs.com\/#\/schema\/person\/51793d1f87d44011d7bcc2ed99269a90"},"headline":"Lexus pr\u00e9pare un VUS \u00e0 huit places baptis\u00e9 TX","datePublished":"2022-04-26T11:05:49+00:00","dateModified":"2022-04-26T11:14:38+00:00","mainEntityOfPage":{"@id":"https:\/\/news.canadamotorjobs.com\/fr\/lexus-prepare-un-vus-a-huit-places-baptise-tx\/"},"wordCount":280,"publisher":{"@id":"https:\/\/news.canadamotorjobs.com\/#organization"},"image":{"@id":"https:\/\/news.canadamotorjobs.com\/fr\/lexus-prepare-un-vus-a-huit-places-baptise-tx\/#primaryimage"},"thumbnailUrl":"https:\/\/news.canadamotorjobs.com\/wp-content\/uploads\/2022\/04\/lexus-tx-350-and-tx-500h-3-row-suv-trademarked-148807-7-1.jpg","articleSection":["Annuel automobile"],"inLanguage":"fr-CA"},{"@type":"WebPage","@id":"https:\/\/news.canadamotorjobs.com\/fr\/lexus-prepare-un-vus-a-huit-places-baptise-tx\/","url":"https:\/\/news.canadamotorjobs.com\/fr\/lexus-prepare-un-vus-a-huit-places-baptise-tx\/","name":"Lexus pr\u00e9pare un VUS \u00e0 huit places baptis\u00e9 TX - CanadaMotorJobs.com","isPartOf":{"@id":"https:\/\/news.canadamotorjobs.com\/#website"},"primaryImageOfPage":{"@id":"https:\/\/news.canadamotorjobs.com\/fr\/lexus-prepare-un-vus-a-huit-places-baptise-tx\/#primaryimage"},"image":{"@id":"https:\/\/news.canadamotorjobs.com\/fr\/lexus-prepare-un-vus-a-huit-places-baptise-tx\/#primaryimage"},"thumbnailUrl":"https:\/\/news.canadamotorjobs.com\/wp-content\/uploads\/2022\/04\/lexus-tx-350-and-tx-500h-3-row-suv-trademarked-148807-7-1.jpg","datePublished":"2022-04-26T11:05:49+00:00","dateModified":"2022-04-26T11:14:38+00:00","description":"Lexus pr\u00e9pare un VUS \u00e0 huit places baptis\u00e9 TX - Benoit Charette - Annuel automobile - CanadaMotorJobs.com.","breadcrumb":{"@id":"https:\/\/news.canadamotorjobs.com\/fr\/lexus-prepare-un-vus-a-huit-places-baptise-tx\/#breadcrumb"},"inLanguage":"fr-CA","potentialAction":[{"@type":"ReadAction","target":["https:\/\/news.canadamotorjobs.com\/fr\/lexus-prepare-un-vus-a-huit-places-baptise-tx\/"]}]},{"@type":"ImageObject","inLanguage":"fr-CA","@id":"https:\/\/news.canadamotorjobs.com\/fr\/lexus-prepare-un-vus-a-huit-places-baptise-tx\/#primaryimage","url":"https:\/\/news.canadamotorjobs.com\/wp-content\/uploads\/2022\/04\/lexus-tx-350-and-tx-500h-3-row-suv-trademarked-148807-7-1.jpg","contentUrl":"https:\/\/news.canadamotorjobs.com\/wp-content\/uploads\/2022\/04\/lexus-tx-350-and-tx-500h-3-row-suv-trademarked-148807-7-1.jpg","width":728,"height":300},{"@type":"BreadcrumbList","@id":"https:\/\/news.canadamotorjobs.com\/fr\/lexus-prepare-un-vus-a-huit-places-baptise-tx\/#breadcrumb","itemListElement":[{"@type":"ListItem","position":1,"name":"Home","item":"https:\/\/news.canadamotorjobs.com\/fr\/blog\/"},{"@type":"ListItem","position":2,"name":"Lexus pr\u00e9pare un VUS \u00e0 huit places baptis\u00e9 TX"}]},{"@type":"WebSite","@id":"https:\/\/news.canadamotorjobs.com\/#website","url":"https:\/\/news.canadamotorjobs.com\/","name":"CanadaMotorJobs.com","description":"Automotive Jobs","publisher":{"@id":"https:\/\/news.canadamotorjobs.com\/#organization"},"potentialAction":[{"@type":"SearchAction","target":{"@type":"EntryPoint","urlTemplate":"https:\/\/news.canadamotorjobs.com\/?s={search_term_string}"},"query-input":"required name=search_term_string"}],"inLanguage":"fr-CA"},{"@type":"Organization","@id":"https:\/\/news.canadamotorjobs.com\/#organization","name":"Canada Motor Jobs","url":"https:\/\/news.canadamotorjobs.com\/","logo":{"@type":"ImageObject","inLanguage":"fr-CA","@id":"https:\/\/news.canadamotorjobs.com\/#\/schema\/logo\/image\/","url":"https:\/\/news.canadamotorjobs.com\/wp-content\/uploads\/2022\/10\/logo-canada-motor-jobs-1.png","contentUrl":"https:\/\/news.canadamotorjobs.com\/wp-content\/uploads\/2022\/10\/logo-canada-motor-jobs-1.png","width":800,"height":400,"caption":"Canada Motor Jobs"},"image":{"@id":"https:\/\/news.canadamotorjobs.com\/#\/schema\/logo\/image\/"},"sameAs":["https:\/\/www.facebook.com\/canadamotorjobs\/","https:\/\/x.com\/canadamotorjobs","https:\/\/www.instagram.com\/canadamotorjobs\/","https:\/\/www.linkedin.com\/company\/canadamotorjobs"]},{"@type":"Person","@id":"https:\/\/news.canadamotorjobs.com\/#\/schema\/person\/51793d1f87d44011d7bcc2ed99269a90","name":"Benoit Charette","image":{"@type":"ImageObject","inLanguage":"fr-CA","@id":"https:\/\/news.canadamotorjobs.com\/#\/schema\/person\/image\/","url":"https:\/\/secure.gravatar.com\/avatar\/45f3d2eebcccd909668d7ce7ea7267b6?s=96&d=mm&r=g","contentUrl":"https:\/\/secure.gravatar.com\/avatar\/45f3d2eebcccd909668d7ce7ea7267b6?s=96&d=mm&r=g","caption":"Benoit Charette"},"description":"Benoit Charette \/ Propri\u00e9taire et r\u00e9dacteur en chef Benoit Charette pratique le journalisme automobile depuis bient\u00f4t 30 ans. Il a fait ses classes au c\u00f4t\u00e9 de Daniel H\u00e9raud et au Carnet de route de 1992 \u00e0 2001. Il est fondateur, copropri\u00e9taire et r\u00e9dacteur en chef de L\u2019Annuel de l\u2019automobile, qu\u2019il publie depuis 2001. Il a anim\u00e9 les \u00e9missions RPM et RPM+ sur V et les L\u00e9gendes de la route sur Historia. \u00c0 la radio depuis 1986, il reprend l\u2019antenne cette ann\u00e9e sur les ondes de Cogeco et participe pour la deuxi\u00e8me ann\u00e9e \u00e0 l\u2019\u00e9mission Passion Auto sur RDS en plus de mettre en ligne le site Web officiel de L\u2019Annuel de l\u2019automobile sur annuelauto.ca.","sameAs":["https:\/\/annuelauto.ca\/"],"url":"https:\/\/news.canadamotorjobs.com\/fr\/author\/benoit-charette\/"}]}},"_links":{"self":[{"href":"https:\/\/news.canadamotorjobs.com\/fr\/wp-json\/wp\/v2\/posts\/40112"}],"collection":[{"href":"https:\/\/news.canadamotorjobs.com\/fr\/wp-json\/wp\/v2\/posts"}],"about":[{"href":"https:\/\/news.canadamotorjobs.com\/fr\/wp-json\/wp\/v2\/types\/post"}],"author":[{"embeddable":true,"href":"https:\/\/news.canadamotorjobs.com\/fr\/wp-json\/wp\/v2\/users\/8"}],"replies":[{"embeddable":true,"href":"https:\/\/news.canadamotorjobs.com\/fr\/wp-json\/wp\/v2\/comments?post=40112"}],"version-history":[{"count":0,"href":"https:\/\/news.canadamotorjobs.com\/fr\/wp-json\/wp\/v2\/posts\/40112\/revisions"}],"wp:featuredmedia":[{"embeddable":true,"href":"https:\/\/news.canadamotorjobs.com\/fr\/wp-json\/wp\/v2\/media\/40116"}],"wp:attachment":[{"href":"https:\/\/news.canadamotorjobs.com\/fr\/wp-json\/wp\/v2\/media?parent=40112"}],"wp:term":[{"taxonomy":"category","embeddable":true,"href":"https:\/\/news.canadamotorjobs.com\/fr\/wp-json\/wp\/v2\/categories?post=40112"},{"taxonomy":"post_tag","embeddable":true,"href":"https:\/\/news.canadamotorjobs.com\/fr\/wp-json\/wp\/v2\/tags?post=40112"}],"curies":[{"name":"wp","href":"https:\/\/api.w.org\/{rel}","templated":true}]}}