{"id":40067,"date":"2022-04-25T07:05:57","date_gmt":"2022-04-25T11:05:57","guid":{"rendered":"https:\/\/blog.canadamotorjobs.com\/le-pdg-de-rivian-pense-que-la-chaine-dapprovisionnement-des-batteries-sera-la-prochaine-catastrophe\/"},"modified":"2022-04-25T07:15:11","modified_gmt":"2022-04-25T11:15:11","slug":"le-pdg-de-rivian-pense-que-la-chaine-dapprovisionnement-des-batteries-sera-la-prochaine-catastrophe","status":"publish","type":"post","link":"https:\/\/news.canadamotorjobs.com\/fr\/le-pdg-de-rivian-pense-que-la-chaine-dapprovisionnement-des-batteries-sera-la-prochaine-catastrophe\/","title":{"rendered":"Le PDG de Rivian pense que la cha\u00eene d\u2019approvisionnement des batteries sera la prochaine catastrophe."},"content":{"rendered":"<\/p>\n<p>Alors qu\u2019un bon nombre de dirigeants croient que la p\u00e9nurie de puces \u00e9lectroniques prend lentement un peu de mieux et que le plus gros de la crise sera derri\u00e8re nous en 2023, le PDG de Rivian, R.J. Scaringe, nous annonce que le probl\u00e8me sera ailleurs. Dans une interview accord\u00e9e au Wall Street Journal, le patron de Rivian a d\u00e9clar\u00e9 : \u00ab\u00a0Les semi-conducteurs ne sont qu&#8217;une petite mise en bouche par rapport \u00e0 ce que nous allons ressentir sur les cellules de batterie au cours des deux prochaines d\u00e9cennies.\u00a0\u00bb<br \/> De long d\u00e9lai \u00e0 pr\u00e9voir<br \/> Scaringe pense que le d\u00e9lai serr\u00e9 pour transformer des millions de v\u00e9hicules \u00e0 combustion interne en mod\u00e8le \u00e9lectrique va mettre en \u00e9vidence le manque de pr\u00e9paration de l&#8217;ensemble de la cha\u00eene d&#8217;approvisionnement des batteries, de l&#8217;extraction mini\u00e8re \u00e0 la production des groupes de batteries. \u00c0 l&#8217;heure actuelle, \u00ab\u00a090 \u00e0 95\u00a0% de la cha\u00eene d&#8217;approvisionnement n&#8217;existe pas\u00a0\u00bb pour atteindre les objectifs que les gouvernements et les \u00e9quipementiers se sont fix\u00e9s pour la d\u00e9cennie \u00e0 venir. L&#8217;ann\u00e9e derni\u00e8re, aux \u00c9tats-Unis, 5\u00a0% des ventes totales de v\u00e9hicules \u00e9taient des hybrides et 3\u00a0% des V\u00c9, deux chiffres records. Pour atteindre ces pourcentages, la demande de batteries lithium-ion a augment\u00e9 en moyenne de 37\u00a0% chaque ann\u00e9e depuis 2015, le Journal affirmant que cette ann\u00e9e verra un bond de 50\u00a0%.<br \/> Personne n\u2019est pr\u00eat<br \/> Aucune partie de l&#8217;industrie des batteries ne peut soutenir cela, et nous ne sommes pas s\u00fbrs que la Terre le puisse non plus. Le lithium est en train de gagner<\/p>\n","protected":false},"excerpt":{"rendered":"<p>Alors qu\u2019un bon nombre de dirigeants croient que la p\u00e9nurie de puces \u00e9lectroniques prend lentement un peu de mieux et que le plus gros de la crise sera derri\u00e8re nous en 2023, le PDG de Rivian, R.J. Scaringe, nous annonce que le probl\u00e8me sera ailleurs. Dans une interview accord\u00e9e au Wall Street Journal, le patron [&hellip;]<\/p>\n","protected":false},"author":8,"featured_media":40071,"comment_status":"close","ping_status":"closed","sticky":false,"template":"","format":"standard","meta":{"_monsterinsights_skip_tracking":false,"_monsterinsights_sitenote_active":false,"_monsterinsights_sitenote_note":"","_monsterinsights_sitenote_category":0,"footnotes":""},"categories":[101],"tags":[],"yoast_head":"<!-- This site is optimized with the Yoast SEO plugin v23.2 - https:\/\/yoast.com\/wordpress\/plugins\/seo\/ -->\n<title>Le PDG de Rivian pense que la cha\u00eene d\u2019approvisionnement des batteries sera la prochaine catastrophe. - CanadaMotorJobs.com<\/title>\n<meta name=\"description\" content=\"Le PDG de Rivian pense que la cha\u00eene d\u2019approvisionnement des batteries sera la prochaine catastrophe. - Benoit Charette - Annuel automobile - CanadaMotorJobs.com.\" \/>\n<meta name=\"robots\" content=\"index, follow, max-snippet:-1, max-image-preview:large, max-video-preview:-1\" \/>\n<meta property=\"og:locale\" content=\"fr_CA\" \/>\n<meta property=\"og:type\" content=\"article\" \/>\n<meta property=\"og:title\" content=\"Le PDG de Rivian pense que la cha\u00eene d\u2019approvisionnement des batteries sera la prochaine catastrophe. - CanadaMotorJobs.com\" \/>\n<meta property=\"og:description\" content=\"Le PDG de Rivian pense que la cha\u00eene d\u2019approvisionnement des batteries sera la prochaine catastrophe. - Benoit Charette - Annuel automobile - CanadaMotorJobs.com.\" \/>\n<meta property=\"og:url\" content=\"https:\/\/news.canadamotorjobs.com\/fr\/le-pdg-de-rivian-pense-que-la-chaine-dapprovisionnement-des-batteries-sera-la-prochaine-catastrophe\/\" \/>\n<meta property=\"og:site_name\" content=\"CanadaMotorJobs.com\" \/>\n<meta property=\"article:publisher\" content=\"https:\/\/www.facebook.com\/canadamotorjobs\/\" \/>\n<meta property=\"article:published_time\" content=\"2022-04-25T11:05:57+00:00\" \/>\n<meta property=\"article:modified_time\" content=\"2022-04-25T11:15:11+00:00\" \/>\n<meta property=\"og:image\" content=\"https:\/\/news.canadamotorjobs.com\/wp-content\/uploads\/2022\/04\/RJ-Scaringe-Wide-1.jpg\" \/>\n\t<meta property=\"og:image:width\" content=\"1280\" \/>\n\t<meta property=\"og:image:height\" content=\"720\" \/>\n\t<meta property=\"og:image:type\" content=\"image\/jpeg\" \/>\n<meta name=\"author\" content=\"Benoit Charette\" \/>\n<meta name=\"twitter:card\" content=\"summary_large_image\" \/>\n<meta name=\"twitter:creator\" content=\"@canadamotorjobs\" \/>\n<meta name=\"twitter:site\" content=\"@canadamotorjobs\" \/>\n<meta name=\"twitter:label1\" content=\"\u00c9crit par\" \/>\n\t<meta name=\"twitter:data1\" content=\"Benoit Charette\" \/>\n\t<meta name=\"twitter:label2\" content=\"Estimation du temps de lecture\" \/>\n\t<meta name=\"twitter:data2\" content=\"1 minute\" \/>\n<!-- \/ Yoast SEO plugin. -->","yoast_head_json":{"title":"Le PDG de Rivian pense que la cha\u00eene d\u2019approvisionnement des batteries sera la prochaine catastrophe. - CanadaMotorJobs.com","description":"Le PDG de Rivian pense que la cha\u00eene d\u2019approvisionnement des batteries sera la prochaine catastrophe. - Benoit Charette - Annuel automobile - CanadaMotorJobs.com.","robots":{"index":"index","follow":"follow","max-snippet":"max-snippet:-1","max-image-preview":"max-image-preview:large","max-video-preview":"max-video-preview:-1"},"og_locale":"fr_CA","og_type":"article","og_title":"Le PDG de Rivian pense que la cha\u00eene d\u2019approvisionnement des batteries sera la prochaine catastrophe. - CanadaMotorJobs.com","og_description":"Le PDG de Rivian pense que la cha\u00eene d\u2019approvisionnement des batteries sera la prochaine catastrophe. - Benoit Charette - Annuel automobile - CanadaMotorJobs.com.","og_url":"https:\/\/news.canadamotorjobs.com\/fr\/le-pdg-de-rivian-pense-que-la-chaine-dapprovisionnement-des-batteries-sera-la-prochaine-catastrophe\/","og_site_name":"CanadaMotorJobs.com","article_publisher":"https:\/\/www.facebook.com\/canadamotorjobs\/","article_published_time":"2022-04-25T11:05:57+00:00","article_modified_time":"2022-04-25T11:15:11+00:00","og_image":[{"width":1280,"height":720,"url":"https:\/\/news.canadamotorjobs.com\/wp-content\/uploads\/2022\/04\/RJ-Scaringe-Wide-1.jpg","type":"image\/jpeg"}],"author":"Benoit Charette","twitter_card":"summary_large_image","twitter_creator":"@canadamotorjobs","twitter_site":"@canadamotorjobs","twitter_misc":{"\u00c9crit par":"Benoit Charette","Estimation du temps de lecture":"1 minute"},"schema":{"@context":"https:\/\/schema.org","@graph":[{"@type":"Article","@id":"https:\/\/news.canadamotorjobs.com\/fr\/le-pdg-de-rivian-pense-que-la-chaine-dapprovisionnement-des-batteries-sera-la-prochaine-catastrophe\/#article","isPartOf":{"@id":"https:\/\/news.canadamotorjobs.com\/fr\/le-pdg-de-rivian-pense-que-la-chaine-dapprovisionnement-des-batteries-sera-la-prochaine-catastrophe\/"},"author":{"name":"Benoit Charette","@id":"https:\/\/news.canadamotorjobs.com\/#\/schema\/person\/51793d1f87d44011d7bcc2ed99269a90"},"headline":"Le PDG de Rivian pense que la cha\u00eene d\u2019approvisionnement des batteries sera la prochaine catastrophe.","datePublished":"2022-04-25T11:05:57+00:00","dateModified":"2022-04-25T11:15:11+00:00","mainEntityOfPage":{"@id":"https:\/\/news.canadamotorjobs.com\/fr\/le-pdg-de-rivian-pense-que-la-chaine-dapprovisionnement-des-batteries-sera-la-prochaine-catastrophe\/"},"wordCount":287,"publisher":{"@id":"https:\/\/news.canadamotorjobs.com\/#organization"},"image":{"@id":"https:\/\/news.canadamotorjobs.com\/fr\/le-pdg-de-rivian-pense-que-la-chaine-dapprovisionnement-des-batteries-sera-la-prochaine-catastrophe\/#primaryimage"},"thumbnailUrl":"https:\/\/news.canadamotorjobs.com\/wp-content\/uploads\/2022\/04\/RJ-Scaringe-Wide-1.jpg","articleSection":["Annuel automobile"],"inLanguage":"fr-CA"},{"@type":"WebPage","@id":"https:\/\/news.canadamotorjobs.com\/fr\/le-pdg-de-rivian-pense-que-la-chaine-dapprovisionnement-des-batteries-sera-la-prochaine-catastrophe\/","url":"https:\/\/news.canadamotorjobs.com\/fr\/le-pdg-de-rivian-pense-que-la-chaine-dapprovisionnement-des-batteries-sera-la-prochaine-catastrophe\/","name":"Le PDG de Rivian pense que la cha\u00eene d\u2019approvisionnement des batteries sera la prochaine catastrophe. - CanadaMotorJobs.com","isPartOf":{"@id":"https:\/\/news.canadamotorjobs.com\/#website"},"primaryImageOfPage":{"@id":"https:\/\/news.canadamotorjobs.com\/fr\/le-pdg-de-rivian-pense-que-la-chaine-dapprovisionnement-des-batteries-sera-la-prochaine-catastrophe\/#primaryimage"},"image":{"@id":"https:\/\/news.canadamotorjobs.com\/fr\/le-pdg-de-rivian-pense-que-la-chaine-dapprovisionnement-des-batteries-sera-la-prochaine-catastrophe\/#primaryimage"},"thumbnailUrl":"https:\/\/news.canadamotorjobs.com\/wp-content\/uploads\/2022\/04\/RJ-Scaringe-Wide-1.jpg","datePublished":"2022-04-25T11:05:57+00:00","dateModified":"2022-04-25T11:15:11+00:00","description":"Le PDG de Rivian pense que la cha\u00eene d\u2019approvisionnement des batteries sera la prochaine catastrophe. - Benoit Charette - Annuel automobile - CanadaMotorJobs.com.","breadcrumb":{"@id":"https:\/\/news.canadamotorjobs.com\/fr\/le-pdg-de-rivian-pense-que-la-chaine-dapprovisionnement-des-batteries-sera-la-prochaine-catastrophe\/#breadcrumb"},"inLanguage":"fr-CA","potentialAction":[{"@type":"ReadAction","target":["https:\/\/news.canadamotorjobs.com\/fr\/le-pdg-de-rivian-pense-que-la-chaine-dapprovisionnement-des-batteries-sera-la-prochaine-catastrophe\/"]}]},{"@type":"ImageObject","inLanguage":"fr-CA","@id":"https:\/\/news.canadamotorjobs.com\/fr\/le-pdg-de-rivian-pense-que-la-chaine-dapprovisionnement-des-batteries-sera-la-prochaine-catastrophe\/#primaryimage","url":"https:\/\/news.canadamotorjobs.com\/wp-content\/uploads\/2022\/04\/RJ-Scaringe-Wide-1.jpg","contentUrl":"https:\/\/news.canadamotorjobs.com\/wp-content\/uploads\/2022\/04\/RJ-Scaringe-Wide-1.jpg","width":1280,"height":720},{"@type":"BreadcrumbList","@id":"https:\/\/news.canadamotorjobs.com\/fr\/le-pdg-de-rivian-pense-que-la-chaine-dapprovisionnement-des-batteries-sera-la-prochaine-catastrophe\/#breadcrumb","itemListElement":[{"@type":"ListItem","position":1,"name":"Home","item":"https:\/\/news.canadamotorjobs.com\/fr\/blog\/"},{"@type":"ListItem","position":2,"name":"Le PDG de Rivian pense que la cha\u00eene d\u2019approvisionnement des batteries sera la prochaine catastrophe."}]},{"@type":"WebSite","@id":"https:\/\/news.canadamotorjobs.com\/#website","url":"https:\/\/news.canadamotorjobs.com\/","name":"CanadaMotorJobs.com","description":"Automotive Jobs","publisher":{"@id":"https:\/\/news.canadamotorjobs.com\/#organization"},"potentialAction":[{"@type":"SearchAction","target":{"@type":"EntryPoint","urlTemplate":"https:\/\/news.canadamotorjobs.com\/?s={search_term_string}"},"query-input":"required name=search_term_string"}],"inLanguage":"fr-CA"},{"@type":"Organization","@id":"https:\/\/news.canadamotorjobs.com\/#organization","name":"Canada Motor Jobs","url":"https:\/\/news.canadamotorjobs.com\/","logo":{"@type":"ImageObject","inLanguage":"fr-CA","@id":"https:\/\/news.canadamotorjobs.com\/#\/schema\/logo\/image\/","url":"https:\/\/news.canadamotorjobs.com\/wp-content\/uploads\/2022\/10\/logo-canada-motor-jobs-1.png","contentUrl":"https:\/\/news.canadamotorjobs.com\/wp-content\/uploads\/2022\/10\/logo-canada-motor-jobs-1.png","width":800,"height":400,"caption":"Canada Motor Jobs"},"image":{"@id":"https:\/\/news.canadamotorjobs.com\/#\/schema\/logo\/image\/"},"sameAs":["https:\/\/www.facebook.com\/canadamotorjobs\/","https:\/\/x.com\/canadamotorjobs","https:\/\/www.instagram.com\/canadamotorjobs\/","https:\/\/www.linkedin.com\/company\/canadamotorjobs"]},{"@type":"Person","@id":"https:\/\/news.canadamotorjobs.com\/#\/schema\/person\/51793d1f87d44011d7bcc2ed99269a90","name":"Benoit Charette","image":{"@type":"ImageObject","inLanguage":"fr-CA","@id":"https:\/\/news.canadamotorjobs.com\/#\/schema\/person\/image\/","url":"https:\/\/secure.gravatar.com\/avatar\/45f3d2eebcccd909668d7ce7ea7267b6?s=96&d=mm&r=g","contentUrl":"https:\/\/secure.gravatar.com\/avatar\/45f3d2eebcccd909668d7ce7ea7267b6?s=96&d=mm&r=g","caption":"Benoit Charette"},"description":"Benoit Charette \/ Propri\u00e9taire et r\u00e9dacteur en chef Benoit Charette pratique le journalisme automobile depuis bient\u00f4t 30 ans. Il a fait ses classes au c\u00f4t\u00e9 de Daniel H\u00e9raud et au Carnet de route de 1992 \u00e0 2001. Il est fondateur, copropri\u00e9taire et r\u00e9dacteur en chef de L\u2019Annuel de l\u2019automobile, qu\u2019il publie depuis 2001. Il a anim\u00e9 les \u00e9missions RPM et RPM+ sur V et les L\u00e9gendes de la route sur Historia. \u00c0 la radio depuis 1986, il reprend l\u2019antenne cette ann\u00e9e sur les ondes de Cogeco et participe pour la deuxi\u00e8me ann\u00e9e \u00e0 l\u2019\u00e9mission Passion Auto sur RDS en plus de mettre en ligne le site Web officiel de L\u2019Annuel de l\u2019automobile sur annuelauto.ca.","sameAs":["https:\/\/annuelauto.ca\/"],"url":"https:\/\/news.canadamotorjobs.com\/fr\/author\/benoit-charette\/"}]}},"_links":{"self":[{"href":"https:\/\/news.canadamotorjobs.com\/fr\/wp-json\/wp\/v2\/posts\/40067"}],"collection":[{"href":"https:\/\/news.canadamotorjobs.com\/fr\/wp-json\/wp\/v2\/posts"}],"about":[{"href":"https:\/\/news.canadamotorjobs.com\/fr\/wp-json\/wp\/v2\/types\/post"}],"author":[{"embeddable":true,"href":"https:\/\/news.canadamotorjobs.com\/fr\/wp-json\/wp\/v2\/users\/8"}],"replies":[{"embeddable":true,"href":"https:\/\/news.canadamotorjobs.com\/fr\/wp-json\/wp\/v2\/comments?post=40067"}],"version-history":[{"count":0,"href":"https:\/\/news.canadamotorjobs.com\/fr\/wp-json\/wp\/v2\/posts\/40067\/revisions"}],"wp:featuredmedia":[{"embeddable":true,"href":"https:\/\/news.canadamotorjobs.com\/fr\/wp-json\/wp\/v2\/media\/40071"}],"wp:attachment":[{"href":"https:\/\/news.canadamotorjobs.com\/fr\/wp-json\/wp\/v2\/media?parent=40067"}],"wp:term":[{"taxonomy":"category","embeddable":true,"href":"https:\/\/news.canadamotorjobs.com\/fr\/wp-json\/wp\/v2\/categories?post=40067"},{"taxonomy":"post_tag","embeddable":true,"href":"https:\/\/news.canadamotorjobs.com\/fr\/wp-json\/wp\/v2\/tags?post=40067"}],"curies":[{"name":"wp","href":"https:\/\/api.w.org\/{rel}","templated":true}]}}