{"id":40052,"date":"2022-04-24T08:01:17","date_gmt":"2022-04-24T12:01:17","guid":{"rendered":"https:\/\/blog.canadamotorjobs.com\/chevrolet-na-plus-de-batteries-de-remplacement-pour-la-spark-electrique\/"},"modified":"2022-04-24T13:25:36","modified_gmt":"2022-04-24T17:25:36","slug":"chevrolet-na-plus-de-batteries-de-remplacement-pour-la-spark-electrique","status":"publish","type":"post","link":"https:\/\/news.canadamotorjobs.com\/fr\/chevrolet-na-plus-de-batteries-de-remplacement-pour-la-spark-electrique\/","title":{"rendered":"Chevrolet n\u2019a plus de batteries de remplacement pour la Spark \u00e9lectrique"},"content":{"rendered":"<p>La Spark EV a \u00e9t\u00e9 vendue de 2013 \u00e0 2017 (avec environ 7 400 ventes durant cette p\u00e9riode). Ces v\u00e9hicules commencent donc \u00e0 prendre de l&#8217;\u00e2ge et pourraient bient\u00f4t avoir besoin de batteries de rechange pour rester sur la route. Mais, il y a un hic, il n\u2019y aura pas de batterie de remplacement.<\/p>\n<h3>Fin de parcours<\/h3>\n<p>Avec seulement 21,4\u00a0kWh de capacit\u00e9 totale et 18,4\u00a0kWh de capacit\u00e9 utilisable, la Spark EV offrait 131\u00a0km sur une charge, mais apr\u00e8s quatre ou cinq ans de possession, certains conducteurs ont remarqu\u00e9 une perte de capacit\u00e9 et d&#8217;autonomie, ceci malgr\u00e9 le fait que la Spark EV dispose d&#8217;un refroidissement liquide pour contr\u00f4ler les temp\u00e9ratures de la batterie.<\/p>\n<h3>Changement de fournisseur en 2014<\/h3>\n<p>En mai 2014, GM a supprim\u00e9 le fabricant chinois de batteries A123 comme fournisseur et a commenc\u00e9 \u00e0 fabriquer la batterie en interne, avec l&#8217;aide d&#8217;un nouveau partenaire, LG Chem. Cette nouvelle batterie avait une capacit\u00e9 de 19\u00a0kWh, et elle \u00e9tait \u00e9galement plus l\u00e9g\u00e8re de 39\u00a0kg que le groupe qu&#8217;elle rempla\u00e7ait.<\/p>\n<h3>Plus de batteries depuis le 7 avril<\/h3>\n<p>C&#8217;est cette batterie que GM a produite et avait en stock jusqu&#8217;au 7 avril, date \u00e0 laquelle la pi\u00e8ce est devenue indisponible. EV Resource dit avoir confirm\u00e9 \u00e0 GM que la soci\u00e9t\u00e9 a officiellement cess\u00e9 de proposer la batterie de remplacement, ce qui laisse les propri\u00e9taires de Spark EV dans une situation assez d\u00e9licate.<\/p>\n<h3>Une fin programm\u00e9e<\/h3>\n<p>En raison du faible nombre de v\u00e9hicules fabriqu\u00e9s&#8230;<\/p>\n","protected":false},"excerpt":{"rendered":"<p>La Spark EV a \u00e9t\u00e9 vendue de 2013 \u00e0 2017 (avec environ 7 400 ventes durant cette p\u00e9riode). Ces v\u00e9hicules commencent donc \u00e0 prendre de l&#8217;\u00e2ge et pourraient bient\u00f4t avoir besoin de batteries de rechange pour rester sur la route. Mais, il y a un hic, il n\u2019y aura pas de batterie de remplacement. Fin [&hellip;]<\/p>\n","protected":false},"author":8,"featured_media":40056,"comment_status":"close","ping_status":"closed","sticky":false,"template":"","format":"standard","meta":{"_monsterinsights_skip_tracking":false,"_monsterinsights_sitenote_active":false,"_monsterinsights_sitenote_note":"","_monsterinsights_sitenote_category":0,"footnotes":""},"categories":[101],"tags":[],"yoast_head":"<!-- This site is optimized with the Yoast SEO plugin v23.2 - https:\/\/yoast.com\/wordpress\/plugins\/seo\/ -->\n<title>Chevrolet n\u2019a plus de batteries de remplacement pour la Spark \u00e9lectrique - CanadaMotorJobs.com<\/title>\n<meta name=\"description\" content=\"Chevrolet n\u2019a plus de batteries de remplacement pour la Spark \u00e9lectrique - Benoit Charette - Annuel automobile - CanadaMotorJobs.com.\" \/>\n<meta name=\"robots\" content=\"index, follow, max-snippet:-1, max-image-preview:large, max-video-preview:-1\" \/>\n<meta property=\"og:locale\" content=\"fr_CA\" \/>\n<meta property=\"og:type\" content=\"article\" \/>\n<meta property=\"og:title\" content=\"Chevrolet n\u2019a plus de batteries de remplacement pour la Spark \u00e9lectrique - CanadaMotorJobs.com\" \/>\n<meta property=\"og:description\" content=\"Chevrolet n\u2019a plus de batteries de remplacement pour la Spark \u00e9lectrique - Benoit Charette - Annuel automobile - CanadaMotorJobs.com.\" \/>\n<meta property=\"og:url\" content=\"https:\/\/news.canadamotorjobs.com\/fr\/chevrolet-na-plus-de-batteries-de-remplacement-pour-la-spark-electrique\/\" \/>\n<meta property=\"og:site_name\" content=\"CanadaMotorJobs.com\" \/>\n<meta property=\"article:publisher\" content=\"https:\/\/www.facebook.com\/canadamotorjobs\/\" \/>\n<meta property=\"article:published_time\" content=\"2022-04-24T12:01:17+00:00\" \/>\n<meta property=\"article:modified_time\" content=\"2022-04-24T17:25:36+00:00\" \/>\n<meta property=\"og:image\" content=\"https:\/\/news.canadamotorjobs.com\/wp-content\/uploads\/2022\/04\/2014-chevrolet-spark-ev_100433789_h-1-1.jpg\" \/>\n\t<meta property=\"og:image:width\" content=\"1201\" \/>\n\t<meta property=\"og:image:height\" content=\"800\" \/>\n\t<meta property=\"og:image:type\" content=\"image\/jpeg\" \/>\n<meta name=\"author\" content=\"Benoit Charette\" \/>\n<meta name=\"twitter:card\" content=\"summary_large_image\" \/>\n<meta name=\"twitter:creator\" content=\"@canadamotorjobs\" \/>\n<meta name=\"twitter:site\" content=\"@canadamotorjobs\" \/>\n<meta name=\"twitter:label1\" content=\"\u00c9crit par\" \/>\n\t<meta name=\"twitter:data1\" content=\"Benoit Charette\" \/>\n\t<meta name=\"twitter:label2\" content=\"Estimation du temps de lecture\" \/>\n\t<meta name=\"twitter:data2\" content=\"2 minutes\" \/>\n<!-- \/ Yoast SEO plugin. -->","yoast_head_json":{"title":"Chevrolet n\u2019a plus de batteries de remplacement pour la Spark \u00e9lectrique - CanadaMotorJobs.com","description":"Chevrolet n\u2019a plus de batteries de remplacement pour la Spark \u00e9lectrique - Benoit Charette - Annuel automobile - CanadaMotorJobs.com.","robots":{"index":"index","follow":"follow","max-snippet":"max-snippet:-1","max-image-preview":"max-image-preview:large","max-video-preview":"max-video-preview:-1"},"og_locale":"fr_CA","og_type":"article","og_title":"Chevrolet n\u2019a plus de batteries de remplacement pour la Spark \u00e9lectrique - CanadaMotorJobs.com","og_description":"Chevrolet n\u2019a plus de batteries de remplacement pour la Spark \u00e9lectrique - Benoit Charette - Annuel automobile - CanadaMotorJobs.com.","og_url":"https:\/\/news.canadamotorjobs.com\/fr\/chevrolet-na-plus-de-batteries-de-remplacement-pour-la-spark-electrique\/","og_site_name":"CanadaMotorJobs.com","article_publisher":"https:\/\/www.facebook.com\/canadamotorjobs\/","article_published_time":"2022-04-24T12:01:17+00:00","article_modified_time":"2022-04-24T17:25:36+00:00","og_image":[{"width":1201,"height":800,"url":"https:\/\/news.canadamotorjobs.com\/wp-content\/uploads\/2022\/04\/2014-chevrolet-spark-ev_100433789_h-1-1.jpg","type":"image\/jpeg"}],"author":"Benoit Charette","twitter_card":"summary_large_image","twitter_creator":"@canadamotorjobs","twitter_site":"@canadamotorjobs","twitter_misc":{"\u00c9crit par":"Benoit Charette","Estimation du temps de lecture":"2 minutes"},"schema":{"@context":"https:\/\/schema.org","@graph":[{"@type":"Article","@id":"https:\/\/news.canadamotorjobs.com\/fr\/chevrolet-na-plus-de-batteries-de-remplacement-pour-la-spark-electrique\/#article","isPartOf":{"@id":"https:\/\/news.canadamotorjobs.com\/fr\/chevrolet-na-plus-de-batteries-de-remplacement-pour-la-spark-electrique\/"},"author":{"name":"Benoit Charette","@id":"https:\/\/news.canadamotorjobs.com\/#\/schema\/person\/51793d1f87d44011d7bcc2ed99269a90"},"headline":"Chevrolet n\u2019a plus de batteries de remplacement pour la Spark \u00e9lectrique","datePublished":"2022-04-24T12:01:17+00:00","dateModified":"2022-04-24T17:25:36+00:00","mainEntityOfPage":{"@id":"https:\/\/news.canadamotorjobs.com\/fr\/chevrolet-na-plus-de-batteries-de-remplacement-pour-la-spark-electrique\/"},"wordCount":265,"publisher":{"@id":"https:\/\/news.canadamotorjobs.com\/#organization"},"image":{"@id":"https:\/\/news.canadamotorjobs.com\/fr\/chevrolet-na-plus-de-batteries-de-remplacement-pour-la-spark-electrique\/#primaryimage"},"thumbnailUrl":"https:\/\/news.canadamotorjobs.com\/wp-content\/uploads\/2022\/04\/2014-chevrolet-spark-ev_100433789_h-1-1.jpg","articleSection":["Annuel automobile"],"inLanguage":"fr-CA"},{"@type":"WebPage","@id":"https:\/\/news.canadamotorjobs.com\/fr\/chevrolet-na-plus-de-batteries-de-remplacement-pour-la-spark-electrique\/","url":"https:\/\/news.canadamotorjobs.com\/fr\/chevrolet-na-plus-de-batteries-de-remplacement-pour-la-spark-electrique\/","name":"Chevrolet n\u2019a plus de batteries de remplacement pour la Spark \u00e9lectrique - CanadaMotorJobs.com","isPartOf":{"@id":"https:\/\/news.canadamotorjobs.com\/#website"},"primaryImageOfPage":{"@id":"https:\/\/news.canadamotorjobs.com\/fr\/chevrolet-na-plus-de-batteries-de-remplacement-pour-la-spark-electrique\/#primaryimage"},"image":{"@id":"https:\/\/news.canadamotorjobs.com\/fr\/chevrolet-na-plus-de-batteries-de-remplacement-pour-la-spark-electrique\/#primaryimage"},"thumbnailUrl":"https:\/\/news.canadamotorjobs.com\/wp-content\/uploads\/2022\/04\/2014-chevrolet-spark-ev_100433789_h-1-1.jpg","datePublished":"2022-04-24T12:01:17+00:00","dateModified":"2022-04-24T17:25:36+00:00","description":"Chevrolet n\u2019a plus de batteries de remplacement pour la Spark \u00e9lectrique - Benoit Charette - Annuel automobile - CanadaMotorJobs.com.","breadcrumb":{"@id":"https:\/\/news.canadamotorjobs.com\/fr\/chevrolet-na-plus-de-batteries-de-remplacement-pour-la-spark-electrique\/#breadcrumb"},"inLanguage":"fr-CA","potentialAction":[{"@type":"ReadAction","target":["https:\/\/news.canadamotorjobs.com\/fr\/chevrolet-na-plus-de-batteries-de-remplacement-pour-la-spark-electrique\/"]}]},{"@type":"ImageObject","inLanguage":"fr-CA","@id":"https:\/\/news.canadamotorjobs.com\/fr\/chevrolet-na-plus-de-batteries-de-remplacement-pour-la-spark-electrique\/#primaryimage","url":"https:\/\/news.canadamotorjobs.com\/wp-content\/uploads\/2022\/04\/2014-chevrolet-spark-ev_100433789_h-1-1.jpg","contentUrl":"https:\/\/news.canadamotorjobs.com\/wp-content\/uploads\/2022\/04\/2014-chevrolet-spark-ev_100433789_h-1-1.jpg","width":1201,"height":800},{"@type":"BreadcrumbList","@id":"https:\/\/news.canadamotorjobs.com\/fr\/chevrolet-na-plus-de-batteries-de-remplacement-pour-la-spark-electrique\/#breadcrumb","itemListElement":[{"@type":"ListItem","position":1,"name":"Home","item":"https:\/\/news.canadamotorjobs.com\/fr\/blog\/"},{"@type":"ListItem","position":2,"name":"Chevrolet n\u2019a plus de batteries de remplacement pour la Spark \u00e9lectrique"}]},{"@type":"WebSite","@id":"https:\/\/news.canadamotorjobs.com\/#website","url":"https:\/\/news.canadamotorjobs.com\/","name":"CanadaMotorJobs.com","description":"Automotive Jobs","publisher":{"@id":"https:\/\/news.canadamotorjobs.com\/#organization"},"potentialAction":[{"@type":"SearchAction","target":{"@type":"EntryPoint","urlTemplate":"https:\/\/news.canadamotorjobs.com\/?s={search_term_string}"},"query-input":"required name=search_term_string"}],"inLanguage":"fr-CA"},{"@type":"Organization","@id":"https:\/\/news.canadamotorjobs.com\/#organization","name":"Canada Motor Jobs","url":"https:\/\/news.canadamotorjobs.com\/","logo":{"@type":"ImageObject","inLanguage":"fr-CA","@id":"https:\/\/news.canadamotorjobs.com\/#\/schema\/logo\/image\/","url":"https:\/\/news.canadamotorjobs.com\/wp-content\/uploads\/2022\/10\/logo-canada-motor-jobs-1.png","contentUrl":"https:\/\/news.canadamotorjobs.com\/wp-content\/uploads\/2022\/10\/logo-canada-motor-jobs-1.png","width":800,"height":400,"caption":"Canada Motor Jobs"},"image":{"@id":"https:\/\/news.canadamotorjobs.com\/#\/schema\/logo\/image\/"},"sameAs":["https:\/\/www.facebook.com\/canadamotorjobs\/","https:\/\/x.com\/canadamotorjobs","https:\/\/www.instagram.com\/canadamotorjobs\/","https:\/\/www.linkedin.com\/company\/canadamotorjobs"]},{"@type":"Person","@id":"https:\/\/news.canadamotorjobs.com\/#\/schema\/person\/51793d1f87d44011d7bcc2ed99269a90","name":"Benoit Charette","image":{"@type":"ImageObject","inLanguage":"fr-CA","@id":"https:\/\/news.canadamotorjobs.com\/#\/schema\/person\/image\/","url":"https:\/\/secure.gravatar.com\/avatar\/45f3d2eebcccd909668d7ce7ea7267b6?s=96&d=mm&r=g","contentUrl":"https:\/\/secure.gravatar.com\/avatar\/45f3d2eebcccd909668d7ce7ea7267b6?s=96&d=mm&r=g","caption":"Benoit Charette"},"description":"Benoit Charette \/ Propri\u00e9taire et r\u00e9dacteur en chef Benoit Charette pratique le journalisme automobile depuis bient\u00f4t 30 ans. Il a fait ses classes au c\u00f4t\u00e9 de Daniel H\u00e9raud et au Carnet de route de 1992 \u00e0 2001. Il est fondateur, copropri\u00e9taire et r\u00e9dacteur en chef de L\u2019Annuel de l\u2019automobile, qu\u2019il publie depuis 2001. Il a anim\u00e9 les \u00e9missions RPM et RPM+ sur V et les L\u00e9gendes de la route sur Historia. \u00c0 la radio depuis 1986, il reprend l\u2019antenne cette ann\u00e9e sur les ondes de Cogeco et participe pour la deuxi\u00e8me ann\u00e9e \u00e0 l\u2019\u00e9mission Passion Auto sur RDS en plus de mettre en ligne le site Web officiel de L\u2019Annuel de l\u2019automobile sur annuelauto.ca.","sameAs":["https:\/\/annuelauto.ca\/"],"url":"https:\/\/news.canadamotorjobs.com\/fr\/author\/benoit-charette\/"}]}},"_links":{"self":[{"href":"https:\/\/news.canadamotorjobs.com\/fr\/wp-json\/wp\/v2\/posts\/40052"}],"collection":[{"href":"https:\/\/news.canadamotorjobs.com\/fr\/wp-json\/wp\/v2\/posts"}],"about":[{"href":"https:\/\/news.canadamotorjobs.com\/fr\/wp-json\/wp\/v2\/types\/post"}],"author":[{"embeddable":true,"href":"https:\/\/news.canadamotorjobs.com\/fr\/wp-json\/wp\/v2\/users\/8"}],"replies":[{"embeddable":true,"href":"https:\/\/news.canadamotorjobs.com\/fr\/wp-json\/wp\/v2\/comments?post=40052"}],"version-history":[{"count":0,"href":"https:\/\/news.canadamotorjobs.com\/fr\/wp-json\/wp\/v2\/posts\/40052\/revisions"}],"wp:featuredmedia":[{"embeddable":true,"href":"https:\/\/news.canadamotorjobs.com\/fr\/wp-json\/wp\/v2\/media\/40056"}],"wp:attachment":[{"href":"https:\/\/news.canadamotorjobs.com\/fr\/wp-json\/wp\/v2\/media?parent=40052"}],"wp:term":[{"taxonomy":"category","embeddable":true,"href":"https:\/\/news.canadamotorjobs.com\/fr\/wp-json\/wp\/v2\/categories?post=40052"},{"taxonomy":"post_tag","embeddable":true,"href":"https:\/\/news.canadamotorjobs.com\/fr\/wp-json\/wp\/v2\/tags?post=40052"}],"curies":[{"name":"wp","href":"https:\/\/api.w.org\/{rel}","templated":true}]}}