{"id":40042,"date":"2022-04-23T14:00:24","date_gmt":"2022-04-23T18:00:24","guid":{"rendered":"https:\/\/blog.canadamotorjobs.com\/guy-lafleur-et-ses-publicites-des-chevrolet-1979-ca-vous-dit-quelque-chose\/"},"modified":"2022-04-23T16:58:01","modified_gmt":"2022-04-23T20:58:01","slug":"guy-lafleur-et-ses-publicites-des-chevrolet-1979-ca-vous-dit-quelque-chose","status":"publish","type":"post","link":"https:\/\/news.canadamotorjobs.com\/fr\/guy-lafleur-et-ses-publicites-des-chevrolet-1979-ca-vous-dit-quelque-chose\/","title":{"rendered":"Guy Lafleur et ses publicit\u00e9s des Chevrolet 1979, \u00e7a vous dit quelque chose\u00a0?"},"content":{"rendered":"<p>Les vedettes qu\u00e9b\u00e9coises et la publicit\u00e9 automobile vont de pair, et ce depuis toujours. On a qu\u2019\u00e0 penser \u00e0 Mariloup Wolfe et <a href=\"https:\/\/annuelauto.ca\/chevrolet-corvette\/\" target=\"_blank\" rel=\"noopener noreferrer\">Chevrolet<\/a>, \u00e0 Karine Vanasse et Nissan, et \u00e0 M\u00e9lissa Desormeaux-Poulain et Kia, trois associations r\u00e9centes qui durent et qui, pour cause, doivent porter fruit. D\u2019ailleurs \u00e0 l\u2019instar de Mme\u00a0Wolfe, Guy Lafleur aussi a \u00e9t\u00e9 porte-parole pour la marque au noeud papillon, mais moins longtemps.<\/p>\n<p>Passionn\u00e9 d\u2019autos sport et de vitesse (il prisait particuli\u00e8rement sa <a href=\"https:\/\/annuelauto.ca\/histoire-de-la-ferrari-365-22\/\" target=\"_blank\" rel=\"noopener noreferrer\">Ferrari 365<\/a> GTB\/4 Daytona noire), le D\u00e9mon blond a \u00e9t\u00e9 engag\u00e9 par General Motors en 1978 pour appara\u00eetre dans des publicit\u00e9s r\u00e9alis\u00e9es pour la presse imprim\u00e9e et la t\u00e9l\u00e9vision.<\/p>\n<p><strong>La Monte Carlo&#8230; \u00e0 Monte Carlo<\/strong><\/p>\n<p>En ao\u00fbt 1978, Claude Larochelle \u00e9crit dans <em>Le Soleil<\/em> que Guy Lafleur \u00e9tait all\u00e9 \u00ab\u00a0en Europe pour quatre ou cinq jours derni\u00e8rement, plus pr\u00e9cis\u00e9ment \u00e0 Monte\u00a0Carlo, sur la C\u00f4te d\u2019Azur, o\u00f9 l\u2019on a mis au point un court message vantant les m\u00e9rites de la Chevrolet Monte\u00a0Carlo.\u00a0\u00bb<\/p>\n<p>Durant l\u2019automne\u00a01978, les Qu\u00e9b\u00e9cois ont pu voir \u00e0 la t\u00e9l\u00e9vision cette publicit\u00e9 consacr\u00e9e \u00e0 la Monte\u00a0Carlo 1979. Curieusement, elle n\u2019a laiss\u00e9 aucune trace, du moins pas sur internet.<\/p>\n<p>En revanche, nous avons retrouv\u00e9 quelques traces d\u2019une seconde publicit\u00e9 qui pr\u00e9sente la Caprice\u00a01979. D\u00e8s novembre 1978, les relations publiques de General Motors avaient d\u2019ailleurs diffus\u00e9 un bref communiqu\u00e9 et une photo montrant la vedette des Canadiens de Montr\u00e9al aux c\u00f4t\u00e9s de cette grande berline, pour annoncer cette campagne publicitaire. Un communiqu\u00e9 qui a paru dans plusieurs journaux qu\u00e9b\u00e9cois.<\/p>\n","protected":false},"excerpt":{"rendered":"<p>Les vedettes qu\u00e9b\u00e9coises et la publicit\u00e9 automobile vont de pair, et ce depuis toujours. On a qu\u2019\u00e0 penser \u00e0 Mariloup Wolfe et Chevrolet, \u00e0 Karine Vanasse et Nissan, et \u00e0 M\u00e9lissa Desormeaux-Poulain et Kia, trois associations r\u00e9centes qui durent et qui, pour cause, doivent porter fruit. D\u2019ailleurs \u00e0 l\u2019instar de Mme\u00a0Wolfe, Guy Lafleur aussi a [&hellip;]<\/p>\n","protected":false},"author":8,"featured_media":40046,"comment_status":"close","ping_status":"closed","sticky":false,"template":"","format":"standard","meta":{"_monsterinsights_skip_tracking":false,"_monsterinsights_sitenote_active":false,"_monsterinsights_sitenote_note":"","_monsterinsights_sitenote_category":0,"footnotes":""},"categories":[101],"tags":[],"yoast_head":"<!-- This site is optimized with the Yoast SEO plugin v23.2 - https:\/\/yoast.com\/wordpress\/plugins\/seo\/ -->\n<title>Guy Lafleur et ses publicit\u00e9s des Chevrolet 1979, \u00e7a vous dit quelque chose\u00a0? - CanadaMotorJobs.com<\/title>\n<meta name=\"description\" content=\"Guy Lafleur et ses publicit\u00e9s des Chevrolet 1979, \u00e7a vous dit quelque chose\u00a0? - Benoit Charette - Annuel automobile - CanadaMotorJobs.com.\" \/>\n<meta name=\"robots\" content=\"index, follow, max-snippet:-1, max-image-preview:large, max-video-preview:-1\" \/>\n<meta property=\"og:locale\" content=\"fr_CA\" \/>\n<meta property=\"og:type\" content=\"article\" \/>\n<meta property=\"og:title\" content=\"Guy Lafleur et ses publicit\u00e9s des Chevrolet 1979, \u00e7a vous dit quelque chose\u00a0? - CanadaMotorJobs.com\" \/>\n<meta property=\"og:description\" content=\"Guy Lafleur et ses publicit\u00e9s des Chevrolet 1979, \u00e7a vous dit quelque chose\u00a0? - Benoit Charette - Annuel automobile - CanadaMotorJobs.com.\" \/>\n<meta property=\"og:url\" content=\"https:\/\/news.canadamotorjobs.com\/fr\/guy-lafleur-et-ses-publicites-des-chevrolet-1979-ca-vous-dit-quelque-chose\/\" \/>\n<meta property=\"og:site_name\" content=\"CanadaMotorJobs.com\" \/>\n<meta property=\"article:publisher\" content=\"https:\/\/www.facebook.com\/canadamotorjobs\/\" \/>\n<meta property=\"article:published_time\" content=\"2022-04-23T18:00:24+00:00\" \/>\n<meta property=\"article:modified_time\" content=\"2022-04-23T20:58:01+00:00\" \/>\n<meta property=\"og:image\" content=\"https:\/\/news.canadamotorjobs.com\/wp-content\/uploads\/2022\/04\/Guy-Lafleur-pub-Chevrolet-1979-2-1.jpg\" \/>\n\t<meta property=\"og:image:width\" content=\"1500\" \/>\n\t<meta property=\"og:image:height\" content=\"1000\" \/>\n\t<meta property=\"og:image:type\" content=\"image\/jpeg\" \/>\n<meta name=\"author\" content=\"Benoit Charette\" \/>\n<meta name=\"twitter:card\" content=\"summary_large_image\" \/>\n<meta name=\"twitter:creator\" content=\"@canadamotorjobs\" \/>\n<meta name=\"twitter:site\" content=\"@canadamotorjobs\" \/>\n<meta name=\"twitter:label1\" content=\"\u00c9crit par\" \/>\n\t<meta name=\"twitter:data1\" content=\"Benoit Charette\" \/>\n\t<meta name=\"twitter:label2\" content=\"Estimation du temps de lecture\" \/>\n\t<meta name=\"twitter:data2\" content=\"2 minutes\" \/>\n<!-- \/ Yoast SEO plugin. -->","yoast_head_json":{"title":"Guy Lafleur et ses publicit\u00e9s des Chevrolet 1979, \u00e7a vous dit quelque chose\u00a0? - CanadaMotorJobs.com","description":"Guy Lafleur et ses publicit\u00e9s des Chevrolet 1979, \u00e7a vous dit quelque chose\u00a0? - Benoit Charette - Annuel automobile - CanadaMotorJobs.com.","robots":{"index":"index","follow":"follow","max-snippet":"max-snippet:-1","max-image-preview":"max-image-preview:large","max-video-preview":"max-video-preview:-1"},"og_locale":"fr_CA","og_type":"article","og_title":"Guy Lafleur et ses publicit\u00e9s des Chevrolet 1979, \u00e7a vous dit quelque chose\u00a0? - CanadaMotorJobs.com","og_description":"Guy Lafleur et ses publicit\u00e9s des Chevrolet 1979, \u00e7a vous dit quelque chose\u00a0? - Benoit Charette - Annuel automobile - CanadaMotorJobs.com.","og_url":"https:\/\/news.canadamotorjobs.com\/fr\/guy-lafleur-et-ses-publicites-des-chevrolet-1979-ca-vous-dit-quelque-chose\/","og_site_name":"CanadaMotorJobs.com","article_publisher":"https:\/\/www.facebook.com\/canadamotorjobs\/","article_published_time":"2022-04-23T18:00:24+00:00","article_modified_time":"2022-04-23T20:58:01+00:00","og_image":[{"width":1500,"height":1000,"url":"https:\/\/news.canadamotorjobs.com\/wp-content\/uploads\/2022\/04\/Guy-Lafleur-pub-Chevrolet-1979-2-1.jpg","type":"image\/jpeg"}],"author":"Benoit Charette","twitter_card":"summary_large_image","twitter_creator":"@canadamotorjobs","twitter_site":"@canadamotorjobs","twitter_misc":{"\u00c9crit par":"Benoit Charette","Estimation du temps de lecture":"2 minutes"},"schema":{"@context":"https:\/\/schema.org","@graph":[{"@type":"Article","@id":"https:\/\/news.canadamotorjobs.com\/fr\/guy-lafleur-et-ses-publicites-des-chevrolet-1979-ca-vous-dit-quelque-chose\/#article","isPartOf":{"@id":"https:\/\/news.canadamotorjobs.com\/fr\/guy-lafleur-et-ses-publicites-des-chevrolet-1979-ca-vous-dit-quelque-chose\/"},"author":{"name":"Benoit Charette","@id":"https:\/\/news.canadamotorjobs.com\/#\/schema\/person\/51793d1f87d44011d7bcc2ed99269a90"},"headline":"Guy Lafleur et ses publicit\u00e9s des Chevrolet 1979, \u00e7a vous dit quelque chose\u00a0?","datePublished":"2022-04-23T18:00:24+00:00","dateModified":"2022-04-23T20:58:01+00:00","mainEntityOfPage":{"@id":"https:\/\/news.canadamotorjobs.com\/fr\/guy-lafleur-et-ses-publicites-des-chevrolet-1979-ca-vous-dit-quelque-chose\/"},"wordCount":288,"publisher":{"@id":"https:\/\/news.canadamotorjobs.com\/#organization"},"image":{"@id":"https:\/\/news.canadamotorjobs.com\/fr\/guy-lafleur-et-ses-publicites-des-chevrolet-1979-ca-vous-dit-quelque-chose\/#primaryimage"},"thumbnailUrl":"https:\/\/news.canadamotorjobs.com\/wp-content\/uploads\/2022\/04\/Guy-Lafleur-pub-Chevrolet-1979-2-1.jpg","articleSection":["Annuel automobile"],"inLanguage":"fr-CA"},{"@type":"WebPage","@id":"https:\/\/news.canadamotorjobs.com\/fr\/guy-lafleur-et-ses-publicites-des-chevrolet-1979-ca-vous-dit-quelque-chose\/","url":"https:\/\/news.canadamotorjobs.com\/fr\/guy-lafleur-et-ses-publicites-des-chevrolet-1979-ca-vous-dit-quelque-chose\/","name":"Guy Lafleur et ses publicit\u00e9s des Chevrolet 1979, \u00e7a vous dit quelque chose\u00a0? - CanadaMotorJobs.com","isPartOf":{"@id":"https:\/\/news.canadamotorjobs.com\/#website"},"primaryImageOfPage":{"@id":"https:\/\/news.canadamotorjobs.com\/fr\/guy-lafleur-et-ses-publicites-des-chevrolet-1979-ca-vous-dit-quelque-chose\/#primaryimage"},"image":{"@id":"https:\/\/news.canadamotorjobs.com\/fr\/guy-lafleur-et-ses-publicites-des-chevrolet-1979-ca-vous-dit-quelque-chose\/#primaryimage"},"thumbnailUrl":"https:\/\/news.canadamotorjobs.com\/wp-content\/uploads\/2022\/04\/Guy-Lafleur-pub-Chevrolet-1979-2-1.jpg","datePublished":"2022-04-23T18:00:24+00:00","dateModified":"2022-04-23T20:58:01+00:00","description":"Guy Lafleur et ses publicit\u00e9s des Chevrolet 1979, \u00e7a vous dit quelque chose\u00a0? - Benoit Charette - Annuel automobile - CanadaMotorJobs.com.","breadcrumb":{"@id":"https:\/\/news.canadamotorjobs.com\/fr\/guy-lafleur-et-ses-publicites-des-chevrolet-1979-ca-vous-dit-quelque-chose\/#breadcrumb"},"inLanguage":"fr-CA","potentialAction":[{"@type":"ReadAction","target":["https:\/\/news.canadamotorjobs.com\/fr\/guy-lafleur-et-ses-publicites-des-chevrolet-1979-ca-vous-dit-quelque-chose\/"]}]},{"@type":"ImageObject","inLanguage":"fr-CA","@id":"https:\/\/news.canadamotorjobs.com\/fr\/guy-lafleur-et-ses-publicites-des-chevrolet-1979-ca-vous-dit-quelque-chose\/#primaryimage","url":"https:\/\/news.canadamotorjobs.com\/wp-content\/uploads\/2022\/04\/Guy-Lafleur-pub-Chevrolet-1979-2-1.jpg","contentUrl":"https:\/\/news.canadamotorjobs.com\/wp-content\/uploads\/2022\/04\/Guy-Lafleur-pub-Chevrolet-1979-2-1.jpg","width":1500,"height":1000},{"@type":"BreadcrumbList","@id":"https:\/\/news.canadamotorjobs.com\/fr\/guy-lafleur-et-ses-publicites-des-chevrolet-1979-ca-vous-dit-quelque-chose\/#breadcrumb","itemListElement":[{"@type":"ListItem","position":1,"name":"Home","item":"https:\/\/news.canadamotorjobs.com\/fr\/blog\/"},{"@type":"ListItem","position":2,"name":"Guy Lafleur et ses publicit\u00e9s des Chevrolet 1979, \u00e7a vous dit quelque chose\u00a0?"}]},{"@type":"WebSite","@id":"https:\/\/news.canadamotorjobs.com\/#website","url":"https:\/\/news.canadamotorjobs.com\/","name":"CanadaMotorJobs.com","description":"Automotive Jobs","publisher":{"@id":"https:\/\/news.canadamotorjobs.com\/#organization"},"potentialAction":[{"@type":"SearchAction","target":{"@type":"EntryPoint","urlTemplate":"https:\/\/news.canadamotorjobs.com\/?s={search_term_string}"},"query-input":"required name=search_term_string"}],"inLanguage":"fr-CA"},{"@type":"Organization","@id":"https:\/\/news.canadamotorjobs.com\/#organization","name":"Canada Motor Jobs","url":"https:\/\/news.canadamotorjobs.com\/","logo":{"@type":"ImageObject","inLanguage":"fr-CA","@id":"https:\/\/news.canadamotorjobs.com\/#\/schema\/logo\/image\/","url":"https:\/\/news.canadamotorjobs.com\/wp-content\/uploads\/2022\/10\/logo-canada-motor-jobs-1.png","contentUrl":"https:\/\/news.canadamotorjobs.com\/wp-content\/uploads\/2022\/10\/logo-canada-motor-jobs-1.png","width":800,"height":400,"caption":"Canada Motor Jobs"},"image":{"@id":"https:\/\/news.canadamotorjobs.com\/#\/schema\/logo\/image\/"},"sameAs":["https:\/\/www.facebook.com\/canadamotorjobs\/","https:\/\/x.com\/canadamotorjobs","https:\/\/www.instagram.com\/canadamotorjobs\/","https:\/\/www.linkedin.com\/company\/canadamotorjobs"]},{"@type":"Person","@id":"https:\/\/news.canadamotorjobs.com\/#\/schema\/person\/51793d1f87d44011d7bcc2ed99269a90","name":"Benoit Charette","image":{"@type":"ImageObject","inLanguage":"fr-CA","@id":"https:\/\/news.canadamotorjobs.com\/#\/schema\/person\/image\/","url":"https:\/\/secure.gravatar.com\/avatar\/45f3d2eebcccd909668d7ce7ea7267b6?s=96&d=mm&r=g","contentUrl":"https:\/\/secure.gravatar.com\/avatar\/45f3d2eebcccd909668d7ce7ea7267b6?s=96&d=mm&r=g","caption":"Benoit Charette"},"description":"Benoit Charette \/ Propri\u00e9taire et r\u00e9dacteur en chef Benoit Charette pratique le journalisme automobile depuis bient\u00f4t 30 ans. Il a fait ses classes au c\u00f4t\u00e9 de Daniel H\u00e9raud et au Carnet de route de 1992 \u00e0 2001. Il est fondateur, copropri\u00e9taire et r\u00e9dacteur en chef de L\u2019Annuel de l\u2019automobile, qu\u2019il publie depuis 2001. Il a anim\u00e9 les \u00e9missions RPM et RPM+ sur V et les L\u00e9gendes de la route sur Historia. \u00c0 la radio depuis 1986, il reprend l\u2019antenne cette ann\u00e9e sur les ondes de Cogeco et participe pour la deuxi\u00e8me ann\u00e9e \u00e0 l\u2019\u00e9mission Passion Auto sur RDS en plus de mettre en ligne le site Web officiel de L\u2019Annuel de l\u2019automobile sur annuelauto.ca.","sameAs":["https:\/\/annuelauto.ca\/"],"url":"https:\/\/news.canadamotorjobs.com\/fr\/author\/benoit-charette\/"}]}},"_links":{"self":[{"href":"https:\/\/news.canadamotorjobs.com\/fr\/wp-json\/wp\/v2\/posts\/40042"}],"collection":[{"href":"https:\/\/news.canadamotorjobs.com\/fr\/wp-json\/wp\/v2\/posts"}],"about":[{"href":"https:\/\/news.canadamotorjobs.com\/fr\/wp-json\/wp\/v2\/types\/post"}],"author":[{"embeddable":true,"href":"https:\/\/news.canadamotorjobs.com\/fr\/wp-json\/wp\/v2\/users\/8"}],"replies":[{"embeddable":true,"href":"https:\/\/news.canadamotorjobs.com\/fr\/wp-json\/wp\/v2\/comments?post=40042"}],"version-history":[{"count":0,"href":"https:\/\/news.canadamotorjobs.com\/fr\/wp-json\/wp\/v2\/posts\/40042\/revisions"}],"wp:featuredmedia":[{"embeddable":true,"href":"https:\/\/news.canadamotorjobs.com\/fr\/wp-json\/wp\/v2\/media\/40046"}],"wp:attachment":[{"href":"https:\/\/news.canadamotorjobs.com\/fr\/wp-json\/wp\/v2\/media?parent=40042"}],"wp:term":[{"taxonomy":"category","embeddable":true,"href":"https:\/\/news.canadamotorjobs.com\/fr\/wp-json\/wp\/v2\/categories?post=40042"},{"taxonomy":"post_tag","embeddable":true,"href":"https:\/\/news.canadamotorjobs.com\/fr\/wp-json\/wp\/v2\/tags?post=40042"}],"curies":[{"name":"wp","href":"https:\/\/api.w.org\/{rel}","templated":true}]}}