{"id":40031,"date":"2022-04-23T08:12:38","date_gmt":"2022-04-23T12:12:38","guid":{"rendered":"https:\/\/blog.canadamotorjobs.com\/ottawa-elargi-sa-fourchette-dadmissibilite-pour-les-rabais-aux-vehicules-electriques\/"},"modified":"2022-04-23T13:45:11","modified_gmt":"2022-04-23T17:45:11","slug":"ottawa-elargi-sa-fourchette-dadmissibilite-pour-les-rabais-aux-vehicules-electriques","status":"publish","type":"post","link":"https:\/\/news.canadamotorjobs.com\/fr\/ottawa-elargi-sa-fourchette-dadmissibilite-pour-les-rabais-aux-vehicules-electriques\/","title":{"rendered":"Ottawa \u00e9largi sa fourchette d\u2019admissibilit\u00e9 pour les rabais aux v\u00e9hicules \u00e9lectriques"},"content":{"rendered":"<p>Le gouvernement f\u00e9d\u00e9ral a choisi le jour de la terre pour annoncer une aide plus g\u00e9n\u00e9reuse pour les v\u00e9hicules \u00e9lectriques.<\/p>\n<h3>Un plafond rehauss\u00e9<\/h3>\n<p>La premi\u00e8re mesure est le seuil d\u2019admissibilit\u00e9 qui passe de 45 000\u00a0$ \u00e0 55 000\u00a0$ pour \u00eatre inclus dans le programme de rabais. Le montant reste le m\u00eame \u00e0 5 000\u00a0$, mais un plus grand nombre de v\u00e9hicules comme le nouveau Ariya chez Nissan auront droit au rabais de 5 000\u00a0$. Une extension jusqu\u2019\u00e0 65\u00a0000\u00a0$ (au lieu de 55\u00a0000\u00a0$) s\u2019appliquera pour les versions plus \u00e9quip\u00e9es.<\/p>\n<h3>Une clause pour les camions et VUS<\/h3>\n<p>Les VUS et camions (on pense au F-150 lightning) sont admissibles si leur prix de base est de 60 000 $ ou moins, avec une extension jusqu\u2019\u00e0 70 000 $ pour les versions plus \u00e9quip\u00e9es.<\/p>\n<h3>Les hybrides rechargeables<\/h3>\n<p>Le gouvernement f\u00e9d\u00e9ral a aussi chang\u00e9 la formule pour les hybrides branchables. Dor\u00e9navant, on ne se base plus sur la grosseur de la batterie pour accorder un rabais, mais sur l\u2019autonomie annonc\u00e9e. Ainsi, les mod\u00e8les capables de parcourir 50\u00a0km ou plus en mode \u00e9lectrique recevront 5\u00a0000\u00a0$ et ceux qui sont sous ce seuil continueront d\u2019\u00eatre admissibles \u00e0 2\u00a0500\u00a0$.<\/p>\n<h3>Un prolongement du programme jusqu\u2019en 2025<\/h3>\n<p>Rappelons que le budget f\u00e9d\u00e9ral de 2022 propose d\u2019investir 1,7 milliard $ en vue de prolonger le programme iVZE jusqu\u2019en mars 2025.<\/p>\n<h3>Un milliard pour le r\u00e9seau de bornes<\/h3>\n<p>En plus de cet \u00e9largissement des crit\u00e8res, le gouvernement f\u00e9d\u00e9ral a annonc\u00e9 1 milliard de dollars pour am\u00e9liorer l\u2019\u00e9tendue du r\u00e9seau<\/p>\n","protected":false},"excerpt":{"rendered":"<p>Le gouvernement f\u00e9d\u00e9ral a choisi le jour de la terre pour annoncer une aide plus g\u00e9n\u00e9reuse pour les v\u00e9hicules \u00e9lectriques. Un plafond rehauss\u00e9 La premi\u00e8re mesure est le seuil d\u2019admissibilit\u00e9 qui passe de 45 000\u00a0$ \u00e0 55 000\u00a0$ pour \u00eatre inclus dans le programme de rabais. Le montant reste le m\u00eame \u00e0 5 000\u00a0$, mais [&hellip;]<\/p>\n","protected":false},"author":8,"featured_media":40035,"comment_status":"close","ping_status":"closed","sticky":false,"template":"","format":"standard","meta":{"_monsterinsights_skip_tracking":false,"_monsterinsights_sitenote_active":false,"_monsterinsights_sitenote_note":"","_monsterinsights_sitenote_category":0,"footnotes":""},"categories":[101],"tags":[131],"yoast_head":"<!-- This site is optimized with the Yoast SEO plugin v23.2 - https:\/\/yoast.com\/wordpress\/plugins\/seo\/ -->\n<title>Ottawa \u00e9largi sa fourchette d\u2019admissibilit\u00e9 pour les rabais aux v\u00e9hicules \u00e9lectriques - CanadaMotorJobs.com<\/title>\n<meta name=\"description\" content=\"Ottawa \u00e9largi sa fourchette d\u2019admissibilit\u00e9 pour les rabais aux v\u00e9hicules \u00e9lectriques - Benoit Charette - Annuel automobile - CanadaMotorJobs.com.\" \/>\n<meta name=\"robots\" content=\"index, follow, max-snippet:-1, max-image-preview:large, max-video-preview:-1\" \/>\n<meta property=\"og:locale\" content=\"fr_CA\" \/>\n<meta property=\"og:type\" content=\"article\" \/>\n<meta property=\"og:title\" content=\"Ottawa \u00e9largi sa fourchette d\u2019admissibilit\u00e9 pour les rabais aux v\u00e9hicules \u00e9lectriques - CanadaMotorJobs.com\" \/>\n<meta property=\"og:description\" content=\"Ottawa \u00e9largi sa fourchette d\u2019admissibilit\u00e9 pour les rabais aux v\u00e9hicules \u00e9lectriques - Benoit Charette - Annuel automobile - CanadaMotorJobs.com.\" \/>\n<meta property=\"og:url\" content=\"https:\/\/news.canadamotorjobs.com\/fr\/ottawa-elargi-sa-fourchette-dadmissibilite-pour-les-rabais-aux-vehicules-electriques\/\" \/>\n<meta property=\"og:site_name\" content=\"CanadaMotorJobs.com\" \/>\n<meta property=\"article:publisher\" content=\"https:\/\/www.facebook.com\/canadamotorjobs\/\" \/>\n<meta property=\"article:published_time\" content=\"2022-04-23T12:12:38+00:00\" \/>\n<meta property=\"article:modified_time\" content=\"2022-04-23T17:45:11+00:00\" \/>\n<meta property=\"og:image\" content=\"https:\/\/news.canadamotorjobs.com\/wp-content\/uploads\/2022\/04\/2021-nissan-ariya-1.jpg\" \/>\n\t<meta property=\"og:image:width\" content=\"1920\" \/>\n\t<meta property=\"og:image:height\" content=\"1080\" \/>\n\t<meta property=\"og:image:type\" content=\"image\/jpeg\" \/>\n<meta name=\"author\" content=\"Benoit Charette\" \/>\n<meta name=\"twitter:card\" content=\"summary_large_image\" \/>\n<meta name=\"twitter:creator\" content=\"@canadamotorjobs\" \/>\n<meta name=\"twitter:site\" content=\"@canadamotorjobs\" \/>\n<meta name=\"twitter:label1\" content=\"\u00c9crit par\" \/>\n\t<meta name=\"twitter:data1\" content=\"Benoit Charette\" \/>\n\t<meta name=\"twitter:label2\" content=\"Estimation du temps de lecture\" \/>\n\t<meta name=\"twitter:data2\" content=\"2 minutes\" \/>\n<!-- \/ Yoast SEO plugin. -->","yoast_head_json":{"title":"Ottawa \u00e9largi sa fourchette d\u2019admissibilit\u00e9 pour les rabais aux v\u00e9hicules \u00e9lectriques - CanadaMotorJobs.com","description":"Ottawa \u00e9largi sa fourchette d\u2019admissibilit\u00e9 pour les rabais aux v\u00e9hicules \u00e9lectriques - Benoit Charette - Annuel automobile - CanadaMotorJobs.com.","robots":{"index":"index","follow":"follow","max-snippet":"max-snippet:-1","max-image-preview":"max-image-preview:large","max-video-preview":"max-video-preview:-1"},"og_locale":"fr_CA","og_type":"article","og_title":"Ottawa \u00e9largi sa fourchette d\u2019admissibilit\u00e9 pour les rabais aux v\u00e9hicules \u00e9lectriques - CanadaMotorJobs.com","og_description":"Ottawa \u00e9largi sa fourchette d\u2019admissibilit\u00e9 pour les rabais aux v\u00e9hicules \u00e9lectriques - Benoit Charette - Annuel automobile - CanadaMotorJobs.com.","og_url":"https:\/\/news.canadamotorjobs.com\/fr\/ottawa-elargi-sa-fourchette-dadmissibilite-pour-les-rabais-aux-vehicules-electriques\/","og_site_name":"CanadaMotorJobs.com","article_publisher":"https:\/\/www.facebook.com\/canadamotorjobs\/","article_published_time":"2022-04-23T12:12:38+00:00","article_modified_time":"2022-04-23T17:45:11+00:00","og_image":[{"width":1920,"height":1080,"url":"https:\/\/news.canadamotorjobs.com\/wp-content\/uploads\/2022\/04\/2021-nissan-ariya-1.jpg","type":"image\/jpeg"}],"author":"Benoit Charette","twitter_card":"summary_large_image","twitter_creator":"@canadamotorjobs","twitter_site":"@canadamotorjobs","twitter_misc":{"\u00c9crit par":"Benoit Charette","Estimation du temps de lecture":"2 minutes"},"schema":{"@context":"https:\/\/schema.org","@graph":[{"@type":"Article","@id":"https:\/\/news.canadamotorjobs.com\/fr\/ottawa-elargi-sa-fourchette-dadmissibilite-pour-les-rabais-aux-vehicules-electriques\/#article","isPartOf":{"@id":"https:\/\/news.canadamotorjobs.com\/fr\/ottawa-elargi-sa-fourchette-dadmissibilite-pour-les-rabais-aux-vehicules-electriques\/"},"author":{"name":"Benoit Charette","@id":"https:\/\/news.canadamotorjobs.com\/#\/schema\/person\/51793d1f87d44011d7bcc2ed99269a90"},"headline":"Ottawa \u00e9largi sa fourchette d\u2019admissibilit\u00e9 pour les rabais aux v\u00e9hicules \u00e9lectriques","datePublished":"2022-04-23T12:12:38+00:00","dateModified":"2022-04-23T17:45:11+00:00","mainEntityOfPage":{"@id":"https:\/\/news.canadamotorjobs.com\/fr\/ottawa-elargi-sa-fourchette-dadmissibilite-pour-les-rabais-aux-vehicules-electriques\/"},"wordCount":264,"publisher":{"@id":"https:\/\/news.canadamotorjobs.com\/#organization"},"image":{"@id":"https:\/\/news.canadamotorjobs.com\/fr\/ottawa-elargi-sa-fourchette-dadmissibilite-pour-les-rabais-aux-vehicules-electriques\/#primaryimage"},"thumbnailUrl":"https:\/\/news.canadamotorjobs.com\/wp-content\/uploads\/2022\/04\/2021-nissan-ariya-1.jpg","keywords":["Newsletter"],"articleSection":["Annuel automobile"],"inLanguage":"fr-CA"},{"@type":"WebPage","@id":"https:\/\/news.canadamotorjobs.com\/fr\/ottawa-elargi-sa-fourchette-dadmissibilite-pour-les-rabais-aux-vehicules-electriques\/","url":"https:\/\/news.canadamotorjobs.com\/fr\/ottawa-elargi-sa-fourchette-dadmissibilite-pour-les-rabais-aux-vehicules-electriques\/","name":"Ottawa \u00e9largi sa fourchette d\u2019admissibilit\u00e9 pour les rabais aux v\u00e9hicules \u00e9lectriques - CanadaMotorJobs.com","isPartOf":{"@id":"https:\/\/news.canadamotorjobs.com\/#website"},"primaryImageOfPage":{"@id":"https:\/\/news.canadamotorjobs.com\/fr\/ottawa-elargi-sa-fourchette-dadmissibilite-pour-les-rabais-aux-vehicules-electriques\/#primaryimage"},"image":{"@id":"https:\/\/news.canadamotorjobs.com\/fr\/ottawa-elargi-sa-fourchette-dadmissibilite-pour-les-rabais-aux-vehicules-electriques\/#primaryimage"},"thumbnailUrl":"https:\/\/news.canadamotorjobs.com\/wp-content\/uploads\/2022\/04\/2021-nissan-ariya-1.jpg","datePublished":"2022-04-23T12:12:38+00:00","dateModified":"2022-04-23T17:45:11+00:00","description":"Ottawa \u00e9largi sa fourchette d\u2019admissibilit\u00e9 pour les rabais aux v\u00e9hicules \u00e9lectriques - Benoit Charette - Annuel automobile - CanadaMotorJobs.com.","breadcrumb":{"@id":"https:\/\/news.canadamotorjobs.com\/fr\/ottawa-elargi-sa-fourchette-dadmissibilite-pour-les-rabais-aux-vehicules-electriques\/#breadcrumb"},"inLanguage":"fr-CA","potentialAction":[{"@type":"ReadAction","target":["https:\/\/news.canadamotorjobs.com\/fr\/ottawa-elargi-sa-fourchette-dadmissibilite-pour-les-rabais-aux-vehicules-electriques\/"]}]},{"@type":"ImageObject","inLanguage":"fr-CA","@id":"https:\/\/news.canadamotorjobs.com\/fr\/ottawa-elargi-sa-fourchette-dadmissibilite-pour-les-rabais-aux-vehicules-electriques\/#primaryimage","url":"https:\/\/news.canadamotorjobs.com\/wp-content\/uploads\/2022\/04\/2021-nissan-ariya-1.jpg","contentUrl":"https:\/\/news.canadamotorjobs.com\/wp-content\/uploads\/2022\/04\/2021-nissan-ariya-1.jpg","width":1920,"height":1080},{"@type":"BreadcrumbList","@id":"https:\/\/news.canadamotorjobs.com\/fr\/ottawa-elargi-sa-fourchette-dadmissibilite-pour-les-rabais-aux-vehicules-electriques\/#breadcrumb","itemListElement":[{"@type":"ListItem","position":1,"name":"Home","item":"https:\/\/news.canadamotorjobs.com\/fr\/blog\/"},{"@type":"ListItem","position":2,"name":"Ottawa \u00e9largi sa fourchette d\u2019admissibilit\u00e9 pour les rabais aux v\u00e9hicules \u00e9lectriques"}]},{"@type":"WebSite","@id":"https:\/\/news.canadamotorjobs.com\/#website","url":"https:\/\/news.canadamotorjobs.com\/","name":"CanadaMotorJobs.com","description":"Automotive Jobs","publisher":{"@id":"https:\/\/news.canadamotorjobs.com\/#organization"},"potentialAction":[{"@type":"SearchAction","target":{"@type":"EntryPoint","urlTemplate":"https:\/\/news.canadamotorjobs.com\/?s={search_term_string}"},"query-input":"required name=search_term_string"}],"inLanguage":"fr-CA"},{"@type":"Organization","@id":"https:\/\/news.canadamotorjobs.com\/#organization","name":"Canada Motor Jobs","url":"https:\/\/news.canadamotorjobs.com\/","logo":{"@type":"ImageObject","inLanguage":"fr-CA","@id":"https:\/\/news.canadamotorjobs.com\/#\/schema\/logo\/image\/","url":"https:\/\/news.canadamotorjobs.com\/wp-content\/uploads\/2022\/10\/logo-canada-motor-jobs-1.png","contentUrl":"https:\/\/news.canadamotorjobs.com\/wp-content\/uploads\/2022\/10\/logo-canada-motor-jobs-1.png","width":800,"height":400,"caption":"Canada Motor Jobs"},"image":{"@id":"https:\/\/news.canadamotorjobs.com\/#\/schema\/logo\/image\/"},"sameAs":["https:\/\/www.facebook.com\/canadamotorjobs\/","https:\/\/x.com\/canadamotorjobs","https:\/\/www.instagram.com\/canadamotorjobs\/","https:\/\/www.linkedin.com\/company\/canadamotorjobs"]},{"@type":"Person","@id":"https:\/\/news.canadamotorjobs.com\/#\/schema\/person\/51793d1f87d44011d7bcc2ed99269a90","name":"Benoit Charette","image":{"@type":"ImageObject","inLanguage":"fr-CA","@id":"https:\/\/news.canadamotorjobs.com\/#\/schema\/person\/image\/","url":"https:\/\/secure.gravatar.com\/avatar\/45f3d2eebcccd909668d7ce7ea7267b6?s=96&d=mm&r=g","contentUrl":"https:\/\/secure.gravatar.com\/avatar\/45f3d2eebcccd909668d7ce7ea7267b6?s=96&d=mm&r=g","caption":"Benoit Charette"},"description":"Benoit Charette \/ Propri\u00e9taire et r\u00e9dacteur en chef Benoit Charette pratique le journalisme automobile depuis bient\u00f4t 30 ans. Il a fait ses classes au c\u00f4t\u00e9 de Daniel H\u00e9raud et au Carnet de route de 1992 \u00e0 2001. Il est fondateur, copropri\u00e9taire et r\u00e9dacteur en chef de L\u2019Annuel de l\u2019automobile, qu\u2019il publie depuis 2001. Il a anim\u00e9 les \u00e9missions RPM et RPM+ sur V et les L\u00e9gendes de la route sur Historia. \u00c0 la radio depuis 1986, il reprend l\u2019antenne cette ann\u00e9e sur les ondes de Cogeco et participe pour la deuxi\u00e8me ann\u00e9e \u00e0 l\u2019\u00e9mission Passion Auto sur RDS en plus de mettre en ligne le site Web officiel de L\u2019Annuel de l\u2019automobile sur annuelauto.ca.","sameAs":["https:\/\/annuelauto.ca\/"],"url":"https:\/\/news.canadamotorjobs.com\/fr\/author\/benoit-charette\/"}]}},"_links":{"self":[{"href":"https:\/\/news.canadamotorjobs.com\/fr\/wp-json\/wp\/v2\/posts\/40031"}],"collection":[{"href":"https:\/\/news.canadamotorjobs.com\/fr\/wp-json\/wp\/v2\/posts"}],"about":[{"href":"https:\/\/news.canadamotorjobs.com\/fr\/wp-json\/wp\/v2\/types\/post"}],"author":[{"embeddable":true,"href":"https:\/\/news.canadamotorjobs.com\/fr\/wp-json\/wp\/v2\/users\/8"}],"replies":[{"embeddable":true,"href":"https:\/\/news.canadamotorjobs.com\/fr\/wp-json\/wp\/v2\/comments?post=40031"}],"version-history":[{"count":0,"href":"https:\/\/news.canadamotorjobs.com\/fr\/wp-json\/wp\/v2\/posts\/40031\/revisions"}],"wp:featuredmedia":[{"embeddable":true,"href":"https:\/\/news.canadamotorjobs.com\/fr\/wp-json\/wp\/v2\/media\/40035"}],"wp:attachment":[{"href":"https:\/\/news.canadamotorjobs.com\/fr\/wp-json\/wp\/v2\/media?parent=40031"}],"wp:term":[{"taxonomy":"category","embeddable":true,"href":"https:\/\/news.canadamotorjobs.com\/fr\/wp-json\/wp\/v2\/categories?post=40031"},{"taxonomy":"post_tag","embeddable":true,"href":"https:\/\/news.canadamotorjobs.com\/fr\/wp-json\/wp\/v2\/tags?post=40031"}],"curies":[{"name":"wp","href":"https:\/\/api.w.org\/{rel}","templated":true}]}}