{"id":40023,"date":"2022-04-23T07:47:45","date_gmt":"2022-04-23T11:47:45","guid":{"rendered":"https:\/\/blog.canadamotorjobs.com\/vols-de-feux-arriere-pour-les-f-150-aux-etats-unis\/"},"modified":"2022-04-23T13:47:10","modified_gmt":"2022-04-23T17:47:10","slug":"vols-de-feux-arriere-pour-les-f-150-aux-etats-unis","status":"publish","type":"post","link":"https:\/\/news.canadamotorjobs.com\/fr\/vols-de-feux-arriere-pour-les-f-150-aux-etats-unis\/","title":{"rendered":"Vols de feux arri\u00e8re pour les F-150 aux \u00c9tats-Unis"},"content":{"rendered":"<p>Le Ford F-150 connait pr\u00e9sentement une hausse remarqu\u00e9e de vol de feux arri\u00e8re aux \u00c9tats-Unis. \u00c9tant d\u00e9j\u00e0 un v\u00e9hicule particuli\u00e8rement vis\u00e9 par les cambrioleurs, ce sont maintenant les lumi\u00e8res qui go\u00fbtent \u00e0 cette m\u00e9decine. Uniquement durant la fin de semaine de P\u00e2ques, ce sont trois rapports de vol concernant cette partie du v\u00e9hicule qui font surface, seulement dans le comt\u00e9 de Hays, au Texas.<\/p>\n<h3><strong>Un processus rapide<\/strong><\/h3>\n<p>En 30 petites secondes, les malfaiteurs peuvent repartir chez eux avec le butin. Depuis environ un an, le ph\u00e9nom\u00e8ne prend de l\u2019ampleur et Houston semble \u00eatre l\u2019endroit \u00e0 \u00e9viter avec ce type de camion.<\/p>\n<h3><strong>Le prix \u00e0 payer<\/strong><\/h3>\n<p>Les concessionnaires Ford vendent leurs lumi\u00e8res arri\u00e8re de F-150 au co\u00fbt d\u2019un peu plus de 1375$ canadiens par lumi\u00e8re. Un co\u00fbt \u00e9lev\u00e9.<\/p>\n<h3><strong>Le stratag\u00e8me<\/strong><\/h3>\n<p>Voler les feux arri\u00e8re de cette camionnette est devenu un processus relativement rapide et facile. Les voleurs coupent le c\u00e2blage pour retirer les lumi\u00e8res, ce qui peut aussi causer des dommages durant le processus. Le tout est effectu\u00e9 avec une simple perceuse. Cependant, ceux des unit\u00e9s modernes n\u00e9cessitent un peu plus de temps et de travail pour \u00eatre enlev\u00e9es.<\/p>\n<h3><strong>Un acc\u00e8s facile<\/strong><\/h3>\n<p>Il existe de nombreuses vid\u00e9os et images en ligne qui expliquent comment retirer et remplacer les feux arri\u00e8re. Cela pourrait vous aider \u00e0 les changer vous-m\u00eame si n\u00e9cessaire, mais pourrait \u00e9galement rendre la vie facile aux voleurs.<\/p>\n","protected":false},"excerpt":{"rendered":"<p>Le Ford F-150 connait pr\u00e9sentement une hausse remarqu\u00e9e de vol de feux arri\u00e8re aux \u00c9tats-Unis. \u00c9tant d\u00e9j\u00e0 un v\u00e9hicule particuli\u00e8rement vis\u00e9 par les cambrioleurs, ce sont maintenant les lumi\u00e8res qui go\u00fbtent \u00e0 cette m\u00e9decine. Uniquement durant la fin de semaine de P\u00e2ques, ce sont trois rapports de vol concernant cette partie du v\u00e9hicule qui font [&hellip;]<\/p>\n","protected":false},"author":8,"featured_media":40027,"comment_status":"close","ping_status":"closed","sticky":false,"template":"","format":"standard","meta":{"_monsterinsights_skip_tracking":false,"_monsterinsights_sitenote_active":false,"_monsterinsights_sitenote_note":"","_monsterinsights_sitenote_category":0,"footnotes":""},"categories":[101],"tags":[131],"yoast_head":"<!-- This site is optimized with the Yoast SEO plugin v23.2 - https:\/\/yoast.com\/wordpress\/plugins\/seo\/ -->\n<title>Vols de feux arri\u00e8re pour les F-150 aux \u00c9tats-Unis - CanadaMotorJobs.com<\/title>\n<meta name=\"description\" content=\"Vols de feux arri\u00e8re pour les F-150 aux \u00c9tats-Unis - Benoit Charette - Annuel automobile - CanadaMotorJobs.com.\" \/>\n<meta name=\"robots\" content=\"index, follow, max-snippet:-1, max-image-preview:large, max-video-preview:-1\" \/>\n<meta property=\"og:locale\" content=\"fr_CA\" \/>\n<meta property=\"og:type\" content=\"article\" \/>\n<meta property=\"og:title\" content=\"Vols de feux arri\u00e8re pour les F-150 aux \u00c9tats-Unis - CanadaMotorJobs.com\" \/>\n<meta property=\"og:description\" content=\"Vols de feux arri\u00e8re pour les F-150 aux \u00c9tats-Unis - Benoit Charette - Annuel automobile - CanadaMotorJobs.com.\" \/>\n<meta property=\"og:url\" content=\"https:\/\/news.canadamotorjobs.com\/fr\/vols-de-feux-arriere-pour-les-f-150-aux-etats-unis\/\" \/>\n<meta property=\"og:site_name\" content=\"CanadaMotorJobs.com\" \/>\n<meta property=\"article:publisher\" content=\"https:\/\/www.facebook.com\/canadamotorjobs\/\" \/>\n<meta property=\"article:published_time\" content=\"2022-04-23T11:47:45+00:00\" \/>\n<meta property=\"article:modified_time\" content=\"2022-04-23T17:47:10+00:00\" \/>\n<meta property=\"og:image\" content=\"https:\/\/news.canadamotorjobs.com\/wp-content\/uploads\/2022\/04\/2015-2016-2017-2018-2019-2020-ford-f150-alpharex-pro-series-led-tail-lights-1-1.jpg\" \/>\n\t<meta property=\"og:image:width\" content=\"1024\" \/>\n\t<meta property=\"og:image:height\" content=\"768\" \/>\n\t<meta property=\"og:image:type\" content=\"image\/jpeg\" \/>\n<meta name=\"author\" content=\"Benoit Charette\" \/>\n<meta name=\"twitter:card\" content=\"summary_large_image\" \/>\n<meta name=\"twitter:creator\" content=\"@canadamotorjobs\" \/>\n<meta name=\"twitter:site\" content=\"@canadamotorjobs\" \/>\n<meta name=\"twitter:label1\" content=\"\u00c9crit par\" \/>\n\t<meta name=\"twitter:data1\" content=\"Benoit Charette\" \/>\n\t<meta name=\"twitter:label2\" content=\"Estimation du temps de lecture\" \/>\n\t<meta name=\"twitter:data2\" content=\"1 minute\" \/>\n<!-- \/ Yoast SEO plugin. -->","yoast_head_json":{"title":"Vols de feux arri\u00e8re pour les F-150 aux \u00c9tats-Unis - CanadaMotorJobs.com","description":"Vols de feux arri\u00e8re pour les F-150 aux \u00c9tats-Unis - Benoit Charette - Annuel automobile - CanadaMotorJobs.com.","robots":{"index":"index","follow":"follow","max-snippet":"max-snippet:-1","max-image-preview":"max-image-preview:large","max-video-preview":"max-video-preview:-1"},"og_locale":"fr_CA","og_type":"article","og_title":"Vols de feux arri\u00e8re pour les F-150 aux \u00c9tats-Unis - CanadaMotorJobs.com","og_description":"Vols de feux arri\u00e8re pour les F-150 aux \u00c9tats-Unis - Benoit Charette - Annuel automobile - CanadaMotorJobs.com.","og_url":"https:\/\/news.canadamotorjobs.com\/fr\/vols-de-feux-arriere-pour-les-f-150-aux-etats-unis\/","og_site_name":"CanadaMotorJobs.com","article_publisher":"https:\/\/www.facebook.com\/canadamotorjobs\/","article_published_time":"2022-04-23T11:47:45+00:00","article_modified_time":"2022-04-23T17:47:10+00:00","og_image":[{"width":1024,"height":768,"url":"https:\/\/news.canadamotorjobs.com\/wp-content\/uploads\/2022\/04\/2015-2016-2017-2018-2019-2020-ford-f150-alpharex-pro-series-led-tail-lights-1-1.jpg","type":"image\/jpeg"}],"author":"Benoit Charette","twitter_card":"summary_large_image","twitter_creator":"@canadamotorjobs","twitter_site":"@canadamotorjobs","twitter_misc":{"\u00c9crit par":"Benoit Charette","Estimation du temps de lecture":"1 minute"},"schema":{"@context":"https:\/\/schema.org","@graph":[{"@type":"Article","@id":"https:\/\/news.canadamotorjobs.com\/fr\/vols-de-feux-arriere-pour-les-f-150-aux-etats-unis\/#article","isPartOf":{"@id":"https:\/\/news.canadamotorjobs.com\/fr\/vols-de-feux-arriere-pour-les-f-150-aux-etats-unis\/"},"author":{"name":"Benoit Charette","@id":"https:\/\/news.canadamotorjobs.com\/#\/schema\/person\/51793d1f87d44011d7bcc2ed99269a90"},"headline":"Vols de feux arri\u00e8re pour les F-150 aux \u00c9tats-Unis","datePublished":"2022-04-23T11:47:45+00:00","dateModified":"2022-04-23T17:47:10+00:00","mainEntityOfPage":{"@id":"https:\/\/news.canadamotorjobs.com\/fr\/vols-de-feux-arriere-pour-les-f-150-aux-etats-unis\/"},"wordCount":265,"publisher":{"@id":"https:\/\/news.canadamotorjobs.com\/#organization"},"image":{"@id":"https:\/\/news.canadamotorjobs.com\/fr\/vols-de-feux-arriere-pour-les-f-150-aux-etats-unis\/#primaryimage"},"thumbnailUrl":"https:\/\/news.canadamotorjobs.com\/wp-content\/uploads\/2022\/04\/2015-2016-2017-2018-2019-2020-ford-f150-alpharex-pro-series-led-tail-lights-1-1.jpg","keywords":["Newsletter"],"articleSection":["Annuel automobile"],"inLanguage":"fr-CA"},{"@type":"WebPage","@id":"https:\/\/news.canadamotorjobs.com\/fr\/vols-de-feux-arriere-pour-les-f-150-aux-etats-unis\/","url":"https:\/\/news.canadamotorjobs.com\/fr\/vols-de-feux-arriere-pour-les-f-150-aux-etats-unis\/","name":"Vols de feux arri\u00e8re pour les F-150 aux \u00c9tats-Unis - CanadaMotorJobs.com","isPartOf":{"@id":"https:\/\/news.canadamotorjobs.com\/#website"},"primaryImageOfPage":{"@id":"https:\/\/news.canadamotorjobs.com\/fr\/vols-de-feux-arriere-pour-les-f-150-aux-etats-unis\/#primaryimage"},"image":{"@id":"https:\/\/news.canadamotorjobs.com\/fr\/vols-de-feux-arriere-pour-les-f-150-aux-etats-unis\/#primaryimage"},"thumbnailUrl":"https:\/\/news.canadamotorjobs.com\/wp-content\/uploads\/2022\/04\/2015-2016-2017-2018-2019-2020-ford-f150-alpharex-pro-series-led-tail-lights-1-1.jpg","datePublished":"2022-04-23T11:47:45+00:00","dateModified":"2022-04-23T17:47:10+00:00","description":"Vols de feux arri\u00e8re pour les F-150 aux \u00c9tats-Unis - Benoit Charette - Annuel automobile - CanadaMotorJobs.com.","breadcrumb":{"@id":"https:\/\/news.canadamotorjobs.com\/fr\/vols-de-feux-arriere-pour-les-f-150-aux-etats-unis\/#breadcrumb"},"inLanguage":"fr-CA","potentialAction":[{"@type":"ReadAction","target":["https:\/\/news.canadamotorjobs.com\/fr\/vols-de-feux-arriere-pour-les-f-150-aux-etats-unis\/"]}]},{"@type":"ImageObject","inLanguage":"fr-CA","@id":"https:\/\/news.canadamotorjobs.com\/fr\/vols-de-feux-arriere-pour-les-f-150-aux-etats-unis\/#primaryimage","url":"https:\/\/news.canadamotorjobs.com\/wp-content\/uploads\/2022\/04\/2015-2016-2017-2018-2019-2020-ford-f150-alpharex-pro-series-led-tail-lights-1-1.jpg","contentUrl":"https:\/\/news.canadamotorjobs.com\/wp-content\/uploads\/2022\/04\/2015-2016-2017-2018-2019-2020-ford-f150-alpharex-pro-series-led-tail-lights-1-1.jpg","width":1024,"height":768},{"@type":"BreadcrumbList","@id":"https:\/\/news.canadamotorjobs.com\/fr\/vols-de-feux-arriere-pour-les-f-150-aux-etats-unis\/#breadcrumb","itemListElement":[{"@type":"ListItem","position":1,"name":"Home","item":"https:\/\/news.canadamotorjobs.com\/fr\/blog\/"},{"@type":"ListItem","position":2,"name":"Vols de feux arri\u00e8re pour les F-150 aux \u00c9tats-Unis"}]},{"@type":"WebSite","@id":"https:\/\/news.canadamotorjobs.com\/#website","url":"https:\/\/news.canadamotorjobs.com\/","name":"CanadaMotorJobs.com","description":"Automotive Jobs","publisher":{"@id":"https:\/\/news.canadamotorjobs.com\/#organization"},"potentialAction":[{"@type":"SearchAction","target":{"@type":"EntryPoint","urlTemplate":"https:\/\/news.canadamotorjobs.com\/?s={search_term_string}"},"query-input":"required name=search_term_string"}],"inLanguage":"fr-CA"},{"@type":"Organization","@id":"https:\/\/news.canadamotorjobs.com\/#organization","name":"Canada Motor Jobs","url":"https:\/\/news.canadamotorjobs.com\/","logo":{"@type":"ImageObject","inLanguage":"fr-CA","@id":"https:\/\/news.canadamotorjobs.com\/#\/schema\/logo\/image\/","url":"https:\/\/news.canadamotorjobs.com\/wp-content\/uploads\/2022\/10\/logo-canada-motor-jobs-1.png","contentUrl":"https:\/\/news.canadamotorjobs.com\/wp-content\/uploads\/2022\/10\/logo-canada-motor-jobs-1.png","width":800,"height":400,"caption":"Canada Motor Jobs"},"image":{"@id":"https:\/\/news.canadamotorjobs.com\/#\/schema\/logo\/image\/"},"sameAs":["https:\/\/www.facebook.com\/canadamotorjobs\/","https:\/\/x.com\/canadamotorjobs","https:\/\/www.instagram.com\/canadamotorjobs\/","https:\/\/www.linkedin.com\/company\/canadamotorjobs"]},{"@type":"Person","@id":"https:\/\/news.canadamotorjobs.com\/#\/schema\/person\/51793d1f87d44011d7bcc2ed99269a90","name":"Benoit Charette","image":{"@type":"ImageObject","inLanguage":"fr-CA","@id":"https:\/\/news.canadamotorjobs.com\/#\/schema\/person\/image\/","url":"https:\/\/secure.gravatar.com\/avatar\/45f3d2eebcccd909668d7ce7ea7267b6?s=96&d=mm&r=g","contentUrl":"https:\/\/secure.gravatar.com\/avatar\/45f3d2eebcccd909668d7ce7ea7267b6?s=96&d=mm&r=g","caption":"Benoit Charette"},"description":"Benoit Charette \/ Propri\u00e9taire et r\u00e9dacteur en chef Benoit Charette pratique le journalisme automobile depuis bient\u00f4t 30 ans. Il a fait ses classes au c\u00f4t\u00e9 de Daniel H\u00e9raud et au Carnet de route de 1992 \u00e0 2001. Il est fondateur, copropri\u00e9taire et r\u00e9dacteur en chef de L\u2019Annuel de l\u2019automobile, qu\u2019il publie depuis 2001. Il a anim\u00e9 les \u00e9missions RPM et RPM+ sur V et les L\u00e9gendes de la route sur Historia. \u00c0 la radio depuis 1986, il reprend l\u2019antenne cette ann\u00e9e sur les ondes de Cogeco et participe pour la deuxi\u00e8me ann\u00e9e \u00e0 l\u2019\u00e9mission Passion Auto sur RDS en plus de mettre en ligne le site Web officiel de L\u2019Annuel de l\u2019automobile sur annuelauto.ca.","sameAs":["https:\/\/annuelauto.ca\/"],"url":"https:\/\/news.canadamotorjobs.com\/fr\/author\/benoit-charette\/"}]}},"_links":{"self":[{"href":"https:\/\/news.canadamotorjobs.com\/fr\/wp-json\/wp\/v2\/posts\/40023"}],"collection":[{"href":"https:\/\/news.canadamotorjobs.com\/fr\/wp-json\/wp\/v2\/posts"}],"about":[{"href":"https:\/\/news.canadamotorjobs.com\/fr\/wp-json\/wp\/v2\/types\/post"}],"author":[{"embeddable":true,"href":"https:\/\/news.canadamotorjobs.com\/fr\/wp-json\/wp\/v2\/users\/8"}],"replies":[{"embeddable":true,"href":"https:\/\/news.canadamotorjobs.com\/fr\/wp-json\/wp\/v2\/comments?post=40023"}],"version-history":[{"count":0,"href":"https:\/\/news.canadamotorjobs.com\/fr\/wp-json\/wp\/v2\/posts\/40023\/revisions"}],"wp:featuredmedia":[{"embeddable":true,"href":"https:\/\/news.canadamotorjobs.com\/fr\/wp-json\/wp\/v2\/media\/40027"}],"wp:attachment":[{"href":"https:\/\/news.canadamotorjobs.com\/fr\/wp-json\/wp\/v2\/media?parent=40023"}],"wp:term":[{"taxonomy":"category","embeddable":true,"href":"https:\/\/news.canadamotorjobs.com\/fr\/wp-json\/wp\/v2\/categories?post=40023"},{"taxonomy":"post_tag","embeddable":true,"href":"https:\/\/news.canadamotorjobs.com\/fr\/wp-json\/wp\/v2\/tags?post=40023"}],"curies":[{"name":"wp","href":"https:\/\/api.w.org\/{rel}","templated":true}]}}