{"id":40014,"date":"2022-04-22T16:01:51","date_gmt":"2022-04-22T20:01:51","guid":{"rendered":"https:\/\/blog.canadamotorjobs.com\/tesla-rappelle-tous-ces-modeles-sur-la-route\/"},"modified":"2022-04-22T17:39:22","modified_gmt":"2022-04-22T21:39:22","slug":"tesla-rappelle-tous-ces-modeles-sur-la-route","status":"publish","type":"post","link":"https:\/\/news.canadamotorjobs.com\/fr\/tesla-rappelle-tous-ces-modeles-sur-la-route\/","title":{"rendered":"Tesla rappelle tous ces mod\u00e8les sur la route"},"content":{"rendered":"<p>M\u00eame si les ap\u00f4tres de Tesla traitent les journalistes automobiles comme des despotes, il faut admettre que la compagnie californienne a de fr\u00e9quents et nombreux probl\u00e8mes de qualit\u00e9. Nous parlons souvent de Tesla parce que Tesla fait souvent parler d\u2019elle.<\/p>\n<h3>Deux rappels qui concernent pr\u00e8s de 600\u00a0000 unit\u00e9s<\/h3>\n<p>Le premier, qui concerne uniquement le mod\u00e8le X obligera les clients \u00e0 apporter leur voiture dans un centre de service Tesla pour que le rappel soit effectu\u00e9. L&#8217;autre est un peu plus \u00ab\u00a0Tesla\u00a0\u00bb dans sa solution, avec une mise \u00e0 jour OTA (over the air)utilis\u00e9e pour rendre plus d&#8217;un demi-million de voitures comme la Tesla Model 3 conformes aux r\u00e8gles de s\u00e9curit\u00e9.<\/p>\n<h3>Le premier rappel<\/h3>\n<p>Tout d&#8217;abord, le Model X. Selon le rapport de la NHTSA, ce dernier a des probl\u00e8mes de coussin gonflable lat\u00e9ral. Heureusement, il ne s&#8217;agit que d&#8217;une petite poign\u00e9e de mod\u00e8les X rappel\u00e9s pour ce probl\u00e8me. 7 289 mod\u00e8les sont rappel\u00e9s, car une fen\u00eatre avant ouverte peut interf\u00e9rer avec le d\u00e9ploiement du rideau gonflable. Selon la NHTSA, cette interaction peut entra\u00eener un d\u00e9ploiement incorrect ,ce qui augmente les risques de blessures lors d&#8217;un accident. Les propri\u00e9taires n&#8217;ont qu&#8217;\u00e0 apporter leur Model X dans un centre de service Tesla pour que les changements n\u00e9cessaires soient effectu\u00e9s. De nouvelles languettes forceront le rideau \u00e0 se d\u00e9ployer avec une trajectoire l\u00e9g\u00e8rement plus int\u00e9rieure, l&#8217;\u00e9loignant de tout objet qui pourrait interf\u00e9rer avec lui.<\/p>\n<h3>Un deuxi\u00e8me rappel plus important<\/h3>\n<p>L\u2019autre rappel touche 595 717 mod\u00e8les Tesla, allant de la Tesla Model S \u00e0<\/p>\n","protected":false},"excerpt":{"rendered":"<p>M\u00eame si les ap\u00f4tres de Tesla traitent les journalistes automobiles comme des despotes, il faut admettre que la compagnie californienne a de fr\u00e9quents et nombreux probl\u00e8mes de qualit\u00e9. Nous parlons souvent de Tesla parce que Tesla fait souvent parler d\u2019elle. Deux rappels qui concernent pr\u00e8s de 600\u00a0000 unit\u00e9s Le premier, qui concerne uniquement le mod\u00e8le [&hellip;]<\/p>\n","protected":false},"author":8,"featured_media":40018,"comment_status":"close","ping_status":"closed","sticky":false,"template":"","format":"standard","meta":{"_monsterinsights_skip_tracking":false,"_monsterinsights_sitenote_active":false,"_monsterinsights_sitenote_note":"","_monsterinsights_sitenote_category":0,"footnotes":""},"categories":[101],"tags":[131],"yoast_head":"<!-- This site is optimized with the Yoast SEO plugin v23.2 - https:\/\/yoast.com\/wordpress\/plugins\/seo\/ -->\n<title>Tesla rappelle tous ces mod\u00e8les sur la route - CanadaMotorJobs.com<\/title>\n<meta name=\"description\" content=\"Tesla rappelle tous ces mod\u00e8les sur la route - Benoit Charette - Annuel automobile - CanadaMotorJobs.com.\" \/>\n<meta name=\"robots\" content=\"index, follow, max-snippet:-1, max-image-preview:large, max-video-preview:-1\" \/>\n<meta property=\"og:locale\" content=\"fr_CA\" \/>\n<meta property=\"og:type\" content=\"article\" \/>\n<meta property=\"og:title\" content=\"Tesla rappelle tous ces mod\u00e8les sur la route - CanadaMotorJobs.com\" \/>\n<meta property=\"og:description\" content=\"Tesla rappelle tous ces mod\u00e8les sur la route - Benoit Charette - Annuel automobile - CanadaMotorJobs.com.\" \/>\n<meta property=\"og:url\" content=\"https:\/\/news.canadamotorjobs.com\/fr\/tesla-rappelle-tous-ces-modeles-sur-la-route\/\" \/>\n<meta property=\"og:site_name\" content=\"CanadaMotorJobs.com\" \/>\n<meta property=\"article:publisher\" content=\"https:\/\/www.facebook.com\/canadamotorjobs\/\" \/>\n<meta property=\"article:published_time\" content=\"2022-04-22T20:01:51+00:00\" \/>\n<meta property=\"article:modified_time\" content=\"2022-04-22T21:39:22+00:00\" \/>\n<meta property=\"og:image\" content=\"https:\/\/news.canadamotorjobs.com\/wp-content\/uploads\/2022\/04\/tesla-model-y-1.jpg\" \/>\n\t<meta property=\"og:image:width\" content=\"1920\" \/>\n\t<meta property=\"og:image:height\" content=\"1080\" \/>\n\t<meta property=\"og:image:type\" content=\"image\/jpeg\" \/>\n<meta name=\"author\" content=\"Benoit Charette\" \/>\n<meta name=\"twitter:card\" content=\"summary_large_image\" \/>\n<meta name=\"twitter:creator\" content=\"@canadamotorjobs\" \/>\n<meta name=\"twitter:site\" content=\"@canadamotorjobs\" \/>\n<meta name=\"twitter:label1\" content=\"\u00c9crit par\" \/>\n\t<meta name=\"twitter:data1\" content=\"Benoit Charette\" \/>\n\t<meta name=\"twitter:label2\" content=\"Estimation du temps de lecture\" \/>\n\t<meta name=\"twitter:data2\" content=\"2 minutes\" \/>\n<!-- \/ Yoast SEO plugin. -->","yoast_head_json":{"title":"Tesla rappelle tous ces mod\u00e8les sur la route - CanadaMotorJobs.com","description":"Tesla rappelle tous ces mod\u00e8les sur la route - Benoit Charette - Annuel automobile - CanadaMotorJobs.com.","robots":{"index":"index","follow":"follow","max-snippet":"max-snippet:-1","max-image-preview":"max-image-preview:large","max-video-preview":"max-video-preview:-1"},"og_locale":"fr_CA","og_type":"article","og_title":"Tesla rappelle tous ces mod\u00e8les sur la route - CanadaMotorJobs.com","og_description":"Tesla rappelle tous ces mod\u00e8les sur la route - Benoit Charette - Annuel automobile - CanadaMotorJobs.com.","og_url":"https:\/\/news.canadamotorjobs.com\/fr\/tesla-rappelle-tous-ces-modeles-sur-la-route\/","og_site_name":"CanadaMotorJobs.com","article_publisher":"https:\/\/www.facebook.com\/canadamotorjobs\/","article_published_time":"2022-04-22T20:01:51+00:00","article_modified_time":"2022-04-22T21:39:22+00:00","og_image":[{"width":1920,"height":1080,"url":"https:\/\/news.canadamotorjobs.com\/wp-content\/uploads\/2022\/04\/tesla-model-y-1.jpg","type":"image\/jpeg"}],"author":"Benoit Charette","twitter_card":"summary_large_image","twitter_creator":"@canadamotorjobs","twitter_site":"@canadamotorjobs","twitter_misc":{"\u00c9crit par":"Benoit Charette","Estimation du temps de lecture":"2 minutes"},"schema":{"@context":"https:\/\/schema.org","@graph":[{"@type":"Article","@id":"https:\/\/news.canadamotorjobs.com\/fr\/tesla-rappelle-tous-ces-modeles-sur-la-route\/#article","isPartOf":{"@id":"https:\/\/news.canadamotorjobs.com\/fr\/tesla-rappelle-tous-ces-modeles-sur-la-route\/"},"author":{"name":"Benoit Charette","@id":"https:\/\/news.canadamotorjobs.com\/#\/schema\/person\/51793d1f87d44011d7bcc2ed99269a90"},"headline":"Tesla rappelle tous ces mod\u00e8les sur la route","datePublished":"2022-04-22T20:01:51+00:00","dateModified":"2022-04-22T21:39:22+00:00","mainEntityOfPage":{"@id":"https:\/\/news.canadamotorjobs.com\/fr\/tesla-rappelle-tous-ces-modeles-sur-la-route\/"},"wordCount":293,"publisher":{"@id":"https:\/\/news.canadamotorjobs.com\/#organization"},"image":{"@id":"https:\/\/news.canadamotorjobs.com\/fr\/tesla-rappelle-tous-ces-modeles-sur-la-route\/#primaryimage"},"thumbnailUrl":"https:\/\/news.canadamotorjobs.com\/wp-content\/uploads\/2022\/04\/tesla-model-y-1.jpg","keywords":["Newsletter"],"articleSection":["Annuel automobile"],"inLanguage":"fr-CA"},{"@type":"WebPage","@id":"https:\/\/news.canadamotorjobs.com\/fr\/tesla-rappelle-tous-ces-modeles-sur-la-route\/","url":"https:\/\/news.canadamotorjobs.com\/fr\/tesla-rappelle-tous-ces-modeles-sur-la-route\/","name":"Tesla rappelle tous ces mod\u00e8les sur la route - CanadaMotorJobs.com","isPartOf":{"@id":"https:\/\/news.canadamotorjobs.com\/#website"},"primaryImageOfPage":{"@id":"https:\/\/news.canadamotorjobs.com\/fr\/tesla-rappelle-tous-ces-modeles-sur-la-route\/#primaryimage"},"image":{"@id":"https:\/\/news.canadamotorjobs.com\/fr\/tesla-rappelle-tous-ces-modeles-sur-la-route\/#primaryimage"},"thumbnailUrl":"https:\/\/news.canadamotorjobs.com\/wp-content\/uploads\/2022\/04\/tesla-model-y-1.jpg","datePublished":"2022-04-22T20:01:51+00:00","dateModified":"2022-04-22T21:39:22+00:00","description":"Tesla rappelle tous ces mod\u00e8les sur la route - Benoit Charette - Annuel automobile - CanadaMotorJobs.com.","breadcrumb":{"@id":"https:\/\/news.canadamotorjobs.com\/fr\/tesla-rappelle-tous-ces-modeles-sur-la-route\/#breadcrumb"},"inLanguage":"fr-CA","potentialAction":[{"@type":"ReadAction","target":["https:\/\/news.canadamotorjobs.com\/fr\/tesla-rappelle-tous-ces-modeles-sur-la-route\/"]}]},{"@type":"ImageObject","inLanguage":"fr-CA","@id":"https:\/\/news.canadamotorjobs.com\/fr\/tesla-rappelle-tous-ces-modeles-sur-la-route\/#primaryimage","url":"https:\/\/news.canadamotorjobs.com\/wp-content\/uploads\/2022\/04\/tesla-model-y-1.jpg","contentUrl":"https:\/\/news.canadamotorjobs.com\/wp-content\/uploads\/2022\/04\/tesla-model-y-1.jpg","width":1920,"height":1080},{"@type":"BreadcrumbList","@id":"https:\/\/news.canadamotorjobs.com\/fr\/tesla-rappelle-tous-ces-modeles-sur-la-route\/#breadcrumb","itemListElement":[{"@type":"ListItem","position":1,"name":"Home","item":"https:\/\/news.canadamotorjobs.com\/fr\/blog\/"},{"@type":"ListItem","position":2,"name":"Tesla rappelle tous ces mod\u00e8les sur la route"}]},{"@type":"WebSite","@id":"https:\/\/news.canadamotorjobs.com\/#website","url":"https:\/\/news.canadamotorjobs.com\/","name":"CanadaMotorJobs.com","description":"Automotive Jobs","publisher":{"@id":"https:\/\/news.canadamotorjobs.com\/#organization"},"potentialAction":[{"@type":"SearchAction","target":{"@type":"EntryPoint","urlTemplate":"https:\/\/news.canadamotorjobs.com\/?s={search_term_string}"},"query-input":"required name=search_term_string"}],"inLanguage":"fr-CA"},{"@type":"Organization","@id":"https:\/\/news.canadamotorjobs.com\/#organization","name":"Canada Motor Jobs","url":"https:\/\/news.canadamotorjobs.com\/","logo":{"@type":"ImageObject","inLanguage":"fr-CA","@id":"https:\/\/news.canadamotorjobs.com\/#\/schema\/logo\/image\/","url":"https:\/\/news.canadamotorjobs.com\/wp-content\/uploads\/2022\/10\/logo-canada-motor-jobs-1.png","contentUrl":"https:\/\/news.canadamotorjobs.com\/wp-content\/uploads\/2022\/10\/logo-canada-motor-jobs-1.png","width":800,"height":400,"caption":"Canada Motor Jobs"},"image":{"@id":"https:\/\/news.canadamotorjobs.com\/#\/schema\/logo\/image\/"},"sameAs":["https:\/\/www.facebook.com\/canadamotorjobs\/","https:\/\/x.com\/canadamotorjobs","https:\/\/www.instagram.com\/canadamotorjobs\/","https:\/\/www.linkedin.com\/company\/canadamotorjobs"]},{"@type":"Person","@id":"https:\/\/news.canadamotorjobs.com\/#\/schema\/person\/51793d1f87d44011d7bcc2ed99269a90","name":"Benoit Charette","image":{"@type":"ImageObject","inLanguage":"fr-CA","@id":"https:\/\/news.canadamotorjobs.com\/#\/schema\/person\/image\/","url":"https:\/\/secure.gravatar.com\/avatar\/45f3d2eebcccd909668d7ce7ea7267b6?s=96&d=mm&r=g","contentUrl":"https:\/\/secure.gravatar.com\/avatar\/45f3d2eebcccd909668d7ce7ea7267b6?s=96&d=mm&r=g","caption":"Benoit Charette"},"description":"Benoit Charette \/ Propri\u00e9taire et r\u00e9dacteur en chef Benoit Charette pratique le journalisme automobile depuis bient\u00f4t 30 ans. Il a fait ses classes au c\u00f4t\u00e9 de Daniel H\u00e9raud et au Carnet de route de 1992 \u00e0 2001. Il est fondateur, copropri\u00e9taire et r\u00e9dacteur en chef de L\u2019Annuel de l\u2019automobile, qu\u2019il publie depuis 2001. Il a anim\u00e9 les \u00e9missions RPM et RPM+ sur V et les L\u00e9gendes de la route sur Historia. \u00c0 la radio depuis 1986, il reprend l\u2019antenne cette ann\u00e9e sur les ondes de Cogeco et participe pour la deuxi\u00e8me ann\u00e9e \u00e0 l\u2019\u00e9mission Passion Auto sur RDS en plus de mettre en ligne le site Web officiel de L\u2019Annuel de l\u2019automobile sur annuelauto.ca.","sameAs":["https:\/\/annuelauto.ca\/"],"url":"https:\/\/news.canadamotorjobs.com\/fr\/author\/benoit-charette\/"}]}},"_links":{"self":[{"href":"https:\/\/news.canadamotorjobs.com\/fr\/wp-json\/wp\/v2\/posts\/40014"}],"collection":[{"href":"https:\/\/news.canadamotorjobs.com\/fr\/wp-json\/wp\/v2\/posts"}],"about":[{"href":"https:\/\/news.canadamotorjobs.com\/fr\/wp-json\/wp\/v2\/types\/post"}],"author":[{"embeddable":true,"href":"https:\/\/news.canadamotorjobs.com\/fr\/wp-json\/wp\/v2\/users\/8"}],"replies":[{"embeddable":true,"href":"https:\/\/news.canadamotorjobs.com\/fr\/wp-json\/wp\/v2\/comments?post=40014"}],"version-history":[{"count":0,"href":"https:\/\/news.canadamotorjobs.com\/fr\/wp-json\/wp\/v2\/posts\/40014\/revisions"}],"wp:featuredmedia":[{"embeddable":true,"href":"https:\/\/news.canadamotorjobs.com\/fr\/wp-json\/wp\/v2\/media\/40018"}],"wp:attachment":[{"href":"https:\/\/news.canadamotorjobs.com\/fr\/wp-json\/wp\/v2\/media?parent=40014"}],"wp:term":[{"taxonomy":"category","embeddable":true,"href":"https:\/\/news.canadamotorjobs.com\/fr\/wp-json\/wp\/v2\/categories?post=40014"},{"taxonomy":"post_tag","embeddable":true,"href":"https:\/\/news.canadamotorjobs.com\/fr\/wp-json\/wp\/v2\/tags?post=40014"}],"curies":[{"name":"wp","href":"https:\/\/api.w.org\/{rel}","templated":true}]}}