{"id":40006,"date":"2022-04-22T13:14:07","date_gmt":"2022-04-22T17:14:07","guid":{"rendered":"https:\/\/blog.canadamotorjobs.com\/la-ford-p1-de-team-fordzilla-adopte-une-couleur-reflechissante-spectaculaire\/"},"modified":"2022-04-22T13:14:23","modified_gmt":"2022-04-22T17:14:23","slug":"la-ford-p1-de-team-fordzilla-adopte-une-couleur-reflechissante-spectaculaire","status":"publish","type":"post","link":"https:\/\/news.canadamotorjobs.com\/fr\/la-ford-p1-de-team-fordzilla-adopte-une-couleur-reflechissante-spectaculaire\/","title":{"rendered":"La Ford P1 de Team Fordzilla adopte une couleur r\u00e9fl\u00e9chissante spectaculaire"},"content":{"rendered":"<\/p>\n<p>Ford et Team Fordzilla ont d\u00e9voil\u00e9 la plus r\u00e9cente \u00e9volution de la P1, leur bolide de course virtuel. Il rev\u00eat d\u00e9sormais une robe orange con\u00e7ue pour offrir des reflets spectaculaires. Cette nouvelle mouture de la P1 sera d\u00e9voil\u00e9e \u00e0 une date ind\u00e9termin\u00e9e dans le cadre d\u2019un \u00e9v\u00e9nement eSports organis\u00e9 par <a href=\"https:\/\/annuelauto.ca\/ford-separe-sa-compagnie-en-deux\/\" target=\"_blank\" rel=\"noopener noreferrer\">Ford<\/a> et Racesquare \u00e0 Alkmaar aux Pays-Bas.<\/p>\n<p> Lors de cet \u00e9v\u00e9nement, qui aura une plate-forme de diffusion en direct, les joueurs et autres passionn\u00e9s de cette discipline virtuelle pourront admirer cette peinture r\u00e9fl\u00e9chissante de pr\u00e8s. Ils auront m\u00eame le privil\u00e8ge de monter \u00e0 bord de la P1 de grandeur nature.<br \/> <strong>Apparence ravageuse<\/strong><br \/> Pour obtenir cette nouvelle apparence ravageuse et novatrice, explique Ford, ses concepteurs ont utilis\u00e9 un processus exp\u00e9rimental donnant \u00e0 cette peinture orange r\u00e9fl\u00e9chissante une capacit\u00e9 d\u2019interagir directement avec la lumi\u00e8re et l&#8217;environnement.<\/p>\n<p> \u00ab\u00a0Quel meilleur v\u00e9hicule que celui du Team Fordzilla pour essayer cette incroyable peinture\u00a0? Cette voiture est source d\u2019innovation depuis sa cr\u00e9ation. Les reflets captur\u00e9s par cette finition sont vraiment incroyables. Elle est \u00e9galement un joli clin d\u2019\u0153il pour souligner les d\u00e9buts de la voiture aux Pays-Bas\u00a0\u00bb, explique Boris Ferko, responsable du design chez Team Fordzilla, une filiale de Ford Europe.<\/p>\n<p> La P1 a \u00e9t\u00e9 d\u00e9voil\u00e9e en ao\u00fbt 2020 dans le cadre de Gamescom, le plus grand salon europ\u00e9en du jeu vid\u00e9o. C\u2019\u00e9tait la premi\u00e8re voiture de course virtuelle con\u00e7ue par les designers d&#8217;un constructeur automobile en collaboration avec des passionn\u00e9s de jeux sur internet.<br \/> <strong>Choisie par plus de 200\u00a0000 internautes<\/strong><br \/> \u00c0 l\u2019\u00e9tape finale<\/p>\n","protected":false},"excerpt":{"rendered":"<p>Ford et Team Fordzilla ont d\u00e9voil\u00e9 la plus r\u00e9cente \u00e9volution de la P1, leur bolide de course virtuel. Il rev\u00eat d\u00e9sormais une robe orange con\u00e7ue pour offrir des reflets spectaculaires. Cette nouvelle mouture de la P1 sera d\u00e9voil\u00e9e \u00e0 une date ind\u00e9termin\u00e9e dans le cadre d\u2019un \u00e9v\u00e9nement eSports organis\u00e9 par Ford et Racesquare \u00e0 Alkmaar [&hellip;]<\/p>\n","protected":false},"author":8,"featured_media":40010,"comment_status":"close","ping_status":"closed","sticky":false,"template":"","format":"standard","meta":{"_monsterinsights_skip_tracking":false,"_monsterinsights_sitenote_active":false,"_monsterinsights_sitenote_note":"","_monsterinsights_sitenote_category":0,"footnotes":""},"categories":[101],"tags":[],"yoast_head":"<!-- This site is optimized with the Yoast SEO plugin v23.2 - https:\/\/yoast.com\/wordpress\/plugins\/seo\/ -->\n<title>La Ford P1 de Team Fordzilla adopte une couleur r\u00e9fl\u00e9chissante spectaculaire - CanadaMotorJobs.com<\/title>\n<meta name=\"description\" content=\"La Ford P1 de Team Fordzilla adopte une couleur r\u00e9fl\u00e9chissante spectaculaire - Benoit Charette - Annuel automobile - CanadaMotorJobs.com.\" \/>\n<meta name=\"robots\" content=\"index, follow, max-snippet:-1, max-image-preview:large, max-video-preview:-1\" \/>\n<meta property=\"og:locale\" content=\"fr_CA\" \/>\n<meta property=\"og:type\" content=\"article\" \/>\n<meta property=\"og:title\" content=\"La Ford P1 de Team Fordzilla adopte une couleur r\u00e9fl\u00e9chissante spectaculaire - CanadaMotorJobs.com\" \/>\n<meta property=\"og:description\" content=\"La Ford P1 de Team Fordzilla adopte une couleur r\u00e9fl\u00e9chissante spectaculaire - Benoit Charette - Annuel automobile - CanadaMotorJobs.com.\" \/>\n<meta property=\"og:url\" content=\"https:\/\/news.canadamotorjobs.com\/fr\/la-ford-p1-de-team-fordzilla-adopte-une-couleur-reflechissante-spectaculaire\/\" \/>\n<meta property=\"og:site_name\" content=\"CanadaMotorJobs.com\" \/>\n<meta property=\"article:publisher\" content=\"https:\/\/www.facebook.com\/canadamotorjobs\/\" \/>\n<meta property=\"article:published_time\" content=\"2022-04-22T17:14:07+00:00\" \/>\n<meta property=\"article:modified_time\" content=\"2022-04-22T17:14:23+00:00\" \/>\n<meta property=\"og:image\" content=\"https:\/\/news.canadamotorjobs.com\/wp-content\/uploads\/2022\/04\/Ford-P1-Fordzilla-2022-04-1-1.jpg\" \/>\n\t<meta property=\"og:image:width\" content=\"1500\" \/>\n\t<meta property=\"og:image:height\" content=\"1000\" \/>\n\t<meta property=\"og:image:type\" content=\"image\/jpeg\" \/>\n<meta name=\"author\" content=\"Benoit Charette\" \/>\n<meta name=\"twitter:card\" content=\"summary_large_image\" \/>\n<meta name=\"twitter:creator\" content=\"@canadamotorjobs\" \/>\n<meta name=\"twitter:site\" content=\"@canadamotorjobs\" \/>\n<meta name=\"twitter:label1\" content=\"\u00c9crit par\" \/>\n\t<meta name=\"twitter:data1\" content=\"Benoit Charette\" \/>\n\t<meta name=\"twitter:label2\" content=\"Estimation du temps de lecture\" \/>\n\t<meta name=\"twitter:data2\" content=\"1 minute\" \/>\n<!-- \/ Yoast SEO plugin. -->","yoast_head_json":{"title":"La Ford P1 de Team Fordzilla adopte une couleur r\u00e9fl\u00e9chissante spectaculaire - CanadaMotorJobs.com","description":"La Ford P1 de Team Fordzilla adopte une couleur r\u00e9fl\u00e9chissante spectaculaire - Benoit Charette - Annuel automobile - CanadaMotorJobs.com.","robots":{"index":"index","follow":"follow","max-snippet":"max-snippet:-1","max-image-preview":"max-image-preview:large","max-video-preview":"max-video-preview:-1"},"og_locale":"fr_CA","og_type":"article","og_title":"La Ford P1 de Team Fordzilla adopte une couleur r\u00e9fl\u00e9chissante spectaculaire - CanadaMotorJobs.com","og_description":"La Ford P1 de Team Fordzilla adopte une couleur r\u00e9fl\u00e9chissante spectaculaire - Benoit Charette - Annuel automobile - CanadaMotorJobs.com.","og_url":"https:\/\/news.canadamotorjobs.com\/fr\/la-ford-p1-de-team-fordzilla-adopte-une-couleur-reflechissante-spectaculaire\/","og_site_name":"CanadaMotorJobs.com","article_publisher":"https:\/\/www.facebook.com\/canadamotorjobs\/","article_published_time":"2022-04-22T17:14:07+00:00","article_modified_time":"2022-04-22T17:14:23+00:00","og_image":[{"width":1500,"height":1000,"url":"https:\/\/news.canadamotorjobs.com\/wp-content\/uploads\/2022\/04\/Ford-P1-Fordzilla-2022-04-1-1.jpg","type":"image\/jpeg"}],"author":"Benoit Charette","twitter_card":"summary_large_image","twitter_creator":"@canadamotorjobs","twitter_site":"@canadamotorjobs","twitter_misc":{"\u00c9crit par":"Benoit Charette","Estimation du temps de lecture":"1 minute"},"schema":{"@context":"https:\/\/schema.org","@graph":[{"@type":"Article","@id":"https:\/\/news.canadamotorjobs.com\/fr\/la-ford-p1-de-team-fordzilla-adopte-une-couleur-reflechissante-spectaculaire\/#article","isPartOf":{"@id":"https:\/\/news.canadamotorjobs.com\/fr\/la-ford-p1-de-team-fordzilla-adopte-une-couleur-reflechissante-spectaculaire\/"},"author":{"name":"Benoit Charette","@id":"https:\/\/news.canadamotorjobs.com\/#\/schema\/person\/51793d1f87d44011d7bcc2ed99269a90"},"headline":"La Ford P1 de Team Fordzilla adopte une couleur r\u00e9fl\u00e9chissante spectaculaire","datePublished":"2022-04-22T17:14:07+00:00","dateModified":"2022-04-22T17:14:23+00:00","mainEntityOfPage":{"@id":"https:\/\/news.canadamotorjobs.com\/fr\/la-ford-p1-de-team-fordzilla-adopte-une-couleur-reflechissante-spectaculaire\/"},"wordCount":294,"publisher":{"@id":"https:\/\/news.canadamotorjobs.com\/#organization"},"image":{"@id":"https:\/\/news.canadamotorjobs.com\/fr\/la-ford-p1-de-team-fordzilla-adopte-une-couleur-reflechissante-spectaculaire\/#primaryimage"},"thumbnailUrl":"https:\/\/news.canadamotorjobs.com\/wp-content\/uploads\/2022\/04\/Ford-P1-Fordzilla-2022-04-1-1.jpg","articleSection":["Annuel automobile"],"inLanguage":"fr-CA"},{"@type":"WebPage","@id":"https:\/\/news.canadamotorjobs.com\/fr\/la-ford-p1-de-team-fordzilla-adopte-une-couleur-reflechissante-spectaculaire\/","url":"https:\/\/news.canadamotorjobs.com\/fr\/la-ford-p1-de-team-fordzilla-adopte-une-couleur-reflechissante-spectaculaire\/","name":"La Ford P1 de Team Fordzilla adopte une couleur r\u00e9fl\u00e9chissante spectaculaire - CanadaMotorJobs.com","isPartOf":{"@id":"https:\/\/news.canadamotorjobs.com\/#website"},"primaryImageOfPage":{"@id":"https:\/\/news.canadamotorjobs.com\/fr\/la-ford-p1-de-team-fordzilla-adopte-une-couleur-reflechissante-spectaculaire\/#primaryimage"},"image":{"@id":"https:\/\/news.canadamotorjobs.com\/fr\/la-ford-p1-de-team-fordzilla-adopte-une-couleur-reflechissante-spectaculaire\/#primaryimage"},"thumbnailUrl":"https:\/\/news.canadamotorjobs.com\/wp-content\/uploads\/2022\/04\/Ford-P1-Fordzilla-2022-04-1-1.jpg","datePublished":"2022-04-22T17:14:07+00:00","dateModified":"2022-04-22T17:14:23+00:00","description":"La Ford P1 de Team Fordzilla adopte une couleur r\u00e9fl\u00e9chissante spectaculaire - Benoit Charette - Annuel automobile - CanadaMotorJobs.com.","breadcrumb":{"@id":"https:\/\/news.canadamotorjobs.com\/fr\/la-ford-p1-de-team-fordzilla-adopte-une-couleur-reflechissante-spectaculaire\/#breadcrumb"},"inLanguage":"fr-CA","potentialAction":[{"@type":"ReadAction","target":["https:\/\/news.canadamotorjobs.com\/fr\/la-ford-p1-de-team-fordzilla-adopte-une-couleur-reflechissante-spectaculaire\/"]}]},{"@type":"ImageObject","inLanguage":"fr-CA","@id":"https:\/\/news.canadamotorjobs.com\/fr\/la-ford-p1-de-team-fordzilla-adopte-une-couleur-reflechissante-spectaculaire\/#primaryimage","url":"https:\/\/news.canadamotorjobs.com\/wp-content\/uploads\/2022\/04\/Ford-P1-Fordzilla-2022-04-1-1.jpg","contentUrl":"https:\/\/news.canadamotorjobs.com\/wp-content\/uploads\/2022\/04\/Ford-P1-Fordzilla-2022-04-1-1.jpg","width":1500,"height":1000},{"@type":"BreadcrumbList","@id":"https:\/\/news.canadamotorjobs.com\/fr\/la-ford-p1-de-team-fordzilla-adopte-une-couleur-reflechissante-spectaculaire\/#breadcrumb","itemListElement":[{"@type":"ListItem","position":1,"name":"Home","item":"https:\/\/news.canadamotorjobs.com\/fr\/blog\/"},{"@type":"ListItem","position":2,"name":"La Ford P1 de Team Fordzilla adopte une couleur r\u00e9fl\u00e9chissante spectaculaire"}]},{"@type":"WebSite","@id":"https:\/\/news.canadamotorjobs.com\/#website","url":"https:\/\/news.canadamotorjobs.com\/","name":"CanadaMotorJobs.com","description":"Automotive Jobs","publisher":{"@id":"https:\/\/news.canadamotorjobs.com\/#organization"},"potentialAction":[{"@type":"SearchAction","target":{"@type":"EntryPoint","urlTemplate":"https:\/\/news.canadamotorjobs.com\/?s={search_term_string}"},"query-input":"required name=search_term_string"}],"inLanguage":"fr-CA"},{"@type":"Organization","@id":"https:\/\/news.canadamotorjobs.com\/#organization","name":"Canada Motor Jobs","url":"https:\/\/news.canadamotorjobs.com\/","logo":{"@type":"ImageObject","inLanguage":"fr-CA","@id":"https:\/\/news.canadamotorjobs.com\/#\/schema\/logo\/image\/","url":"https:\/\/news.canadamotorjobs.com\/wp-content\/uploads\/2022\/10\/logo-canada-motor-jobs-1.png","contentUrl":"https:\/\/news.canadamotorjobs.com\/wp-content\/uploads\/2022\/10\/logo-canada-motor-jobs-1.png","width":800,"height":400,"caption":"Canada Motor Jobs"},"image":{"@id":"https:\/\/news.canadamotorjobs.com\/#\/schema\/logo\/image\/"},"sameAs":["https:\/\/www.facebook.com\/canadamotorjobs\/","https:\/\/x.com\/canadamotorjobs","https:\/\/www.instagram.com\/canadamotorjobs\/","https:\/\/www.linkedin.com\/company\/canadamotorjobs"]},{"@type":"Person","@id":"https:\/\/news.canadamotorjobs.com\/#\/schema\/person\/51793d1f87d44011d7bcc2ed99269a90","name":"Benoit Charette","image":{"@type":"ImageObject","inLanguage":"fr-CA","@id":"https:\/\/news.canadamotorjobs.com\/#\/schema\/person\/image\/","url":"https:\/\/secure.gravatar.com\/avatar\/45f3d2eebcccd909668d7ce7ea7267b6?s=96&d=mm&r=g","contentUrl":"https:\/\/secure.gravatar.com\/avatar\/45f3d2eebcccd909668d7ce7ea7267b6?s=96&d=mm&r=g","caption":"Benoit Charette"},"description":"Benoit Charette \/ Propri\u00e9taire et r\u00e9dacteur en chef Benoit Charette pratique le journalisme automobile depuis bient\u00f4t 30 ans. Il a fait ses classes au c\u00f4t\u00e9 de Daniel H\u00e9raud et au Carnet de route de 1992 \u00e0 2001. Il est fondateur, copropri\u00e9taire et r\u00e9dacteur en chef de L\u2019Annuel de l\u2019automobile, qu\u2019il publie depuis 2001. Il a anim\u00e9 les \u00e9missions RPM et RPM+ sur V et les L\u00e9gendes de la route sur Historia. \u00c0 la radio depuis 1986, il reprend l\u2019antenne cette ann\u00e9e sur les ondes de Cogeco et participe pour la deuxi\u00e8me ann\u00e9e \u00e0 l\u2019\u00e9mission Passion Auto sur RDS en plus de mettre en ligne le site Web officiel de L\u2019Annuel de l\u2019automobile sur annuelauto.ca.","sameAs":["https:\/\/annuelauto.ca\/"],"url":"https:\/\/news.canadamotorjobs.com\/fr\/author\/benoit-charette\/"}]}},"_links":{"self":[{"href":"https:\/\/news.canadamotorjobs.com\/fr\/wp-json\/wp\/v2\/posts\/40006"}],"collection":[{"href":"https:\/\/news.canadamotorjobs.com\/fr\/wp-json\/wp\/v2\/posts"}],"about":[{"href":"https:\/\/news.canadamotorjobs.com\/fr\/wp-json\/wp\/v2\/types\/post"}],"author":[{"embeddable":true,"href":"https:\/\/news.canadamotorjobs.com\/fr\/wp-json\/wp\/v2\/users\/8"}],"replies":[{"embeddable":true,"href":"https:\/\/news.canadamotorjobs.com\/fr\/wp-json\/wp\/v2\/comments?post=40006"}],"version-history":[{"count":0,"href":"https:\/\/news.canadamotorjobs.com\/fr\/wp-json\/wp\/v2\/posts\/40006\/revisions"}],"wp:featuredmedia":[{"embeddable":true,"href":"https:\/\/news.canadamotorjobs.com\/fr\/wp-json\/wp\/v2\/media\/40010"}],"wp:attachment":[{"href":"https:\/\/news.canadamotorjobs.com\/fr\/wp-json\/wp\/v2\/media?parent=40006"}],"wp:term":[{"taxonomy":"category","embeddable":true,"href":"https:\/\/news.canadamotorjobs.com\/fr\/wp-json\/wp\/v2\/categories?post=40006"},{"taxonomy":"post_tag","embeddable":true,"href":"https:\/\/news.canadamotorjobs.com\/fr\/wp-json\/wp\/v2\/tags?post=40006"}],"curies":[{"name":"wp","href":"https:\/\/api.w.org\/{rel}","templated":true}]}}