{"id":39998,"date":"2022-04-22T11:22:35","date_gmt":"2022-04-22T15:22:35","guid":{"rendered":"https:\/\/blog.canadamotorjobs.com\/le-mazda-mx-30-aura-une-version-hybride-branchable\/"},"modified":"2022-04-22T11:29:46","modified_gmt":"2022-04-22T15:29:46","slug":"le-mazda-mx-30-aura-une-version-hybride-branchable","status":"publish","type":"post","link":"https:\/\/news.canadamotorjobs.com\/fr\/le-mazda-mx-30-aura-une-version-hybride-branchable\/","title":{"rendered":"Le Mazda MX-30 aura une version hybride branchable"},"content":{"rendered":"<\/p>\n<p>Mazda l\u2019avait annonc\u00e9 et c\u2019est maintenant une r\u00e9alit\u00e9. Il y aura dans la prochaine ann\u00e9e une version hybride branchable du Mazda MX-30. Mazda va ajouter un petit moteur rotatif au moteur \u00e9lectrique de 35,5 kWh pour amener l\u2019autonomie totale \u00e0 pr\u00eat de 400 km pour prolonger l\u2019autonomie.<br \/> Le moteur rotatif servira de g\u00e9n\u00e9rateur et prolongera l&#8217;autonomie limit\u00e9e de la MX-30.<br \/> Bien qu&#8217;il soit commercialis\u00e9 en tant qu&#8217;hybride rechargeable, le MX-30 fonctionnera davantage comme une Chevrolet Volt ou une BMW i3. Le moteur rotatif n&#8217;entra\u00eenera pas directement les roues. Il agira plut\u00f4t comme un g\u00e9n\u00e9rateur pour charger les batteries. Mazda n\u2019a pas confirm\u00e9 si la batterie de 35,5 kWh qui donne une autonomie annonc\u00e9e de 160 km va demeurer en place (nous l\u2019esp\u00e9rons). Le prolongateur d&#8217;autonomie pourrait fournir 120 km suppl\u00e9mentaires, rendant l&#8217;autonomie de la MX-30 beaucoup plus comp\u00e9titive.<br \/> Un tout \u00e9lectrique peu attirant, mais un hybride branchable attrayant<br \/> Selon Automotive News, la MX-30 \u00e0 autonomie \u00e9tendue sera livrable avant la fin de l&#8217;ann\u00e9e fiscale actuelle de Mazda, qui se termine le 31 mars 2023. Si Mazda garde la m\u00eame batterie et ajoute un prolongateur d\u2019autonomie qui am\u00e8ne l\u2019autonomie totale \u00e0 pr\u00e8s de 400 km avec une partie purement \u00e9lectrique de 160 km dans de bonnes conditions, cela en fera le v\u00e9hicule hybride branchable le plus int\u00e9ressant sur le march\u00e9. Il faudra toutefois \u00eatre prudent sur le prix qui ne devra pas d\u00e9passer celui du mod\u00e8le tout \u00e9lectrique.<\/p>\n<p> Avec des renseignements d\u2019Automotive News<\/p>\n<p>Le texte <a rel=\"nofollow\" href=\"https:\/\/annuelauto.ca\/le-mazda-mx-30-aura-une-version-hybride-branchable\/\">Le Mazda MX-30 aura une version<\/p>\n<p><\/a><\/p>\n","protected":false},"excerpt":{"rendered":"<p>Mazda l\u2019avait annonc\u00e9 et c\u2019est maintenant une r\u00e9alit\u00e9. Il y aura dans la prochaine ann\u00e9e une version hybride branchable du Mazda MX-30. Mazda va ajouter un petit moteur rotatif au moteur \u00e9lectrique de 35,5 kWh pour amener l\u2019autonomie totale \u00e0 pr\u00eat de 400 km pour prolonger l\u2019autonomie. Le moteur rotatif servira de g\u00e9n\u00e9rateur et prolongera [&hellip;]<\/p>\n","protected":false},"author":8,"featured_media":40002,"comment_status":"close","ping_status":"closed","sticky":false,"template":"","format":"standard","meta":{"_monsterinsights_skip_tracking":false,"_monsterinsights_sitenote_active":false,"_monsterinsights_sitenote_note":"","_monsterinsights_sitenote_category":0,"footnotes":""},"categories":[101],"tags":[],"yoast_head":"<!-- This site is optimized with the Yoast SEO plugin v23.2 - https:\/\/yoast.com\/wordpress\/plugins\/seo\/ -->\n<title>Le Mazda MX-30 aura une version hybride branchable - CanadaMotorJobs.com<\/title>\n<meta name=\"description\" content=\"Le Mazda MX-30 aura une version hybride branchable - Benoit Charette - Annuel automobile - CanadaMotorJobs.com.\" \/>\n<meta name=\"robots\" content=\"index, follow, max-snippet:-1, max-image-preview:large, max-video-preview:-1\" \/>\n<meta property=\"og:locale\" content=\"fr_CA\" \/>\n<meta property=\"og:type\" content=\"article\" \/>\n<meta property=\"og:title\" content=\"Le Mazda MX-30 aura une version hybride branchable - CanadaMotorJobs.com\" \/>\n<meta property=\"og:description\" content=\"Le Mazda MX-30 aura une version hybride branchable - Benoit Charette - Annuel automobile - CanadaMotorJobs.com.\" \/>\n<meta property=\"og:url\" content=\"https:\/\/news.canadamotorjobs.com\/fr\/le-mazda-mx-30-aura-une-version-hybride-branchable\/\" \/>\n<meta property=\"og:site_name\" content=\"CanadaMotorJobs.com\" \/>\n<meta property=\"article:publisher\" content=\"https:\/\/www.facebook.com\/canadamotorjobs\/\" \/>\n<meta property=\"article:published_time\" content=\"2022-04-22T15:22:35+00:00\" \/>\n<meta property=\"article:modified_time\" content=\"2022-04-22T15:29:46+00:00\" \/>\n<meta property=\"og:image\" content=\"https:\/\/news.canadamotorjobs.com\/wp-content\/uploads\/2022\/04\/hero-mx-30.ts_.1910230018130000-1.jpg\" \/>\n\t<meta property=\"og:image:width\" content=\"1366\" \/>\n\t<meta property=\"og:image:height\" content=\"809\" \/>\n\t<meta property=\"og:image:type\" content=\"image\/jpeg\" \/>\n<meta name=\"author\" content=\"Benoit Charette\" \/>\n<meta name=\"twitter:card\" content=\"summary_large_image\" \/>\n<meta name=\"twitter:creator\" content=\"@canadamotorjobs\" \/>\n<meta name=\"twitter:site\" content=\"@canadamotorjobs\" \/>\n<meta name=\"twitter:label1\" content=\"\u00c9crit par\" \/>\n\t<meta name=\"twitter:data1\" content=\"Benoit Charette\" \/>\n\t<meta name=\"twitter:label2\" content=\"Estimation du temps de lecture\" \/>\n\t<meta name=\"twitter:data2\" content=\"1 minute\" \/>\n<!-- \/ Yoast SEO plugin. -->","yoast_head_json":{"title":"Le Mazda MX-30 aura une version hybride branchable - CanadaMotorJobs.com","description":"Le Mazda MX-30 aura une version hybride branchable - Benoit Charette - Annuel automobile - CanadaMotorJobs.com.","robots":{"index":"index","follow":"follow","max-snippet":"max-snippet:-1","max-image-preview":"max-image-preview:large","max-video-preview":"max-video-preview:-1"},"og_locale":"fr_CA","og_type":"article","og_title":"Le Mazda MX-30 aura une version hybride branchable - CanadaMotorJobs.com","og_description":"Le Mazda MX-30 aura une version hybride branchable - Benoit Charette - Annuel automobile - CanadaMotorJobs.com.","og_url":"https:\/\/news.canadamotorjobs.com\/fr\/le-mazda-mx-30-aura-une-version-hybride-branchable\/","og_site_name":"CanadaMotorJobs.com","article_publisher":"https:\/\/www.facebook.com\/canadamotorjobs\/","article_published_time":"2022-04-22T15:22:35+00:00","article_modified_time":"2022-04-22T15:29:46+00:00","og_image":[{"width":1366,"height":809,"url":"https:\/\/news.canadamotorjobs.com\/wp-content\/uploads\/2022\/04\/hero-mx-30.ts_.1910230018130000-1.jpg","type":"image\/jpeg"}],"author":"Benoit Charette","twitter_card":"summary_large_image","twitter_creator":"@canadamotorjobs","twitter_site":"@canadamotorjobs","twitter_misc":{"\u00c9crit par":"Benoit Charette","Estimation du temps de lecture":"1 minute"},"schema":{"@context":"https:\/\/schema.org","@graph":[{"@type":"Article","@id":"https:\/\/news.canadamotorjobs.com\/fr\/le-mazda-mx-30-aura-une-version-hybride-branchable\/#article","isPartOf":{"@id":"https:\/\/news.canadamotorjobs.com\/fr\/le-mazda-mx-30-aura-une-version-hybride-branchable\/"},"author":{"name":"Benoit Charette","@id":"https:\/\/news.canadamotorjobs.com\/#\/schema\/person\/51793d1f87d44011d7bcc2ed99269a90"},"headline":"Le Mazda MX-30 aura une version hybride branchable","datePublished":"2022-04-22T15:22:35+00:00","dateModified":"2022-04-22T15:29:46+00:00","mainEntityOfPage":{"@id":"https:\/\/news.canadamotorjobs.com\/fr\/le-mazda-mx-30-aura-une-version-hybride-branchable\/"},"wordCount":283,"publisher":{"@id":"https:\/\/news.canadamotorjobs.com\/#organization"},"image":{"@id":"https:\/\/news.canadamotorjobs.com\/fr\/le-mazda-mx-30-aura-une-version-hybride-branchable\/#primaryimage"},"thumbnailUrl":"https:\/\/news.canadamotorjobs.com\/wp-content\/uploads\/2022\/04\/hero-mx-30.ts_.1910230018130000-1.jpg","articleSection":["Annuel automobile"],"inLanguage":"fr-CA"},{"@type":"WebPage","@id":"https:\/\/news.canadamotorjobs.com\/fr\/le-mazda-mx-30-aura-une-version-hybride-branchable\/","url":"https:\/\/news.canadamotorjobs.com\/fr\/le-mazda-mx-30-aura-une-version-hybride-branchable\/","name":"Le Mazda MX-30 aura une version hybride branchable - CanadaMotorJobs.com","isPartOf":{"@id":"https:\/\/news.canadamotorjobs.com\/#website"},"primaryImageOfPage":{"@id":"https:\/\/news.canadamotorjobs.com\/fr\/le-mazda-mx-30-aura-une-version-hybride-branchable\/#primaryimage"},"image":{"@id":"https:\/\/news.canadamotorjobs.com\/fr\/le-mazda-mx-30-aura-une-version-hybride-branchable\/#primaryimage"},"thumbnailUrl":"https:\/\/news.canadamotorjobs.com\/wp-content\/uploads\/2022\/04\/hero-mx-30.ts_.1910230018130000-1.jpg","datePublished":"2022-04-22T15:22:35+00:00","dateModified":"2022-04-22T15:29:46+00:00","description":"Le Mazda MX-30 aura une version hybride branchable - Benoit Charette - Annuel automobile - CanadaMotorJobs.com.","breadcrumb":{"@id":"https:\/\/news.canadamotorjobs.com\/fr\/le-mazda-mx-30-aura-une-version-hybride-branchable\/#breadcrumb"},"inLanguage":"fr-CA","potentialAction":[{"@type":"ReadAction","target":["https:\/\/news.canadamotorjobs.com\/fr\/le-mazda-mx-30-aura-une-version-hybride-branchable\/"]}]},{"@type":"ImageObject","inLanguage":"fr-CA","@id":"https:\/\/news.canadamotorjobs.com\/fr\/le-mazda-mx-30-aura-une-version-hybride-branchable\/#primaryimage","url":"https:\/\/news.canadamotorjobs.com\/wp-content\/uploads\/2022\/04\/hero-mx-30.ts_.1910230018130000-1.jpg","contentUrl":"https:\/\/news.canadamotorjobs.com\/wp-content\/uploads\/2022\/04\/hero-mx-30.ts_.1910230018130000-1.jpg","width":1366,"height":809},{"@type":"BreadcrumbList","@id":"https:\/\/news.canadamotorjobs.com\/fr\/le-mazda-mx-30-aura-une-version-hybride-branchable\/#breadcrumb","itemListElement":[{"@type":"ListItem","position":1,"name":"Home","item":"https:\/\/news.canadamotorjobs.com\/fr\/blog\/"},{"@type":"ListItem","position":2,"name":"Le Mazda MX-30 aura une version hybride branchable"}]},{"@type":"WebSite","@id":"https:\/\/news.canadamotorjobs.com\/#website","url":"https:\/\/news.canadamotorjobs.com\/","name":"CanadaMotorJobs.com","description":"Automotive Jobs","publisher":{"@id":"https:\/\/news.canadamotorjobs.com\/#organization"},"potentialAction":[{"@type":"SearchAction","target":{"@type":"EntryPoint","urlTemplate":"https:\/\/news.canadamotorjobs.com\/?s={search_term_string}"},"query-input":"required name=search_term_string"}],"inLanguage":"fr-CA"},{"@type":"Organization","@id":"https:\/\/news.canadamotorjobs.com\/#organization","name":"Canada Motor Jobs","url":"https:\/\/news.canadamotorjobs.com\/","logo":{"@type":"ImageObject","inLanguage":"fr-CA","@id":"https:\/\/news.canadamotorjobs.com\/#\/schema\/logo\/image\/","url":"https:\/\/news.canadamotorjobs.com\/wp-content\/uploads\/2022\/10\/logo-canada-motor-jobs-1.png","contentUrl":"https:\/\/news.canadamotorjobs.com\/wp-content\/uploads\/2022\/10\/logo-canada-motor-jobs-1.png","width":800,"height":400,"caption":"Canada Motor Jobs"},"image":{"@id":"https:\/\/news.canadamotorjobs.com\/#\/schema\/logo\/image\/"},"sameAs":["https:\/\/www.facebook.com\/canadamotorjobs\/","https:\/\/x.com\/canadamotorjobs","https:\/\/www.instagram.com\/canadamotorjobs\/","https:\/\/www.linkedin.com\/company\/canadamotorjobs"]},{"@type":"Person","@id":"https:\/\/news.canadamotorjobs.com\/#\/schema\/person\/51793d1f87d44011d7bcc2ed99269a90","name":"Benoit Charette","image":{"@type":"ImageObject","inLanguage":"fr-CA","@id":"https:\/\/news.canadamotorjobs.com\/#\/schema\/person\/image\/","url":"https:\/\/secure.gravatar.com\/avatar\/45f3d2eebcccd909668d7ce7ea7267b6?s=96&d=mm&r=g","contentUrl":"https:\/\/secure.gravatar.com\/avatar\/45f3d2eebcccd909668d7ce7ea7267b6?s=96&d=mm&r=g","caption":"Benoit Charette"},"description":"Benoit Charette \/ Propri\u00e9taire et r\u00e9dacteur en chef Benoit Charette pratique le journalisme automobile depuis bient\u00f4t 30 ans. Il a fait ses classes au c\u00f4t\u00e9 de Daniel H\u00e9raud et au Carnet de route de 1992 \u00e0 2001. Il est fondateur, copropri\u00e9taire et r\u00e9dacteur en chef de L\u2019Annuel de l\u2019automobile, qu\u2019il publie depuis 2001. Il a anim\u00e9 les \u00e9missions RPM et RPM+ sur V et les L\u00e9gendes de la route sur Historia. \u00c0 la radio depuis 1986, il reprend l\u2019antenne cette ann\u00e9e sur les ondes de Cogeco et participe pour la deuxi\u00e8me ann\u00e9e \u00e0 l\u2019\u00e9mission Passion Auto sur RDS en plus de mettre en ligne le site Web officiel de L\u2019Annuel de l\u2019automobile sur annuelauto.ca.","sameAs":["https:\/\/annuelauto.ca\/"],"url":"https:\/\/news.canadamotorjobs.com\/fr\/author\/benoit-charette\/"}]}},"_links":{"self":[{"href":"https:\/\/news.canadamotorjobs.com\/fr\/wp-json\/wp\/v2\/posts\/39998"}],"collection":[{"href":"https:\/\/news.canadamotorjobs.com\/fr\/wp-json\/wp\/v2\/posts"}],"about":[{"href":"https:\/\/news.canadamotorjobs.com\/fr\/wp-json\/wp\/v2\/types\/post"}],"author":[{"embeddable":true,"href":"https:\/\/news.canadamotorjobs.com\/fr\/wp-json\/wp\/v2\/users\/8"}],"replies":[{"embeddable":true,"href":"https:\/\/news.canadamotorjobs.com\/fr\/wp-json\/wp\/v2\/comments?post=39998"}],"version-history":[{"count":0,"href":"https:\/\/news.canadamotorjobs.com\/fr\/wp-json\/wp\/v2\/posts\/39998\/revisions"}],"wp:featuredmedia":[{"embeddable":true,"href":"https:\/\/news.canadamotorjobs.com\/fr\/wp-json\/wp\/v2\/media\/40002"}],"wp:attachment":[{"href":"https:\/\/news.canadamotorjobs.com\/fr\/wp-json\/wp\/v2\/media?parent=39998"}],"wp:term":[{"taxonomy":"category","embeddable":true,"href":"https:\/\/news.canadamotorjobs.com\/fr\/wp-json\/wp\/v2\/categories?post=39998"},{"taxonomy":"post_tag","embeddable":true,"href":"https:\/\/news.canadamotorjobs.com\/fr\/wp-json\/wp\/v2\/tags?post=39998"}],"curies":[{"name":"wp","href":"https:\/\/api.w.org\/{rel}","templated":true}]}}