{"id":39990,"date":"2022-04-22T10:52:52","date_gmt":"2022-04-22T14:52:52","guid":{"rendered":"https:\/\/blog.canadamotorjobs.com\/une-production-reduite-de-50-pour-honda-au-japon\/"},"modified":"2022-04-22T10:59:19","modified_gmt":"2022-04-22T14:59:19","slug":"une-production-reduite-de-50-pour-honda-au-japon","status":"publish","type":"post","link":"https:\/\/news.canadamotorjobs.com\/fr\/une-production-reduite-de-50-pour-honda-au-japon\/","title":{"rendered":"Une production r\u00e9duite de 50% pour Honda au Japon"},"content":{"rendered":"<\/p>\n<p>Au commencement du mois du mai, Honda r\u00e9duira de 50% la production de son usine nationale \u00e0 Suzuka au Japon.<\/p>\n<p> La soci\u00e9t\u00e9 a annonc\u00e9 le tout \u00e0 la suite d\u2019une p\u00e9nurie de puces et des complications li\u00e9es \u00e0 la COVID-19.<\/p>\n<p> L&#8217;usine de la ville de Suzuka coupera \u00e9galement sa production automobile de moiti\u00e9 pour ce mois d&#8217;avril. Cette r\u00e9duction prend place apr\u00e8s la publication d\u2019un rapport mentionnant un arr\u00eat important de la fabrication d&#8217;environ un tiers \u00e0 cause des divers probl\u00e8mes et tensions que connait le constructeur.<\/p>\n<p> La soci\u00e9t\u00e9 a d\u00e9clar\u00e9 que la p\u00e9nurie de puces ainsi que des situations g\u00e9opolitiques incertaines avaient entra\u00een\u00e9 des retards dans la logistique et l&#8217;arriv\u00e9e des pi\u00e8ces de voitures.<\/p>\n<p> Une manufacture de Saitama, aussi localis\u00e9e au Japon, r\u00e9duira \u00e9galement sa production d&#8217;un tiers pour ce mois-ci qui tire \u00e0 sa fin, mais pr\u00e9voit de r\u00e9tablir un fonctionnement normal d\u00e9but mai, a indiqu\u00e9 la compagnie.<\/p>\n<p> L\u2019usine de Suzuka fabrique entres autres des Honda Civic, Honda Fit et Acura Integra<\/p>\n<p> &nbsp;<\/p>\n<p> Avec des informations de Reuters.<\/p>\n<p> &nbsp;<\/p>\n<p>Le texte <a rel=\"nofollow\" href=\"https:\/\/annuelauto.ca\/une-production-reduite-de-50-pour-honda-au-japon\/\">Une production r\u00e9duite de 50% pour Honda au Japon<\/a> provient de <a rel=\"nofollow\" href=\"https:\/\/annuelauto.ca\">L&#039;annuel de l&#039;automobile &#8211; Actualit\u00e9 automobile<\/a><\/p>\n<p> <\/p>\n","protected":false},"excerpt":{"rendered":"<p>Au commencement du mois du mai, Honda r\u00e9duira de 50% la production de son usine nationale \u00e0 Suzuka au Japon. La soci\u00e9t\u00e9 a annonc\u00e9 le tout \u00e0 la suite d\u2019une p\u00e9nurie de puces et des complications li\u00e9es \u00e0 la COVID-19. L&#8217;usine de la ville de Suzuka coupera \u00e9galement sa production automobile de moiti\u00e9 pour ce [&hellip;]<\/p>\n","protected":false},"author":8,"featured_media":39994,"comment_status":"close","ping_status":"closed","sticky":false,"template":"","format":"standard","meta":{"_monsterinsights_skip_tracking":false,"_monsterinsights_sitenote_active":false,"_monsterinsights_sitenote_note":"","_monsterinsights_sitenote_category":0,"footnotes":""},"categories":[101],"tags":[],"yoast_head":"<!-- This site is optimized with the Yoast SEO plugin v23.2 - https:\/\/yoast.com\/wordpress\/plugins\/seo\/ -->\n<title>Une production r\u00e9duite de 50% pour Honda au Japon - CanadaMotorJobs.com<\/title>\n<meta name=\"description\" content=\"Une production r\u00e9duite de 50% pour Honda au Japon - Benoit Charette - Annuel automobile - CanadaMotorJobs.com.\" \/>\n<meta name=\"robots\" content=\"index, follow, max-snippet:-1, max-image-preview:large, max-video-preview:-1\" \/>\n<meta property=\"og:locale\" content=\"fr_CA\" \/>\n<meta property=\"og:type\" content=\"article\" \/>\n<meta property=\"og:title\" content=\"Une production r\u00e9duite de 50% pour Honda au Japon - CanadaMotorJobs.com\" \/>\n<meta property=\"og:description\" content=\"Une production r\u00e9duite de 50% pour Honda au Japon - Benoit Charette - Annuel automobile - CanadaMotorJobs.com.\" \/>\n<meta property=\"og:url\" content=\"https:\/\/news.canadamotorjobs.com\/fr\/une-production-reduite-de-50-pour-honda-au-japon\/\" \/>\n<meta property=\"og:site_name\" content=\"CanadaMotorJobs.com\" \/>\n<meta property=\"article:publisher\" content=\"https:\/\/www.facebook.com\/canadamotorjobs\/\" \/>\n<meta property=\"article:published_time\" content=\"2022-04-22T14:52:52+00:00\" \/>\n<meta property=\"article:modified_time\" content=\"2022-04-22T14:59:19+00:00\" \/>\n<meta property=\"og:image\" content=\"https:\/\/news.canadamotorjobs.com\/wp-content\/uploads\/2022\/04\/Cropped-1643690134photo_SXM2021122800003271-1.jpg\" \/>\n\t<meta property=\"og:image:width\" content=\"2476\" \/>\n\t<meta property=\"og:image:height\" content=\"1392\" \/>\n\t<meta property=\"og:image:type\" content=\"image\/jpeg\" \/>\n<meta name=\"author\" content=\"Benoit Charette\" \/>\n<meta name=\"twitter:card\" content=\"summary_large_image\" \/>\n<meta name=\"twitter:creator\" content=\"@canadamotorjobs\" \/>\n<meta name=\"twitter:site\" content=\"@canadamotorjobs\" \/>\n<meta name=\"twitter:label1\" content=\"\u00c9crit par\" \/>\n\t<meta name=\"twitter:data1\" content=\"Benoit Charette\" \/>\n\t<meta name=\"twitter:label2\" content=\"Estimation du temps de lecture\" \/>\n\t<meta name=\"twitter:data2\" content=\"1 minute\" \/>\n<!-- \/ Yoast SEO plugin. -->","yoast_head_json":{"title":"Une production r\u00e9duite de 50% pour Honda au Japon - CanadaMotorJobs.com","description":"Une production r\u00e9duite de 50% pour Honda au Japon - Benoit Charette - Annuel automobile - CanadaMotorJobs.com.","robots":{"index":"index","follow":"follow","max-snippet":"max-snippet:-1","max-image-preview":"max-image-preview:large","max-video-preview":"max-video-preview:-1"},"og_locale":"fr_CA","og_type":"article","og_title":"Une production r\u00e9duite de 50% pour Honda au Japon - CanadaMotorJobs.com","og_description":"Une production r\u00e9duite de 50% pour Honda au Japon - Benoit Charette - Annuel automobile - CanadaMotorJobs.com.","og_url":"https:\/\/news.canadamotorjobs.com\/fr\/une-production-reduite-de-50-pour-honda-au-japon\/","og_site_name":"CanadaMotorJobs.com","article_publisher":"https:\/\/www.facebook.com\/canadamotorjobs\/","article_published_time":"2022-04-22T14:52:52+00:00","article_modified_time":"2022-04-22T14:59:19+00:00","og_image":[{"width":2476,"height":1392,"url":"https:\/\/news.canadamotorjobs.com\/wp-content\/uploads\/2022\/04\/Cropped-1643690134photo_SXM2021122800003271-1.jpg","type":"image\/jpeg"}],"author":"Benoit Charette","twitter_card":"summary_large_image","twitter_creator":"@canadamotorjobs","twitter_site":"@canadamotorjobs","twitter_misc":{"\u00c9crit par":"Benoit Charette","Estimation du temps de lecture":"1 minute"},"schema":{"@context":"https:\/\/schema.org","@graph":[{"@type":"Article","@id":"https:\/\/news.canadamotorjobs.com\/fr\/une-production-reduite-de-50-pour-honda-au-japon\/#article","isPartOf":{"@id":"https:\/\/news.canadamotorjobs.com\/fr\/une-production-reduite-de-50-pour-honda-au-japon\/"},"author":{"name":"Benoit Charette","@id":"https:\/\/news.canadamotorjobs.com\/#\/schema\/person\/51793d1f87d44011d7bcc2ed99269a90"},"headline":"Une production r\u00e9duite de 50% pour Honda au Japon","datePublished":"2022-04-22T14:52:52+00:00","dateModified":"2022-04-22T14:59:19+00:00","mainEntityOfPage":{"@id":"https:\/\/news.canadamotorjobs.com\/fr\/une-production-reduite-de-50-pour-honda-au-japon\/"},"wordCount":223,"publisher":{"@id":"https:\/\/news.canadamotorjobs.com\/#organization"},"image":{"@id":"https:\/\/news.canadamotorjobs.com\/fr\/une-production-reduite-de-50-pour-honda-au-japon\/#primaryimage"},"thumbnailUrl":"https:\/\/news.canadamotorjobs.com\/wp-content\/uploads\/2022\/04\/Cropped-1643690134photo_SXM2021122800003271-1.jpg","articleSection":["Annuel automobile"],"inLanguage":"fr-CA"},{"@type":"WebPage","@id":"https:\/\/news.canadamotorjobs.com\/fr\/une-production-reduite-de-50-pour-honda-au-japon\/","url":"https:\/\/news.canadamotorjobs.com\/fr\/une-production-reduite-de-50-pour-honda-au-japon\/","name":"Une production r\u00e9duite de 50% pour Honda au Japon - CanadaMotorJobs.com","isPartOf":{"@id":"https:\/\/news.canadamotorjobs.com\/#website"},"primaryImageOfPage":{"@id":"https:\/\/news.canadamotorjobs.com\/fr\/une-production-reduite-de-50-pour-honda-au-japon\/#primaryimage"},"image":{"@id":"https:\/\/news.canadamotorjobs.com\/fr\/une-production-reduite-de-50-pour-honda-au-japon\/#primaryimage"},"thumbnailUrl":"https:\/\/news.canadamotorjobs.com\/wp-content\/uploads\/2022\/04\/Cropped-1643690134photo_SXM2021122800003271-1.jpg","datePublished":"2022-04-22T14:52:52+00:00","dateModified":"2022-04-22T14:59:19+00:00","description":"Une production r\u00e9duite de 50% pour Honda au Japon - Benoit Charette - Annuel automobile - CanadaMotorJobs.com.","breadcrumb":{"@id":"https:\/\/news.canadamotorjobs.com\/fr\/une-production-reduite-de-50-pour-honda-au-japon\/#breadcrumb"},"inLanguage":"fr-CA","potentialAction":[{"@type":"ReadAction","target":["https:\/\/news.canadamotorjobs.com\/fr\/une-production-reduite-de-50-pour-honda-au-japon\/"]}]},{"@type":"ImageObject","inLanguage":"fr-CA","@id":"https:\/\/news.canadamotorjobs.com\/fr\/une-production-reduite-de-50-pour-honda-au-japon\/#primaryimage","url":"https:\/\/news.canadamotorjobs.com\/wp-content\/uploads\/2022\/04\/Cropped-1643690134photo_SXM2021122800003271-1.jpg","contentUrl":"https:\/\/news.canadamotorjobs.com\/wp-content\/uploads\/2022\/04\/Cropped-1643690134photo_SXM2021122800003271-1.jpg","width":2476,"height":1392},{"@type":"BreadcrumbList","@id":"https:\/\/news.canadamotorjobs.com\/fr\/une-production-reduite-de-50-pour-honda-au-japon\/#breadcrumb","itemListElement":[{"@type":"ListItem","position":1,"name":"Home","item":"https:\/\/news.canadamotorjobs.com\/fr\/blog\/"},{"@type":"ListItem","position":2,"name":"Une production r\u00e9duite de 50% pour Honda au Japon"}]},{"@type":"WebSite","@id":"https:\/\/news.canadamotorjobs.com\/#website","url":"https:\/\/news.canadamotorjobs.com\/","name":"CanadaMotorJobs.com","description":"Automotive Jobs","publisher":{"@id":"https:\/\/news.canadamotorjobs.com\/#organization"},"potentialAction":[{"@type":"SearchAction","target":{"@type":"EntryPoint","urlTemplate":"https:\/\/news.canadamotorjobs.com\/?s={search_term_string}"},"query-input":"required name=search_term_string"}],"inLanguage":"fr-CA"},{"@type":"Organization","@id":"https:\/\/news.canadamotorjobs.com\/#organization","name":"Canada Motor Jobs","url":"https:\/\/news.canadamotorjobs.com\/","logo":{"@type":"ImageObject","inLanguage":"fr-CA","@id":"https:\/\/news.canadamotorjobs.com\/#\/schema\/logo\/image\/","url":"https:\/\/news.canadamotorjobs.com\/wp-content\/uploads\/2022\/10\/logo-canada-motor-jobs-1.png","contentUrl":"https:\/\/news.canadamotorjobs.com\/wp-content\/uploads\/2022\/10\/logo-canada-motor-jobs-1.png","width":800,"height":400,"caption":"Canada Motor Jobs"},"image":{"@id":"https:\/\/news.canadamotorjobs.com\/#\/schema\/logo\/image\/"},"sameAs":["https:\/\/www.facebook.com\/canadamotorjobs\/","https:\/\/x.com\/canadamotorjobs","https:\/\/www.instagram.com\/canadamotorjobs\/","https:\/\/www.linkedin.com\/company\/canadamotorjobs"]},{"@type":"Person","@id":"https:\/\/news.canadamotorjobs.com\/#\/schema\/person\/51793d1f87d44011d7bcc2ed99269a90","name":"Benoit Charette","image":{"@type":"ImageObject","inLanguage":"fr-CA","@id":"https:\/\/news.canadamotorjobs.com\/#\/schema\/person\/image\/","url":"https:\/\/secure.gravatar.com\/avatar\/45f3d2eebcccd909668d7ce7ea7267b6?s=96&d=mm&r=g","contentUrl":"https:\/\/secure.gravatar.com\/avatar\/45f3d2eebcccd909668d7ce7ea7267b6?s=96&d=mm&r=g","caption":"Benoit Charette"},"description":"Benoit Charette \/ Propri\u00e9taire et r\u00e9dacteur en chef Benoit Charette pratique le journalisme automobile depuis bient\u00f4t 30 ans. Il a fait ses classes au c\u00f4t\u00e9 de Daniel H\u00e9raud et au Carnet de route de 1992 \u00e0 2001. Il est fondateur, copropri\u00e9taire et r\u00e9dacteur en chef de L\u2019Annuel de l\u2019automobile, qu\u2019il publie depuis 2001. Il a anim\u00e9 les \u00e9missions RPM et RPM+ sur V et les L\u00e9gendes de la route sur Historia. \u00c0 la radio depuis 1986, il reprend l\u2019antenne cette ann\u00e9e sur les ondes de Cogeco et participe pour la deuxi\u00e8me ann\u00e9e \u00e0 l\u2019\u00e9mission Passion Auto sur RDS en plus de mettre en ligne le site Web officiel de L\u2019Annuel de l\u2019automobile sur annuelauto.ca.","sameAs":["https:\/\/annuelauto.ca\/"],"url":"https:\/\/news.canadamotorjobs.com\/fr\/author\/benoit-charette\/"}]}},"_links":{"self":[{"href":"https:\/\/news.canadamotorjobs.com\/fr\/wp-json\/wp\/v2\/posts\/39990"}],"collection":[{"href":"https:\/\/news.canadamotorjobs.com\/fr\/wp-json\/wp\/v2\/posts"}],"about":[{"href":"https:\/\/news.canadamotorjobs.com\/fr\/wp-json\/wp\/v2\/types\/post"}],"author":[{"embeddable":true,"href":"https:\/\/news.canadamotorjobs.com\/fr\/wp-json\/wp\/v2\/users\/8"}],"replies":[{"embeddable":true,"href":"https:\/\/news.canadamotorjobs.com\/fr\/wp-json\/wp\/v2\/comments?post=39990"}],"version-history":[{"count":0,"href":"https:\/\/news.canadamotorjobs.com\/fr\/wp-json\/wp\/v2\/posts\/39990\/revisions"}],"wp:featuredmedia":[{"embeddable":true,"href":"https:\/\/news.canadamotorjobs.com\/fr\/wp-json\/wp\/v2\/media\/39994"}],"wp:attachment":[{"href":"https:\/\/news.canadamotorjobs.com\/fr\/wp-json\/wp\/v2\/media?parent=39990"}],"wp:term":[{"taxonomy":"category","embeddable":true,"href":"https:\/\/news.canadamotorjobs.com\/fr\/wp-json\/wp\/v2\/categories?post=39990"},{"taxonomy":"post_tag","embeddable":true,"href":"https:\/\/news.canadamotorjobs.com\/fr\/wp-json\/wp\/v2\/tags?post=39990"}],"curies":[{"name":"wp","href":"https:\/\/api.w.org\/{rel}","templated":true}]}}