{"id":39982,"date":"2022-04-22T09:09:37","date_gmt":"2022-04-22T13:09:37","guid":{"rendered":"https:\/\/blog.canadamotorjobs.com\/la-france-lance-un-mandat-darret-contre-carlos-ghosn\/"},"modified":"2022-04-22T09:14:12","modified_gmt":"2022-04-22T13:14:12","slug":"la-france-lance-un-mandat-darret-contre-carlos-ghosn","status":"publish","type":"post","link":"https:\/\/news.canadamotorjobs.com\/fr\/la-france-lance-un-mandat-darret-contre-carlos-ghosn\/","title":{"rendered":"La France lance un mandat d\u2019arr\u00eat contre Carlos Ghosn"},"content":{"rendered":"<\/p>\n<p>Les procureurs fran\u00e7ais ont lanc\u00e9 des mandats d&#8217;arr\u00eat internationaux \u00e0 l&#8217;encontre de l&#8217;ancien PDG de Nissan et de Renault, Carlos Ghosn, ainsi que de quatre personnes qu&#8217;ils disent \u00eatre li\u00e9es \u00e0 un concessionnaire automobile d&#8217;Oman, all\u00e9guant que le groupe a aid\u00e9 Ghosn \u00e0 d\u00e9tourner des millions d&#8217;euros de Renault SA, a rapport\u00e9 le Wall Street Journal jeudi soir.<br \/> L\u2019ancien PDG de Renault, Nissan est toujours au Liban<br \/> Le journal, citant des personnes au fait de l&#8217;affaire, indique qu&#8217;un magistrat a \u00e9mis cinq mandats d&#8217;arr\u00eat internationaux \u00e0 l&#8217;encontre de M. Ghosn et des propri\u00e9taires ou anciens directeurs de Suhail Bahwan Automobiles, un distributeur de v\u00e9hicules \u00e0 Oman. Les procureurs de Nanterre, en banlieue parisienne, affirment que M. Ghosn a fait transiter des millions de dollars de fonds Renault par le distributeur automobile omanais pour son usage personnel, notamment pour l&#8217;achat d&#8217;un yacht de 120 pieds, pr\u00e9cise le journal.<br \/> Toujours en fuite des autorit\u00e9s japonaise<br \/> L&#8217;arrestation de Ghosn par les procureurs de Tokyo le 19 novembre 2018 a stup\u00e9fi\u00e9 le monde des affaires, un choc qui a encore r\u00e9sonn\u00e9 un peu plus d&#8217;un an plus tard lorsqu&#8217;il s&#8217;est \u00e9chapp\u00e9 du Japon alors qu&#8217;il \u00e9tait en libert\u00e9 sous caution.<br \/> Il vit au Liban depuis sa fuite du Japon, o\u00f9 il \u00e9tait jug\u00e9 pour des malversations financi\u00e8res. Il a d&#8217;abord salu\u00e9 l&#8217;enqu\u00eate fran\u00e7aise, affirmant qu&#8217;il croyait en la justice fran\u00e7aise, pariant qu&#8217;elle lui permettrait d&#8217;\u00e9tablir son innocence. Un avocat de l&#8217;ancien patron de Renault a qualifi\u00e9 le mandat d&#8217;arr\u00eat fran\u00e7ais de &#8220;surprenant&#8221;, pr\u00e9cisant que<\/p>\n","protected":false},"excerpt":{"rendered":"<p>Les procureurs fran\u00e7ais ont lanc\u00e9 des mandats d&#8217;arr\u00eat internationaux \u00e0 l&#8217;encontre de l&#8217;ancien PDG de Nissan et de Renault, Carlos Ghosn, ainsi que de quatre personnes qu&#8217;ils disent \u00eatre li\u00e9es \u00e0 un concessionnaire automobile d&#8217;Oman, all\u00e9guant que le groupe a aid\u00e9 Ghosn \u00e0 d\u00e9tourner des millions d&#8217;euros de Renault SA, a rapport\u00e9 le Wall Street [&hellip;]<\/p>\n","protected":false},"author":8,"featured_media":39986,"comment_status":"close","ping_status":"closed","sticky":false,"template":"","format":"standard","meta":{"_monsterinsights_skip_tracking":false,"_monsterinsights_sitenote_active":false,"_monsterinsights_sitenote_note":"","_monsterinsights_sitenote_category":0,"footnotes":""},"categories":[101],"tags":[],"yoast_head":"<!-- This site is optimized with the Yoast SEO plugin v23.2 - https:\/\/yoast.com\/wordpress\/plugins\/seo\/ -->\n<title>La France lance un mandat d\u2019arr\u00eat contre Carlos Ghosn - CanadaMotorJobs.com<\/title>\n<meta name=\"description\" content=\"La France lance un mandat d\u2019arr\u00eat contre Carlos Ghosn - Benoit Charette - Annuel automobile - CanadaMotorJobs.com.\" \/>\n<meta name=\"robots\" content=\"index, follow, max-snippet:-1, max-image-preview:large, max-video-preview:-1\" \/>\n<meta property=\"og:locale\" content=\"fr_CA\" \/>\n<meta property=\"og:type\" content=\"article\" \/>\n<meta property=\"og:title\" content=\"La France lance un mandat d\u2019arr\u00eat contre Carlos Ghosn - CanadaMotorJobs.com\" \/>\n<meta property=\"og:description\" content=\"La France lance un mandat d\u2019arr\u00eat contre Carlos Ghosn - Benoit Charette - Annuel automobile - CanadaMotorJobs.com.\" \/>\n<meta property=\"og:url\" content=\"https:\/\/news.canadamotorjobs.com\/fr\/la-france-lance-un-mandat-darret-contre-carlos-ghosn\/\" \/>\n<meta property=\"og:site_name\" content=\"CanadaMotorJobs.com\" \/>\n<meta property=\"article:publisher\" content=\"https:\/\/www.facebook.com\/canadamotorjobs\/\" \/>\n<meta property=\"article:published_time\" content=\"2022-04-22T13:09:37+00:00\" \/>\n<meta property=\"article:modified_time\" content=\"2022-04-22T13:14:12+00:00\" \/>\n<meta property=\"og:image\" content=\"https:\/\/news.canadamotorjobs.com\/wp-content\/uploads\/2022\/04\/13703286-1.jpg\" \/>\n\t<meta property=\"og:image:width\" content=\"1200\" \/>\n\t<meta property=\"og:image:height\" content=\"801\" \/>\n\t<meta property=\"og:image:type\" content=\"image\/jpeg\" \/>\n<meta name=\"author\" content=\"Benoit Charette\" \/>\n<meta name=\"twitter:card\" content=\"summary_large_image\" \/>\n<meta name=\"twitter:creator\" content=\"@canadamotorjobs\" \/>\n<meta name=\"twitter:site\" content=\"@canadamotorjobs\" \/>\n<meta name=\"twitter:label1\" content=\"\u00c9crit par\" \/>\n\t<meta name=\"twitter:data1\" content=\"Benoit Charette\" \/>\n\t<meta name=\"twitter:label2\" content=\"Estimation du temps de lecture\" \/>\n\t<meta name=\"twitter:data2\" content=\"1 minute\" \/>\n<!-- \/ Yoast SEO plugin. -->","yoast_head_json":{"title":"La France lance un mandat d\u2019arr\u00eat contre Carlos Ghosn - CanadaMotorJobs.com","description":"La France lance un mandat d\u2019arr\u00eat contre Carlos Ghosn - Benoit Charette - Annuel automobile - CanadaMotorJobs.com.","robots":{"index":"index","follow":"follow","max-snippet":"max-snippet:-1","max-image-preview":"max-image-preview:large","max-video-preview":"max-video-preview:-1"},"og_locale":"fr_CA","og_type":"article","og_title":"La France lance un mandat d\u2019arr\u00eat contre Carlos Ghosn - CanadaMotorJobs.com","og_description":"La France lance un mandat d\u2019arr\u00eat contre Carlos Ghosn - Benoit Charette - Annuel automobile - CanadaMotorJobs.com.","og_url":"https:\/\/news.canadamotorjobs.com\/fr\/la-france-lance-un-mandat-darret-contre-carlos-ghosn\/","og_site_name":"CanadaMotorJobs.com","article_publisher":"https:\/\/www.facebook.com\/canadamotorjobs\/","article_published_time":"2022-04-22T13:09:37+00:00","article_modified_time":"2022-04-22T13:14:12+00:00","og_image":[{"width":1200,"height":801,"url":"https:\/\/news.canadamotorjobs.com\/wp-content\/uploads\/2022\/04\/13703286-1.jpg","type":"image\/jpeg"}],"author":"Benoit Charette","twitter_card":"summary_large_image","twitter_creator":"@canadamotorjobs","twitter_site":"@canadamotorjobs","twitter_misc":{"\u00c9crit par":"Benoit Charette","Estimation du temps de lecture":"1 minute"},"schema":{"@context":"https:\/\/schema.org","@graph":[{"@type":"Article","@id":"https:\/\/news.canadamotorjobs.com\/fr\/la-france-lance-un-mandat-darret-contre-carlos-ghosn\/#article","isPartOf":{"@id":"https:\/\/news.canadamotorjobs.com\/fr\/la-france-lance-un-mandat-darret-contre-carlos-ghosn\/"},"author":{"name":"Benoit Charette","@id":"https:\/\/news.canadamotorjobs.com\/#\/schema\/person\/51793d1f87d44011d7bcc2ed99269a90"},"headline":"La France lance un mandat d\u2019arr\u00eat contre Carlos Ghosn","datePublished":"2022-04-22T13:09:37+00:00","dateModified":"2022-04-22T13:14:12+00:00","mainEntityOfPage":{"@id":"https:\/\/news.canadamotorjobs.com\/fr\/la-france-lance-un-mandat-darret-contre-carlos-ghosn\/"},"wordCount":297,"publisher":{"@id":"https:\/\/news.canadamotorjobs.com\/#organization"},"image":{"@id":"https:\/\/news.canadamotorjobs.com\/fr\/la-france-lance-un-mandat-darret-contre-carlos-ghosn\/#primaryimage"},"thumbnailUrl":"https:\/\/news.canadamotorjobs.com\/wp-content\/uploads\/2022\/04\/13703286-1.jpg","articleSection":["Annuel automobile"],"inLanguage":"fr-CA"},{"@type":"WebPage","@id":"https:\/\/news.canadamotorjobs.com\/fr\/la-france-lance-un-mandat-darret-contre-carlos-ghosn\/","url":"https:\/\/news.canadamotorjobs.com\/fr\/la-france-lance-un-mandat-darret-contre-carlos-ghosn\/","name":"La France lance un mandat d\u2019arr\u00eat contre Carlos Ghosn - CanadaMotorJobs.com","isPartOf":{"@id":"https:\/\/news.canadamotorjobs.com\/#website"},"primaryImageOfPage":{"@id":"https:\/\/news.canadamotorjobs.com\/fr\/la-france-lance-un-mandat-darret-contre-carlos-ghosn\/#primaryimage"},"image":{"@id":"https:\/\/news.canadamotorjobs.com\/fr\/la-france-lance-un-mandat-darret-contre-carlos-ghosn\/#primaryimage"},"thumbnailUrl":"https:\/\/news.canadamotorjobs.com\/wp-content\/uploads\/2022\/04\/13703286-1.jpg","datePublished":"2022-04-22T13:09:37+00:00","dateModified":"2022-04-22T13:14:12+00:00","description":"La France lance un mandat d\u2019arr\u00eat contre Carlos Ghosn - Benoit Charette - Annuel automobile - CanadaMotorJobs.com.","breadcrumb":{"@id":"https:\/\/news.canadamotorjobs.com\/fr\/la-france-lance-un-mandat-darret-contre-carlos-ghosn\/#breadcrumb"},"inLanguage":"fr-CA","potentialAction":[{"@type":"ReadAction","target":["https:\/\/news.canadamotorjobs.com\/fr\/la-france-lance-un-mandat-darret-contre-carlos-ghosn\/"]}]},{"@type":"ImageObject","inLanguage":"fr-CA","@id":"https:\/\/news.canadamotorjobs.com\/fr\/la-france-lance-un-mandat-darret-contre-carlos-ghosn\/#primaryimage","url":"https:\/\/news.canadamotorjobs.com\/wp-content\/uploads\/2022\/04\/13703286-1.jpg","contentUrl":"https:\/\/news.canadamotorjobs.com\/wp-content\/uploads\/2022\/04\/13703286-1.jpg","width":1200,"height":801},{"@type":"BreadcrumbList","@id":"https:\/\/news.canadamotorjobs.com\/fr\/la-france-lance-un-mandat-darret-contre-carlos-ghosn\/#breadcrumb","itemListElement":[{"@type":"ListItem","position":1,"name":"Home","item":"https:\/\/news.canadamotorjobs.com\/fr\/blog\/"},{"@type":"ListItem","position":2,"name":"La France lance un mandat d\u2019arr\u00eat contre Carlos Ghosn"}]},{"@type":"WebSite","@id":"https:\/\/news.canadamotorjobs.com\/#website","url":"https:\/\/news.canadamotorjobs.com\/","name":"CanadaMotorJobs.com","description":"Automotive Jobs","publisher":{"@id":"https:\/\/news.canadamotorjobs.com\/#organization"},"potentialAction":[{"@type":"SearchAction","target":{"@type":"EntryPoint","urlTemplate":"https:\/\/news.canadamotorjobs.com\/?s={search_term_string}"},"query-input":"required name=search_term_string"}],"inLanguage":"fr-CA"},{"@type":"Organization","@id":"https:\/\/news.canadamotorjobs.com\/#organization","name":"Canada Motor Jobs","url":"https:\/\/news.canadamotorjobs.com\/","logo":{"@type":"ImageObject","inLanguage":"fr-CA","@id":"https:\/\/news.canadamotorjobs.com\/#\/schema\/logo\/image\/","url":"https:\/\/news.canadamotorjobs.com\/wp-content\/uploads\/2022\/10\/logo-canada-motor-jobs-1.png","contentUrl":"https:\/\/news.canadamotorjobs.com\/wp-content\/uploads\/2022\/10\/logo-canada-motor-jobs-1.png","width":800,"height":400,"caption":"Canada Motor Jobs"},"image":{"@id":"https:\/\/news.canadamotorjobs.com\/#\/schema\/logo\/image\/"},"sameAs":["https:\/\/www.facebook.com\/canadamotorjobs\/","https:\/\/x.com\/canadamotorjobs","https:\/\/www.instagram.com\/canadamotorjobs\/","https:\/\/www.linkedin.com\/company\/canadamotorjobs"]},{"@type":"Person","@id":"https:\/\/news.canadamotorjobs.com\/#\/schema\/person\/51793d1f87d44011d7bcc2ed99269a90","name":"Benoit Charette","image":{"@type":"ImageObject","inLanguage":"fr-CA","@id":"https:\/\/news.canadamotorjobs.com\/#\/schema\/person\/image\/","url":"https:\/\/secure.gravatar.com\/avatar\/45f3d2eebcccd909668d7ce7ea7267b6?s=96&d=mm&r=g","contentUrl":"https:\/\/secure.gravatar.com\/avatar\/45f3d2eebcccd909668d7ce7ea7267b6?s=96&d=mm&r=g","caption":"Benoit Charette"},"description":"Benoit Charette \/ Propri\u00e9taire et r\u00e9dacteur en chef Benoit Charette pratique le journalisme automobile depuis bient\u00f4t 30 ans. Il a fait ses classes au c\u00f4t\u00e9 de Daniel H\u00e9raud et au Carnet de route de 1992 \u00e0 2001. Il est fondateur, copropri\u00e9taire et r\u00e9dacteur en chef de L\u2019Annuel de l\u2019automobile, qu\u2019il publie depuis 2001. Il a anim\u00e9 les \u00e9missions RPM et RPM+ sur V et les L\u00e9gendes de la route sur Historia. \u00c0 la radio depuis 1986, il reprend l\u2019antenne cette ann\u00e9e sur les ondes de Cogeco et participe pour la deuxi\u00e8me ann\u00e9e \u00e0 l\u2019\u00e9mission Passion Auto sur RDS en plus de mettre en ligne le site Web officiel de L\u2019Annuel de l\u2019automobile sur annuelauto.ca.","sameAs":["https:\/\/annuelauto.ca\/"],"url":"https:\/\/news.canadamotorjobs.com\/fr\/author\/benoit-charette\/"}]}},"_links":{"self":[{"href":"https:\/\/news.canadamotorjobs.com\/fr\/wp-json\/wp\/v2\/posts\/39982"}],"collection":[{"href":"https:\/\/news.canadamotorjobs.com\/fr\/wp-json\/wp\/v2\/posts"}],"about":[{"href":"https:\/\/news.canadamotorjobs.com\/fr\/wp-json\/wp\/v2\/types\/post"}],"author":[{"embeddable":true,"href":"https:\/\/news.canadamotorjobs.com\/fr\/wp-json\/wp\/v2\/users\/8"}],"replies":[{"embeddable":true,"href":"https:\/\/news.canadamotorjobs.com\/fr\/wp-json\/wp\/v2\/comments?post=39982"}],"version-history":[{"count":0,"href":"https:\/\/news.canadamotorjobs.com\/fr\/wp-json\/wp\/v2\/posts\/39982\/revisions"}],"wp:featuredmedia":[{"embeddable":true,"href":"https:\/\/news.canadamotorjobs.com\/fr\/wp-json\/wp\/v2\/media\/39986"}],"wp:attachment":[{"href":"https:\/\/news.canadamotorjobs.com\/fr\/wp-json\/wp\/v2\/media?parent=39982"}],"wp:term":[{"taxonomy":"category","embeddable":true,"href":"https:\/\/news.canadamotorjobs.com\/fr\/wp-json\/wp\/v2\/categories?post=39982"},{"taxonomy":"post_tag","embeddable":true,"href":"https:\/\/news.canadamotorjobs.com\/fr\/wp-json\/wp\/v2\/tags?post=39982"}],"curies":[{"name":"wp","href":"https:\/\/api.w.org\/{rel}","templated":true}]}}