{"id":39974,"date":"2022-04-22T08:45:34","date_gmt":"2022-04-22T12:45:34","guid":{"rendered":"https:\/\/blog.canadamotorjobs.com\/ford-rappelle-650-000-camions-et-vus-pour-des-essuie-glaces-defectueux\/"},"modified":"2022-04-22T08:59:34","modified_gmt":"2022-04-22T12:59:34","slug":"ford-rappelle-650-000-camions-et-vus-pour-des-essuie-glaces-defectueux","status":"publish","type":"post","link":"https:\/\/news.canadamotorjobs.com\/fr\/ford-rappelle-650-000-camions-et-vus-pour-des-essuie-glaces-defectueux\/","title":{"rendered":"Ford rappelle 650 000 camions et VUS pour des essuie-glaces d\u00e9fectueux"},"content":{"rendered":"<\/p>\n<p>Ford a annonc\u00e9 qu&#8217;elle rappelait 652 996 camions de la s\u00e9rie F, Expedition et Lincoln Navigator produits pour les ann\u00e9es-mod\u00e8les\u00a02020 et 2021 afin de r\u00e9soudre un probl\u00e8me qui peut entra\u00eener la s\u00e9paration des essuie-glaces, r\u00e9duisant ainsi la visibilit\u00e9 et entra\u00eenant des conditions de conduite potentiellement dangereuses.<br \/> Un autre probl\u00e8me de fournisseurs<br \/> Ford confirme que l\u2019un de ses fournisseurs a utilis\u00e9 des bras d&#8217;essuie-glace dont les cannelures ne sont pas assez hautes pour s&#8217;engager compl\u00e8tement dans les pivots de moteur sur lesquels ils sont mont\u00e9s, ce qui peut entra\u00eener le d\u00e9collement de la connexion lorsque les moteurs sont allum\u00e9s. En cons\u00e9quence, les bras d&#8217;essuie-glace peuvent ne pas bouger du tout ou ne s&#8217;engager que par intermittence.<br \/> Il faudra remplacer les pi\u00e8ces fautives<br \/> &#8220;Des insertions de noyau d&#8217;outillage de cannelure de bras d&#8217;essuie-glace us\u00e9s chez le fournisseur ont entra\u00een\u00e9 une hauteur de dent de cannelure insuffisante, ce qui peut entra\u00eener le d\u00e9collement de la fixation du bras lorsqu&#8217;elle est utilis\u00e9e avec certains moteurs d&#8217;essuie-glace \u00e0 couple \u00e9lev\u00e9&#8221;, a d\u00e9clar\u00e9 Ford dans son rapport de d\u00e9faut \u00e0 la NHTSA. Ces pi\u00e8ces d\u00e9fectueuses ont \u00e9t\u00e9 utilis\u00e9es sur plus de 653\u00a0000 unit\u00e9s sur la S\u00e9rie-F, l\u2019Expedition et le Navigator.<\/p>\n<p> Avec des renseignements d&#8217;autoblog<\/p>\n<p>Le texte <a rel=\"nofollow\" href=\"https:\/\/annuelauto.ca\/ford-rappelle-650-000-camions-et-vus-pour-des-essuie-glaces-defectueux\/\">Ford rappelle 650 000 camions et VUS pour des essuie-glaces d\u00e9fectueux<\/a> provient de <a rel=\"nofollow\" href=\"https:\/\/annuelauto.ca\">L&#039;annuel de l&#039;automobile &#8211; Actualit\u00e9 automobile<\/a><\/p>\n<p> <\/p>\n","protected":false},"excerpt":{"rendered":"<p>Ford a annonc\u00e9 qu&#8217;elle rappelait 652 996 camions de la s\u00e9rie F, Expedition et Lincoln Navigator produits pour les ann\u00e9es-mod\u00e8les\u00a02020 et 2021 afin de r\u00e9soudre un probl\u00e8me qui peut entra\u00eener la s\u00e9paration des essuie-glaces, r\u00e9duisant ainsi la visibilit\u00e9 et entra\u00eenant des conditions de conduite potentiellement dangereuses. Un autre probl\u00e8me de fournisseurs Ford confirme que l\u2019un [&hellip;]<\/p>\n","protected":false},"author":8,"featured_media":39978,"comment_status":"close","ping_status":"closed","sticky":false,"template":"","format":"standard","meta":{"_monsterinsights_skip_tracking":false,"_monsterinsights_sitenote_active":false,"_monsterinsights_sitenote_note":"","_monsterinsights_sitenote_category":0,"footnotes":""},"categories":[101],"tags":[],"yoast_head":"<!-- This site is optimized with the Yoast SEO plugin v23.2 - https:\/\/yoast.com\/wordpress\/plugins\/seo\/ -->\n<title>Ford rappelle 650 000 camions et VUS pour des essuie-glaces d\u00e9fectueux - CanadaMotorJobs.com<\/title>\n<meta name=\"description\" content=\"Ford rappelle 650 000 camions et VUS pour des essuie-glaces d\u00e9fectueux - Benoit Charette - Annuel automobile - CanadaMotorJobs.com.\" \/>\n<meta name=\"robots\" content=\"index, follow, max-snippet:-1, max-image-preview:large, max-video-preview:-1\" \/>\n<meta property=\"og:locale\" content=\"fr_CA\" \/>\n<meta property=\"og:type\" content=\"article\" \/>\n<meta property=\"og:title\" content=\"Ford rappelle 650 000 camions et VUS pour des essuie-glaces d\u00e9fectueux - CanadaMotorJobs.com\" \/>\n<meta property=\"og:description\" content=\"Ford rappelle 650 000 camions et VUS pour des essuie-glaces d\u00e9fectueux - Benoit Charette - Annuel automobile - CanadaMotorJobs.com.\" \/>\n<meta property=\"og:url\" content=\"https:\/\/news.canadamotorjobs.com\/fr\/ford-rappelle-650-000-camions-et-vus-pour-des-essuie-glaces-defectueux\/\" \/>\n<meta property=\"og:site_name\" content=\"CanadaMotorJobs.com\" \/>\n<meta property=\"article:publisher\" content=\"https:\/\/www.facebook.com\/canadamotorjobs\/\" \/>\n<meta property=\"article:published_time\" content=\"2022-04-22T12:45:34+00:00\" \/>\n<meta property=\"article:modified_time\" content=\"2022-04-22T12:59:34+00:00\" \/>\n<meta property=\"og:image\" content=\"https:\/\/news.canadamotorjobs.com\/wp-content\/uploads\/2022\/04\/2022-Ford-Expedition-Platinum_Rapid-Red_01-1.jpg\" \/>\n\t<meta property=\"og:image:width\" content=\"1600\" \/>\n\t<meta property=\"og:image:height\" content=\"900\" \/>\n\t<meta property=\"og:image:type\" content=\"image\/jpeg\" \/>\n<meta name=\"author\" content=\"Benoit Charette\" \/>\n<meta name=\"twitter:card\" content=\"summary_large_image\" \/>\n<meta name=\"twitter:creator\" content=\"@canadamotorjobs\" \/>\n<meta name=\"twitter:site\" content=\"@canadamotorjobs\" \/>\n<meta name=\"twitter:label1\" content=\"\u00c9crit par\" \/>\n\t<meta name=\"twitter:data1\" content=\"Benoit Charette\" \/>\n\t<meta name=\"twitter:label2\" content=\"Estimation du temps de lecture\" \/>\n\t<meta name=\"twitter:data2\" content=\"1 minute\" \/>\n<!-- \/ Yoast SEO plugin. -->","yoast_head_json":{"title":"Ford rappelle 650 000 camions et VUS pour des essuie-glaces d\u00e9fectueux - CanadaMotorJobs.com","description":"Ford rappelle 650 000 camions et VUS pour des essuie-glaces d\u00e9fectueux - Benoit Charette - Annuel automobile - CanadaMotorJobs.com.","robots":{"index":"index","follow":"follow","max-snippet":"max-snippet:-1","max-image-preview":"max-image-preview:large","max-video-preview":"max-video-preview:-1"},"og_locale":"fr_CA","og_type":"article","og_title":"Ford rappelle 650 000 camions et VUS pour des essuie-glaces d\u00e9fectueux - CanadaMotorJobs.com","og_description":"Ford rappelle 650 000 camions et VUS pour des essuie-glaces d\u00e9fectueux - Benoit Charette - Annuel automobile - CanadaMotorJobs.com.","og_url":"https:\/\/news.canadamotorjobs.com\/fr\/ford-rappelle-650-000-camions-et-vus-pour-des-essuie-glaces-defectueux\/","og_site_name":"CanadaMotorJobs.com","article_publisher":"https:\/\/www.facebook.com\/canadamotorjobs\/","article_published_time":"2022-04-22T12:45:34+00:00","article_modified_time":"2022-04-22T12:59:34+00:00","og_image":[{"width":1600,"height":900,"url":"https:\/\/news.canadamotorjobs.com\/wp-content\/uploads\/2022\/04\/2022-Ford-Expedition-Platinum_Rapid-Red_01-1.jpg","type":"image\/jpeg"}],"author":"Benoit Charette","twitter_card":"summary_large_image","twitter_creator":"@canadamotorjobs","twitter_site":"@canadamotorjobs","twitter_misc":{"\u00c9crit par":"Benoit Charette","Estimation du temps de lecture":"1 minute"},"schema":{"@context":"https:\/\/schema.org","@graph":[{"@type":"Article","@id":"https:\/\/news.canadamotorjobs.com\/fr\/ford-rappelle-650-000-camions-et-vus-pour-des-essuie-glaces-defectueux\/#article","isPartOf":{"@id":"https:\/\/news.canadamotorjobs.com\/fr\/ford-rappelle-650-000-camions-et-vus-pour-des-essuie-glaces-defectueux\/"},"author":{"name":"Benoit Charette","@id":"https:\/\/news.canadamotorjobs.com\/#\/schema\/person\/51793d1f87d44011d7bcc2ed99269a90"},"headline":"Ford rappelle 650 000 camions et VUS pour des essuie-glaces d\u00e9fectueux","datePublished":"2022-04-22T12:45:34+00:00","dateModified":"2022-04-22T12:59:34+00:00","mainEntityOfPage":{"@id":"https:\/\/news.canadamotorjobs.com\/fr\/ford-rappelle-650-000-camions-et-vus-pour-des-essuie-glaces-defectueux\/"},"wordCount":264,"publisher":{"@id":"https:\/\/news.canadamotorjobs.com\/#organization"},"image":{"@id":"https:\/\/news.canadamotorjobs.com\/fr\/ford-rappelle-650-000-camions-et-vus-pour-des-essuie-glaces-defectueux\/#primaryimage"},"thumbnailUrl":"https:\/\/news.canadamotorjobs.com\/wp-content\/uploads\/2022\/04\/2022-Ford-Expedition-Platinum_Rapid-Red_01-1.jpg","articleSection":["Annuel automobile"],"inLanguage":"fr-CA"},{"@type":"WebPage","@id":"https:\/\/news.canadamotorjobs.com\/fr\/ford-rappelle-650-000-camions-et-vus-pour-des-essuie-glaces-defectueux\/","url":"https:\/\/news.canadamotorjobs.com\/fr\/ford-rappelle-650-000-camions-et-vus-pour-des-essuie-glaces-defectueux\/","name":"Ford rappelle 650 000 camions et VUS pour des essuie-glaces d\u00e9fectueux - CanadaMotorJobs.com","isPartOf":{"@id":"https:\/\/news.canadamotorjobs.com\/#website"},"primaryImageOfPage":{"@id":"https:\/\/news.canadamotorjobs.com\/fr\/ford-rappelle-650-000-camions-et-vus-pour-des-essuie-glaces-defectueux\/#primaryimage"},"image":{"@id":"https:\/\/news.canadamotorjobs.com\/fr\/ford-rappelle-650-000-camions-et-vus-pour-des-essuie-glaces-defectueux\/#primaryimage"},"thumbnailUrl":"https:\/\/news.canadamotorjobs.com\/wp-content\/uploads\/2022\/04\/2022-Ford-Expedition-Platinum_Rapid-Red_01-1.jpg","datePublished":"2022-04-22T12:45:34+00:00","dateModified":"2022-04-22T12:59:34+00:00","description":"Ford rappelle 650 000 camions et VUS pour des essuie-glaces d\u00e9fectueux - Benoit Charette - Annuel automobile - CanadaMotorJobs.com.","breadcrumb":{"@id":"https:\/\/news.canadamotorjobs.com\/fr\/ford-rappelle-650-000-camions-et-vus-pour-des-essuie-glaces-defectueux\/#breadcrumb"},"inLanguage":"fr-CA","potentialAction":[{"@type":"ReadAction","target":["https:\/\/news.canadamotorjobs.com\/fr\/ford-rappelle-650-000-camions-et-vus-pour-des-essuie-glaces-defectueux\/"]}]},{"@type":"ImageObject","inLanguage":"fr-CA","@id":"https:\/\/news.canadamotorjobs.com\/fr\/ford-rappelle-650-000-camions-et-vus-pour-des-essuie-glaces-defectueux\/#primaryimage","url":"https:\/\/news.canadamotorjobs.com\/wp-content\/uploads\/2022\/04\/2022-Ford-Expedition-Platinum_Rapid-Red_01-1.jpg","contentUrl":"https:\/\/news.canadamotorjobs.com\/wp-content\/uploads\/2022\/04\/2022-Ford-Expedition-Platinum_Rapid-Red_01-1.jpg","width":1600,"height":900},{"@type":"BreadcrumbList","@id":"https:\/\/news.canadamotorjobs.com\/fr\/ford-rappelle-650-000-camions-et-vus-pour-des-essuie-glaces-defectueux\/#breadcrumb","itemListElement":[{"@type":"ListItem","position":1,"name":"Home","item":"https:\/\/news.canadamotorjobs.com\/fr\/blog\/"},{"@type":"ListItem","position":2,"name":"Ford rappelle 650 000 camions et VUS pour des essuie-glaces d\u00e9fectueux"}]},{"@type":"WebSite","@id":"https:\/\/news.canadamotorjobs.com\/#website","url":"https:\/\/news.canadamotorjobs.com\/","name":"CanadaMotorJobs.com","description":"Automotive Jobs","publisher":{"@id":"https:\/\/news.canadamotorjobs.com\/#organization"},"potentialAction":[{"@type":"SearchAction","target":{"@type":"EntryPoint","urlTemplate":"https:\/\/news.canadamotorjobs.com\/?s={search_term_string}"},"query-input":"required name=search_term_string"}],"inLanguage":"fr-CA"},{"@type":"Organization","@id":"https:\/\/news.canadamotorjobs.com\/#organization","name":"Canada Motor Jobs","url":"https:\/\/news.canadamotorjobs.com\/","logo":{"@type":"ImageObject","inLanguage":"fr-CA","@id":"https:\/\/news.canadamotorjobs.com\/#\/schema\/logo\/image\/","url":"https:\/\/news.canadamotorjobs.com\/wp-content\/uploads\/2022\/10\/logo-canada-motor-jobs-1.png","contentUrl":"https:\/\/news.canadamotorjobs.com\/wp-content\/uploads\/2022\/10\/logo-canada-motor-jobs-1.png","width":800,"height":400,"caption":"Canada Motor Jobs"},"image":{"@id":"https:\/\/news.canadamotorjobs.com\/#\/schema\/logo\/image\/"},"sameAs":["https:\/\/www.facebook.com\/canadamotorjobs\/","https:\/\/x.com\/canadamotorjobs","https:\/\/www.instagram.com\/canadamotorjobs\/","https:\/\/www.linkedin.com\/company\/canadamotorjobs"]},{"@type":"Person","@id":"https:\/\/news.canadamotorjobs.com\/#\/schema\/person\/51793d1f87d44011d7bcc2ed99269a90","name":"Benoit Charette","image":{"@type":"ImageObject","inLanguage":"fr-CA","@id":"https:\/\/news.canadamotorjobs.com\/#\/schema\/person\/image\/","url":"https:\/\/secure.gravatar.com\/avatar\/45f3d2eebcccd909668d7ce7ea7267b6?s=96&d=mm&r=g","contentUrl":"https:\/\/secure.gravatar.com\/avatar\/45f3d2eebcccd909668d7ce7ea7267b6?s=96&d=mm&r=g","caption":"Benoit Charette"},"description":"Benoit Charette \/ Propri\u00e9taire et r\u00e9dacteur en chef Benoit Charette pratique le journalisme automobile depuis bient\u00f4t 30 ans. Il a fait ses classes au c\u00f4t\u00e9 de Daniel H\u00e9raud et au Carnet de route de 1992 \u00e0 2001. Il est fondateur, copropri\u00e9taire et r\u00e9dacteur en chef de L\u2019Annuel de l\u2019automobile, qu\u2019il publie depuis 2001. Il a anim\u00e9 les \u00e9missions RPM et RPM+ sur V et les L\u00e9gendes de la route sur Historia. \u00c0 la radio depuis 1986, il reprend l\u2019antenne cette ann\u00e9e sur les ondes de Cogeco et participe pour la deuxi\u00e8me ann\u00e9e \u00e0 l\u2019\u00e9mission Passion Auto sur RDS en plus de mettre en ligne le site Web officiel de L\u2019Annuel de l\u2019automobile sur annuelauto.ca.","sameAs":["https:\/\/annuelauto.ca\/"],"url":"https:\/\/news.canadamotorjobs.com\/fr\/author\/benoit-charette\/"}]}},"_links":{"self":[{"href":"https:\/\/news.canadamotorjobs.com\/fr\/wp-json\/wp\/v2\/posts\/39974"}],"collection":[{"href":"https:\/\/news.canadamotorjobs.com\/fr\/wp-json\/wp\/v2\/posts"}],"about":[{"href":"https:\/\/news.canadamotorjobs.com\/fr\/wp-json\/wp\/v2\/types\/post"}],"author":[{"embeddable":true,"href":"https:\/\/news.canadamotorjobs.com\/fr\/wp-json\/wp\/v2\/users\/8"}],"replies":[{"embeddable":true,"href":"https:\/\/news.canadamotorjobs.com\/fr\/wp-json\/wp\/v2\/comments?post=39974"}],"version-history":[{"count":0,"href":"https:\/\/news.canadamotorjobs.com\/fr\/wp-json\/wp\/v2\/posts\/39974\/revisions"}],"wp:featuredmedia":[{"embeddable":true,"href":"https:\/\/news.canadamotorjobs.com\/fr\/wp-json\/wp\/v2\/media\/39978"}],"wp:attachment":[{"href":"https:\/\/news.canadamotorjobs.com\/fr\/wp-json\/wp\/v2\/media?parent=39974"}],"wp:term":[{"taxonomy":"category","embeddable":true,"href":"https:\/\/news.canadamotorjobs.com\/fr\/wp-json\/wp\/v2\/categories?post=39974"},{"taxonomy":"post_tag","embeddable":true,"href":"https:\/\/news.canadamotorjobs.com\/fr\/wp-json\/wp\/v2\/tags?post=39974"}],"curies":[{"name":"wp","href":"https:\/\/api.w.org\/{rel}","templated":true}]}}