{"id":39950,"date":"2022-04-21T11:16:03","date_gmt":"2022-04-21T15:16:03","guid":{"rendered":"https:\/\/blog.canadamotorjobs.com\/jour-de-la-terre-recharge-gratuite-des-vehicules-electriques\/"},"modified":"2022-04-21T11:30:25","modified_gmt":"2022-04-21T15:30:25","slug":"jour-de-la-terre-recharge-gratuite-des-vehicules-electriques","status":"publish","type":"post","link":"https:\/\/news.canadamotorjobs.com\/fr\/jour-de-la-terre-recharge-gratuite-des-vehicules-electriques\/","title":{"rendered":"Jour de la Terre, recharge gratuite des v\u00e9hicules \u00e9lectriques"},"content":{"rendered":"<\/p>\n<p>Le 22 avril marquera le jour de la Terre et pour l\u2019occasion, Electrify Canada offre la recharge gratuite pour les v\u00e9hicules \u00e9lectriques. Payez-vous une petite balade automobile aux frais de la compagnie\u2009! Le tout d\u00e9butera ce vendredi \u00e0 00h01 et perdurera jusqu\u2019au 23 avril \u00e0 3 h. De plus, l\u2019entreprise propose un rabais sur son chargeur domestique de niveau 2.<br \/> Une initiative remarqu\u00e9e<br \/> Les r\u00e9seaux de recharge de v\u00e9hicules \u00e9lectriques commencent \u00e0 prendre une place plus importante \u00e0 travers le pays. Bien qu&#8217;ils soient encore loin d&#8217;\u00e9galer le nombre de stations-service, vous ne verrez jamais une compagnie p\u00e9troli\u00e8re offrir de l&#8217;essence gratuite \u00e0 tout le monde pendant une journ\u00e9e. Imaginez la folie autour des postes de carburant, surtout avec le prix ahurissant de l\u2019or noir pr\u00e9sentement. Electrify Canada offrira des \u00e9lectrons gratuits \u00e0 tous les conducteurs de voitures \u00e9cologiques pendant 27 heures.<br \/> D\u00e9ploiement<br \/> Si vous habitez et conduisez au Qu\u00e9bec, en Ontario, en Alberta et en Colombie-Britannique, vous aurez acc\u00e8s \u00e0 30 stations \u00e9quip\u00e9es de bornes \u00e9lectriques capables de livrer des vitesses de recharge allant jusqu&#8217;\u00e0 150 kW et 350 kW.<br \/> Un pas de plus vers un monde plus vert<br \/> \u00ab Conduire un v\u00e9hicule \u00e9lectrique est quelque chose que chaque personne peut faire tous les jours pour vivre de mani\u00e8re plus durable \u00bb, d\u00e9clare Robert Barrosa, directeur principal des ventes, du d\u00e9veloppement des affaires et du marketing chez Electrify Canada. \u00ab Nous sommes heureux de remercier un peu ceux qui ont d\u00e9j\u00e0 pris l&#8217;engagement de rouler de fa\u00e7on \u00e9cologique et<\/p>\n","protected":false},"excerpt":{"rendered":"<p>Le 22 avril marquera le jour de la Terre et pour l\u2019occasion, Electrify Canada offre la recharge gratuite pour les v\u00e9hicules \u00e9lectriques. Payez-vous une petite balade automobile aux frais de la compagnie\u2009! Le tout d\u00e9butera ce vendredi \u00e0 00h01 et perdurera jusqu\u2019au 23 avril \u00e0 3 h. De plus, l\u2019entreprise propose un rabais sur son [&hellip;]<\/p>\n","protected":false},"author":8,"featured_media":39954,"comment_status":"close","ping_status":"closed","sticky":false,"template":"","format":"standard","meta":{"_monsterinsights_skip_tracking":false,"_monsterinsights_sitenote_active":false,"_monsterinsights_sitenote_note":"","_monsterinsights_sitenote_category":0,"footnotes":""},"categories":[101],"tags":[],"yoast_head":"<!-- This site is optimized with the Yoast SEO plugin v23.2 - https:\/\/yoast.com\/wordpress\/plugins\/seo\/ -->\n<title>Jour de la Terre, recharge gratuite des v\u00e9hicules \u00e9lectriques - CanadaMotorJobs.com<\/title>\n<meta name=\"description\" content=\"Jour de la Terre, recharge gratuite des v\u00e9hicules \u00e9lectriques - Benoit Charette - Annuel automobile - CanadaMotorJobs.com.\" \/>\n<meta name=\"robots\" content=\"index, follow, max-snippet:-1, max-image-preview:large, max-video-preview:-1\" \/>\n<meta property=\"og:locale\" content=\"fr_CA\" \/>\n<meta property=\"og:type\" content=\"article\" \/>\n<meta property=\"og:title\" content=\"Jour de la Terre, recharge gratuite des v\u00e9hicules \u00e9lectriques - CanadaMotorJobs.com\" \/>\n<meta property=\"og:description\" content=\"Jour de la Terre, recharge gratuite des v\u00e9hicules \u00e9lectriques - Benoit Charette - Annuel automobile - CanadaMotorJobs.com.\" \/>\n<meta property=\"og:url\" content=\"https:\/\/news.canadamotorjobs.com\/fr\/jour-de-la-terre-recharge-gratuite-des-vehicules-electriques\/\" \/>\n<meta property=\"og:site_name\" content=\"CanadaMotorJobs.com\" \/>\n<meta property=\"article:publisher\" content=\"https:\/\/www.facebook.com\/canadamotorjobs\/\" \/>\n<meta property=\"article:published_time\" content=\"2022-04-21T15:16:03+00:00\" \/>\n<meta property=\"article:modified_time\" content=\"2022-04-21T15:30:25+00:00\" \/>\n<meta property=\"og:image\" content=\"https:\/\/news.canadamotorjobs.com\/wp-content\/uploads\/2022\/04\/521098-electrify-canada-offers-free-vehicle-charging-on-earth-day-1.jpg\" \/>\n\t<meta property=\"og:image:width\" content=\"1024\" \/>\n\t<meta property=\"og:image:height\" content=\"640\" \/>\n\t<meta property=\"og:image:type\" content=\"image\/jpeg\" \/>\n<meta name=\"author\" content=\"Benoit Charette\" \/>\n<meta name=\"twitter:card\" content=\"summary_large_image\" \/>\n<meta name=\"twitter:creator\" content=\"@canadamotorjobs\" \/>\n<meta name=\"twitter:site\" content=\"@canadamotorjobs\" \/>\n<meta name=\"twitter:label1\" content=\"\u00c9crit par\" \/>\n\t<meta name=\"twitter:data1\" content=\"Benoit Charette\" \/>\n\t<meta name=\"twitter:label2\" content=\"Estimation du temps de lecture\" \/>\n\t<meta name=\"twitter:data2\" content=\"1 minute\" \/>\n<!-- \/ Yoast SEO plugin. -->","yoast_head_json":{"title":"Jour de la Terre, recharge gratuite des v\u00e9hicules \u00e9lectriques - CanadaMotorJobs.com","description":"Jour de la Terre, recharge gratuite des v\u00e9hicules \u00e9lectriques - Benoit Charette - Annuel automobile - CanadaMotorJobs.com.","robots":{"index":"index","follow":"follow","max-snippet":"max-snippet:-1","max-image-preview":"max-image-preview:large","max-video-preview":"max-video-preview:-1"},"og_locale":"fr_CA","og_type":"article","og_title":"Jour de la Terre, recharge gratuite des v\u00e9hicules \u00e9lectriques - CanadaMotorJobs.com","og_description":"Jour de la Terre, recharge gratuite des v\u00e9hicules \u00e9lectriques - Benoit Charette - Annuel automobile - CanadaMotorJobs.com.","og_url":"https:\/\/news.canadamotorjobs.com\/fr\/jour-de-la-terre-recharge-gratuite-des-vehicules-electriques\/","og_site_name":"CanadaMotorJobs.com","article_publisher":"https:\/\/www.facebook.com\/canadamotorjobs\/","article_published_time":"2022-04-21T15:16:03+00:00","article_modified_time":"2022-04-21T15:30:25+00:00","og_image":[{"width":1024,"height":640,"url":"https:\/\/news.canadamotorjobs.com\/wp-content\/uploads\/2022\/04\/521098-electrify-canada-offers-free-vehicle-charging-on-earth-day-1.jpg","type":"image\/jpeg"}],"author":"Benoit Charette","twitter_card":"summary_large_image","twitter_creator":"@canadamotorjobs","twitter_site":"@canadamotorjobs","twitter_misc":{"\u00c9crit par":"Benoit Charette","Estimation du temps de lecture":"1 minute"},"schema":{"@context":"https:\/\/schema.org","@graph":[{"@type":"Article","@id":"https:\/\/news.canadamotorjobs.com\/fr\/jour-de-la-terre-recharge-gratuite-des-vehicules-electriques\/#article","isPartOf":{"@id":"https:\/\/news.canadamotorjobs.com\/fr\/jour-de-la-terre-recharge-gratuite-des-vehicules-electriques\/"},"author":{"name":"Benoit Charette","@id":"https:\/\/news.canadamotorjobs.com\/#\/schema\/person\/51793d1f87d44011d7bcc2ed99269a90"},"headline":"Jour de la Terre, recharge gratuite des v\u00e9hicules \u00e9lectriques","datePublished":"2022-04-21T15:16:03+00:00","dateModified":"2022-04-21T15:30:25+00:00","mainEntityOfPage":{"@id":"https:\/\/news.canadamotorjobs.com\/fr\/jour-de-la-terre-recharge-gratuite-des-vehicules-electriques\/"},"wordCount":269,"publisher":{"@id":"https:\/\/news.canadamotorjobs.com\/#organization"},"image":{"@id":"https:\/\/news.canadamotorjobs.com\/fr\/jour-de-la-terre-recharge-gratuite-des-vehicules-electriques\/#primaryimage"},"thumbnailUrl":"https:\/\/news.canadamotorjobs.com\/wp-content\/uploads\/2022\/04\/521098-electrify-canada-offers-free-vehicle-charging-on-earth-day-1.jpg","articleSection":["Annuel automobile"],"inLanguage":"fr-CA"},{"@type":"WebPage","@id":"https:\/\/news.canadamotorjobs.com\/fr\/jour-de-la-terre-recharge-gratuite-des-vehicules-electriques\/","url":"https:\/\/news.canadamotorjobs.com\/fr\/jour-de-la-terre-recharge-gratuite-des-vehicules-electriques\/","name":"Jour de la Terre, recharge gratuite des v\u00e9hicules \u00e9lectriques - CanadaMotorJobs.com","isPartOf":{"@id":"https:\/\/news.canadamotorjobs.com\/#website"},"primaryImageOfPage":{"@id":"https:\/\/news.canadamotorjobs.com\/fr\/jour-de-la-terre-recharge-gratuite-des-vehicules-electriques\/#primaryimage"},"image":{"@id":"https:\/\/news.canadamotorjobs.com\/fr\/jour-de-la-terre-recharge-gratuite-des-vehicules-electriques\/#primaryimage"},"thumbnailUrl":"https:\/\/news.canadamotorjobs.com\/wp-content\/uploads\/2022\/04\/521098-electrify-canada-offers-free-vehicle-charging-on-earth-day-1.jpg","datePublished":"2022-04-21T15:16:03+00:00","dateModified":"2022-04-21T15:30:25+00:00","description":"Jour de la Terre, recharge gratuite des v\u00e9hicules \u00e9lectriques - Benoit Charette - Annuel automobile - CanadaMotorJobs.com.","breadcrumb":{"@id":"https:\/\/news.canadamotorjobs.com\/fr\/jour-de-la-terre-recharge-gratuite-des-vehicules-electriques\/#breadcrumb"},"inLanguage":"fr-CA","potentialAction":[{"@type":"ReadAction","target":["https:\/\/news.canadamotorjobs.com\/fr\/jour-de-la-terre-recharge-gratuite-des-vehicules-electriques\/"]}]},{"@type":"ImageObject","inLanguage":"fr-CA","@id":"https:\/\/news.canadamotorjobs.com\/fr\/jour-de-la-terre-recharge-gratuite-des-vehicules-electriques\/#primaryimage","url":"https:\/\/news.canadamotorjobs.com\/wp-content\/uploads\/2022\/04\/521098-electrify-canada-offers-free-vehicle-charging-on-earth-day-1.jpg","contentUrl":"https:\/\/news.canadamotorjobs.com\/wp-content\/uploads\/2022\/04\/521098-electrify-canada-offers-free-vehicle-charging-on-earth-day-1.jpg","width":1024,"height":640},{"@type":"BreadcrumbList","@id":"https:\/\/news.canadamotorjobs.com\/fr\/jour-de-la-terre-recharge-gratuite-des-vehicules-electriques\/#breadcrumb","itemListElement":[{"@type":"ListItem","position":1,"name":"Home","item":"https:\/\/news.canadamotorjobs.com\/fr\/blog\/"},{"@type":"ListItem","position":2,"name":"Jour de la Terre, recharge gratuite des v\u00e9hicules \u00e9lectriques"}]},{"@type":"WebSite","@id":"https:\/\/news.canadamotorjobs.com\/#website","url":"https:\/\/news.canadamotorjobs.com\/","name":"CanadaMotorJobs.com","description":"Automotive Jobs","publisher":{"@id":"https:\/\/news.canadamotorjobs.com\/#organization"},"potentialAction":[{"@type":"SearchAction","target":{"@type":"EntryPoint","urlTemplate":"https:\/\/news.canadamotorjobs.com\/?s={search_term_string}"},"query-input":"required name=search_term_string"}],"inLanguage":"fr-CA"},{"@type":"Organization","@id":"https:\/\/news.canadamotorjobs.com\/#organization","name":"Canada Motor Jobs","url":"https:\/\/news.canadamotorjobs.com\/","logo":{"@type":"ImageObject","inLanguage":"fr-CA","@id":"https:\/\/news.canadamotorjobs.com\/#\/schema\/logo\/image\/","url":"https:\/\/news.canadamotorjobs.com\/wp-content\/uploads\/2022\/10\/logo-canada-motor-jobs-1.png","contentUrl":"https:\/\/news.canadamotorjobs.com\/wp-content\/uploads\/2022\/10\/logo-canada-motor-jobs-1.png","width":800,"height":400,"caption":"Canada Motor Jobs"},"image":{"@id":"https:\/\/news.canadamotorjobs.com\/#\/schema\/logo\/image\/"},"sameAs":["https:\/\/www.facebook.com\/canadamotorjobs\/","https:\/\/x.com\/canadamotorjobs","https:\/\/www.instagram.com\/canadamotorjobs\/","https:\/\/www.linkedin.com\/company\/canadamotorjobs"]},{"@type":"Person","@id":"https:\/\/news.canadamotorjobs.com\/#\/schema\/person\/51793d1f87d44011d7bcc2ed99269a90","name":"Benoit Charette","image":{"@type":"ImageObject","inLanguage":"fr-CA","@id":"https:\/\/news.canadamotorjobs.com\/#\/schema\/person\/image\/","url":"https:\/\/secure.gravatar.com\/avatar\/45f3d2eebcccd909668d7ce7ea7267b6?s=96&d=mm&r=g","contentUrl":"https:\/\/secure.gravatar.com\/avatar\/45f3d2eebcccd909668d7ce7ea7267b6?s=96&d=mm&r=g","caption":"Benoit Charette"},"description":"Benoit Charette \/ Propri\u00e9taire et r\u00e9dacteur en chef Benoit Charette pratique le journalisme automobile depuis bient\u00f4t 30 ans. Il a fait ses classes au c\u00f4t\u00e9 de Daniel H\u00e9raud et au Carnet de route de 1992 \u00e0 2001. Il est fondateur, copropri\u00e9taire et r\u00e9dacteur en chef de L\u2019Annuel de l\u2019automobile, qu\u2019il publie depuis 2001. Il a anim\u00e9 les \u00e9missions RPM et RPM+ sur V et les L\u00e9gendes de la route sur Historia. \u00c0 la radio depuis 1986, il reprend l\u2019antenne cette ann\u00e9e sur les ondes de Cogeco et participe pour la deuxi\u00e8me ann\u00e9e \u00e0 l\u2019\u00e9mission Passion Auto sur RDS en plus de mettre en ligne le site Web officiel de L\u2019Annuel de l\u2019automobile sur annuelauto.ca.","sameAs":["https:\/\/annuelauto.ca\/"],"url":"https:\/\/news.canadamotorjobs.com\/fr\/author\/benoit-charette\/"}]}},"_links":{"self":[{"href":"https:\/\/news.canadamotorjobs.com\/fr\/wp-json\/wp\/v2\/posts\/39950"}],"collection":[{"href":"https:\/\/news.canadamotorjobs.com\/fr\/wp-json\/wp\/v2\/posts"}],"about":[{"href":"https:\/\/news.canadamotorjobs.com\/fr\/wp-json\/wp\/v2\/types\/post"}],"author":[{"embeddable":true,"href":"https:\/\/news.canadamotorjobs.com\/fr\/wp-json\/wp\/v2\/users\/8"}],"replies":[{"embeddable":true,"href":"https:\/\/news.canadamotorjobs.com\/fr\/wp-json\/wp\/v2\/comments?post=39950"}],"version-history":[{"count":0,"href":"https:\/\/news.canadamotorjobs.com\/fr\/wp-json\/wp\/v2\/posts\/39950\/revisions"}],"wp:featuredmedia":[{"embeddable":true,"href":"https:\/\/news.canadamotorjobs.com\/fr\/wp-json\/wp\/v2\/media\/39954"}],"wp:attachment":[{"href":"https:\/\/news.canadamotorjobs.com\/fr\/wp-json\/wp\/v2\/media?parent=39950"}],"wp:term":[{"taxonomy":"category","embeddable":true,"href":"https:\/\/news.canadamotorjobs.com\/fr\/wp-json\/wp\/v2\/categories?post=39950"},{"taxonomy":"post_tag","embeddable":true,"href":"https:\/\/news.canadamotorjobs.com\/fr\/wp-json\/wp\/v2\/tags?post=39950"}],"curies":[{"name":"wp","href":"https:\/\/api.w.org\/{rel}","templated":true}]}}