{"id":39941,"date":"2022-04-21T09:15:12","date_gmt":"2022-04-21T13:15:12","guid":{"rendered":"https:\/\/blog.canadamotorjobs.com\/un-rappel-de-plus-de-450-000-vehicules-chez-toyota-et-lexus\/"},"modified":"2022-04-21T09:29:45","modified_gmt":"2022-04-21T13:29:45","slug":"un-rappel-de-plus-de-450-000-vehicules-chez-toyota-et-lexus","status":"publish","type":"post","link":"https:\/\/news.canadamotorjobs.com\/fr\/un-rappel-de-plus-de-450-000-vehicules-chez-toyota-et-lexus\/","title":{"rendered":"Un rappel de plus de 450\u00a0000 v\u00e9hicules chez Toyota et Lexus"},"content":{"rendered":"<\/p>\n<p>Un rappel majeur d&#8217;environ 458 000 v\u00e9hicules touche plusieurs v\u00e9hicules Toyota et Lexus. Ce probl\u00e8me concerne une erreur logicielle du syst\u00e8me de contr\u00f4le de la stabilit\u00e9 du v\u00e9hicule qui affecte plusieurs mod\u00e8les tant chez Toyota que chez Lexus.<br \/> Les mod\u00e8les concern\u00e9s<br \/> Les v\u00e9hicules touch\u00e9s chez Toyota sont les SUV Highlander Hybrid des ann\u00e9es-mod\u00e8les 2020-22, les berlines Mirai des ann\u00e9es-mod\u00e8les 2021-22, les VUS RAV4 hybide, Prime et le Venza des ann\u00e9es mod\u00e8les 2022, la fourgonnette Sienna 2021-2022. Les mod\u00e8les Lexus comprennent les berlines LS 500h des ann\u00e9es-mod\u00e8les 2021-22 et les VUS LX 600, NX 350h et NX 450h Plus des ann\u00e9es-mod\u00e8les 2022.<\/p>\n<p> Le probl\u00e8me provient du logiciel de l&#8217;unit\u00e9 de contr\u00f4le \u00e9lectronique du d\u00e9rapage, qui peut ne pas activer le syst\u00e8me de contr\u00f4le de la stabilit\u00e9 du v\u00e9hicule lorsque le v\u00e9hicule est red\u00e9marr\u00e9 apr\u00e8s que le conducteur a d\u00e9sactiv\u00e9 le syst\u00e8me VSC, ce qui augmente le risque d&#8217;accident.<\/p>\n<p> Pour r\u00e9soudre ce probl\u00e8me, les concessionnaires mettront gratuitement \u00e0 jour le logiciel de l&#8217;unit\u00e9 de commande \u00e9lectronique de contr\u00f4le du d\u00e9rapage. Les propri\u00e9taires seront inform\u00e9s \u00e0 la mi-juin.<\/p>\n<p> Avec des renseignements de cars.com<\/p>\n<p>Le texte <a rel=\"nofollow\" href=\"https:\/\/annuelauto.ca\/un-rappel-de-plus-de-450-000-vehicules-chez-toyota-et-lexus\/\">Un rappel de plus de 450\u00a0000 v\u00e9hicules chez Toyota et Lexus<\/a> provient de <a rel=\"nofollow\" href=\"https:\/\/annuelauto.ca\">L&#039;annuel de l&#039;automobile &#8211; Actualit\u00e9 automobile<\/a><\/p>\n<p> <\/p>\n","protected":false},"excerpt":{"rendered":"<p>Un rappel majeur d&#8217;environ 458 000 v\u00e9hicules touche plusieurs v\u00e9hicules Toyota et Lexus. Ce probl\u00e8me concerne une erreur logicielle du syst\u00e8me de contr\u00f4le de la stabilit\u00e9 du v\u00e9hicule qui affecte plusieurs mod\u00e8les tant chez Toyota que chez Lexus. Les mod\u00e8les concern\u00e9s Les v\u00e9hicules touch\u00e9s chez Toyota sont les SUV Highlander Hybrid des ann\u00e9es-mod\u00e8les 2020-22, les [&hellip;]<\/p>\n","protected":false},"author":8,"featured_media":39945,"comment_status":"close","ping_status":"closed","sticky":false,"template":"","format":"standard","meta":{"_monsterinsights_skip_tracking":false,"_monsterinsights_sitenote_active":false,"_monsterinsights_sitenote_note":"","_monsterinsights_sitenote_category":0,"footnotes":""},"categories":[101],"tags":[],"yoast_head":"<!-- This site is optimized with the Yoast SEO plugin v23.2 - https:\/\/yoast.com\/wordpress\/plugins\/seo\/ -->\n<title>Un rappel de plus de 450\u00a0000 v\u00e9hicules chez Toyota et Lexus - CanadaMotorJobs.com<\/title>\n<meta name=\"description\" content=\"Un rappel de plus de 450\u00a0000 v\u00e9hicules chez Toyota et Lexus - Benoit Charette - Annuel automobile - CanadaMotorJobs.com.\" \/>\n<meta name=\"robots\" content=\"index, follow, max-snippet:-1, max-image-preview:large, max-video-preview:-1\" \/>\n<meta property=\"og:locale\" content=\"fr_CA\" \/>\n<meta property=\"og:type\" content=\"article\" \/>\n<meta property=\"og:title\" content=\"Un rappel de plus de 450\u00a0000 v\u00e9hicules chez Toyota et Lexus - CanadaMotorJobs.com\" \/>\n<meta property=\"og:description\" content=\"Un rappel de plus de 450\u00a0000 v\u00e9hicules chez Toyota et Lexus - Benoit Charette - Annuel automobile - CanadaMotorJobs.com.\" \/>\n<meta property=\"og:url\" content=\"https:\/\/news.canadamotorjobs.com\/fr\/un-rappel-de-plus-de-450-000-vehicules-chez-toyota-et-lexus\/\" \/>\n<meta property=\"og:site_name\" content=\"CanadaMotorJobs.com\" \/>\n<meta property=\"article:publisher\" content=\"https:\/\/www.facebook.com\/canadamotorjobs\/\" \/>\n<meta property=\"article:published_time\" content=\"2022-04-21T13:15:12+00:00\" \/>\n<meta property=\"article:modified_time\" content=\"2022-04-21T13:29:45+00:00\" \/>\n<meta property=\"og:image\" content=\"https:\/\/news.canadamotorjobs.com\/wp-content\/uploads\/2022\/04\/2021-toyota-rav4-prime-1.jpg\" \/>\n\t<meta property=\"og:image:width\" content=\"1920\" \/>\n\t<meta property=\"og:image:height\" content=\"1080\" \/>\n\t<meta property=\"og:image:type\" content=\"image\/jpeg\" \/>\n<meta name=\"author\" content=\"Benoit Charette\" \/>\n<meta name=\"twitter:card\" content=\"summary_large_image\" \/>\n<meta name=\"twitter:creator\" content=\"@canadamotorjobs\" \/>\n<meta name=\"twitter:site\" content=\"@canadamotorjobs\" \/>\n<meta name=\"twitter:label1\" content=\"\u00c9crit par\" \/>\n\t<meta name=\"twitter:data1\" content=\"Benoit Charette\" \/>\n\t<meta name=\"twitter:label2\" content=\"Estimation du temps de lecture\" \/>\n\t<meta name=\"twitter:data2\" content=\"1 minute\" \/>\n<!-- \/ Yoast SEO plugin. -->","yoast_head_json":{"title":"Un rappel de plus de 450\u00a0000 v\u00e9hicules chez Toyota et Lexus - CanadaMotorJobs.com","description":"Un rappel de plus de 450\u00a0000 v\u00e9hicules chez Toyota et Lexus - Benoit Charette - Annuel automobile - CanadaMotorJobs.com.","robots":{"index":"index","follow":"follow","max-snippet":"max-snippet:-1","max-image-preview":"max-image-preview:large","max-video-preview":"max-video-preview:-1"},"og_locale":"fr_CA","og_type":"article","og_title":"Un rappel de plus de 450\u00a0000 v\u00e9hicules chez Toyota et Lexus - CanadaMotorJobs.com","og_description":"Un rappel de plus de 450\u00a0000 v\u00e9hicules chez Toyota et Lexus - Benoit Charette - Annuel automobile - CanadaMotorJobs.com.","og_url":"https:\/\/news.canadamotorjobs.com\/fr\/un-rappel-de-plus-de-450-000-vehicules-chez-toyota-et-lexus\/","og_site_name":"CanadaMotorJobs.com","article_publisher":"https:\/\/www.facebook.com\/canadamotorjobs\/","article_published_time":"2022-04-21T13:15:12+00:00","article_modified_time":"2022-04-21T13:29:45+00:00","og_image":[{"width":1920,"height":1080,"url":"https:\/\/news.canadamotorjobs.com\/wp-content\/uploads\/2022\/04\/2021-toyota-rav4-prime-1.jpg","type":"image\/jpeg"}],"author":"Benoit Charette","twitter_card":"summary_large_image","twitter_creator":"@canadamotorjobs","twitter_site":"@canadamotorjobs","twitter_misc":{"\u00c9crit par":"Benoit Charette","Estimation du temps de lecture":"1 minute"},"schema":{"@context":"https:\/\/schema.org","@graph":[{"@type":"Article","@id":"https:\/\/news.canadamotorjobs.com\/fr\/un-rappel-de-plus-de-450-000-vehicules-chez-toyota-et-lexus\/#article","isPartOf":{"@id":"https:\/\/news.canadamotorjobs.com\/fr\/un-rappel-de-plus-de-450-000-vehicules-chez-toyota-et-lexus\/"},"author":{"name":"Benoit Charette","@id":"https:\/\/news.canadamotorjobs.com\/#\/schema\/person\/51793d1f87d44011d7bcc2ed99269a90"},"headline":"Un rappel de plus de 450\u00a0000 v\u00e9hicules chez Toyota et Lexus","datePublished":"2022-04-21T13:15:12+00:00","dateModified":"2022-04-21T13:29:45+00:00","mainEntityOfPage":{"@id":"https:\/\/news.canadamotorjobs.com\/fr\/un-rappel-de-plus-de-450-000-vehicules-chez-toyota-et-lexus\/"},"wordCount":250,"publisher":{"@id":"https:\/\/news.canadamotorjobs.com\/#organization"},"image":{"@id":"https:\/\/news.canadamotorjobs.com\/fr\/un-rappel-de-plus-de-450-000-vehicules-chez-toyota-et-lexus\/#primaryimage"},"thumbnailUrl":"https:\/\/news.canadamotorjobs.com\/wp-content\/uploads\/2022\/04\/2021-toyota-rav4-prime-1.jpg","articleSection":["Annuel automobile"],"inLanguage":"fr-CA"},{"@type":"WebPage","@id":"https:\/\/news.canadamotorjobs.com\/fr\/un-rappel-de-plus-de-450-000-vehicules-chez-toyota-et-lexus\/","url":"https:\/\/news.canadamotorjobs.com\/fr\/un-rappel-de-plus-de-450-000-vehicules-chez-toyota-et-lexus\/","name":"Un rappel de plus de 450\u00a0000 v\u00e9hicules chez Toyota et Lexus - CanadaMotorJobs.com","isPartOf":{"@id":"https:\/\/news.canadamotorjobs.com\/#website"},"primaryImageOfPage":{"@id":"https:\/\/news.canadamotorjobs.com\/fr\/un-rappel-de-plus-de-450-000-vehicules-chez-toyota-et-lexus\/#primaryimage"},"image":{"@id":"https:\/\/news.canadamotorjobs.com\/fr\/un-rappel-de-plus-de-450-000-vehicules-chez-toyota-et-lexus\/#primaryimage"},"thumbnailUrl":"https:\/\/news.canadamotorjobs.com\/wp-content\/uploads\/2022\/04\/2021-toyota-rav4-prime-1.jpg","datePublished":"2022-04-21T13:15:12+00:00","dateModified":"2022-04-21T13:29:45+00:00","description":"Un rappel de plus de 450\u00a0000 v\u00e9hicules chez Toyota et Lexus - Benoit Charette - Annuel automobile - CanadaMotorJobs.com.","breadcrumb":{"@id":"https:\/\/news.canadamotorjobs.com\/fr\/un-rappel-de-plus-de-450-000-vehicules-chez-toyota-et-lexus\/#breadcrumb"},"inLanguage":"fr-CA","potentialAction":[{"@type":"ReadAction","target":["https:\/\/news.canadamotorjobs.com\/fr\/un-rappel-de-plus-de-450-000-vehicules-chez-toyota-et-lexus\/"]}]},{"@type":"ImageObject","inLanguage":"fr-CA","@id":"https:\/\/news.canadamotorjobs.com\/fr\/un-rappel-de-plus-de-450-000-vehicules-chez-toyota-et-lexus\/#primaryimage","url":"https:\/\/news.canadamotorjobs.com\/wp-content\/uploads\/2022\/04\/2021-toyota-rav4-prime-1.jpg","contentUrl":"https:\/\/news.canadamotorjobs.com\/wp-content\/uploads\/2022\/04\/2021-toyota-rav4-prime-1.jpg","width":1920,"height":1080},{"@type":"BreadcrumbList","@id":"https:\/\/news.canadamotorjobs.com\/fr\/un-rappel-de-plus-de-450-000-vehicules-chez-toyota-et-lexus\/#breadcrumb","itemListElement":[{"@type":"ListItem","position":1,"name":"Home","item":"https:\/\/news.canadamotorjobs.com\/fr\/blog\/"},{"@type":"ListItem","position":2,"name":"Un rappel de plus de 450\u00a0000 v\u00e9hicules chez Toyota et Lexus"}]},{"@type":"WebSite","@id":"https:\/\/news.canadamotorjobs.com\/#website","url":"https:\/\/news.canadamotorjobs.com\/","name":"CanadaMotorJobs.com","description":"Automotive Jobs","publisher":{"@id":"https:\/\/news.canadamotorjobs.com\/#organization"},"potentialAction":[{"@type":"SearchAction","target":{"@type":"EntryPoint","urlTemplate":"https:\/\/news.canadamotorjobs.com\/?s={search_term_string}"},"query-input":"required name=search_term_string"}],"inLanguage":"fr-CA"},{"@type":"Organization","@id":"https:\/\/news.canadamotorjobs.com\/#organization","name":"Canada Motor Jobs","url":"https:\/\/news.canadamotorjobs.com\/","logo":{"@type":"ImageObject","inLanguage":"fr-CA","@id":"https:\/\/news.canadamotorjobs.com\/#\/schema\/logo\/image\/","url":"https:\/\/news.canadamotorjobs.com\/wp-content\/uploads\/2022\/10\/logo-canada-motor-jobs-1.png","contentUrl":"https:\/\/news.canadamotorjobs.com\/wp-content\/uploads\/2022\/10\/logo-canada-motor-jobs-1.png","width":800,"height":400,"caption":"Canada Motor Jobs"},"image":{"@id":"https:\/\/news.canadamotorjobs.com\/#\/schema\/logo\/image\/"},"sameAs":["https:\/\/www.facebook.com\/canadamotorjobs\/","https:\/\/x.com\/canadamotorjobs","https:\/\/www.instagram.com\/canadamotorjobs\/","https:\/\/www.linkedin.com\/company\/canadamotorjobs"]},{"@type":"Person","@id":"https:\/\/news.canadamotorjobs.com\/#\/schema\/person\/51793d1f87d44011d7bcc2ed99269a90","name":"Benoit Charette","image":{"@type":"ImageObject","inLanguage":"fr-CA","@id":"https:\/\/news.canadamotorjobs.com\/#\/schema\/person\/image\/","url":"https:\/\/secure.gravatar.com\/avatar\/45f3d2eebcccd909668d7ce7ea7267b6?s=96&d=mm&r=g","contentUrl":"https:\/\/secure.gravatar.com\/avatar\/45f3d2eebcccd909668d7ce7ea7267b6?s=96&d=mm&r=g","caption":"Benoit Charette"},"description":"Benoit Charette \/ Propri\u00e9taire et r\u00e9dacteur en chef Benoit Charette pratique le journalisme automobile depuis bient\u00f4t 30 ans. Il a fait ses classes au c\u00f4t\u00e9 de Daniel H\u00e9raud et au Carnet de route de 1992 \u00e0 2001. Il est fondateur, copropri\u00e9taire et r\u00e9dacteur en chef de L\u2019Annuel de l\u2019automobile, qu\u2019il publie depuis 2001. Il a anim\u00e9 les \u00e9missions RPM et RPM+ sur V et les L\u00e9gendes de la route sur Historia. \u00c0 la radio depuis 1986, il reprend l\u2019antenne cette ann\u00e9e sur les ondes de Cogeco et participe pour la deuxi\u00e8me ann\u00e9e \u00e0 l\u2019\u00e9mission Passion Auto sur RDS en plus de mettre en ligne le site Web officiel de L\u2019Annuel de l\u2019automobile sur annuelauto.ca.","sameAs":["https:\/\/annuelauto.ca\/"],"url":"https:\/\/news.canadamotorjobs.com\/fr\/author\/benoit-charette\/"}]}},"_links":{"self":[{"href":"https:\/\/news.canadamotorjobs.com\/fr\/wp-json\/wp\/v2\/posts\/39941"}],"collection":[{"href":"https:\/\/news.canadamotorjobs.com\/fr\/wp-json\/wp\/v2\/posts"}],"about":[{"href":"https:\/\/news.canadamotorjobs.com\/fr\/wp-json\/wp\/v2\/types\/post"}],"author":[{"embeddable":true,"href":"https:\/\/news.canadamotorjobs.com\/fr\/wp-json\/wp\/v2\/users\/8"}],"replies":[{"embeddable":true,"href":"https:\/\/news.canadamotorjobs.com\/fr\/wp-json\/wp\/v2\/comments?post=39941"}],"version-history":[{"count":0,"href":"https:\/\/news.canadamotorjobs.com\/fr\/wp-json\/wp\/v2\/posts\/39941\/revisions"}],"wp:featuredmedia":[{"embeddable":true,"href":"https:\/\/news.canadamotorjobs.com\/fr\/wp-json\/wp\/v2\/media\/39945"}],"wp:attachment":[{"href":"https:\/\/news.canadamotorjobs.com\/fr\/wp-json\/wp\/v2\/media?parent=39941"}],"wp:term":[{"taxonomy":"category","embeddable":true,"href":"https:\/\/news.canadamotorjobs.com\/fr\/wp-json\/wp\/v2\/categories?post=39941"},{"taxonomy":"post_tag","embeddable":true,"href":"https:\/\/news.canadamotorjobs.com\/fr\/wp-json\/wp\/v2\/tags?post=39941"}],"curies":[{"name":"wp","href":"https:\/\/api.w.org\/{rel}","templated":true}]}}