{"id":39889,"date":"2022-04-20T06:19:22","date_gmt":"2022-04-20T10:19:22","guid":{"rendered":"https:\/\/blog.canadamotorjobs.com\/le-rz-450e-premier-vehicule-electrique-de-lexus-chez-nous\/"},"modified":"2022-04-20T06:29:15","modified_gmt":"2022-04-20T10:29:15","slug":"le-rz-450e-premier-vehicule-electrique-de-lexus-chez-nous","status":"publish","type":"post","link":"https:\/\/news.canadamotorjobs.com\/fr\/le-rz-450e-premier-vehicule-electrique-de-lexus-chez-nous\/","title":{"rendered":"Le RZ 450e\u00a0: premier v\u00e9hicule \u00e9lectrique de Lexus chez nous"},"content":{"rendered":"<\/p>\n<p>En fait, Lexus a vendu sur quelques march\u00e9s \u00e9trangers un mod\u00e8le UX \u00e9lectrique. Le RX 450e est le premier V\u00c9 \u00e0 \u00eatre vendu chez nous et qui vise le march\u00e9 mondial. Ce petit VUS va d\u00e9barquer d\u2019ici la fin de l\u2019ann\u00e9e chez les concessionnaires.<br \/> Une seule version<br \/> Tous les mod\u00e8les seront \u00e9quip\u00e9s d&#8217;un syst\u00e8me de transmission int\u00e9grale \u00e0 double moteur et d&#8217;une batterie de 71,4 kilowattheures. Lexus estime l&#8217;autonomie \u00e0 360\u00a0km, et bien que le constructeur ne donne pas de puissance combin\u00e9e, il a confirm\u00e9 que le moteur avant du RZ 450e g\u00e9n\u00e8re une puissance maximale de 201\u00a0ch et le moteur arri\u00e8re une puissance maximale de 107\u00a0ch.<br \/> M\u00eame plateforme que le bZ4x<br \/> La RZ repose sur la m\u00eame plateforme e-TNGA que la Toyota BZ4X 2023 et sa jumelle Subaru Solterra de 2023. En plus d&#8217;avoir plus de puissance (les Toyota et Subaru atteignent 214\u00a0ch), le RZ se distingue par un r\u00e9glage unique du syst\u00e8me de transmission int\u00e9grale. Lexus appelle son syst\u00e8me Direct4, et affirme que le syst\u00e8me ajuste automatiquement le couple allant \u00e0 chacun des essieux pour optimiser la sensation de conduite et la stabilit\u00e9. Le syst\u00e8me utilise les informations des capteurs de vitesse, d&#8217;acc\u00e9l\u00e9ration et d&#8217;angle de braquage des roues pour contr\u00f4ler le couple d&#8217;entra\u00eenement entre les essieux, et peut compl\u00e8tement couper la puissance \u00e0 un essieu dans certaines situations, ce qui contribue \u00e0 am\u00e9liorer l&#8217;efficacit\u00e9. Pendant l&#8217;acc\u00e9l\u00e9ration, la r\u00e9partition du couple reste dans la plage 60:40 et 40:60 pour aider \u00e0 minimiser le tangage du v\u00e9hicule. Lorsque l&#8217;on<\/p>\n","protected":false},"excerpt":{"rendered":"<p>En fait, Lexus a vendu sur quelques march\u00e9s \u00e9trangers un mod\u00e8le UX \u00e9lectrique. Le RX 450e est le premier V\u00c9 \u00e0 \u00eatre vendu chez nous et qui vise le march\u00e9 mondial. Ce petit VUS va d\u00e9barquer d\u2019ici la fin de l\u2019ann\u00e9e chez les concessionnaires. Une seule version Tous les mod\u00e8les seront \u00e9quip\u00e9s d&#8217;un syst\u00e8me de [&hellip;]<\/p>\n","protected":false},"author":8,"featured_media":39893,"comment_status":"close","ping_status":"closed","sticky":false,"template":"","format":"standard","meta":{"_monsterinsights_skip_tracking":false,"_monsterinsights_sitenote_active":false,"_monsterinsights_sitenote_note":"","_monsterinsights_sitenote_category":0,"footnotes":""},"categories":[101],"tags":[],"yoast_head":"<!-- This site is optimized with the Yoast SEO plugin v23.2 - https:\/\/yoast.com\/wordpress\/plugins\/seo\/ -->\n<title>Le RZ 450e\u00a0: premier v\u00e9hicule \u00e9lectrique de Lexus chez nous - CanadaMotorJobs.com<\/title>\n<meta name=\"description\" content=\"Le RZ 450e\u00a0: premier v\u00e9hicule \u00e9lectrique de Lexus chez nous - Benoit Charette - Annuel automobile - CanadaMotorJobs.com.\" \/>\n<meta name=\"robots\" content=\"index, follow, max-snippet:-1, max-image-preview:large, max-video-preview:-1\" \/>\n<meta property=\"og:locale\" content=\"fr_CA\" \/>\n<meta property=\"og:type\" content=\"article\" \/>\n<meta property=\"og:title\" content=\"Le RZ 450e\u00a0: premier v\u00e9hicule \u00e9lectrique de Lexus chez nous - CanadaMotorJobs.com\" \/>\n<meta property=\"og:description\" content=\"Le RZ 450e\u00a0: premier v\u00e9hicule \u00e9lectrique de Lexus chez nous - Benoit Charette - Annuel automobile - CanadaMotorJobs.com.\" \/>\n<meta property=\"og:url\" content=\"https:\/\/news.canadamotorjobs.com\/fr\/le-rz-450e-premier-vehicule-electrique-de-lexus-chez-nous\/\" \/>\n<meta property=\"og:site_name\" content=\"CanadaMotorJobs.com\" \/>\n<meta property=\"article:publisher\" content=\"https:\/\/www.facebook.com\/canadamotorjobs\/\" \/>\n<meta property=\"article:published_time\" content=\"2022-04-20T10:19:22+00:00\" \/>\n<meta property=\"article:modified_time\" content=\"2022-04-20T10:29:15+00:00\" \/>\n<meta property=\"og:image\" content=\"https:\/\/news.canadamotorjobs.com\/wp-content\/uploads\/2022\/04\/NG22-RZ450e-EU_08-1.jpg\" \/>\n\t<meta property=\"og:image:width\" content=\"1498\" \/>\n\t<meta property=\"og:image:height\" content=\"1000\" \/>\n\t<meta property=\"og:image:type\" content=\"image\/jpeg\" \/>\n<meta name=\"author\" content=\"Benoit Charette\" \/>\n<meta name=\"twitter:card\" content=\"summary_large_image\" \/>\n<meta name=\"twitter:creator\" content=\"@canadamotorjobs\" \/>\n<meta name=\"twitter:site\" content=\"@canadamotorjobs\" \/>\n<meta name=\"twitter:label1\" content=\"\u00c9crit par\" \/>\n\t<meta name=\"twitter:data1\" content=\"Benoit Charette\" \/>\n\t<meta name=\"twitter:label2\" content=\"Estimation du temps de lecture\" \/>\n\t<meta name=\"twitter:data2\" content=\"1 minute\" \/>\n<!-- \/ Yoast SEO plugin. -->","yoast_head_json":{"title":"Le RZ 450e\u00a0: premier v\u00e9hicule \u00e9lectrique de Lexus chez nous - CanadaMotorJobs.com","description":"Le RZ 450e\u00a0: premier v\u00e9hicule \u00e9lectrique de Lexus chez nous - Benoit Charette - Annuel automobile - CanadaMotorJobs.com.","robots":{"index":"index","follow":"follow","max-snippet":"max-snippet:-1","max-image-preview":"max-image-preview:large","max-video-preview":"max-video-preview:-1"},"og_locale":"fr_CA","og_type":"article","og_title":"Le RZ 450e\u00a0: premier v\u00e9hicule \u00e9lectrique de Lexus chez nous - CanadaMotorJobs.com","og_description":"Le RZ 450e\u00a0: premier v\u00e9hicule \u00e9lectrique de Lexus chez nous - Benoit Charette - Annuel automobile - CanadaMotorJobs.com.","og_url":"https:\/\/news.canadamotorjobs.com\/fr\/le-rz-450e-premier-vehicule-electrique-de-lexus-chez-nous\/","og_site_name":"CanadaMotorJobs.com","article_publisher":"https:\/\/www.facebook.com\/canadamotorjobs\/","article_published_time":"2022-04-20T10:19:22+00:00","article_modified_time":"2022-04-20T10:29:15+00:00","og_image":[{"width":1498,"height":1000,"url":"https:\/\/news.canadamotorjobs.com\/wp-content\/uploads\/2022\/04\/NG22-RZ450e-EU_08-1.jpg","type":"image\/jpeg"}],"author":"Benoit Charette","twitter_card":"summary_large_image","twitter_creator":"@canadamotorjobs","twitter_site":"@canadamotorjobs","twitter_misc":{"\u00c9crit par":"Benoit Charette","Estimation du temps de lecture":"1 minute"},"schema":{"@context":"https:\/\/schema.org","@graph":[{"@type":"Article","@id":"https:\/\/news.canadamotorjobs.com\/fr\/le-rz-450e-premier-vehicule-electrique-de-lexus-chez-nous\/#article","isPartOf":{"@id":"https:\/\/news.canadamotorjobs.com\/fr\/le-rz-450e-premier-vehicule-electrique-de-lexus-chez-nous\/"},"author":{"name":"Benoit Charette","@id":"https:\/\/news.canadamotorjobs.com\/#\/schema\/person\/51793d1f87d44011d7bcc2ed99269a90"},"headline":"Le RZ 450e\u00a0: premier v\u00e9hicule \u00e9lectrique de Lexus chez nous","datePublished":"2022-04-20T10:19:22+00:00","dateModified":"2022-04-20T10:29:15+00:00","mainEntityOfPage":{"@id":"https:\/\/news.canadamotorjobs.com\/fr\/le-rz-450e-premier-vehicule-electrique-de-lexus-chez-nous\/"},"wordCount":293,"publisher":{"@id":"https:\/\/news.canadamotorjobs.com\/#organization"},"image":{"@id":"https:\/\/news.canadamotorjobs.com\/fr\/le-rz-450e-premier-vehicule-electrique-de-lexus-chez-nous\/#primaryimage"},"thumbnailUrl":"https:\/\/news.canadamotorjobs.com\/wp-content\/uploads\/2022\/04\/NG22-RZ450e-EU_08-1.jpg","articleSection":["Annuel automobile"],"inLanguage":"fr-CA"},{"@type":"WebPage","@id":"https:\/\/news.canadamotorjobs.com\/fr\/le-rz-450e-premier-vehicule-electrique-de-lexus-chez-nous\/","url":"https:\/\/news.canadamotorjobs.com\/fr\/le-rz-450e-premier-vehicule-electrique-de-lexus-chez-nous\/","name":"Le RZ 450e\u00a0: premier v\u00e9hicule \u00e9lectrique de Lexus chez nous - CanadaMotorJobs.com","isPartOf":{"@id":"https:\/\/news.canadamotorjobs.com\/#website"},"primaryImageOfPage":{"@id":"https:\/\/news.canadamotorjobs.com\/fr\/le-rz-450e-premier-vehicule-electrique-de-lexus-chez-nous\/#primaryimage"},"image":{"@id":"https:\/\/news.canadamotorjobs.com\/fr\/le-rz-450e-premier-vehicule-electrique-de-lexus-chez-nous\/#primaryimage"},"thumbnailUrl":"https:\/\/news.canadamotorjobs.com\/wp-content\/uploads\/2022\/04\/NG22-RZ450e-EU_08-1.jpg","datePublished":"2022-04-20T10:19:22+00:00","dateModified":"2022-04-20T10:29:15+00:00","description":"Le RZ 450e\u00a0: premier v\u00e9hicule \u00e9lectrique de Lexus chez nous - Benoit Charette - Annuel automobile - CanadaMotorJobs.com.","breadcrumb":{"@id":"https:\/\/news.canadamotorjobs.com\/fr\/le-rz-450e-premier-vehicule-electrique-de-lexus-chez-nous\/#breadcrumb"},"inLanguage":"fr-CA","potentialAction":[{"@type":"ReadAction","target":["https:\/\/news.canadamotorjobs.com\/fr\/le-rz-450e-premier-vehicule-electrique-de-lexus-chez-nous\/"]}]},{"@type":"ImageObject","inLanguage":"fr-CA","@id":"https:\/\/news.canadamotorjobs.com\/fr\/le-rz-450e-premier-vehicule-electrique-de-lexus-chez-nous\/#primaryimage","url":"https:\/\/news.canadamotorjobs.com\/wp-content\/uploads\/2022\/04\/NG22-RZ450e-EU_08-1.jpg","contentUrl":"https:\/\/news.canadamotorjobs.com\/wp-content\/uploads\/2022\/04\/NG22-RZ450e-EU_08-1.jpg","width":1498,"height":1000},{"@type":"BreadcrumbList","@id":"https:\/\/news.canadamotorjobs.com\/fr\/le-rz-450e-premier-vehicule-electrique-de-lexus-chez-nous\/#breadcrumb","itemListElement":[{"@type":"ListItem","position":1,"name":"Home","item":"https:\/\/news.canadamotorjobs.com\/fr\/blog\/"},{"@type":"ListItem","position":2,"name":"Le RZ 450e\u00a0: premier v\u00e9hicule \u00e9lectrique de Lexus chez nous"}]},{"@type":"WebSite","@id":"https:\/\/news.canadamotorjobs.com\/#website","url":"https:\/\/news.canadamotorjobs.com\/","name":"CanadaMotorJobs.com","description":"Automotive Jobs","publisher":{"@id":"https:\/\/news.canadamotorjobs.com\/#organization"},"potentialAction":[{"@type":"SearchAction","target":{"@type":"EntryPoint","urlTemplate":"https:\/\/news.canadamotorjobs.com\/?s={search_term_string}"},"query-input":"required name=search_term_string"}],"inLanguage":"fr-CA"},{"@type":"Organization","@id":"https:\/\/news.canadamotorjobs.com\/#organization","name":"Canada Motor Jobs","url":"https:\/\/news.canadamotorjobs.com\/","logo":{"@type":"ImageObject","inLanguage":"fr-CA","@id":"https:\/\/news.canadamotorjobs.com\/#\/schema\/logo\/image\/","url":"https:\/\/news.canadamotorjobs.com\/wp-content\/uploads\/2022\/10\/logo-canada-motor-jobs-1.png","contentUrl":"https:\/\/news.canadamotorjobs.com\/wp-content\/uploads\/2022\/10\/logo-canada-motor-jobs-1.png","width":800,"height":400,"caption":"Canada Motor Jobs"},"image":{"@id":"https:\/\/news.canadamotorjobs.com\/#\/schema\/logo\/image\/"},"sameAs":["https:\/\/www.facebook.com\/canadamotorjobs\/","https:\/\/x.com\/canadamotorjobs","https:\/\/www.instagram.com\/canadamotorjobs\/","https:\/\/www.linkedin.com\/company\/canadamotorjobs"]},{"@type":"Person","@id":"https:\/\/news.canadamotorjobs.com\/#\/schema\/person\/51793d1f87d44011d7bcc2ed99269a90","name":"Benoit Charette","image":{"@type":"ImageObject","inLanguage":"fr-CA","@id":"https:\/\/news.canadamotorjobs.com\/#\/schema\/person\/image\/","url":"https:\/\/secure.gravatar.com\/avatar\/45f3d2eebcccd909668d7ce7ea7267b6?s=96&d=mm&r=g","contentUrl":"https:\/\/secure.gravatar.com\/avatar\/45f3d2eebcccd909668d7ce7ea7267b6?s=96&d=mm&r=g","caption":"Benoit Charette"},"description":"Benoit Charette \/ Propri\u00e9taire et r\u00e9dacteur en chef Benoit Charette pratique le journalisme automobile depuis bient\u00f4t 30 ans. Il a fait ses classes au c\u00f4t\u00e9 de Daniel H\u00e9raud et au Carnet de route de 1992 \u00e0 2001. Il est fondateur, copropri\u00e9taire et r\u00e9dacteur en chef de L\u2019Annuel de l\u2019automobile, qu\u2019il publie depuis 2001. Il a anim\u00e9 les \u00e9missions RPM et RPM+ sur V et les L\u00e9gendes de la route sur Historia. \u00c0 la radio depuis 1986, il reprend l\u2019antenne cette ann\u00e9e sur les ondes de Cogeco et participe pour la deuxi\u00e8me ann\u00e9e \u00e0 l\u2019\u00e9mission Passion Auto sur RDS en plus de mettre en ligne le site Web officiel de L\u2019Annuel de l\u2019automobile sur annuelauto.ca.","sameAs":["https:\/\/annuelauto.ca\/"],"url":"https:\/\/news.canadamotorjobs.com\/fr\/author\/benoit-charette\/"}]}},"_links":{"self":[{"href":"https:\/\/news.canadamotorjobs.com\/fr\/wp-json\/wp\/v2\/posts\/39889"}],"collection":[{"href":"https:\/\/news.canadamotorjobs.com\/fr\/wp-json\/wp\/v2\/posts"}],"about":[{"href":"https:\/\/news.canadamotorjobs.com\/fr\/wp-json\/wp\/v2\/types\/post"}],"author":[{"embeddable":true,"href":"https:\/\/news.canadamotorjobs.com\/fr\/wp-json\/wp\/v2\/users\/8"}],"replies":[{"embeddable":true,"href":"https:\/\/news.canadamotorjobs.com\/fr\/wp-json\/wp\/v2\/comments?post=39889"}],"version-history":[{"count":0,"href":"https:\/\/news.canadamotorjobs.com\/fr\/wp-json\/wp\/v2\/posts\/39889\/revisions"}],"wp:featuredmedia":[{"embeddable":true,"href":"https:\/\/news.canadamotorjobs.com\/fr\/wp-json\/wp\/v2\/media\/39893"}],"wp:attachment":[{"href":"https:\/\/news.canadamotorjobs.com\/fr\/wp-json\/wp\/v2\/media?parent=39889"}],"wp:term":[{"taxonomy":"category","embeddable":true,"href":"https:\/\/news.canadamotorjobs.com\/fr\/wp-json\/wp\/v2\/categories?post=39889"},{"taxonomy":"post_tag","embeddable":true,"href":"https:\/\/news.canadamotorjobs.com\/fr\/wp-json\/wp\/v2\/tags?post=39889"}],"curies":[{"name":"wp","href":"https:\/\/api.w.org\/{rel}","templated":true}]}}