{"id":39881,"date":"2022-04-19T17:39:56","date_gmt":"2022-04-19T21:39:56","guid":{"rendered":"https:\/\/blog.canadamotorjobs.com\/elvis-est-en-vedette-a-new-york-la-continental-mark-ii-1956-du-king-trone-au-salon-de-lauto\/"},"modified":"2022-04-19T17:58:50","modified_gmt":"2022-04-19T21:58:50","slug":"elvis-est-en-vedette-a-new-york-la-continental-mark-ii-1956-du-king-trone-au-salon-de-lauto","status":"publish","type":"post","link":"https:\/\/news.canadamotorjobs.com\/fr\/elvis-est-en-vedette-a-new-york-la-continental-mark-ii-1956-du-king-trone-au-salon-de-lauto\/","title":{"rendered":"Elvis est en vedette \u00e0 New\u00a0York\u00a0: la Continental Mark\u00a0II 1956 du King tr\u00f4ne au Salon de l\u2019auto"},"content":{"rendered":"<\/p>\n<p>La Continental Mark\u00a0II 1956 d\u2019Elvis Presley, le \u00ab\u00a0King\u00a0\u00bb, tr\u00f4ne majestueusement dans le kiosque de Lincoln au <a href=\"https:\/\/annuelauto.ca\/chrysler-mise-gros-dans-son-nouveau-concept-electrique-airflow\/\" target=\"_blank\" rel=\"noopener noreferrer\">Salon de l\u2019auto de New York<\/a>. Par sa pr\u00e9sence, cette ic\u00f4ne de l\u2019automobile et, indirectement, de la musique am\u00e9ricaine rappelle les 100 ann\u00e9es d\u2019existence de la marque au sein du groupe Ford.<\/p>\n<p> Curieusement, les sp\u00e9cialistes de la communication de <a href=\"https:\/\/annuelauto.ca\/ford-ramene-la-lincoln-zephyr\/\" target=\"_blank\" rel=\"noopener noreferrer\">Lincoln<\/a>, \u00e0 l\u2019instar de leurs coll\u00e8gues de Ford, n\u2019ont pas jug\u00e9 n\u00e9cessaire d\u2019en faire grand cas. Dix photos d\u00e9crites par un bas de vignette commun de moins de 100 mots, voil\u00e0 tout ce que ces relationnistes ont daign\u00e9 diffuser pour aider la presse \u00e0 renseigner le public&#8230;<\/p>\n<p> Qu\u2019\u00e0 cela ne tienne. Sachez que Ford a lanc\u00e9 la Continental Mark\u00a0II en 1956 \u00e0 l\u2019initiative de William Clay Ford\u00a0Sr. Il souhaitait par cette voiture d\u2019exception rendre hommage \u00e0 son p\u00e8re, Edsel Ford.<br \/> <strong>L\u2019auto am\u00e9ricaine la plus ch\u00e8re<\/strong><br \/> Assembl\u00e9e \u00e0 la main dans une usine du Michigan, la Continental (c\u2019\u00e9tait une marque \u00e0 part enti\u00e8re et non un produit Lincoln) \u00e9tait l\u2019automobile am\u00e9ricaine la plus ch\u00e8re de l\u2019\u00e9poque, affirme Ford.<\/p>\n<p> Aux \u00c9tats-Unis, le mod\u00e8le 1956 \u00e9tait offert \u00e0 partir de 9\u00a0966\u00a0$\u00a0US. En dollars d\u2019aujourd\u2019hui, cela correspondrait \u00e0 environ 125\u00a0000\u00a0$\u00a0US. Son prix \u00e9tait plus que deux sup\u00e9rieur \u00e0 celui d\u2019une berline Lincoln Premiere (4\u00a0601\u00a0$\u00a0US) et presque cinq fois plus \u00e9lev\u00e9 que celui d\u2019une Ford Mainline \u00e9quip\u00e9e du 6-cylindres (1\u00a0895\u00a0$\u00a0US), une berline populaire.<\/p>\n<p> Elle \u00e9tait munie d\u2019un V8 de 6,0\u00a0L produisant 285\u00a0ch (300 en 1957), un moteur jumel\u00e9 \u00e0 une bo\u00eete de vitesses automatique Turbo Drive<\/p>\n","protected":false},"excerpt":{"rendered":"<p>La Continental Mark\u00a0II 1956 d\u2019Elvis Presley, le \u00ab\u00a0King\u00a0\u00bb, tr\u00f4ne majestueusement dans le kiosque de Lincoln au Salon de l\u2019auto de New York. Par sa pr\u00e9sence, cette ic\u00f4ne de l\u2019automobile et, indirectement, de la musique am\u00e9ricaine rappelle les 100 ann\u00e9es d\u2019existence de la marque au sein du groupe Ford. Curieusement, les sp\u00e9cialistes de la communication de [&hellip;]<\/p>\n","protected":false},"author":8,"featured_media":39885,"comment_status":"close","ping_status":"closed","sticky":false,"template":"","format":"standard","meta":{"_monsterinsights_skip_tracking":false,"_monsterinsights_sitenote_active":false,"_monsterinsights_sitenote_note":"","_monsterinsights_sitenote_category":0,"footnotes":""},"categories":[101],"tags":[],"yoast_head":"<!-- This site is optimized with the Yoast SEO plugin v23.2 - https:\/\/yoast.com\/wordpress\/plugins\/seo\/ -->\n<title>Elvis est en vedette \u00e0 New\u00a0York\u00a0: la Continental Mark\u00a0II 1956 du King tr\u00f4ne au Salon de l\u2019auto - CanadaMotorJobs.com<\/title>\n<meta name=\"description\" content=\"Elvis est en vedette \u00e0 New\u00a0York\u00a0: la Continental Mark\u00a0II 1956 du King tr\u00f4ne au Salon de l\u2019auto - Benoit Charette - Annuel automobile - CanadaMotorJobs.com.\" \/>\n<meta name=\"robots\" content=\"index, follow, max-snippet:-1, max-image-preview:large, max-video-preview:-1\" \/>\n<meta property=\"og:locale\" content=\"fr_CA\" \/>\n<meta property=\"og:type\" content=\"article\" \/>\n<meta property=\"og:title\" content=\"Elvis est en vedette \u00e0 New\u00a0York\u00a0: la Continental Mark\u00a0II 1956 du King tr\u00f4ne au Salon de l\u2019auto - CanadaMotorJobs.com\" \/>\n<meta property=\"og:description\" content=\"Elvis est en vedette \u00e0 New\u00a0York\u00a0: la Continental Mark\u00a0II 1956 du King tr\u00f4ne au Salon de l\u2019auto - Benoit Charette - Annuel automobile - CanadaMotorJobs.com.\" \/>\n<meta property=\"og:url\" content=\"https:\/\/news.canadamotorjobs.com\/fr\/elvis-est-en-vedette-a-new-york-la-continental-mark-ii-1956-du-king-trone-au-salon-de-lauto\/\" \/>\n<meta property=\"og:site_name\" content=\"CanadaMotorJobs.com\" \/>\n<meta property=\"article:publisher\" content=\"https:\/\/www.facebook.com\/canadamotorjobs\/\" \/>\n<meta property=\"article:published_time\" content=\"2022-04-19T21:39:56+00:00\" \/>\n<meta property=\"article:modified_time\" content=\"2022-04-19T21:58:50+00:00\" \/>\n<meta property=\"og:image\" content=\"https:\/\/news.canadamotorjobs.com\/wp-content\/uploads\/2022\/04\/Continental-1956-ex-Elvis-Presley-5-1.jpg\" \/>\n\t<meta property=\"og:image:width\" content=\"1500\" \/>\n\t<meta property=\"og:image:height\" content=\"1000\" \/>\n\t<meta property=\"og:image:type\" content=\"image\/jpeg\" \/>\n<meta name=\"author\" content=\"Benoit Charette\" \/>\n<meta name=\"twitter:card\" content=\"summary_large_image\" \/>\n<meta name=\"twitter:creator\" content=\"@canadamotorjobs\" \/>\n<meta name=\"twitter:site\" content=\"@canadamotorjobs\" \/>\n<meta name=\"twitter:label1\" content=\"\u00c9crit par\" \/>\n\t<meta name=\"twitter:data1\" content=\"Benoit Charette\" \/>\n\t<meta name=\"twitter:label2\" content=\"Estimation du temps de lecture\" \/>\n\t<meta name=\"twitter:data2\" content=\"1 minute\" \/>\n<!-- \/ Yoast SEO plugin. -->","yoast_head_json":{"title":"Elvis est en vedette \u00e0 New\u00a0York\u00a0: la Continental Mark\u00a0II 1956 du King tr\u00f4ne au Salon de l\u2019auto - CanadaMotorJobs.com","description":"Elvis est en vedette \u00e0 New\u00a0York\u00a0: la Continental Mark\u00a0II 1956 du King tr\u00f4ne au Salon de l\u2019auto - Benoit Charette - Annuel automobile - CanadaMotorJobs.com.","robots":{"index":"index","follow":"follow","max-snippet":"max-snippet:-1","max-image-preview":"max-image-preview:large","max-video-preview":"max-video-preview:-1"},"og_locale":"fr_CA","og_type":"article","og_title":"Elvis est en vedette \u00e0 New\u00a0York\u00a0: la Continental Mark\u00a0II 1956 du King tr\u00f4ne au Salon de l\u2019auto - CanadaMotorJobs.com","og_description":"Elvis est en vedette \u00e0 New\u00a0York\u00a0: la Continental Mark\u00a0II 1956 du King tr\u00f4ne au Salon de l\u2019auto - Benoit Charette - Annuel automobile - CanadaMotorJobs.com.","og_url":"https:\/\/news.canadamotorjobs.com\/fr\/elvis-est-en-vedette-a-new-york-la-continental-mark-ii-1956-du-king-trone-au-salon-de-lauto\/","og_site_name":"CanadaMotorJobs.com","article_publisher":"https:\/\/www.facebook.com\/canadamotorjobs\/","article_published_time":"2022-04-19T21:39:56+00:00","article_modified_time":"2022-04-19T21:58:50+00:00","og_image":[{"width":1500,"height":1000,"url":"https:\/\/news.canadamotorjobs.com\/wp-content\/uploads\/2022\/04\/Continental-1956-ex-Elvis-Presley-5-1.jpg","type":"image\/jpeg"}],"author":"Benoit Charette","twitter_card":"summary_large_image","twitter_creator":"@canadamotorjobs","twitter_site":"@canadamotorjobs","twitter_misc":{"\u00c9crit par":"Benoit Charette","Estimation du temps de lecture":"1 minute"},"schema":{"@context":"https:\/\/schema.org","@graph":[{"@type":"Article","@id":"https:\/\/news.canadamotorjobs.com\/fr\/elvis-est-en-vedette-a-new-york-la-continental-mark-ii-1956-du-king-trone-au-salon-de-lauto\/#article","isPartOf":{"@id":"https:\/\/news.canadamotorjobs.com\/fr\/elvis-est-en-vedette-a-new-york-la-continental-mark-ii-1956-du-king-trone-au-salon-de-lauto\/"},"author":{"name":"Benoit Charette","@id":"https:\/\/news.canadamotorjobs.com\/#\/schema\/person\/51793d1f87d44011d7bcc2ed99269a90"},"headline":"Elvis est en vedette \u00e0 New\u00a0York\u00a0: la Continental Mark\u00a0II 1956 du King tr\u00f4ne au Salon de l\u2019auto","datePublished":"2022-04-19T21:39:56+00:00","dateModified":"2022-04-19T21:58:50+00:00","mainEntityOfPage":{"@id":"https:\/\/news.canadamotorjobs.com\/fr\/elvis-est-en-vedette-a-new-york-la-continental-mark-ii-1956-du-king-trone-au-salon-de-lauto\/"},"wordCount":289,"publisher":{"@id":"https:\/\/news.canadamotorjobs.com\/#organization"},"image":{"@id":"https:\/\/news.canadamotorjobs.com\/fr\/elvis-est-en-vedette-a-new-york-la-continental-mark-ii-1956-du-king-trone-au-salon-de-lauto\/#primaryimage"},"thumbnailUrl":"https:\/\/news.canadamotorjobs.com\/wp-content\/uploads\/2022\/04\/Continental-1956-ex-Elvis-Presley-5-1.jpg","articleSection":["Annuel automobile"],"inLanguage":"fr-CA"},{"@type":"WebPage","@id":"https:\/\/news.canadamotorjobs.com\/fr\/elvis-est-en-vedette-a-new-york-la-continental-mark-ii-1956-du-king-trone-au-salon-de-lauto\/","url":"https:\/\/news.canadamotorjobs.com\/fr\/elvis-est-en-vedette-a-new-york-la-continental-mark-ii-1956-du-king-trone-au-salon-de-lauto\/","name":"Elvis est en vedette \u00e0 New\u00a0York\u00a0: la Continental Mark\u00a0II 1956 du King tr\u00f4ne au Salon de l\u2019auto - CanadaMotorJobs.com","isPartOf":{"@id":"https:\/\/news.canadamotorjobs.com\/#website"},"primaryImageOfPage":{"@id":"https:\/\/news.canadamotorjobs.com\/fr\/elvis-est-en-vedette-a-new-york-la-continental-mark-ii-1956-du-king-trone-au-salon-de-lauto\/#primaryimage"},"image":{"@id":"https:\/\/news.canadamotorjobs.com\/fr\/elvis-est-en-vedette-a-new-york-la-continental-mark-ii-1956-du-king-trone-au-salon-de-lauto\/#primaryimage"},"thumbnailUrl":"https:\/\/news.canadamotorjobs.com\/wp-content\/uploads\/2022\/04\/Continental-1956-ex-Elvis-Presley-5-1.jpg","datePublished":"2022-04-19T21:39:56+00:00","dateModified":"2022-04-19T21:58:50+00:00","description":"Elvis est en vedette \u00e0 New\u00a0York\u00a0: la Continental Mark\u00a0II 1956 du King tr\u00f4ne au Salon de l\u2019auto - Benoit Charette - Annuel automobile - CanadaMotorJobs.com.","breadcrumb":{"@id":"https:\/\/news.canadamotorjobs.com\/fr\/elvis-est-en-vedette-a-new-york-la-continental-mark-ii-1956-du-king-trone-au-salon-de-lauto\/#breadcrumb"},"inLanguage":"fr-CA","potentialAction":[{"@type":"ReadAction","target":["https:\/\/news.canadamotorjobs.com\/fr\/elvis-est-en-vedette-a-new-york-la-continental-mark-ii-1956-du-king-trone-au-salon-de-lauto\/"]}]},{"@type":"ImageObject","inLanguage":"fr-CA","@id":"https:\/\/news.canadamotorjobs.com\/fr\/elvis-est-en-vedette-a-new-york-la-continental-mark-ii-1956-du-king-trone-au-salon-de-lauto\/#primaryimage","url":"https:\/\/news.canadamotorjobs.com\/wp-content\/uploads\/2022\/04\/Continental-1956-ex-Elvis-Presley-5-1.jpg","contentUrl":"https:\/\/news.canadamotorjobs.com\/wp-content\/uploads\/2022\/04\/Continental-1956-ex-Elvis-Presley-5-1.jpg","width":1500,"height":1000},{"@type":"BreadcrumbList","@id":"https:\/\/news.canadamotorjobs.com\/fr\/elvis-est-en-vedette-a-new-york-la-continental-mark-ii-1956-du-king-trone-au-salon-de-lauto\/#breadcrumb","itemListElement":[{"@type":"ListItem","position":1,"name":"Home","item":"https:\/\/news.canadamotorjobs.com\/fr\/blog\/"},{"@type":"ListItem","position":2,"name":"Elvis est en vedette \u00e0 New\u00a0York\u00a0: la Continental Mark\u00a0II 1956 du King tr\u00f4ne au Salon de l\u2019auto"}]},{"@type":"WebSite","@id":"https:\/\/news.canadamotorjobs.com\/#website","url":"https:\/\/news.canadamotorjobs.com\/","name":"CanadaMotorJobs.com","description":"Automotive Jobs","publisher":{"@id":"https:\/\/news.canadamotorjobs.com\/#organization"},"potentialAction":[{"@type":"SearchAction","target":{"@type":"EntryPoint","urlTemplate":"https:\/\/news.canadamotorjobs.com\/?s={search_term_string}"},"query-input":"required name=search_term_string"}],"inLanguage":"fr-CA"},{"@type":"Organization","@id":"https:\/\/news.canadamotorjobs.com\/#organization","name":"Canada Motor Jobs","url":"https:\/\/news.canadamotorjobs.com\/","logo":{"@type":"ImageObject","inLanguage":"fr-CA","@id":"https:\/\/news.canadamotorjobs.com\/#\/schema\/logo\/image\/","url":"https:\/\/news.canadamotorjobs.com\/wp-content\/uploads\/2022\/10\/logo-canada-motor-jobs-1.png","contentUrl":"https:\/\/news.canadamotorjobs.com\/wp-content\/uploads\/2022\/10\/logo-canada-motor-jobs-1.png","width":800,"height":400,"caption":"Canada Motor Jobs"},"image":{"@id":"https:\/\/news.canadamotorjobs.com\/#\/schema\/logo\/image\/"},"sameAs":["https:\/\/www.facebook.com\/canadamotorjobs\/","https:\/\/x.com\/canadamotorjobs","https:\/\/www.instagram.com\/canadamotorjobs\/","https:\/\/www.linkedin.com\/company\/canadamotorjobs"]},{"@type":"Person","@id":"https:\/\/news.canadamotorjobs.com\/#\/schema\/person\/51793d1f87d44011d7bcc2ed99269a90","name":"Benoit Charette","image":{"@type":"ImageObject","inLanguage":"fr-CA","@id":"https:\/\/news.canadamotorjobs.com\/#\/schema\/person\/image\/","url":"https:\/\/secure.gravatar.com\/avatar\/45f3d2eebcccd909668d7ce7ea7267b6?s=96&d=mm&r=g","contentUrl":"https:\/\/secure.gravatar.com\/avatar\/45f3d2eebcccd909668d7ce7ea7267b6?s=96&d=mm&r=g","caption":"Benoit Charette"},"description":"Benoit Charette \/ Propri\u00e9taire et r\u00e9dacteur en chef Benoit Charette pratique le journalisme automobile depuis bient\u00f4t 30 ans. Il a fait ses classes au c\u00f4t\u00e9 de Daniel H\u00e9raud et au Carnet de route de 1992 \u00e0 2001. Il est fondateur, copropri\u00e9taire et r\u00e9dacteur en chef de L\u2019Annuel de l\u2019automobile, qu\u2019il publie depuis 2001. Il a anim\u00e9 les \u00e9missions RPM et RPM+ sur V et les L\u00e9gendes de la route sur Historia. \u00c0 la radio depuis 1986, il reprend l\u2019antenne cette ann\u00e9e sur les ondes de Cogeco et participe pour la deuxi\u00e8me ann\u00e9e \u00e0 l\u2019\u00e9mission Passion Auto sur RDS en plus de mettre en ligne le site Web officiel de L\u2019Annuel de l\u2019automobile sur annuelauto.ca.","sameAs":["https:\/\/annuelauto.ca\/"],"url":"https:\/\/news.canadamotorjobs.com\/fr\/author\/benoit-charette\/"}]}},"_links":{"self":[{"href":"https:\/\/news.canadamotorjobs.com\/fr\/wp-json\/wp\/v2\/posts\/39881"}],"collection":[{"href":"https:\/\/news.canadamotorjobs.com\/fr\/wp-json\/wp\/v2\/posts"}],"about":[{"href":"https:\/\/news.canadamotorjobs.com\/fr\/wp-json\/wp\/v2\/types\/post"}],"author":[{"embeddable":true,"href":"https:\/\/news.canadamotorjobs.com\/fr\/wp-json\/wp\/v2\/users\/8"}],"replies":[{"embeddable":true,"href":"https:\/\/news.canadamotorjobs.com\/fr\/wp-json\/wp\/v2\/comments?post=39881"}],"version-history":[{"count":0,"href":"https:\/\/news.canadamotorjobs.com\/fr\/wp-json\/wp\/v2\/posts\/39881\/revisions"}],"wp:featuredmedia":[{"embeddable":true,"href":"https:\/\/news.canadamotorjobs.com\/fr\/wp-json\/wp\/v2\/media\/39885"}],"wp:attachment":[{"href":"https:\/\/news.canadamotorjobs.com\/fr\/wp-json\/wp\/v2\/media?parent=39881"}],"wp:term":[{"taxonomy":"category","embeddable":true,"href":"https:\/\/news.canadamotorjobs.com\/fr\/wp-json\/wp\/v2\/categories?post=39881"},{"taxonomy":"post_tag","embeddable":true,"href":"https:\/\/news.canadamotorjobs.com\/fr\/wp-json\/wp\/v2\/tags?post=39881"}],"curies":[{"name":"wp","href":"https:\/\/api.w.org\/{rel}","templated":true}]}}