{"id":39873,"date":"2022-04-19T16:09:01","date_gmt":"2022-04-19T20:09:01","guid":{"rendered":"https:\/\/blog.canadamotorjobs.com\/et-si-ferrari-fabriquait-un-el-camino\/"},"modified":"2022-04-20T17:56:44","modified_gmt":"2022-04-20T21:56:44","slug":"et-si-ferrari-fabriquait-un-el-camino","status":"publish","type":"post","link":"https:\/\/news.canadamotorjobs.com\/fr\/et-si-ferrari-fabriquait-un-el-camino\/","title":{"rendered":"Et si Ferrari fabriquait un El Camino"},"content":{"rendered":"<p>Un am\u00e9ricain qui en avait assez d\u2019attendre la sortie du v\u00e9hicule utilitaire sport de Ferrari, a d\u00e9cid\u00e9 de reconstruire lui-m\u00eame sa Ferrari 412 fa\u00e7on El Camino. Les V12 d\u2019\u00e9poque de la prestigieuse marque italienne \u00e9taient capricieux et souvent probl\u00e9matiques en raison de leur complexit\u00e9 et des pi\u00e8ces qu\u2019on ne trouve pas \u00e0 l\u2019atelier du coin.<\/p>\n<h3>Solution<\/h3>\n<p>Quoi faire dans cette situation ? Enlever le V12 de sa Ferrari 412 1985 pour laisser place \u00e0 un tr\u00e8s fiable V8 350 de Chevrolet.<\/p>\n<h3>Mise en contexte<\/h3>\n<p>Ce v\u00e9hicule pour le moins particulier vient d\u2019\u00eatre mis aux ench\u00e8res chez Bonhams. Son propri\u00e9taire a aussi transform\u00e9 l\u2019espace arri\u00e8re en petite bo\u00eete de 4 pieds et demi. Elle est maintenant class\u00e9e comme \u00e9tant une mi-voiture, mi-camionnette mais sans avoir vraiment beaucoup de capacit\u00e9 de chargement. Une liste de modifications \u00e0 n\u2019en plus finir donne ce bijou. R\u00e9sultat : un bon m\u00e9lange entre un El Camino et une Ferrari 812. Particulier, mais original.<\/p>\n<h3>L\u2019histoire derri\u00e8re l\u2019engin<\/h3>\n<p>Cette Ferrari El Camino a \u00e9t\u00e9 construite pour l\u2019\u00e9mission t\u00e9l\u00e9vis\u00e9e Ultimate Wheels en 2013, avec le moteur de Chevrolet d\u00e9j\u00e0 \u00e0 son actif. Une transmission automatique \u00e0 trois vitesses est pr\u00eate \u00e0 accueillir un conducteur qui ne craint pas les regards de stup\u00e9faction et de questionnement ! Concernant la puissance qui en ressort, elle est inconnue. Le tout est compens\u00e9 par l\u2019apparition massive de deux tuyaux d\u2019\u00e9chappement ressortant du capot. Ing\u00e9nieux pour une allure de feu. Il fallait bien une excuse pour la perte du V12. Aussi, la ligne de<\/p>\n","protected":false},"excerpt":{"rendered":"<p>Un am\u00e9ricain qui en avait assez d\u2019attendre la sortie du v\u00e9hicule utilitaire sport de Ferrari, a d\u00e9cid\u00e9 de reconstruire lui-m\u00eame sa Ferrari 412 fa\u00e7on El Camino. Les V12 d\u2019\u00e9poque de la prestigieuse marque italienne \u00e9taient capricieux et souvent probl\u00e9matiques en raison de leur complexit\u00e9 et des pi\u00e8ces qu\u2019on ne trouve pas \u00e0 l\u2019atelier du coin. [&hellip;]<\/p>\n","protected":false},"author":8,"featured_media":39877,"comment_status":"close","ping_status":"closed","sticky":false,"template":"","format":"standard","meta":{"_monsterinsights_skip_tracking":false,"_monsterinsights_sitenote_active":false,"_monsterinsights_sitenote_note":"","_monsterinsights_sitenote_category":0,"footnotes":""},"categories":[101],"tags":[131],"yoast_head":"<!-- This site is optimized with the Yoast SEO plugin v23.2 - https:\/\/yoast.com\/wordpress\/plugins\/seo\/ -->\n<title>Et si Ferrari fabriquait un El Camino - CanadaMotorJobs.com<\/title>\n<meta name=\"description\" content=\"Et si Ferrari fabriquait un El Camino - Benoit Charette - Annuel automobile - CanadaMotorJobs.com.\" \/>\n<meta name=\"robots\" content=\"index, follow, max-snippet:-1, max-image-preview:large, max-video-preview:-1\" \/>\n<meta property=\"og:locale\" content=\"fr_CA\" \/>\n<meta property=\"og:type\" content=\"article\" \/>\n<meta property=\"og:title\" content=\"Et si Ferrari fabriquait un El Camino - CanadaMotorJobs.com\" \/>\n<meta property=\"og:description\" content=\"Et si Ferrari fabriquait un El Camino - Benoit Charette - Annuel automobile - CanadaMotorJobs.com.\" \/>\n<meta property=\"og:url\" content=\"https:\/\/news.canadamotorjobs.com\/fr\/et-si-ferrari-fabriquait-un-el-camino\/\" \/>\n<meta property=\"og:site_name\" content=\"CanadaMotorJobs.com\" \/>\n<meta property=\"article:publisher\" content=\"https:\/\/www.facebook.com\/canadamotorjobs\/\" \/>\n<meta property=\"article:published_time\" content=\"2022-04-19T20:09:01+00:00\" \/>\n<meta property=\"article:modified_time\" content=\"2022-04-20T21:56:44+00:00\" \/>\n<meta property=\"og:image\" content=\"https:\/\/news.canadamotorjobs.com\/wp-content\/uploads\/2022\/04\/Ferrari-412-ute-1024x683-1-1.jpeg\" \/>\n\t<meta property=\"og:image:width\" content=\"1024\" \/>\n\t<meta property=\"og:image:height\" content=\"683\" \/>\n\t<meta property=\"og:image:type\" content=\"image\/jpeg\" \/>\n<meta name=\"author\" content=\"Benoit Charette\" \/>\n<meta name=\"twitter:card\" content=\"summary_large_image\" \/>\n<meta name=\"twitter:creator\" content=\"@canadamotorjobs\" \/>\n<meta name=\"twitter:site\" content=\"@canadamotorjobs\" \/>\n<meta name=\"twitter:label1\" content=\"\u00c9crit par\" \/>\n\t<meta name=\"twitter:data1\" content=\"Benoit Charette\" \/>\n\t<meta name=\"twitter:label2\" content=\"Estimation du temps de lecture\" \/>\n\t<meta name=\"twitter:data2\" content=\"2 minutes\" \/>\n<!-- \/ Yoast SEO plugin. -->","yoast_head_json":{"title":"Et si Ferrari fabriquait un El Camino - CanadaMotorJobs.com","description":"Et si Ferrari fabriquait un El Camino - Benoit Charette - Annuel automobile - CanadaMotorJobs.com.","robots":{"index":"index","follow":"follow","max-snippet":"max-snippet:-1","max-image-preview":"max-image-preview:large","max-video-preview":"max-video-preview:-1"},"og_locale":"fr_CA","og_type":"article","og_title":"Et si Ferrari fabriquait un El Camino - CanadaMotorJobs.com","og_description":"Et si Ferrari fabriquait un El Camino - Benoit Charette - Annuel automobile - CanadaMotorJobs.com.","og_url":"https:\/\/news.canadamotorjobs.com\/fr\/et-si-ferrari-fabriquait-un-el-camino\/","og_site_name":"CanadaMotorJobs.com","article_publisher":"https:\/\/www.facebook.com\/canadamotorjobs\/","article_published_time":"2022-04-19T20:09:01+00:00","article_modified_time":"2022-04-20T21:56:44+00:00","og_image":[{"width":1024,"height":683,"url":"https:\/\/news.canadamotorjobs.com\/wp-content\/uploads\/2022\/04\/Ferrari-412-ute-1024x683-1-1.jpeg","type":"image\/jpeg"}],"author":"Benoit Charette","twitter_card":"summary_large_image","twitter_creator":"@canadamotorjobs","twitter_site":"@canadamotorjobs","twitter_misc":{"\u00c9crit par":"Benoit Charette","Estimation du temps de lecture":"2 minutes"},"schema":{"@context":"https:\/\/schema.org","@graph":[{"@type":"Article","@id":"https:\/\/news.canadamotorjobs.com\/fr\/et-si-ferrari-fabriquait-un-el-camino\/#article","isPartOf":{"@id":"https:\/\/news.canadamotorjobs.com\/fr\/et-si-ferrari-fabriquait-un-el-camino\/"},"author":{"name":"Benoit Charette","@id":"https:\/\/news.canadamotorjobs.com\/#\/schema\/person\/51793d1f87d44011d7bcc2ed99269a90"},"headline":"Et si Ferrari fabriquait un El Camino","datePublished":"2022-04-19T20:09:01+00:00","dateModified":"2022-04-20T21:56:44+00:00","mainEntityOfPage":{"@id":"https:\/\/news.canadamotorjobs.com\/fr\/et-si-ferrari-fabriquait-un-el-camino\/"},"wordCount":277,"publisher":{"@id":"https:\/\/news.canadamotorjobs.com\/#organization"},"image":{"@id":"https:\/\/news.canadamotorjobs.com\/fr\/et-si-ferrari-fabriquait-un-el-camino\/#primaryimage"},"thumbnailUrl":"https:\/\/news.canadamotorjobs.com\/wp-content\/uploads\/2022\/04\/Ferrari-412-ute-1024x683-1-1.jpeg","keywords":["Newsletter"],"articleSection":["Annuel automobile"],"inLanguage":"fr-CA"},{"@type":"WebPage","@id":"https:\/\/news.canadamotorjobs.com\/fr\/et-si-ferrari-fabriquait-un-el-camino\/","url":"https:\/\/news.canadamotorjobs.com\/fr\/et-si-ferrari-fabriquait-un-el-camino\/","name":"Et si Ferrari fabriquait un El Camino - CanadaMotorJobs.com","isPartOf":{"@id":"https:\/\/news.canadamotorjobs.com\/#website"},"primaryImageOfPage":{"@id":"https:\/\/news.canadamotorjobs.com\/fr\/et-si-ferrari-fabriquait-un-el-camino\/#primaryimage"},"image":{"@id":"https:\/\/news.canadamotorjobs.com\/fr\/et-si-ferrari-fabriquait-un-el-camino\/#primaryimage"},"thumbnailUrl":"https:\/\/news.canadamotorjobs.com\/wp-content\/uploads\/2022\/04\/Ferrari-412-ute-1024x683-1-1.jpeg","datePublished":"2022-04-19T20:09:01+00:00","dateModified":"2022-04-20T21:56:44+00:00","description":"Et si Ferrari fabriquait un El Camino - Benoit Charette - Annuel automobile - CanadaMotorJobs.com.","breadcrumb":{"@id":"https:\/\/news.canadamotorjobs.com\/fr\/et-si-ferrari-fabriquait-un-el-camino\/#breadcrumb"},"inLanguage":"fr-CA","potentialAction":[{"@type":"ReadAction","target":["https:\/\/news.canadamotorjobs.com\/fr\/et-si-ferrari-fabriquait-un-el-camino\/"]}]},{"@type":"ImageObject","inLanguage":"fr-CA","@id":"https:\/\/news.canadamotorjobs.com\/fr\/et-si-ferrari-fabriquait-un-el-camino\/#primaryimage","url":"https:\/\/news.canadamotorjobs.com\/wp-content\/uploads\/2022\/04\/Ferrari-412-ute-1024x683-1-1.jpeg","contentUrl":"https:\/\/news.canadamotorjobs.com\/wp-content\/uploads\/2022\/04\/Ferrari-412-ute-1024x683-1-1.jpeg","width":1024,"height":683},{"@type":"BreadcrumbList","@id":"https:\/\/news.canadamotorjobs.com\/fr\/et-si-ferrari-fabriquait-un-el-camino\/#breadcrumb","itemListElement":[{"@type":"ListItem","position":1,"name":"Home","item":"https:\/\/news.canadamotorjobs.com\/fr\/blog\/"},{"@type":"ListItem","position":2,"name":"Et si Ferrari fabriquait un El Camino"}]},{"@type":"WebSite","@id":"https:\/\/news.canadamotorjobs.com\/#website","url":"https:\/\/news.canadamotorjobs.com\/","name":"CanadaMotorJobs.com","description":"Automotive Jobs","publisher":{"@id":"https:\/\/news.canadamotorjobs.com\/#organization"},"potentialAction":[{"@type":"SearchAction","target":{"@type":"EntryPoint","urlTemplate":"https:\/\/news.canadamotorjobs.com\/?s={search_term_string}"},"query-input":"required name=search_term_string"}],"inLanguage":"fr-CA"},{"@type":"Organization","@id":"https:\/\/news.canadamotorjobs.com\/#organization","name":"Canada Motor Jobs","url":"https:\/\/news.canadamotorjobs.com\/","logo":{"@type":"ImageObject","inLanguage":"fr-CA","@id":"https:\/\/news.canadamotorjobs.com\/#\/schema\/logo\/image\/","url":"https:\/\/news.canadamotorjobs.com\/wp-content\/uploads\/2022\/10\/logo-canada-motor-jobs-1.png","contentUrl":"https:\/\/news.canadamotorjobs.com\/wp-content\/uploads\/2022\/10\/logo-canada-motor-jobs-1.png","width":800,"height":400,"caption":"Canada Motor Jobs"},"image":{"@id":"https:\/\/news.canadamotorjobs.com\/#\/schema\/logo\/image\/"},"sameAs":["https:\/\/www.facebook.com\/canadamotorjobs\/","https:\/\/x.com\/canadamotorjobs","https:\/\/www.instagram.com\/canadamotorjobs\/","https:\/\/www.linkedin.com\/company\/canadamotorjobs"]},{"@type":"Person","@id":"https:\/\/news.canadamotorjobs.com\/#\/schema\/person\/51793d1f87d44011d7bcc2ed99269a90","name":"Benoit Charette","image":{"@type":"ImageObject","inLanguage":"fr-CA","@id":"https:\/\/news.canadamotorjobs.com\/#\/schema\/person\/image\/","url":"https:\/\/secure.gravatar.com\/avatar\/45f3d2eebcccd909668d7ce7ea7267b6?s=96&d=mm&r=g","contentUrl":"https:\/\/secure.gravatar.com\/avatar\/45f3d2eebcccd909668d7ce7ea7267b6?s=96&d=mm&r=g","caption":"Benoit Charette"},"description":"Benoit Charette \/ Propri\u00e9taire et r\u00e9dacteur en chef Benoit Charette pratique le journalisme automobile depuis bient\u00f4t 30 ans. Il a fait ses classes au c\u00f4t\u00e9 de Daniel H\u00e9raud et au Carnet de route de 1992 \u00e0 2001. Il est fondateur, copropri\u00e9taire et r\u00e9dacteur en chef de L\u2019Annuel de l\u2019automobile, qu\u2019il publie depuis 2001. Il a anim\u00e9 les \u00e9missions RPM et RPM+ sur V et les L\u00e9gendes de la route sur Historia. \u00c0 la radio depuis 1986, il reprend l\u2019antenne cette ann\u00e9e sur les ondes de Cogeco et participe pour la deuxi\u00e8me ann\u00e9e \u00e0 l\u2019\u00e9mission Passion Auto sur RDS en plus de mettre en ligne le site Web officiel de L\u2019Annuel de l\u2019automobile sur annuelauto.ca.","sameAs":["https:\/\/annuelauto.ca\/"],"url":"https:\/\/news.canadamotorjobs.com\/fr\/author\/benoit-charette\/"}]}},"_links":{"self":[{"href":"https:\/\/news.canadamotorjobs.com\/fr\/wp-json\/wp\/v2\/posts\/39873"}],"collection":[{"href":"https:\/\/news.canadamotorjobs.com\/fr\/wp-json\/wp\/v2\/posts"}],"about":[{"href":"https:\/\/news.canadamotorjobs.com\/fr\/wp-json\/wp\/v2\/types\/post"}],"author":[{"embeddable":true,"href":"https:\/\/news.canadamotorjobs.com\/fr\/wp-json\/wp\/v2\/users\/8"}],"replies":[{"embeddable":true,"href":"https:\/\/news.canadamotorjobs.com\/fr\/wp-json\/wp\/v2\/comments?post=39873"}],"version-history":[{"count":0,"href":"https:\/\/news.canadamotorjobs.com\/fr\/wp-json\/wp\/v2\/posts\/39873\/revisions"}],"wp:featuredmedia":[{"embeddable":true,"href":"https:\/\/news.canadamotorjobs.com\/fr\/wp-json\/wp\/v2\/media\/39877"}],"wp:attachment":[{"href":"https:\/\/news.canadamotorjobs.com\/fr\/wp-json\/wp\/v2\/media?parent=39873"}],"wp:term":[{"taxonomy":"category","embeddable":true,"href":"https:\/\/news.canadamotorjobs.com\/fr\/wp-json\/wp\/v2\/categories?post=39873"},{"taxonomy":"post_tag","embeddable":true,"href":"https:\/\/news.canadamotorjobs.com\/fr\/wp-json\/wp\/v2\/tags?post=39873"}],"curies":[{"name":"wp","href":"https:\/\/api.w.org\/{rel}","templated":true}]}}