{"id":39865,"date":"2022-04-19T15:44:51","date_gmt":"2022-04-19T19:44:51","guid":{"rendered":"https:\/\/blog.canadamotorjobs.com\/un-westfalia-facon-hyundai\/"},"modified":"2022-04-19T15:59:09","modified_gmt":"2022-04-19T19:59:09","slug":"un-westfalia-facon-hyundai","status":"publish","type":"post","link":"https:\/\/news.canadamotorjobs.com\/fr\/un-westfalia-facon-hyundai\/","title":{"rendered":"Un westfalia fa\u00e7on Hyundai"},"content":{"rendered":"<\/p>\n<p><strong>Annonc\u00e9e l\u2019ann\u00e9e derni\u00e8re, la Hyundai Staria Lounge Camper d\u00e9voile son design int\u00e9rieur et ext\u00e9rieur avec entre autres une tente escamotable, un matelas pneumatique en plus d\u2019offrir une alimentation externe en eau et en \u00e9lectricit\u00e9.<\/strong><\/p>\n<p> <strong>\u00a0<\/strong>Avec ce projet, Hyundai a r\u00e9ussi a pr\u00e9senter un v\u00e9hicule plein air plus que respectable. Plusieurs configurations sont disponibles \u00e0 l\u2019int\u00e9rieur de celui-ci, proposant de deux \u00e0 11 places d\u00e9pendamment de l\u2019utilisation souhait\u00e9e.<br \/> <strong>Int\u00e9rieur spacieux<\/strong><br \/> D\u00e9j\u00e0 introduit en Cor\u00e9e du Sud, ce monospace obtient deux versions, le Camper 4 et le Camper 11, variant le nombre de si\u00e8ges. La tente, qui forme un toit suppl\u00e9mentaire, est d\u00e9ploy\u00e9e de mani\u00e8re \u00e9lectrique et le matelas gonflable offre un espace de repos plus vaste. Sinon, il y a suffisamment d\u2019espace pour que deux personnes y trouvent sommeil.<\/p>\n<p> Sa taille carr\u00e9e permet d\u2019obtenir tous ces emplacements. Du lot, on peut aussi y retrouver un r\u00e9frig\u00e9rateur de 36 litres, un ensemble \u00e9vier et robinet, une table pliante et des \u00e9tag\u00e8res lat\u00e9rales int\u00e9gr\u00e9es.<br \/> <strong>Ext\u00e9rieur pratique<\/strong><br \/> \u00c0 l\u2019arri\u00e8re de la fourgonnette, une pomme de douche peut \u00eatre install\u00e9e et une prise de courant est disponible pour recharger divers appareils. L\u2019\u00e9t\u00e9, les compartiments du v\u00e9hicule peuvent rester ouverts puisque Hyundai propose une moustiquaire pour pallier le tout. De plus, un auvent augmente la polyvalence.<br \/> <strong>Gamme de prix<\/strong><br \/> Affich\u00e9e \u00e0 un peu plus de 50 000\u00a0$ canadiens, la variante Camper 11 du Hyundai Staria Lounge Camper reste \u00e0 un prix raisonnable. Quant \u00e0 lui, le Camper 4, qui est la version plus luxueuse,<\/p>\n","protected":false},"excerpt":{"rendered":"<p>Annonc\u00e9e l\u2019ann\u00e9e derni\u00e8re, la Hyundai Staria Lounge Camper d\u00e9voile son design int\u00e9rieur et ext\u00e9rieur avec entre autres une tente escamotable, un matelas pneumatique en plus d\u2019offrir une alimentation externe en eau et en \u00e9lectricit\u00e9. \u00a0Avec ce projet, Hyundai a r\u00e9ussi a pr\u00e9senter un v\u00e9hicule plein air plus que respectable. Plusieurs configurations sont disponibles \u00e0 l\u2019int\u00e9rieur [&hellip;]<\/p>\n","protected":false},"author":8,"featured_media":39869,"comment_status":"close","ping_status":"closed","sticky":false,"template":"","format":"standard","meta":{"_monsterinsights_skip_tracking":false,"_monsterinsights_sitenote_active":false,"_monsterinsights_sitenote_note":"","_monsterinsights_sitenote_category":0,"footnotes":""},"categories":[101],"tags":[],"yoast_head":"<!-- This site is optimized with the Yoast SEO plugin v23.2 - https:\/\/yoast.com\/wordpress\/plugins\/seo\/ -->\n<title>Un westfalia fa\u00e7on Hyundai - CanadaMotorJobs.com<\/title>\n<meta name=\"description\" content=\"Un westfalia fa\u00e7on Hyundai - Benoit Charette - Annuel automobile - CanadaMotorJobs.com.\" \/>\n<meta name=\"robots\" content=\"index, follow, max-snippet:-1, max-image-preview:large, max-video-preview:-1\" \/>\n<meta property=\"og:locale\" content=\"fr_CA\" \/>\n<meta property=\"og:type\" content=\"article\" \/>\n<meta property=\"og:title\" content=\"Un westfalia fa\u00e7on Hyundai - CanadaMotorJobs.com\" \/>\n<meta property=\"og:description\" content=\"Un westfalia fa\u00e7on Hyundai - Benoit Charette - Annuel automobile - CanadaMotorJobs.com.\" \/>\n<meta property=\"og:url\" content=\"https:\/\/news.canadamotorjobs.com\/fr\/un-westfalia-facon-hyundai\/\" \/>\n<meta property=\"og:site_name\" content=\"CanadaMotorJobs.com\" \/>\n<meta property=\"article:publisher\" content=\"https:\/\/www.facebook.com\/canadamotorjobs\/\" \/>\n<meta property=\"article:published_time\" content=\"2022-04-19T19:44:51+00:00\" \/>\n<meta property=\"article:modified_time\" content=\"2022-04-19T19:59:09+00:00\" \/>\n<meta property=\"og:image\" content=\"https:\/\/news.canadamotorjobs.com\/wp-content\/uploads\/2022\/04\/image-hyundai-staria-lounge-camper-debuts-with-pop-up-tent-air-mattress-165035266444642-1.jpg\" \/>\n\t<meta property=\"og:image:width\" content=\"1511\" \/>\n\t<meta property=\"og:image:height\" content=\"850\" \/>\n\t<meta property=\"og:image:type\" content=\"image\/jpeg\" \/>\n<meta name=\"author\" content=\"Benoit Charette\" \/>\n<meta name=\"twitter:card\" content=\"summary_large_image\" \/>\n<meta name=\"twitter:creator\" content=\"@canadamotorjobs\" \/>\n<meta name=\"twitter:site\" content=\"@canadamotorjobs\" \/>\n<meta name=\"twitter:label1\" content=\"\u00c9crit par\" \/>\n\t<meta name=\"twitter:data1\" content=\"Benoit Charette\" \/>\n\t<meta name=\"twitter:label2\" content=\"Estimation du temps de lecture\" \/>\n\t<meta name=\"twitter:data2\" content=\"1 minute\" \/>\n<!-- \/ Yoast SEO plugin. -->","yoast_head_json":{"title":"Un westfalia fa\u00e7on Hyundai - CanadaMotorJobs.com","description":"Un westfalia fa\u00e7on Hyundai - Benoit Charette - Annuel automobile - CanadaMotorJobs.com.","robots":{"index":"index","follow":"follow","max-snippet":"max-snippet:-1","max-image-preview":"max-image-preview:large","max-video-preview":"max-video-preview:-1"},"og_locale":"fr_CA","og_type":"article","og_title":"Un westfalia fa\u00e7on Hyundai - CanadaMotorJobs.com","og_description":"Un westfalia fa\u00e7on Hyundai - Benoit Charette - Annuel automobile - CanadaMotorJobs.com.","og_url":"https:\/\/news.canadamotorjobs.com\/fr\/un-westfalia-facon-hyundai\/","og_site_name":"CanadaMotorJobs.com","article_publisher":"https:\/\/www.facebook.com\/canadamotorjobs\/","article_published_time":"2022-04-19T19:44:51+00:00","article_modified_time":"2022-04-19T19:59:09+00:00","og_image":[{"width":1511,"height":850,"url":"https:\/\/news.canadamotorjobs.com\/wp-content\/uploads\/2022\/04\/image-hyundai-staria-lounge-camper-debuts-with-pop-up-tent-air-mattress-165035266444642-1.jpg","type":"image\/jpeg"}],"author":"Benoit Charette","twitter_card":"summary_large_image","twitter_creator":"@canadamotorjobs","twitter_site":"@canadamotorjobs","twitter_misc":{"\u00c9crit par":"Benoit Charette","Estimation du temps de lecture":"1 minute"},"schema":{"@context":"https:\/\/schema.org","@graph":[{"@type":"Article","@id":"https:\/\/news.canadamotorjobs.com\/fr\/un-westfalia-facon-hyundai\/#article","isPartOf":{"@id":"https:\/\/news.canadamotorjobs.com\/fr\/un-westfalia-facon-hyundai\/"},"author":{"name":"Benoit Charette","@id":"https:\/\/news.canadamotorjobs.com\/#\/schema\/person\/51793d1f87d44011d7bcc2ed99269a90"},"headline":"Un westfalia fa\u00e7on Hyundai","datePublished":"2022-04-19T19:44:51+00:00","dateModified":"2022-04-19T19:59:09+00:00","mainEntityOfPage":{"@id":"https:\/\/news.canadamotorjobs.com\/fr\/un-westfalia-facon-hyundai\/"},"wordCount":279,"publisher":{"@id":"https:\/\/news.canadamotorjobs.com\/#organization"},"image":{"@id":"https:\/\/news.canadamotorjobs.com\/fr\/un-westfalia-facon-hyundai\/#primaryimage"},"thumbnailUrl":"https:\/\/news.canadamotorjobs.com\/wp-content\/uploads\/2022\/04\/image-hyundai-staria-lounge-camper-debuts-with-pop-up-tent-air-mattress-165035266444642-1.jpg","articleSection":["Annuel automobile"],"inLanguage":"fr-CA"},{"@type":"WebPage","@id":"https:\/\/news.canadamotorjobs.com\/fr\/un-westfalia-facon-hyundai\/","url":"https:\/\/news.canadamotorjobs.com\/fr\/un-westfalia-facon-hyundai\/","name":"Un westfalia fa\u00e7on Hyundai - CanadaMotorJobs.com","isPartOf":{"@id":"https:\/\/news.canadamotorjobs.com\/#website"},"primaryImageOfPage":{"@id":"https:\/\/news.canadamotorjobs.com\/fr\/un-westfalia-facon-hyundai\/#primaryimage"},"image":{"@id":"https:\/\/news.canadamotorjobs.com\/fr\/un-westfalia-facon-hyundai\/#primaryimage"},"thumbnailUrl":"https:\/\/news.canadamotorjobs.com\/wp-content\/uploads\/2022\/04\/image-hyundai-staria-lounge-camper-debuts-with-pop-up-tent-air-mattress-165035266444642-1.jpg","datePublished":"2022-04-19T19:44:51+00:00","dateModified":"2022-04-19T19:59:09+00:00","description":"Un westfalia fa\u00e7on Hyundai - Benoit Charette - Annuel automobile - CanadaMotorJobs.com.","breadcrumb":{"@id":"https:\/\/news.canadamotorjobs.com\/fr\/un-westfalia-facon-hyundai\/#breadcrumb"},"inLanguage":"fr-CA","potentialAction":[{"@type":"ReadAction","target":["https:\/\/news.canadamotorjobs.com\/fr\/un-westfalia-facon-hyundai\/"]}]},{"@type":"ImageObject","inLanguage":"fr-CA","@id":"https:\/\/news.canadamotorjobs.com\/fr\/un-westfalia-facon-hyundai\/#primaryimage","url":"https:\/\/news.canadamotorjobs.com\/wp-content\/uploads\/2022\/04\/image-hyundai-staria-lounge-camper-debuts-with-pop-up-tent-air-mattress-165035266444642-1.jpg","contentUrl":"https:\/\/news.canadamotorjobs.com\/wp-content\/uploads\/2022\/04\/image-hyundai-staria-lounge-camper-debuts-with-pop-up-tent-air-mattress-165035266444642-1.jpg","width":1511,"height":850},{"@type":"BreadcrumbList","@id":"https:\/\/news.canadamotorjobs.com\/fr\/un-westfalia-facon-hyundai\/#breadcrumb","itemListElement":[{"@type":"ListItem","position":1,"name":"Home","item":"https:\/\/news.canadamotorjobs.com\/fr\/blog\/"},{"@type":"ListItem","position":2,"name":"Un westfalia fa\u00e7on Hyundai"}]},{"@type":"WebSite","@id":"https:\/\/news.canadamotorjobs.com\/#website","url":"https:\/\/news.canadamotorjobs.com\/","name":"CanadaMotorJobs.com","description":"Automotive Jobs","publisher":{"@id":"https:\/\/news.canadamotorjobs.com\/#organization"},"potentialAction":[{"@type":"SearchAction","target":{"@type":"EntryPoint","urlTemplate":"https:\/\/news.canadamotorjobs.com\/?s={search_term_string}"},"query-input":"required name=search_term_string"}],"inLanguage":"fr-CA"},{"@type":"Organization","@id":"https:\/\/news.canadamotorjobs.com\/#organization","name":"Canada Motor Jobs","url":"https:\/\/news.canadamotorjobs.com\/","logo":{"@type":"ImageObject","inLanguage":"fr-CA","@id":"https:\/\/news.canadamotorjobs.com\/#\/schema\/logo\/image\/","url":"https:\/\/news.canadamotorjobs.com\/wp-content\/uploads\/2022\/10\/logo-canada-motor-jobs-1.png","contentUrl":"https:\/\/news.canadamotorjobs.com\/wp-content\/uploads\/2022\/10\/logo-canada-motor-jobs-1.png","width":800,"height":400,"caption":"Canada Motor Jobs"},"image":{"@id":"https:\/\/news.canadamotorjobs.com\/#\/schema\/logo\/image\/"},"sameAs":["https:\/\/www.facebook.com\/canadamotorjobs\/","https:\/\/x.com\/canadamotorjobs","https:\/\/www.instagram.com\/canadamotorjobs\/","https:\/\/www.linkedin.com\/company\/canadamotorjobs"]},{"@type":"Person","@id":"https:\/\/news.canadamotorjobs.com\/#\/schema\/person\/51793d1f87d44011d7bcc2ed99269a90","name":"Benoit Charette","image":{"@type":"ImageObject","inLanguage":"fr-CA","@id":"https:\/\/news.canadamotorjobs.com\/#\/schema\/person\/image\/","url":"https:\/\/secure.gravatar.com\/avatar\/45f3d2eebcccd909668d7ce7ea7267b6?s=96&d=mm&r=g","contentUrl":"https:\/\/secure.gravatar.com\/avatar\/45f3d2eebcccd909668d7ce7ea7267b6?s=96&d=mm&r=g","caption":"Benoit Charette"},"description":"Benoit Charette \/ Propri\u00e9taire et r\u00e9dacteur en chef Benoit Charette pratique le journalisme automobile depuis bient\u00f4t 30 ans. Il a fait ses classes au c\u00f4t\u00e9 de Daniel H\u00e9raud et au Carnet de route de 1992 \u00e0 2001. Il est fondateur, copropri\u00e9taire et r\u00e9dacteur en chef de L\u2019Annuel de l\u2019automobile, qu\u2019il publie depuis 2001. Il a anim\u00e9 les \u00e9missions RPM et RPM+ sur V et les L\u00e9gendes de la route sur Historia. \u00c0 la radio depuis 1986, il reprend l\u2019antenne cette ann\u00e9e sur les ondes de Cogeco et participe pour la deuxi\u00e8me ann\u00e9e \u00e0 l\u2019\u00e9mission Passion Auto sur RDS en plus de mettre en ligne le site Web officiel de L\u2019Annuel de l\u2019automobile sur annuelauto.ca.","sameAs":["https:\/\/annuelauto.ca\/"],"url":"https:\/\/news.canadamotorjobs.com\/fr\/author\/benoit-charette\/"}]}},"_links":{"self":[{"href":"https:\/\/news.canadamotorjobs.com\/fr\/wp-json\/wp\/v2\/posts\/39865"}],"collection":[{"href":"https:\/\/news.canadamotorjobs.com\/fr\/wp-json\/wp\/v2\/posts"}],"about":[{"href":"https:\/\/news.canadamotorjobs.com\/fr\/wp-json\/wp\/v2\/types\/post"}],"author":[{"embeddable":true,"href":"https:\/\/news.canadamotorjobs.com\/fr\/wp-json\/wp\/v2\/users\/8"}],"replies":[{"embeddable":true,"href":"https:\/\/news.canadamotorjobs.com\/fr\/wp-json\/wp\/v2\/comments?post=39865"}],"version-history":[{"count":0,"href":"https:\/\/news.canadamotorjobs.com\/fr\/wp-json\/wp\/v2\/posts\/39865\/revisions"}],"wp:featuredmedia":[{"embeddable":true,"href":"https:\/\/news.canadamotorjobs.com\/fr\/wp-json\/wp\/v2\/media\/39869"}],"wp:attachment":[{"href":"https:\/\/news.canadamotorjobs.com\/fr\/wp-json\/wp\/v2\/media?parent=39865"}],"wp:term":[{"taxonomy":"category","embeddable":true,"href":"https:\/\/news.canadamotorjobs.com\/fr\/wp-json\/wp\/v2\/categories?post=39865"},{"taxonomy":"post_tag","embeddable":true,"href":"https:\/\/news.canadamotorjobs.com\/fr\/wp-json\/wp\/v2\/tags?post=39865"}],"curies":[{"name":"wp","href":"https:\/\/api.w.org\/{rel}","templated":true}]}}