{"id":39857,"date":"2022-04-19T07:52:49","date_gmt":"2022-04-19T11:52:49","guid":{"rendered":"https:\/\/blog.canadamotorjobs.com\/un-nouveau-concept-de-fourgonnette-electrique-chez-audi\/"},"modified":"2022-04-19T08:00:14","modified_gmt":"2022-04-19T12:00:14","slug":"un-nouveau-concept-de-fourgonnette-electrique-chez-audi","status":"publish","type":"post","link":"https:\/\/news.canadamotorjobs.com\/fr\/un-nouveau-concept-de-fourgonnette-electrique-chez-audi\/","title":{"rendered":"Un nouveau concept de fourgonnette \u00e9lectrique chez Audi"},"content":{"rendered":"<\/p>\n<p>C\u2019est le troisi\u00e8me et dernier concept de la famille Urbansphere, membre d&#8217;une famille de concepts qui comprend la berline Grandsphere et la voiture de sport Skysphere. L&#8217;Urbansphere est une fourgonnette futuriste dont le d\u00e9veloppement a \u00e9t\u00e9 orient\u00e9 vers le march\u00e9 chinois, Audi ayant m\u00eame consult\u00e9 des clients chinois sur ce qu&#8217;ils attendaient d&#8217;un v\u00e9hicule pour le concept.<br \/> Beaucoup d\u2019espace<br \/> Le r\u00e9sultat est un grand v\u00e9hicule (il fait 5,5 m\u00e8tres de long), spacieux, destin\u00e9 aux environnements urbains, qui pourrait servir de v\u00e9hicule familial, ou peut-\u00eatre de bureau ou de salon sur roues &#8211; un troisi\u00e8me espace de vie tr\u00e8s pr\u00e9cieux en Asie, comme le d\u00e9crit Audi.<br \/> Une plateforme Volkswagen<br \/> Le concept est bas\u00e9 sur la plateforme PPE du groupe Volkswagen pour les v\u00e9hicules \u00e9lectriques, qui fera bient\u00f4t ses d\u00e9buts dans le petit crossover Q6 E-Tron d&#8217;Audi. Dans l&#8217;Urbansphere, la plateforme supporte une batterie de 120 kilowattheures et un syst\u00e8me \u00e9lectrique de 800 volts. La batterie peut \u00eatre charg\u00e9e \u00e0 des taux allant jusqu&#8217;\u00e0 270 kilowatts, ce qui signifie qu&#8217;une charge de 5 \u00e0 80 % en moins de 25 minutes serait possible.<br \/> 4 roues motrices<br \/> La batterie alimente un syst\u00e8me de transmission int\u00e9grale \u00e0 deux moteurs. La puissance maximale est de 395 chevaux et le couple de 508 lb-pi, et le syst\u00e8me de transmission int\u00e9grale est con\u00e7u pour mettre en pause le moteur avant dans certaines situations afin d&#8217;am\u00e9liorer l&#8217;efficacit\u00e9. L&#8217;habitacle comprend quatre si\u00e8ges individuels sur deux rang\u00e9es, offrant une exp\u00e9rience luxueuse semblable \u00e0 celle d\u2019un espace classe affaire en avion.<\/p>\n","protected":false},"excerpt":{"rendered":"<p>C\u2019est le troisi\u00e8me et dernier concept de la famille Urbansphere, membre d&#8217;une famille de concepts qui comprend la berline Grandsphere et la voiture de sport Skysphere. L&#8217;Urbansphere est une fourgonnette futuriste dont le d\u00e9veloppement a \u00e9t\u00e9 orient\u00e9 vers le march\u00e9 chinois, Audi ayant m\u00eame consult\u00e9 des clients chinois sur ce qu&#8217;ils attendaient d&#8217;un v\u00e9hicule pour [&hellip;]<\/p>\n","protected":false},"author":8,"featured_media":39861,"comment_status":"close","ping_status":"closed","sticky":false,"template":"","format":"standard","meta":{"_monsterinsights_skip_tracking":false,"_monsterinsights_sitenote_active":false,"_monsterinsights_sitenote_note":"","_monsterinsights_sitenote_category":0,"footnotes":""},"categories":[101],"tags":[],"yoast_head":"<!-- This site is optimized with the Yoast SEO plugin v23.2 - https:\/\/yoast.com\/wordpress\/plugins\/seo\/ -->\n<title>Un nouveau concept de fourgonnette \u00e9lectrique chez Audi - CanadaMotorJobs.com<\/title>\n<meta name=\"description\" content=\"Un nouveau concept de fourgonnette \u00e9lectrique chez Audi - Benoit Charette - Annuel automobile - CanadaMotorJobs.com.\" \/>\n<meta name=\"robots\" content=\"index, follow, max-snippet:-1, max-image-preview:large, max-video-preview:-1\" \/>\n<meta property=\"og:locale\" content=\"fr_CA\" \/>\n<meta property=\"og:type\" content=\"article\" \/>\n<meta property=\"og:title\" content=\"Un nouveau concept de fourgonnette \u00e9lectrique chez Audi - CanadaMotorJobs.com\" \/>\n<meta property=\"og:description\" content=\"Un nouveau concept de fourgonnette \u00e9lectrique chez Audi - Benoit Charette - Annuel automobile - CanadaMotorJobs.com.\" \/>\n<meta property=\"og:url\" content=\"https:\/\/news.canadamotorjobs.com\/fr\/un-nouveau-concept-de-fourgonnette-electrique-chez-audi\/\" \/>\n<meta property=\"og:site_name\" content=\"CanadaMotorJobs.com\" \/>\n<meta property=\"article:publisher\" content=\"https:\/\/www.facebook.com\/canadamotorjobs\/\" \/>\n<meta property=\"article:published_time\" content=\"2022-04-19T11:52:49+00:00\" \/>\n<meta property=\"article:modified_time\" content=\"2022-04-19T12:00:14+00:00\" \/>\n<meta property=\"og:image\" content=\"https:\/\/news.canadamotorjobs.com\/wp-content\/uploads\/2022\/04\/A221691_medium-scaled-1-1.jpg\" \/>\n\t<meta property=\"og:image:width\" content=\"2560\" \/>\n\t<meta property=\"og:image:height\" content=\"2114\" \/>\n\t<meta property=\"og:image:type\" content=\"image\/jpeg\" \/>\n<meta name=\"author\" content=\"Benoit Charette\" \/>\n<meta name=\"twitter:card\" content=\"summary_large_image\" \/>\n<meta name=\"twitter:creator\" content=\"@canadamotorjobs\" \/>\n<meta name=\"twitter:site\" content=\"@canadamotorjobs\" \/>\n<meta name=\"twitter:label1\" content=\"\u00c9crit par\" \/>\n\t<meta name=\"twitter:data1\" content=\"Benoit Charette\" \/>\n\t<meta name=\"twitter:label2\" content=\"Estimation du temps de lecture\" \/>\n\t<meta name=\"twitter:data2\" content=\"1 minute\" \/>\n<!-- \/ Yoast SEO plugin. -->","yoast_head_json":{"title":"Un nouveau concept de fourgonnette \u00e9lectrique chez Audi - CanadaMotorJobs.com","description":"Un nouveau concept de fourgonnette \u00e9lectrique chez Audi - Benoit Charette - Annuel automobile - CanadaMotorJobs.com.","robots":{"index":"index","follow":"follow","max-snippet":"max-snippet:-1","max-image-preview":"max-image-preview:large","max-video-preview":"max-video-preview:-1"},"og_locale":"fr_CA","og_type":"article","og_title":"Un nouveau concept de fourgonnette \u00e9lectrique chez Audi - CanadaMotorJobs.com","og_description":"Un nouveau concept de fourgonnette \u00e9lectrique chez Audi - Benoit Charette - Annuel automobile - CanadaMotorJobs.com.","og_url":"https:\/\/news.canadamotorjobs.com\/fr\/un-nouveau-concept-de-fourgonnette-electrique-chez-audi\/","og_site_name":"CanadaMotorJobs.com","article_publisher":"https:\/\/www.facebook.com\/canadamotorjobs\/","article_published_time":"2022-04-19T11:52:49+00:00","article_modified_time":"2022-04-19T12:00:14+00:00","og_image":[{"width":2560,"height":2114,"url":"https:\/\/news.canadamotorjobs.com\/wp-content\/uploads\/2022\/04\/A221691_medium-scaled-1-1.jpg","type":"image\/jpeg"}],"author":"Benoit Charette","twitter_card":"summary_large_image","twitter_creator":"@canadamotorjobs","twitter_site":"@canadamotorjobs","twitter_misc":{"\u00c9crit par":"Benoit Charette","Estimation du temps de lecture":"1 minute"},"schema":{"@context":"https:\/\/schema.org","@graph":[{"@type":"Article","@id":"https:\/\/news.canadamotorjobs.com\/fr\/un-nouveau-concept-de-fourgonnette-electrique-chez-audi\/#article","isPartOf":{"@id":"https:\/\/news.canadamotorjobs.com\/fr\/un-nouveau-concept-de-fourgonnette-electrique-chez-audi\/"},"author":{"name":"Benoit Charette","@id":"https:\/\/news.canadamotorjobs.com\/#\/schema\/person\/51793d1f87d44011d7bcc2ed99269a90"},"headline":"Un nouveau concept de fourgonnette \u00e9lectrique chez Audi","datePublished":"2022-04-19T11:52:49+00:00","dateModified":"2022-04-19T12:00:14+00:00","mainEntityOfPage":{"@id":"https:\/\/news.canadamotorjobs.com\/fr\/un-nouveau-concept-de-fourgonnette-electrique-chez-audi\/"},"wordCount":283,"publisher":{"@id":"https:\/\/news.canadamotorjobs.com\/#organization"},"image":{"@id":"https:\/\/news.canadamotorjobs.com\/fr\/un-nouveau-concept-de-fourgonnette-electrique-chez-audi\/#primaryimage"},"thumbnailUrl":"https:\/\/news.canadamotorjobs.com\/wp-content\/uploads\/2022\/04\/A221691_medium-scaled-1-1.jpg","articleSection":["Annuel automobile"],"inLanguage":"fr-CA"},{"@type":"WebPage","@id":"https:\/\/news.canadamotorjobs.com\/fr\/un-nouveau-concept-de-fourgonnette-electrique-chez-audi\/","url":"https:\/\/news.canadamotorjobs.com\/fr\/un-nouveau-concept-de-fourgonnette-electrique-chez-audi\/","name":"Un nouveau concept de fourgonnette \u00e9lectrique chez Audi - CanadaMotorJobs.com","isPartOf":{"@id":"https:\/\/news.canadamotorjobs.com\/#website"},"primaryImageOfPage":{"@id":"https:\/\/news.canadamotorjobs.com\/fr\/un-nouveau-concept-de-fourgonnette-electrique-chez-audi\/#primaryimage"},"image":{"@id":"https:\/\/news.canadamotorjobs.com\/fr\/un-nouveau-concept-de-fourgonnette-electrique-chez-audi\/#primaryimage"},"thumbnailUrl":"https:\/\/news.canadamotorjobs.com\/wp-content\/uploads\/2022\/04\/A221691_medium-scaled-1-1.jpg","datePublished":"2022-04-19T11:52:49+00:00","dateModified":"2022-04-19T12:00:14+00:00","description":"Un nouveau concept de fourgonnette \u00e9lectrique chez Audi - Benoit Charette - Annuel automobile - CanadaMotorJobs.com.","breadcrumb":{"@id":"https:\/\/news.canadamotorjobs.com\/fr\/un-nouveau-concept-de-fourgonnette-electrique-chez-audi\/#breadcrumb"},"inLanguage":"fr-CA","potentialAction":[{"@type":"ReadAction","target":["https:\/\/news.canadamotorjobs.com\/fr\/un-nouveau-concept-de-fourgonnette-electrique-chez-audi\/"]}]},{"@type":"ImageObject","inLanguage":"fr-CA","@id":"https:\/\/news.canadamotorjobs.com\/fr\/un-nouveau-concept-de-fourgonnette-electrique-chez-audi\/#primaryimage","url":"https:\/\/news.canadamotorjobs.com\/wp-content\/uploads\/2022\/04\/A221691_medium-scaled-1-1.jpg","contentUrl":"https:\/\/news.canadamotorjobs.com\/wp-content\/uploads\/2022\/04\/A221691_medium-scaled-1-1.jpg","width":2560,"height":2114},{"@type":"BreadcrumbList","@id":"https:\/\/news.canadamotorjobs.com\/fr\/un-nouveau-concept-de-fourgonnette-electrique-chez-audi\/#breadcrumb","itemListElement":[{"@type":"ListItem","position":1,"name":"Home","item":"https:\/\/news.canadamotorjobs.com\/fr\/blog\/"},{"@type":"ListItem","position":2,"name":"Un nouveau concept de fourgonnette \u00e9lectrique chez Audi"}]},{"@type":"WebSite","@id":"https:\/\/news.canadamotorjobs.com\/#website","url":"https:\/\/news.canadamotorjobs.com\/","name":"CanadaMotorJobs.com","description":"Automotive Jobs","publisher":{"@id":"https:\/\/news.canadamotorjobs.com\/#organization"},"potentialAction":[{"@type":"SearchAction","target":{"@type":"EntryPoint","urlTemplate":"https:\/\/news.canadamotorjobs.com\/?s={search_term_string}"},"query-input":"required name=search_term_string"}],"inLanguage":"fr-CA"},{"@type":"Organization","@id":"https:\/\/news.canadamotorjobs.com\/#organization","name":"Canada Motor Jobs","url":"https:\/\/news.canadamotorjobs.com\/","logo":{"@type":"ImageObject","inLanguage":"fr-CA","@id":"https:\/\/news.canadamotorjobs.com\/#\/schema\/logo\/image\/","url":"https:\/\/news.canadamotorjobs.com\/wp-content\/uploads\/2022\/10\/logo-canada-motor-jobs-1.png","contentUrl":"https:\/\/news.canadamotorjobs.com\/wp-content\/uploads\/2022\/10\/logo-canada-motor-jobs-1.png","width":800,"height":400,"caption":"Canada Motor Jobs"},"image":{"@id":"https:\/\/news.canadamotorjobs.com\/#\/schema\/logo\/image\/"},"sameAs":["https:\/\/www.facebook.com\/canadamotorjobs\/","https:\/\/x.com\/canadamotorjobs","https:\/\/www.instagram.com\/canadamotorjobs\/","https:\/\/www.linkedin.com\/company\/canadamotorjobs"]},{"@type":"Person","@id":"https:\/\/news.canadamotorjobs.com\/#\/schema\/person\/51793d1f87d44011d7bcc2ed99269a90","name":"Benoit Charette","image":{"@type":"ImageObject","inLanguage":"fr-CA","@id":"https:\/\/news.canadamotorjobs.com\/#\/schema\/person\/image\/","url":"https:\/\/secure.gravatar.com\/avatar\/45f3d2eebcccd909668d7ce7ea7267b6?s=96&d=mm&r=g","contentUrl":"https:\/\/secure.gravatar.com\/avatar\/45f3d2eebcccd909668d7ce7ea7267b6?s=96&d=mm&r=g","caption":"Benoit Charette"},"description":"Benoit Charette \/ Propri\u00e9taire et r\u00e9dacteur en chef Benoit Charette pratique le journalisme automobile depuis bient\u00f4t 30 ans. Il a fait ses classes au c\u00f4t\u00e9 de Daniel H\u00e9raud et au Carnet de route de 1992 \u00e0 2001. Il est fondateur, copropri\u00e9taire et r\u00e9dacteur en chef de L\u2019Annuel de l\u2019automobile, qu\u2019il publie depuis 2001. Il a anim\u00e9 les \u00e9missions RPM et RPM+ sur V et les L\u00e9gendes de la route sur Historia. \u00c0 la radio depuis 1986, il reprend l\u2019antenne cette ann\u00e9e sur les ondes de Cogeco et participe pour la deuxi\u00e8me ann\u00e9e \u00e0 l\u2019\u00e9mission Passion Auto sur RDS en plus de mettre en ligne le site Web officiel de L\u2019Annuel de l\u2019automobile sur annuelauto.ca.","sameAs":["https:\/\/annuelauto.ca\/"],"url":"https:\/\/news.canadamotorjobs.com\/fr\/author\/benoit-charette\/"}]}},"_links":{"self":[{"href":"https:\/\/news.canadamotorjobs.com\/fr\/wp-json\/wp\/v2\/posts\/39857"}],"collection":[{"href":"https:\/\/news.canadamotorjobs.com\/fr\/wp-json\/wp\/v2\/posts"}],"about":[{"href":"https:\/\/news.canadamotorjobs.com\/fr\/wp-json\/wp\/v2\/types\/post"}],"author":[{"embeddable":true,"href":"https:\/\/news.canadamotorjobs.com\/fr\/wp-json\/wp\/v2\/users\/8"}],"replies":[{"embeddable":true,"href":"https:\/\/news.canadamotorjobs.com\/fr\/wp-json\/wp\/v2\/comments?post=39857"}],"version-history":[{"count":0,"href":"https:\/\/news.canadamotorjobs.com\/fr\/wp-json\/wp\/v2\/posts\/39857\/revisions"}],"wp:featuredmedia":[{"embeddable":true,"href":"https:\/\/news.canadamotorjobs.com\/fr\/wp-json\/wp\/v2\/media\/39861"}],"wp:attachment":[{"href":"https:\/\/news.canadamotorjobs.com\/fr\/wp-json\/wp\/v2\/media?parent=39857"}],"wp:term":[{"taxonomy":"category","embeddable":true,"href":"https:\/\/news.canadamotorjobs.com\/fr\/wp-json\/wp\/v2\/categories?post=39857"},{"taxonomy":"post_tag","embeddable":true,"href":"https:\/\/news.canadamotorjobs.com\/fr\/wp-json\/wp\/v2\/tags?post=39857"}],"curies":[{"name":"wp","href":"https:\/\/api.w.org\/{rel}","templated":true}]}}