{"id":39849,"date":"2022-04-19T07:14:43","date_gmt":"2022-04-19T11:14:43","guid":{"rendered":"https:\/\/blog.canadamotorjobs.com\/la-future-bmw-i7-aura-un-cinema-maison-a-larriere\/"},"modified":"2022-04-19T07:30:11","modified_gmt":"2022-04-19T11:30:11","slug":"la-future-bmw-i7-aura-un-cinema-maison-a-larriere","status":"publish","type":"post","link":"https:\/\/news.canadamotorjobs.com\/fr\/la-future-bmw-i7-aura-un-cinema-maison-a-larriere\/","title":{"rendered":"La future BMW i7 aura un cin\u00e9ma maison \u00e0 l\u2019arri\u00e8re"},"content":{"rendered":"<\/p>\n<p>Demain, BMW pr\u00e9sentera sa nouvelle berline de luxe \u00e9lectrique, la BMW i7. Cette S\u00e9rie 7 enti\u00e8rement \u00e9lectrique sera l\u2019ultime transport de luxe de la marque. Il semble que les passagers \u00e0 l\u2019arri\u00e8re auront droit \u00e0 une exp\u00e9rience unique. On conna\u00eet BMW pour ses avanc\u00e9es technologiques et BMW va installer \u00e0 l\u2019arri\u00e8re un nouvel \u00e9cran 8K, baptis\u00e9 &#8220;BMW Theater Screen&#8221;. \u00a0Elle sera livrable en option.<br \/> Cin\u00e9ma et t\u00e9l\u00e9<br \/> Les premi\u00e8res informations r\u00e9v\u00e8lent que vous serez en mesure de diffuser vos \u00e9missions pr\u00e9f\u00e9r\u00e9es, en plus de quelques fonctionnalit\u00e9s suppl\u00e9mentaires. Il semble y avoir un onglet m\u00e9t\u00e9o sur la droite de l&#8217;\u00e9cran, et nous parions que d&#8217;autres op\u00e9rations seront \u00e9galement disponibles.<br \/> 31 pouces de large<br \/> BMW affirme que l&#8217;\u00e9norme \u00e9cran s&#8217;\u00e9tendra presque d&#8217;un bout \u00e0 l&#8217;autre de la i7, mesurant 31 pouces. Apparemment, l&#8217;\u00e9cran descendra du toit jusqu&#8217;\u00e0 son emplacement derri\u00e8re les si\u00e8ges avant. Pour l&#8217;instant, ce sont tous les d\u00e9tails que nous avons sur le nouvel \u00e9cran de cin\u00e9ma avant le d\u00e9but de la i7. On ne sait pas encore dans quelle mesure l&#8217;\u00e9cran obstruera l&#8217;immense toit en verre, qui comporte des diodes \u00e9lectroluminescentes (DEL) dispos\u00e9es dans le verre pour rendre la vue sur le toit encore plus int\u00e9ressante, surtout la nuit.<br \/> Un style controvers\u00e9<br \/> \u00c0 l&#8217;ext\u00e9rieur, il est \u00e9vident que le style sera largement bas\u00e9 sur le controvers\u00e9 BMW X7 qui a \u00e9t\u00e9 pr\u00e9sent\u00e9 en avril de cette ann\u00e9e. Ces phares loucheurs semblent certainement familiers, et certaines images montrent un peu les feux de circulation fum\u00e9s \u00e9galement vus sur le X7.<\/p>\n","protected":false},"excerpt":{"rendered":"<p>Demain, BMW pr\u00e9sentera sa nouvelle berline de luxe \u00e9lectrique, la BMW i7. Cette S\u00e9rie 7 enti\u00e8rement \u00e9lectrique sera l\u2019ultime transport de luxe de la marque. Il semble que les passagers \u00e0 l\u2019arri\u00e8re auront droit \u00e0 une exp\u00e9rience unique. On conna\u00eet BMW pour ses avanc\u00e9es technologiques et BMW va installer \u00e0 l\u2019arri\u00e8re un nouvel \u00e9cran 8K, [&hellip;]<\/p>\n","protected":false},"author":8,"featured_media":39853,"comment_status":"close","ping_status":"closed","sticky":false,"template":"","format":"standard","meta":{"_monsterinsights_skip_tracking":false,"_monsterinsights_sitenote_active":false,"_monsterinsights_sitenote_note":"","_monsterinsights_sitenote_category":0,"footnotes":""},"categories":[101],"tags":[],"yoast_head":"<!-- This site is optimized with the Yoast SEO plugin v23.2 - https:\/\/yoast.com\/wordpress\/plugins\/seo\/ -->\n<title>La future BMW i7 aura un cin\u00e9ma maison \u00e0 l\u2019arri\u00e8re - CanadaMotorJobs.com<\/title>\n<meta name=\"description\" content=\"La future BMW i7 aura un cin\u00e9ma maison \u00e0 l\u2019arri\u00e8re - Benoit Charette - Annuel automobile - CanadaMotorJobs.com.\" \/>\n<meta name=\"robots\" content=\"index, follow, max-snippet:-1, max-image-preview:large, max-video-preview:-1\" \/>\n<meta property=\"og:locale\" content=\"fr_CA\" \/>\n<meta property=\"og:type\" content=\"article\" \/>\n<meta property=\"og:title\" content=\"La future BMW i7 aura un cin\u00e9ma maison \u00e0 l\u2019arri\u00e8re - CanadaMotorJobs.com\" \/>\n<meta property=\"og:description\" content=\"La future BMW i7 aura un cin\u00e9ma maison \u00e0 l\u2019arri\u00e8re - Benoit Charette - Annuel automobile - CanadaMotorJobs.com.\" \/>\n<meta property=\"og:url\" content=\"https:\/\/news.canadamotorjobs.com\/fr\/la-future-bmw-i7-aura-un-cinema-maison-a-larriere\/\" \/>\n<meta property=\"og:site_name\" content=\"CanadaMotorJobs.com\" \/>\n<meta property=\"article:publisher\" content=\"https:\/\/www.facebook.com\/canadamotorjobs\/\" \/>\n<meta property=\"article:published_time\" content=\"2022-04-19T11:14:43+00:00\" \/>\n<meta property=\"article:modified_time\" content=\"2022-04-19T11:30:11+00:00\" \/>\n<meta property=\"og:image\" content=\"https:\/\/news.canadamotorjobs.com\/wp-content\/uploads\/2022\/04\/BMW-Theatre-Screen-31-Zoll-Fond-Entertainment-7er-i7-CES-2022-01-1.jpg\" \/>\n\t<meta property=\"og:image:width\" content=\"1920\" \/>\n\t<meta property=\"og:image:height\" content=\"1283\" \/>\n\t<meta property=\"og:image:type\" content=\"image\/jpeg\" \/>\n<meta name=\"author\" content=\"Benoit Charette\" \/>\n<meta name=\"twitter:card\" content=\"summary_large_image\" \/>\n<meta name=\"twitter:creator\" content=\"@canadamotorjobs\" \/>\n<meta name=\"twitter:site\" content=\"@canadamotorjobs\" \/>\n<meta name=\"twitter:label1\" content=\"\u00c9crit par\" \/>\n\t<meta name=\"twitter:data1\" content=\"Benoit Charette\" \/>\n\t<meta name=\"twitter:label2\" content=\"Estimation du temps de lecture\" \/>\n\t<meta name=\"twitter:data2\" content=\"1 minute\" \/>\n<!-- \/ Yoast SEO plugin. -->","yoast_head_json":{"title":"La future BMW i7 aura un cin\u00e9ma maison \u00e0 l\u2019arri\u00e8re - CanadaMotorJobs.com","description":"La future BMW i7 aura un cin\u00e9ma maison \u00e0 l\u2019arri\u00e8re - Benoit Charette - Annuel automobile - CanadaMotorJobs.com.","robots":{"index":"index","follow":"follow","max-snippet":"max-snippet:-1","max-image-preview":"max-image-preview:large","max-video-preview":"max-video-preview:-1"},"og_locale":"fr_CA","og_type":"article","og_title":"La future BMW i7 aura un cin\u00e9ma maison \u00e0 l\u2019arri\u00e8re - CanadaMotorJobs.com","og_description":"La future BMW i7 aura un cin\u00e9ma maison \u00e0 l\u2019arri\u00e8re - Benoit Charette - Annuel automobile - CanadaMotorJobs.com.","og_url":"https:\/\/news.canadamotorjobs.com\/fr\/la-future-bmw-i7-aura-un-cinema-maison-a-larriere\/","og_site_name":"CanadaMotorJobs.com","article_publisher":"https:\/\/www.facebook.com\/canadamotorjobs\/","article_published_time":"2022-04-19T11:14:43+00:00","article_modified_time":"2022-04-19T11:30:11+00:00","og_image":[{"width":1920,"height":1283,"url":"https:\/\/news.canadamotorjobs.com\/wp-content\/uploads\/2022\/04\/BMW-Theatre-Screen-31-Zoll-Fond-Entertainment-7er-i7-CES-2022-01-1.jpg","type":"image\/jpeg"}],"author":"Benoit Charette","twitter_card":"summary_large_image","twitter_creator":"@canadamotorjobs","twitter_site":"@canadamotorjobs","twitter_misc":{"\u00c9crit par":"Benoit Charette","Estimation du temps de lecture":"1 minute"},"schema":{"@context":"https:\/\/schema.org","@graph":[{"@type":"Article","@id":"https:\/\/news.canadamotorjobs.com\/fr\/la-future-bmw-i7-aura-un-cinema-maison-a-larriere\/#article","isPartOf":{"@id":"https:\/\/news.canadamotorjobs.com\/fr\/la-future-bmw-i7-aura-un-cinema-maison-a-larriere\/"},"author":{"name":"Benoit Charette","@id":"https:\/\/news.canadamotorjobs.com\/#\/schema\/person\/51793d1f87d44011d7bcc2ed99269a90"},"headline":"La future BMW i7 aura un cin\u00e9ma maison \u00e0 l\u2019arri\u00e8re","datePublished":"2022-04-19T11:14:43+00:00","dateModified":"2022-04-19T11:30:11+00:00","mainEntityOfPage":{"@id":"https:\/\/news.canadamotorjobs.com\/fr\/la-future-bmw-i7-aura-un-cinema-maison-a-larriere\/"},"wordCount":300,"publisher":{"@id":"https:\/\/news.canadamotorjobs.com\/#organization"},"image":{"@id":"https:\/\/news.canadamotorjobs.com\/fr\/la-future-bmw-i7-aura-un-cinema-maison-a-larriere\/#primaryimage"},"thumbnailUrl":"https:\/\/news.canadamotorjobs.com\/wp-content\/uploads\/2022\/04\/BMW-Theatre-Screen-31-Zoll-Fond-Entertainment-7er-i7-CES-2022-01-1.jpg","articleSection":["Annuel automobile"],"inLanguage":"fr-CA"},{"@type":"WebPage","@id":"https:\/\/news.canadamotorjobs.com\/fr\/la-future-bmw-i7-aura-un-cinema-maison-a-larriere\/","url":"https:\/\/news.canadamotorjobs.com\/fr\/la-future-bmw-i7-aura-un-cinema-maison-a-larriere\/","name":"La future BMW i7 aura un cin\u00e9ma maison \u00e0 l\u2019arri\u00e8re - CanadaMotorJobs.com","isPartOf":{"@id":"https:\/\/news.canadamotorjobs.com\/#website"},"primaryImageOfPage":{"@id":"https:\/\/news.canadamotorjobs.com\/fr\/la-future-bmw-i7-aura-un-cinema-maison-a-larriere\/#primaryimage"},"image":{"@id":"https:\/\/news.canadamotorjobs.com\/fr\/la-future-bmw-i7-aura-un-cinema-maison-a-larriere\/#primaryimage"},"thumbnailUrl":"https:\/\/news.canadamotorjobs.com\/wp-content\/uploads\/2022\/04\/BMW-Theatre-Screen-31-Zoll-Fond-Entertainment-7er-i7-CES-2022-01-1.jpg","datePublished":"2022-04-19T11:14:43+00:00","dateModified":"2022-04-19T11:30:11+00:00","description":"La future BMW i7 aura un cin\u00e9ma maison \u00e0 l\u2019arri\u00e8re - Benoit Charette - Annuel automobile - CanadaMotorJobs.com.","breadcrumb":{"@id":"https:\/\/news.canadamotorjobs.com\/fr\/la-future-bmw-i7-aura-un-cinema-maison-a-larriere\/#breadcrumb"},"inLanguage":"fr-CA","potentialAction":[{"@type":"ReadAction","target":["https:\/\/news.canadamotorjobs.com\/fr\/la-future-bmw-i7-aura-un-cinema-maison-a-larriere\/"]}]},{"@type":"ImageObject","inLanguage":"fr-CA","@id":"https:\/\/news.canadamotorjobs.com\/fr\/la-future-bmw-i7-aura-un-cinema-maison-a-larriere\/#primaryimage","url":"https:\/\/news.canadamotorjobs.com\/wp-content\/uploads\/2022\/04\/BMW-Theatre-Screen-31-Zoll-Fond-Entertainment-7er-i7-CES-2022-01-1.jpg","contentUrl":"https:\/\/news.canadamotorjobs.com\/wp-content\/uploads\/2022\/04\/BMW-Theatre-Screen-31-Zoll-Fond-Entertainment-7er-i7-CES-2022-01-1.jpg","width":1920,"height":1283},{"@type":"BreadcrumbList","@id":"https:\/\/news.canadamotorjobs.com\/fr\/la-future-bmw-i7-aura-un-cinema-maison-a-larriere\/#breadcrumb","itemListElement":[{"@type":"ListItem","position":1,"name":"Home","item":"https:\/\/news.canadamotorjobs.com\/fr\/blog\/"},{"@type":"ListItem","position":2,"name":"La future BMW i7 aura un cin\u00e9ma maison \u00e0 l\u2019arri\u00e8re"}]},{"@type":"WebSite","@id":"https:\/\/news.canadamotorjobs.com\/#website","url":"https:\/\/news.canadamotorjobs.com\/","name":"CanadaMotorJobs.com","description":"Automotive Jobs","publisher":{"@id":"https:\/\/news.canadamotorjobs.com\/#organization"},"potentialAction":[{"@type":"SearchAction","target":{"@type":"EntryPoint","urlTemplate":"https:\/\/news.canadamotorjobs.com\/?s={search_term_string}"},"query-input":"required name=search_term_string"}],"inLanguage":"fr-CA"},{"@type":"Organization","@id":"https:\/\/news.canadamotorjobs.com\/#organization","name":"Canada Motor Jobs","url":"https:\/\/news.canadamotorjobs.com\/","logo":{"@type":"ImageObject","inLanguage":"fr-CA","@id":"https:\/\/news.canadamotorjobs.com\/#\/schema\/logo\/image\/","url":"https:\/\/news.canadamotorjobs.com\/wp-content\/uploads\/2022\/10\/logo-canada-motor-jobs-1.png","contentUrl":"https:\/\/news.canadamotorjobs.com\/wp-content\/uploads\/2022\/10\/logo-canada-motor-jobs-1.png","width":800,"height":400,"caption":"Canada Motor Jobs"},"image":{"@id":"https:\/\/news.canadamotorjobs.com\/#\/schema\/logo\/image\/"},"sameAs":["https:\/\/www.facebook.com\/canadamotorjobs\/","https:\/\/x.com\/canadamotorjobs","https:\/\/www.instagram.com\/canadamotorjobs\/","https:\/\/www.linkedin.com\/company\/canadamotorjobs"]},{"@type":"Person","@id":"https:\/\/news.canadamotorjobs.com\/#\/schema\/person\/51793d1f87d44011d7bcc2ed99269a90","name":"Benoit Charette","image":{"@type":"ImageObject","inLanguage":"fr-CA","@id":"https:\/\/news.canadamotorjobs.com\/#\/schema\/person\/image\/","url":"https:\/\/secure.gravatar.com\/avatar\/45f3d2eebcccd909668d7ce7ea7267b6?s=96&d=mm&r=g","contentUrl":"https:\/\/secure.gravatar.com\/avatar\/45f3d2eebcccd909668d7ce7ea7267b6?s=96&d=mm&r=g","caption":"Benoit Charette"},"description":"Benoit Charette \/ Propri\u00e9taire et r\u00e9dacteur en chef Benoit Charette pratique le journalisme automobile depuis bient\u00f4t 30 ans. Il a fait ses classes au c\u00f4t\u00e9 de Daniel H\u00e9raud et au Carnet de route de 1992 \u00e0 2001. Il est fondateur, copropri\u00e9taire et r\u00e9dacteur en chef de L\u2019Annuel de l\u2019automobile, qu\u2019il publie depuis 2001. Il a anim\u00e9 les \u00e9missions RPM et RPM+ sur V et les L\u00e9gendes de la route sur Historia. \u00c0 la radio depuis 1986, il reprend l\u2019antenne cette ann\u00e9e sur les ondes de Cogeco et participe pour la deuxi\u00e8me ann\u00e9e \u00e0 l\u2019\u00e9mission Passion Auto sur RDS en plus de mettre en ligne le site Web officiel de L\u2019Annuel de l\u2019automobile sur annuelauto.ca.","sameAs":["https:\/\/annuelauto.ca\/"],"url":"https:\/\/news.canadamotorjobs.com\/fr\/author\/benoit-charette\/"}]}},"_links":{"self":[{"href":"https:\/\/news.canadamotorjobs.com\/fr\/wp-json\/wp\/v2\/posts\/39849"}],"collection":[{"href":"https:\/\/news.canadamotorjobs.com\/fr\/wp-json\/wp\/v2\/posts"}],"about":[{"href":"https:\/\/news.canadamotorjobs.com\/fr\/wp-json\/wp\/v2\/types\/post"}],"author":[{"embeddable":true,"href":"https:\/\/news.canadamotorjobs.com\/fr\/wp-json\/wp\/v2\/users\/8"}],"replies":[{"embeddable":true,"href":"https:\/\/news.canadamotorjobs.com\/fr\/wp-json\/wp\/v2\/comments?post=39849"}],"version-history":[{"count":0,"href":"https:\/\/news.canadamotorjobs.com\/fr\/wp-json\/wp\/v2\/posts\/39849\/revisions"}],"wp:featuredmedia":[{"embeddable":true,"href":"https:\/\/news.canadamotorjobs.com\/fr\/wp-json\/wp\/v2\/media\/39853"}],"wp:attachment":[{"href":"https:\/\/news.canadamotorjobs.com\/fr\/wp-json\/wp\/v2\/media?parent=39849"}],"wp:term":[{"taxonomy":"category","embeddable":true,"href":"https:\/\/news.canadamotorjobs.com\/fr\/wp-json\/wp\/v2\/categories?post=39849"},{"taxonomy":"post_tag","embeddable":true,"href":"https:\/\/news.canadamotorjobs.com\/fr\/wp-json\/wp\/v2\/tags?post=39849"}],"curies":[{"name":"wp","href":"https:\/\/api.w.org\/{rel}","templated":true}]}}