{"id":39832,"date":"2022-04-18T08:05:53","date_gmt":"2022-04-18T12:05:53","guid":{"rendered":"https:\/\/blog.canadamotorjobs.com\/bmw-croit-en-lavenir-de-lhydrogene\/"},"modified":"2022-04-18T08:15:12","modified_gmt":"2022-04-18T12:15:12","slug":"bmw-croit-en-lavenir-de-lhydrogene","status":"publish","type":"post","link":"https:\/\/news.canadamotorjobs.com\/fr\/bmw-croit-en-lavenir-de-lhydrogene\/","title":{"rendered":"BMW croit en l\u2019avenir de l\u2019hydrog\u00e8ne"},"content":{"rendered":"<\/p>\n<p>Il semblerait que Toyota n&#8217;est plus seul \u00e0 croire en l\u2019avenir de l\u2019hydrog\u00e8ne. Selon BMWBlog, Pieter Nota, membre du conseil d&#8217;administration de BMW et responsable des ventes et du marketing, a d\u00e9clar\u00e9 que BMW \u00e9tait toujours impliqu\u00e9 dans le d\u00e9veloppement de groupes motopropulseurs \u00e0 hydrog\u00e8ne. Il n&#8217;y a pas de meilleure m\u00e9taphore pour les d\u00e9clarations de Nota que le prototype BMW iX5 Hydrogen, qui sera lanc\u00e9 en 2023.<br \/> Ne pas mettre tous ses \u0153ufs dans le m\u00eame panier<br \/> Le passage \u00e0 l&#8217;\u00e9lectricit\u00e9 est la tendance du moment pour de nombreux constructeurs automobiles. Cependant, ce n\u2019est pas la seule recette. Malgr\u00e9 l&#8217;introduction de la BMW X5 Hybrid et de la BMW iX ou i4, la marque maintient que le passage au tout \u00e9lectrique n&#8217;est pas la voie \u00e0 suivre. C&#8217;est pourquoi elle a voulu rappeler \u00e0 tous, lors d&#8217;une table ronde, que la marque bavaroise est toujours tr\u00e8s attach\u00e9e \u00e0 l&#8217;hydrog\u00e8ne. Cependant, bien que la marque ait affirm\u00e9 son engagement en faveur de l&#8217;hydrog\u00e8ne, BMW sait que le chemin \u00e0 parcourir pour parvenir \u00e0 une voiture \u00e0 hydrog\u00e8ne enti\u00e8rement pr\u00eate \u00e0 \u00eatre produite sur le march\u00e9 mondial sera long. L&#8217;iX5 ne sera pas produite en s\u00e9rie, du moins pas dans un premier temps. Au lieu de cela, BMW indique qu&#8217;une petite flotte de VUS \u00e0 hydrog\u00e8ne sera mise \u00e0 la disposition des m\u00e9dias, des VIP et de certains clients.<br \/> L\u2019infrastructure pose un probl\u00e8me<br \/> Il n\u2019y a pratiquement aucune infrastructure au Canada et tr\u00e8s peu aux \u00c9tats-Unis. Installer une station \u00e0 hydrog\u00e8ne<\/p>\n","protected":false},"excerpt":{"rendered":"<p>Il semblerait que Toyota n&#8217;est plus seul \u00e0 croire en l\u2019avenir de l\u2019hydrog\u00e8ne. Selon BMWBlog, Pieter Nota, membre du conseil d&#8217;administration de BMW et responsable des ventes et du marketing, a d\u00e9clar\u00e9 que BMW \u00e9tait toujours impliqu\u00e9 dans le d\u00e9veloppement de groupes motopropulseurs \u00e0 hydrog\u00e8ne. Il n&#8217;y a pas de meilleure m\u00e9taphore pour les d\u00e9clarations [&hellip;]<\/p>\n","protected":false},"author":8,"featured_media":39836,"comment_status":"close","ping_status":"closed","sticky":false,"template":"","format":"standard","meta":{"_monsterinsights_skip_tracking":false,"_monsterinsights_sitenote_active":false,"_monsterinsights_sitenote_note":"","_monsterinsights_sitenote_category":0,"footnotes":""},"categories":[101],"tags":[],"yoast_head":"<!-- This site is optimized with the Yoast SEO plugin v23.2 - https:\/\/yoast.com\/wordpress\/plugins\/seo\/ -->\n<title>BMW croit en l\u2019avenir de l\u2019hydrog\u00e8ne - CanadaMotorJobs.com<\/title>\n<meta name=\"description\" content=\"BMW croit en l\u2019avenir de l\u2019hydrog\u00e8ne - Benoit Charette - Annuel automobile - CanadaMotorJobs.com.\" \/>\n<meta name=\"robots\" content=\"index, follow, max-snippet:-1, max-image-preview:large, max-video-preview:-1\" \/>\n<meta property=\"og:locale\" content=\"fr_CA\" \/>\n<meta property=\"og:type\" content=\"article\" \/>\n<meta property=\"og:title\" content=\"BMW croit en l\u2019avenir de l\u2019hydrog\u00e8ne - CanadaMotorJobs.com\" \/>\n<meta property=\"og:description\" content=\"BMW croit en l\u2019avenir de l\u2019hydrog\u00e8ne - Benoit Charette - Annuel automobile - CanadaMotorJobs.com.\" \/>\n<meta property=\"og:url\" content=\"https:\/\/news.canadamotorjobs.com\/fr\/bmw-croit-en-lavenir-de-lhydrogene\/\" \/>\n<meta property=\"og:site_name\" content=\"CanadaMotorJobs.com\" \/>\n<meta property=\"article:publisher\" content=\"https:\/\/www.facebook.com\/canadamotorjobs\/\" \/>\n<meta property=\"article:published_time\" content=\"2022-04-18T12:05:53+00:00\" \/>\n<meta property=\"article:modified_time\" content=\"2022-04-18T12:15:12+00:00\" \/>\n<meta property=\"og:image\" content=\"https:\/\/news.canadamotorjobs.com\/wp-content\/uploads\/2022\/04\/bmw-ix5-hydrogen-prototype_100803015_h-1.jpg\" \/>\n\t<meta property=\"og:image:width\" content=\"1920\" \/>\n\t<meta property=\"og:image:height\" content=\"1298\" \/>\n\t<meta property=\"og:image:type\" content=\"image\/jpeg\" \/>\n<meta name=\"author\" content=\"Benoit Charette\" \/>\n<meta name=\"twitter:card\" content=\"summary_large_image\" \/>\n<meta name=\"twitter:creator\" content=\"@canadamotorjobs\" \/>\n<meta name=\"twitter:site\" content=\"@canadamotorjobs\" \/>\n<meta name=\"twitter:label1\" content=\"\u00c9crit par\" \/>\n\t<meta name=\"twitter:data1\" content=\"Benoit Charette\" \/>\n\t<meta name=\"twitter:label2\" content=\"Estimation du temps de lecture\" \/>\n\t<meta name=\"twitter:data2\" content=\"1 minute\" \/>\n<!-- \/ Yoast SEO plugin. -->","yoast_head_json":{"title":"BMW croit en l\u2019avenir de l\u2019hydrog\u00e8ne - CanadaMotorJobs.com","description":"BMW croit en l\u2019avenir de l\u2019hydrog\u00e8ne - Benoit Charette - Annuel automobile - CanadaMotorJobs.com.","robots":{"index":"index","follow":"follow","max-snippet":"max-snippet:-1","max-image-preview":"max-image-preview:large","max-video-preview":"max-video-preview:-1"},"og_locale":"fr_CA","og_type":"article","og_title":"BMW croit en l\u2019avenir de l\u2019hydrog\u00e8ne - CanadaMotorJobs.com","og_description":"BMW croit en l\u2019avenir de l\u2019hydrog\u00e8ne - Benoit Charette - Annuel automobile - CanadaMotorJobs.com.","og_url":"https:\/\/news.canadamotorjobs.com\/fr\/bmw-croit-en-lavenir-de-lhydrogene\/","og_site_name":"CanadaMotorJobs.com","article_publisher":"https:\/\/www.facebook.com\/canadamotorjobs\/","article_published_time":"2022-04-18T12:05:53+00:00","article_modified_time":"2022-04-18T12:15:12+00:00","og_image":[{"width":1920,"height":1298,"url":"https:\/\/news.canadamotorjobs.com\/wp-content\/uploads\/2022\/04\/bmw-ix5-hydrogen-prototype_100803015_h-1.jpg","type":"image\/jpeg"}],"author":"Benoit Charette","twitter_card":"summary_large_image","twitter_creator":"@canadamotorjobs","twitter_site":"@canadamotorjobs","twitter_misc":{"\u00c9crit par":"Benoit Charette","Estimation du temps de lecture":"1 minute"},"schema":{"@context":"https:\/\/schema.org","@graph":[{"@type":"Article","@id":"https:\/\/news.canadamotorjobs.com\/fr\/bmw-croit-en-lavenir-de-lhydrogene\/#article","isPartOf":{"@id":"https:\/\/news.canadamotorjobs.com\/fr\/bmw-croit-en-lavenir-de-lhydrogene\/"},"author":{"name":"Benoit Charette","@id":"https:\/\/news.canadamotorjobs.com\/#\/schema\/person\/51793d1f87d44011d7bcc2ed99269a90"},"headline":"BMW croit en l\u2019avenir de l\u2019hydrog\u00e8ne","datePublished":"2022-04-18T12:05:53+00:00","dateModified":"2022-04-18T12:15:12+00:00","mainEntityOfPage":{"@id":"https:\/\/news.canadamotorjobs.com\/fr\/bmw-croit-en-lavenir-de-lhydrogene\/"},"wordCount":282,"publisher":{"@id":"https:\/\/news.canadamotorjobs.com\/#organization"},"image":{"@id":"https:\/\/news.canadamotorjobs.com\/fr\/bmw-croit-en-lavenir-de-lhydrogene\/#primaryimage"},"thumbnailUrl":"https:\/\/news.canadamotorjobs.com\/wp-content\/uploads\/2022\/04\/bmw-ix5-hydrogen-prototype_100803015_h-1.jpg","articleSection":["Annuel automobile"],"inLanguage":"fr-CA"},{"@type":"WebPage","@id":"https:\/\/news.canadamotorjobs.com\/fr\/bmw-croit-en-lavenir-de-lhydrogene\/","url":"https:\/\/news.canadamotorjobs.com\/fr\/bmw-croit-en-lavenir-de-lhydrogene\/","name":"BMW croit en l\u2019avenir de l\u2019hydrog\u00e8ne - CanadaMotorJobs.com","isPartOf":{"@id":"https:\/\/news.canadamotorjobs.com\/#website"},"primaryImageOfPage":{"@id":"https:\/\/news.canadamotorjobs.com\/fr\/bmw-croit-en-lavenir-de-lhydrogene\/#primaryimage"},"image":{"@id":"https:\/\/news.canadamotorjobs.com\/fr\/bmw-croit-en-lavenir-de-lhydrogene\/#primaryimage"},"thumbnailUrl":"https:\/\/news.canadamotorjobs.com\/wp-content\/uploads\/2022\/04\/bmw-ix5-hydrogen-prototype_100803015_h-1.jpg","datePublished":"2022-04-18T12:05:53+00:00","dateModified":"2022-04-18T12:15:12+00:00","description":"BMW croit en l\u2019avenir de l\u2019hydrog\u00e8ne - Benoit Charette - Annuel automobile - CanadaMotorJobs.com.","breadcrumb":{"@id":"https:\/\/news.canadamotorjobs.com\/fr\/bmw-croit-en-lavenir-de-lhydrogene\/#breadcrumb"},"inLanguage":"fr-CA","potentialAction":[{"@type":"ReadAction","target":["https:\/\/news.canadamotorjobs.com\/fr\/bmw-croit-en-lavenir-de-lhydrogene\/"]}]},{"@type":"ImageObject","inLanguage":"fr-CA","@id":"https:\/\/news.canadamotorjobs.com\/fr\/bmw-croit-en-lavenir-de-lhydrogene\/#primaryimage","url":"https:\/\/news.canadamotorjobs.com\/wp-content\/uploads\/2022\/04\/bmw-ix5-hydrogen-prototype_100803015_h-1.jpg","contentUrl":"https:\/\/news.canadamotorjobs.com\/wp-content\/uploads\/2022\/04\/bmw-ix5-hydrogen-prototype_100803015_h-1.jpg","width":1920,"height":1298},{"@type":"BreadcrumbList","@id":"https:\/\/news.canadamotorjobs.com\/fr\/bmw-croit-en-lavenir-de-lhydrogene\/#breadcrumb","itemListElement":[{"@type":"ListItem","position":1,"name":"Home","item":"https:\/\/news.canadamotorjobs.com\/fr\/blog\/"},{"@type":"ListItem","position":2,"name":"BMW croit en l\u2019avenir de l\u2019hydrog\u00e8ne"}]},{"@type":"WebSite","@id":"https:\/\/news.canadamotorjobs.com\/#website","url":"https:\/\/news.canadamotorjobs.com\/","name":"CanadaMotorJobs.com","description":"Automotive Jobs","publisher":{"@id":"https:\/\/news.canadamotorjobs.com\/#organization"},"potentialAction":[{"@type":"SearchAction","target":{"@type":"EntryPoint","urlTemplate":"https:\/\/news.canadamotorjobs.com\/?s={search_term_string}"},"query-input":"required name=search_term_string"}],"inLanguage":"fr-CA"},{"@type":"Organization","@id":"https:\/\/news.canadamotorjobs.com\/#organization","name":"Canada Motor Jobs","url":"https:\/\/news.canadamotorjobs.com\/","logo":{"@type":"ImageObject","inLanguage":"fr-CA","@id":"https:\/\/news.canadamotorjobs.com\/#\/schema\/logo\/image\/","url":"https:\/\/news.canadamotorjobs.com\/wp-content\/uploads\/2022\/10\/logo-canada-motor-jobs-1.png","contentUrl":"https:\/\/news.canadamotorjobs.com\/wp-content\/uploads\/2022\/10\/logo-canada-motor-jobs-1.png","width":800,"height":400,"caption":"Canada Motor Jobs"},"image":{"@id":"https:\/\/news.canadamotorjobs.com\/#\/schema\/logo\/image\/"},"sameAs":["https:\/\/www.facebook.com\/canadamotorjobs\/","https:\/\/x.com\/canadamotorjobs","https:\/\/www.instagram.com\/canadamotorjobs\/","https:\/\/www.linkedin.com\/company\/canadamotorjobs"]},{"@type":"Person","@id":"https:\/\/news.canadamotorjobs.com\/#\/schema\/person\/51793d1f87d44011d7bcc2ed99269a90","name":"Benoit Charette","image":{"@type":"ImageObject","inLanguage":"fr-CA","@id":"https:\/\/news.canadamotorjobs.com\/#\/schema\/person\/image\/","url":"https:\/\/secure.gravatar.com\/avatar\/45f3d2eebcccd909668d7ce7ea7267b6?s=96&d=mm&r=g","contentUrl":"https:\/\/secure.gravatar.com\/avatar\/45f3d2eebcccd909668d7ce7ea7267b6?s=96&d=mm&r=g","caption":"Benoit Charette"},"description":"Benoit Charette \/ Propri\u00e9taire et r\u00e9dacteur en chef Benoit Charette pratique le journalisme automobile depuis bient\u00f4t 30 ans. Il a fait ses classes au c\u00f4t\u00e9 de Daniel H\u00e9raud et au Carnet de route de 1992 \u00e0 2001. Il est fondateur, copropri\u00e9taire et r\u00e9dacteur en chef de L\u2019Annuel de l\u2019automobile, qu\u2019il publie depuis 2001. Il a anim\u00e9 les \u00e9missions RPM et RPM+ sur V et les L\u00e9gendes de la route sur Historia. \u00c0 la radio depuis 1986, il reprend l\u2019antenne cette ann\u00e9e sur les ondes de Cogeco et participe pour la deuxi\u00e8me ann\u00e9e \u00e0 l\u2019\u00e9mission Passion Auto sur RDS en plus de mettre en ligne le site Web officiel de L\u2019Annuel de l\u2019automobile sur annuelauto.ca.","sameAs":["https:\/\/annuelauto.ca\/"],"url":"https:\/\/news.canadamotorjobs.com\/fr\/author\/benoit-charette\/"}]}},"_links":{"self":[{"href":"https:\/\/news.canadamotorjobs.com\/fr\/wp-json\/wp\/v2\/posts\/39832"}],"collection":[{"href":"https:\/\/news.canadamotorjobs.com\/fr\/wp-json\/wp\/v2\/posts"}],"about":[{"href":"https:\/\/news.canadamotorjobs.com\/fr\/wp-json\/wp\/v2\/types\/post"}],"author":[{"embeddable":true,"href":"https:\/\/news.canadamotorjobs.com\/fr\/wp-json\/wp\/v2\/users\/8"}],"replies":[{"embeddable":true,"href":"https:\/\/news.canadamotorjobs.com\/fr\/wp-json\/wp\/v2\/comments?post=39832"}],"version-history":[{"count":0,"href":"https:\/\/news.canadamotorjobs.com\/fr\/wp-json\/wp\/v2\/posts\/39832\/revisions"}],"wp:featuredmedia":[{"embeddable":true,"href":"https:\/\/news.canadamotorjobs.com\/fr\/wp-json\/wp\/v2\/media\/39836"}],"wp:attachment":[{"href":"https:\/\/news.canadamotorjobs.com\/fr\/wp-json\/wp\/v2\/media?parent=39832"}],"wp:term":[{"taxonomy":"category","embeddable":true,"href":"https:\/\/news.canadamotorjobs.com\/fr\/wp-json\/wp\/v2\/categories?post=39832"},{"taxonomy":"post_tag","embeddable":true,"href":"https:\/\/news.canadamotorjobs.com\/fr\/wp-json\/wp\/v2\/tags?post=39832"}],"curies":[{"name":"wp","href":"https:\/\/api.w.org\/{rel}","templated":true}]}}