{"id":39824,"date":"2022-04-17T09:51:18","date_gmt":"2022-04-17T13:51:18","guid":{"rendered":"https:\/\/blog.canadamotorjobs.com\/quand-aurons-nous-droit-a-des-vehicules-electriques-abordables\/"},"modified":"2022-04-17T09:58:42","modified_gmt":"2022-04-17T13:58:42","slug":"quand-aurons-nous-droit-a-des-vehicules-electriques-abordables","status":"publish","type":"post","link":"https:\/\/news.canadamotorjobs.com\/fr\/quand-aurons-nous-droit-a-des-vehicules-electriques-abordables\/","title":{"rendered":"Quand aurons-nous droit \u00e0 des v\u00e9hicules \u00e9lectriques abordables\u00a0?"},"content":{"rendered":"<\/p>\n<p>Tous les constructeurs automobiles semblent prendre l\u2019avenue du haut de gamme pour les mod\u00e8les \u00e9lectriques privil\u00e9giant au passage un meilleur profit et \u00e9liminant du m\u00eame coup les mod\u00e8les \u00e0 essence qui ne sont plus rentables. Que fait-on des gens qui recherchent un mode transport propre et \u00e9conomique pour se d\u00e9placer\u00a0?<br \/> Une approche \u00e9litiste et dangereuse<br \/> Le prix mondial moyen des batteries en 2020 dans tous les segments des v\u00e9hicules \u00e9lectriques \u00e9tait en moyenne de 130 $ \/ kWh. C\u2019est une baisse de 88 % par rapport au prix de 2010 qui \u00e9tait alors de 1100 $ \/ kWh. Les constructeurs ont profit\u00e9 des derni\u00e8res ann\u00e9es pour densifier les batteries et augmenter l\u2019autonomie. Cela veut dire que vous avez plus d\u2019autonomie expliquant que les prix n\u2019ont pas baiss\u00e9. Toutefois avec une moyenne qui atteint maintenant pr\u00e8s de 400 km dans bien des cas, ne serait-il pas temps de voir \u00e0 offrir des mod\u00e8les plus abordables pour ceux et celles qui d\u00e9sirent simplement un moyen de transport sans souci?<br \/> Un plus pour l\u2019environnement<br \/> Ne perdons pas de vue que le but de tout ce chamboulement dans le monde de l\u2019automobile est de diminuer l\u2019empreinte \u00e9cologique. Si les v\u00e9hicules \u00e9lectriques ne sont accessibles qu\u2019\u00e0 une minorit\u00e9 de privil\u00e9gi\u00e9s, nous allons compl\u00e8tement rater la cible. Prenons un exemple simple comme le groupe Volkswagen qui en 2019 a d\u00e9clar\u00e9 15 milliards de b\u00e9n\u00e9fice en vendant 11 millions de v\u00e9hicules. En 2021, en pleine pand\u00e9mie, la compagnie a fait 20 milliards en vendant 9 millions de<\/p>\n","protected":false},"excerpt":{"rendered":"<p>Tous les constructeurs automobiles semblent prendre l\u2019avenue du haut de gamme pour les mod\u00e8les \u00e9lectriques privil\u00e9giant au passage un meilleur profit et \u00e9liminant du m\u00eame coup les mod\u00e8les \u00e0 essence qui ne sont plus rentables. Que fait-on des gens qui recherchent un mode transport propre et \u00e9conomique pour se d\u00e9placer\u00a0? Une approche \u00e9litiste et dangereuse [&hellip;]<\/p>\n","protected":false},"author":8,"featured_media":39828,"comment_status":"close","ping_status":"closed","sticky":false,"template":"","format":"standard","meta":{"_monsterinsights_skip_tracking":false,"_monsterinsights_sitenote_active":false,"_monsterinsights_sitenote_note":"","_monsterinsights_sitenote_category":0,"footnotes":""},"categories":[101],"tags":[],"yoast_head":"<!-- This site is optimized with the Yoast SEO plugin v23.2 - https:\/\/yoast.com\/wordpress\/plugins\/seo\/ -->\n<title>Quand aurons-nous droit \u00e0 des v\u00e9hicules \u00e9lectriques abordables\u00a0? - CanadaMotorJobs.com<\/title>\n<meta name=\"description\" content=\"Quand aurons-nous droit \u00e0 des v\u00e9hicules \u00e9lectriques abordables\u00a0? - Benoit Charette - Annuel automobile - CanadaMotorJobs.com.\" \/>\n<meta name=\"robots\" content=\"index, follow, max-snippet:-1, max-image-preview:large, max-video-preview:-1\" \/>\n<meta property=\"og:locale\" content=\"fr_CA\" \/>\n<meta property=\"og:type\" content=\"article\" \/>\n<meta property=\"og:title\" content=\"Quand aurons-nous droit \u00e0 des v\u00e9hicules \u00e9lectriques abordables\u00a0? - CanadaMotorJobs.com\" \/>\n<meta property=\"og:description\" content=\"Quand aurons-nous droit \u00e0 des v\u00e9hicules \u00e9lectriques abordables\u00a0? - Benoit Charette - Annuel automobile - CanadaMotorJobs.com.\" \/>\n<meta property=\"og:url\" content=\"https:\/\/news.canadamotorjobs.com\/fr\/quand-aurons-nous-droit-a-des-vehicules-electriques-abordables\/\" \/>\n<meta property=\"og:site_name\" content=\"CanadaMotorJobs.com\" \/>\n<meta property=\"article:publisher\" content=\"https:\/\/www.facebook.com\/canadamotorjobs\/\" \/>\n<meta property=\"article:published_time\" content=\"2022-04-17T13:51:18+00:00\" \/>\n<meta property=\"article:modified_time\" content=\"2022-04-17T13:58:42+00:00\" \/>\n<meta property=\"og:image\" content=\"https:\/\/news.canadamotorjobs.com\/wp-content\/uploads\/2022\/04\/home-dacia-spring-electric-1.jpg\" \/>\n\t<meta property=\"og:image:width\" content=\"1024\" \/>\n\t<meta property=\"og:image:height\" content=\"560\" \/>\n\t<meta property=\"og:image:type\" content=\"image\/jpeg\" \/>\n<meta name=\"author\" content=\"Benoit Charette\" \/>\n<meta name=\"twitter:card\" content=\"summary_large_image\" \/>\n<meta name=\"twitter:creator\" content=\"@canadamotorjobs\" \/>\n<meta name=\"twitter:site\" content=\"@canadamotorjobs\" \/>\n<meta name=\"twitter:label1\" content=\"\u00c9crit par\" \/>\n\t<meta name=\"twitter:data1\" content=\"Benoit Charette\" \/>\n\t<meta name=\"twitter:label2\" content=\"Estimation du temps de lecture\" \/>\n\t<meta name=\"twitter:data2\" content=\"1 minute\" \/>\n<!-- \/ Yoast SEO plugin. -->","yoast_head_json":{"title":"Quand aurons-nous droit \u00e0 des v\u00e9hicules \u00e9lectriques abordables\u00a0? - CanadaMotorJobs.com","description":"Quand aurons-nous droit \u00e0 des v\u00e9hicules \u00e9lectriques abordables\u00a0? - Benoit Charette - Annuel automobile - CanadaMotorJobs.com.","robots":{"index":"index","follow":"follow","max-snippet":"max-snippet:-1","max-image-preview":"max-image-preview:large","max-video-preview":"max-video-preview:-1"},"og_locale":"fr_CA","og_type":"article","og_title":"Quand aurons-nous droit \u00e0 des v\u00e9hicules \u00e9lectriques abordables\u00a0? - CanadaMotorJobs.com","og_description":"Quand aurons-nous droit \u00e0 des v\u00e9hicules \u00e9lectriques abordables\u00a0? - Benoit Charette - Annuel automobile - CanadaMotorJobs.com.","og_url":"https:\/\/news.canadamotorjobs.com\/fr\/quand-aurons-nous-droit-a-des-vehicules-electriques-abordables\/","og_site_name":"CanadaMotorJobs.com","article_publisher":"https:\/\/www.facebook.com\/canadamotorjobs\/","article_published_time":"2022-04-17T13:51:18+00:00","article_modified_time":"2022-04-17T13:58:42+00:00","og_image":[{"width":1024,"height":560,"url":"https:\/\/news.canadamotorjobs.com\/wp-content\/uploads\/2022\/04\/home-dacia-spring-electric-1.jpg","type":"image\/jpeg"}],"author":"Benoit Charette","twitter_card":"summary_large_image","twitter_creator":"@canadamotorjobs","twitter_site":"@canadamotorjobs","twitter_misc":{"\u00c9crit par":"Benoit Charette","Estimation du temps de lecture":"1 minute"},"schema":{"@context":"https:\/\/schema.org","@graph":[{"@type":"Article","@id":"https:\/\/news.canadamotorjobs.com\/fr\/quand-aurons-nous-droit-a-des-vehicules-electriques-abordables\/#article","isPartOf":{"@id":"https:\/\/news.canadamotorjobs.com\/fr\/quand-aurons-nous-droit-a-des-vehicules-electriques-abordables\/"},"author":{"name":"Benoit Charette","@id":"https:\/\/news.canadamotorjobs.com\/#\/schema\/person\/51793d1f87d44011d7bcc2ed99269a90"},"headline":"Quand aurons-nous droit \u00e0 des v\u00e9hicules \u00e9lectriques abordables\u00a0?","datePublished":"2022-04-17T13:51:18+00:00","dateModified":"2022-04-17T13:58:42+00:00","mainEntityOfPage":{"@id":"https:\/\/news.canadamotorjobs.com\/fr\/quand-aurons-nous-droit-a-des-vehicules-electriques-abordables\/"},"wordCount":267,"publisher":{"@id":"https:\/\/news.canadamotorjobs.com\/#organization"},"image":{"@id":"https:\/\/news.canadamotorjobs.com\/fr\/quand-aurons-nous-droit-a-des-vehicules-electriques-abordables\/#primaryimage"},"thumbnailUrl":"https:\/\/news.canadamotorjobs.com\/wp-content\/uploads\/2022\/04\/home-dacia-spring-electric-1.jpg","articleSection":["Annuel automobile"],"inLanguage":"fr-CA"},{"@type":"WebPage","@id":"https:\/\/news.canadamotorjobs.com\/fr\/quand-aurons-nous-droit-a-des-vehicules-electriques-abordables\/","url":"https:\/\/news.canadamotorjobs.com\/fr\/quand-aurons-nous-droit-a-des-vehicules-electriques-abordables\/","name":"Quand aurons-nous droit \u00e0 des v\u00e9hicules \u00e9lectriques abordables\u00a0? - CanadaMotorJobs.com","isPartOf":{"@id":"https:\/\/news.canadamotorjobs.com\/#website"},"primaryImageOfPage":{"@id":"https:\/\/news.canadamotorjobs.com\/fr\/quand-aurons-nous-droit-a-des-vehicules-electriques-abordables\/#primaryimage"},"image":{"@id":"https:\/\/news.canadamotorjobs.com\/fr\/quand-aurons-nous-droit-a-des-vehicules-electriques-abordables\/#primaryimage"},"thumbnailUrl":"https:\/\/news.canadamotorjobs.com\/wp-content\/uploads\/2022\/04\/home-dacia-spring-electric-1.jpg","datePublished":"2022-04-17T13:51:18+00:00","dateModified":"2022-04-17T13:58:42+00:00","description":"Quand aurons-nous droit \u00e0 des v\u00e9hicules \u00e9lectriques abordables\u00a0? - Benoit Charette - Annuel automobile - CanadaMotorJobs.com.","breadcrumb":{"@id":"https:\/\/news.canadamotorjobs.com\/fr\/quand-aurons-nous-droit-a-des-vehicules-electriques-abordables\/#breadcrumb"},"inLanguage":"fr-CA","potentialAction":[{"@type":"ReadAction","target":["https:\/\/news.canadamotorjobs.com\/fr\/quand-aurons-nous-droit-a-des-vehicules-electriques-abordables\/"]}]},{"@type":"ImageObject","inLanguage":"fr-CA","@id":"https:\/\/news.canadamotorjobs.com\/fr\/quand-aurons-nous-droit-a-des-vehicules-electriques-abordables\/#primaryimage","url":"https:\/\/news.canadamotorjobs.com\/wp-content\/uploads\/2022\/04\/home-dacia-spring-electric-1.jpg","contentUrl":"https:\/\/news.canadamotorjobs.com\/wp-content\/uploads\/2022\/04\/home-dacia-spring-electric-1.jpg","width":1024,"height":560},{"@type":"BreadcrumbList","@id":"https:\/\/news.canadamotorjobs.com\/fr\/quand-aurons-nous-droit-a-des-vehicules-electriques-abordables\/#breadcrumb","itemListElement":[{"@type":"ListItem","position":1,"name":"Home","item":"https:\/\/news.canadamotorjobs.com\/fr\/blog\/"},{"@type":"ListItem","position":2,"name":"Quand aurons-nous droit \u00e0 des v\u00e9hicules \u00e9lectriques abordables\u00a0?"}]},{"@type":"WebSite","@id":"https:\/\/news.canadamotorjobs.com\/#website","url":"https:\/\/news.canadamotorjobs.com\/","name":"CanadaMotorJobs.com","description":"Automotive Jobs","publisher":{"@id":"https:\/\/news.canadamotorjobs.com\/#organization"},"potentialAction":[{"@type":"SearchAction","target":{"@type":"EntryPoint","urlTemplate":"https:\/\/news.canadamotorjobs.com\/?s={search_term_string}"},"query-input":"required name=search_term_string"}],"inLanguage":"fr-CA"},{"@type":"Organization","@id":"https:\/\/news.canadamotorjobs.com\/#organization","name":"Canada Motor Jobs","url":"https:\/\/news.canadamotorjobs.com\/","logo":{"@type":"ImageObject","inLanguage":"fr-CA","@id":"https:\/\/news.canadamotorjobs.com\/#\/schema\/logo\/image\/","url":"https:\/\/news.canadamotorjobs.com\/wp-content\/uploads\/2022\/10\/logo-canada-motor-jobs-1.png","contentUrl":"https:\/\/news.canadamotorjobs.com\/wp-content\/uploads\/2022\/10\/logo-canada-motor-jobs-1.png","width":800,"height":400,"caption":"Canada Motor Jobs"},"image":{"@id":"https:\/\/news.canadamotorjobs.com\/#\/schema\/logo\/image\/"},"sameAs":["https:\/\/www.facebook.com\/canadamotorjobs\/","https:\/\/x.com\/canadamotorjobs","https:\/\/www.instagram.com\/canadamotorjobs\/","https:\/\/www.linkedin.com\/company\/canadamotorjobs"]},{"@type":"Person","@id":"https:\/\/news.canadamotorjobs.com\/#\/schema\/person\/51793d1f87d44011d7bcc2ed99269a90","name":"Benoit Charette","image":{"@type":"ImageObject","inLanguage":"fr-CA","@id":"https:\/\/news.canadamotorjobs.com\/#\/schema\/person\/image\/","url":"https:\/\/secure.gravatar.com\/avatar\/45f3d2eebcccd909668d7ce7ea7267b6?s=96&d=mm&r=g","contentUrl":"https:\/\/secure.gravatar.com\/avatar\/45f3d2eebcccd909668d7ce7ea7267b6?s=96&d=mm&r=g","caption":"Benoit Charette"},"description":"Benoit Charette \/ Propri\u00e9taire et r\u00e9dacteur en chef Benoit Charette pratique le journalisme automobile depuis bient\u00f4t 30 ans. Il a fait ses classes au c\u00f4t\u00e9 de Daniel H\u00e9raud et au Carnet de route de 1992 \u00e0 2001. Il est fondateur, copropri\u00e9taire et r\u00e9dacteur en chef de L\u2019Annuel de l\u2019automobile, qu\u2019il publie depuis 2001. Il a anim\u00e9 les \u00e9missions RPM et RPM+ sur V et les L\u00e9gendes de la route sur Historia. \u00c0 la radio depuis 1986, il reprend l\u2019antenne cette ann\u00e9e sur les ondes de Cogeco et participe pour la deuxi\u00e8me ann\u00e9e \u00e0 l\u2019\u00e9mission Passion Auto sur RDS en plus de mettre en ligne le site Web officiel de L\u2019Annuel de l\u2019automobile sur annuelauto.ca.","sameAs":["https:\/\/annuelauto.ca\/"],"url":"https:\/\/news.canadamotorjobs.com\/fr\/author\/benoit-charette\/"}]}},"_links":{"self":[{"href":"https:\/\/news.canadamotorjobs.com\/fr\/wp-json\/wp\/v2\/posts\/39824"}],"collection":[{"href":"https:\/\/news.canadamotorjobs.com\/fr\/wp-json\/wp\/v2\/posts"}],"about":[{"href":"https:\/\/news.canadamotorjobs.com\/fr\/wp-json\/wp\/v2\/types\/post"}],"author":[{"embeddable":true,"href":"https:\/\/news.canadamotorjobs.com\/fr\/wp-json\/wp\/v2\/users\/8"}],"replies":[{"embeddable":true,"href":"https:\/\/news.canadamotorjobs.com\/fr\/wp-json\/wp\/v2\/comments?post=39824"}],"version-history":[{"count":0,"href":"https:\/\/news.canadamotorjobs.com\/fr\/wp-json\/wp\/v2\/posts\/39824\/revisions"}],"wp:featuredmedia":[{"embeddable":true,"href":"https:\/\/news.canadamotorjobs.com\/fr\/wp-json\/wp\/v2\/media\/39828"}],"wp:attachment":[{"href":"https:\/\/news.canadamotorjobs.com\/fr\/wp-json\/wp\/v2\/media?parent=39824"}],"wp:term":[{"taxonomy":"category","embeddable":true,"href":"https:\/\/news.canadamotorjobs.com\/fr\/wp-json\/wp\/v2\/categories?post=39824"},{"taxonomy":"post_tag","embeddable":true,"href":"https:\/\/news.canadamotorjobs.com\/fr\/wp-json\/wp\/v2\/tags?post=39824"}],"curies":[{"name":"wp","href":"https:\/\/api.w.org\/{rel}","templated":true}]}}