{"id":39784,"date":"2022-04-15T08:17:22","date_gmt":"2022-04-15T12:17:22","guid":{"rendered":"https:\/\/blog.canadamotorjobs.com\/nouveau-prototype-pour-genesis-genesis-x-speedium-coupe\/"},"modified":"2022-04-15T08:30:16","modified_gmt":"2022-04-15T12:30:16","slug":"nouveau-prototype-pour-genesis-genesis-x-speedium-coupe","status":"publish","type":"post","link":"https:\/\/news.canadamotorjobs.com\/fr\/nouveau-prototype-pour-genesis-genesis-x-speedium-coupe\/","title":{"rendered":"Nouveau prototype pour Genesis\u00a0: Genesis X Speedium Coupe"},"content":{"rendered":"<\/p>\n<p><strong>Genesis a pr\u00e9sent\u00e9 au Salon de l\u2019auto de New York le Genesis X Speedium Coupe. Ce mod\u00e8le repr\u00e9sente l\u2019avenir de la compagnie en termes de design de ses v\u00e9hicules \u00e9lectriques.<\/strong><\/p>\n<p> Pour \u00e9tablir sa marque dans le domaine des v\u00e9hicules \u00e9lectriques de luxe, Genesis a fait confiance \u00e0 Luc Donckerwolke (autrefois chez Lamborghini), directeur de la cr\u00e9ation chez Genesis et personnalit\u00e9 automobile mondiale de l\u2019ann\u00e9e 2022, pour diriger le projet. La voiture emprunte un design intemporel, surnomm\u00e9\u00a0\u00e9l\u00e9gance athl\u00e9tique.<\/p>\n<p> Pour ce prototype, Genesis se dirige vers un design minimaliste. Le Genesis X Speedium Coupe pr\u00e9sente une finition sobre, des lignes \u00e9pur\u00e9es et des courbes subtiles.<br \/> <strong>Un nom \u00e9vocateur<\/strong><br \/> Le nom Speedium est inspir\u00e9 de la piste de course de la ville d&#8217;Inje en Cor\u00e9e, en pr\u00e9sentant un attrait pour le sport automobile. De plus, ce titre t\u00e9moigne \u00e9galement de la conviction de Genesis que la valeur \u00e9motionnelle de la conduite demeurera tr\u00e8s forte \u00e0 l&#8217;\u00e8re de l&#8217;\u00e9lectrification. L&#8217;ajout du descriptif coupe souligne le plaisir de conduire un v\u00e9hicule au design esth\u00e9tique.<br \/> <strong>En d\u00e9tails<\/strong><br \/> \u00c0 l&#8217;avant du v\u00e9hicule, les phares superpos\u00e9s ont \u00e9volu\u00e9 devenant des \u00e9l\u00e9ments pleine largeur, accentuant la forme de la grille. Ils ont \u00e9t\u00e9 con\u00e7us pour suivre l&#8217;\u00e8re de l&#8217;\u00e9lectrification en int\u00e9grant les feux de jour, de croisement et de route dans un m\u00eame ensemble. Le v\u00e9hicule affiche un visage \u00e9lectrique symbolisant la transformation de Genesis en une marque de voitures enti\u00e8rement \u00e9lectriques avec une gamme de six mod\u00e8les d&#8217;ici 2030.<\/p>\n<p> La vue en plong\u00e9e r\u00e9v\u00e8le une<\/p>\n","protected":false},"excerpt":{"rendered":"<p>Genesis a pr\u00e9sent\u00e9 au Salon de l\u2019auto de New York le Genesis X Speedium Coupe. Ce mod\u00e8le repr\u00e9sente l\u2019avenir de la compagnie en termes de design de ses v\u00e9hicules \u00e9lectriques. Pour \u00e9tablir sa marque dans le domaine des v\u00e9hicules \u00e9lectriques de luxe, Genesis a fait confiance \u00e0 Luc Donckerwolke (autrefois chez Lamborghini), directeur de la [&hellip;]<\/p>\n","protected":false},"author":8,"featured_media":39788,"comment_status":"close","ping_status":"closed","sticky":false,"template":"","format":"standard","meta":{"_monsterinsights_skip_tracking":false,"_monsterinsights_sitenote_active":false,"_monsterinsights_sitenote_note":"","_monsterinsights_sitenote_category":0,"footnotes":""},"categories":[101],"tags":[],"yoast_head":"<!-- This site is optimized with the Yoast SEO plugin v23.2 - https:\/\/yoast.com\/wordpress\/plugins\/seo\/ -->\n<title>Nouveau prototype pour Genesis\u00a0: Genesis X Speedium Coupe - CanadaMotorJobs.com<\/title>\n<meta name=\"description\" content=\"Nouveau prototype pour Genesis\u00a0: Genesis X Speedium Coupe - Benoit Charette - Annuel automobile - CanadaMotorJobs.com.\" \/>\n<meta name=\"robots\" content=\"index, follow, max-snippet:-1, max-image-preview:large, max-video-preview:-1\" \/>\n<meta property=\"og:locale\" content=\"fr_CA\" \/>\n<meta property=\"og:type\" content=\"article\" \/>\n<meta property=\"og:title\" content=\"Nouveau prototype pour Genesis\u00a0: Genesis X Speedium Coupe - CanadaMotorJobs.com\" \/>\n<meta property=\"og:description\" content=\"Nouveau prototype pour Genesis\u00a0: Genesis X Speedium Coupe - Benoit Charette - Annuel automobile - CanadaMotorJobs.com.\" \/>\n<meta property=\"og:url\" content=\"https:\/\/news.canadamotorjobs.com\/fr\/nouveau-prototype-pour-genesis-genesis-x-speedium-coupe\/\" \/>\n<meta property=\"og:site_name\" content=\"CanadaMotorJobs.com\" \/>\n<meta property=\"article:publisher\" content=\"https:\/\/www.facebook.com\/canadamotorjobs\/\" \/>\n<meta property=\"article:published_time\" content=\"2022-04-15T12:17:22+00:00\" \/>\n<meta property=\"article:modified_time\" content=\"2022-04-15T12:30:16+00:00\" \/>\n<meta property=\"og:image\" content=\"https:\/\/news.canadamotorjobs.com\/wp-content\/uploads\/2022\/04\/613388-1.jpg\" \/>\n\t<meta property=\"og:image:width\" content=\"2211\" \/>\n\t<meta property=\"og:image:height\" content=\"1000\" \/>\n\t<meta property=\"og:image:type\" content=\"image\/jpeg\" \/>\n<meta name=\"author\" content=\"Benoit Charette\" \/>\n<meta name=\"twitter:card\" content=\"summary_large_image\" \/>\n<meta name=\"twitter:creator\" content=\"@canadamotorjobs\" \/>\n<meta name=\"twitter:site\" content=\"@canadamotorjobs\" \/>\n<meta name=\"twitter:label1\" content=\"\u00c9crit par\" \/>\n\t<meta name=\"twitter:data1\" content=\"Benoit Charette\" \/>\n\t<meta name=\"twitter:label2\" content=\"Estimation du temps de lecture\" \/>\n\t<meta name=\"twitter:data2\" content=\"1 minute\" \/>\n<!-- \/ Yoast SEO plugin. -->","yoast_head_json":{"title":"Nouveau prototype pour Genesis\u00a0: Genesis X Speedium Coupe - CanadaMotorJobs.com","description":"Nouveau prototype pour Genesis\u00a0: Genesis X Speedium Coupe - Benoit Charette - Annuel automobile - CanadaMotorJobs.com.","robots":{"index":"index","follow":"follow","max-snippet":"max-snippet:-1","max-image-preview":"max-image-preview:large","max-video-preview":"max-video-preview:-1"},"og_locale":"fr_CA","og_type":"article","og_title":"Nouveau prototype pour Genesis\u00a0: Genesis X Speedium Coupe - CanadaMotorJobs.com","og_description":"Nouveau prototype pour Genesis\u00a0: Genesis X Speedium Coupe - Benoit Charette - Annuel automobile - CanadaMotorJobs.com.","og_url":"https:\/\/news.canadamotorjobs.com\/fr\/nouveau-prototype-pour-genesis-genesis-x-speedium-coupe\/","og_site_name":"CanadaMotorJobs.com","article_publisher":"https:\/\/www.facebook.com\/canadamotorjobs\/","article_published_time":"2022-04-15T12:17:22+00:00","article_modified_time":"2022-04-15T12:30:16+00:00","og_image":[{"width":2211,"height":1000,"url":"https:\/\/news.canadamotorjobs.com\/wp-content\/uploads\/2022\/04\/613388-1.jpg","type":"image\/jpeg"}],"author":"Benoit Charette","twitter_card":"summary_large_image","twitter_creator":"@canadamotorjobs","twitter_site":"@canadamotorjobs","twitter_misc":{"\u00c9crit par":"Benoit Charette","Estimation du temps de lecture":"1 minute"},"schema":{"@context":"https:\/\/schema.org","@graph":[{"@type":"Article","@id":"https:\/\/news.canadamotorjobs.com\/fr\/nouveau-prototype-pour-genesis-genesis-x-speedium-coupe\/#article","isPartOf":{"@id":"https:\/\/news.canadamotorjobs.com\/fr\/nouveau-prototype-pour-genesis-genesis-x-speedium-coupe\/"},"author":{"name":"Benoit Charette","@id":"https:\/\/news.canadamotorjobs.com\/#\/schema\/person\/51793d1f87d44011d7bcc2ed99269a90"},"headline":"Nouveau prototype pour Genesis\u00a0: Genesis X Speedium Coupe","datePublished":"2022-04-15T12:17:22+00:00","dateModified":"2022-04-15T12:30:16+00:00","mainEntityOfPage":{"@id":"https:\/\/news.canadamotorjobs.com\/fr\/nouveau-prototype-pour-genesis-genesis-x-speedium-coupe\/"},"wordCount":292,"publisher":{"@id":"https:\/\/news.canadamotorjobs.com\/#organization"},"image":{"@id":"https:\/\/news.canadamotorjobs.com\/fr\/nouveau-prototype-pour-genesis-genesis-x-speedium-coupe\/#primaryimage"},"thumbnailUrl":"https:\/\/news.canadamotorjobs.com\/wp-content\/uploads\/2022\/04\/613388-1.jpg","articleSection":["Annuel automobile"],"inLanguage":"fr-CA"},{"@type":"WebPage","@id":"https:\/\/news.canadamotorjobs.com\/fr\/nouveau-prototype-pour-genesis-genesis-x-speedium-coupe\/","url":"https:\/\/news.canadamotorjobs.com\/fr\/nouveau-prototype-pour-genesis-genesis-x-speedium-coupe\/","name":"Nouveau prototype pour Genesis\u00a0: Genesis X Speedium Coupe - CanadaMotorJobs.com","isPartOf":{"@id":"https:\/\/news.canadamotorjobs.com\/#website"},"primaryImageOfPage":{"@id":"https:\/\/news.canadamotorjobs.com\/fr\/nouveau-prototype-pour-genesis-genesis-x-speedium-coupe\/#primaryimage"},"image":{"@id":"https:\/\/news.canadamotorjobs.com\/fr\/nouveau-prototype-pour-genesis-genesis-x-speedium-coupe\/#primaryimage"},"thumbnailUrl":"https:\/\/news.canadamotorjobs.com\/wp-content\/uploads\/2022\/04\/613388-1.jpg","datePublished":"2022-04-15T12:17:22+00:00","dateModified":"2022-04-15T12:30:16+00:00","description":"Nouveau prototype pour Genesis\u00a0: Genesis X Speedium Coupe - Benoit Charette - Annuel automobile - CanadaMotorJobs.com.","breadcrumb":{"@id":"https:\/\/news.canadamotorjobs.com\/fr\/nouveau-prototype-pour-genesis-genesis-x-speedium-coupe\/#breadcrumb"},"inLanguage":"fr-CA","potentialAction":[{"@type":"ReadAction","target":["https:\/\/news.canadamotorjobs.com\/fr\/nouveau-prototype-pour-genesis-genesis-x-speedium-coupe\/"]}]},{"@type":"ImageObject","inLanguage":"fr-CA","@id":"https:\/\/news.canadamotorjobs.com\/fr\/nouveau-prototype-pour-genesis-genesis-x-speedium-coupe\/#primaryimage","url":"https:\/\/news.canadamotorjobs.com\/wp-content\/uploads\/2022\/04\/613388-1.jpg","contentUrl":"https:\/\/news.canadamotorjobs.com\/wp-content\/uploads\/2022\/04\/613388-1.jpg","width":2211,"height":1000},{"@type":"BreadcrumbList","@id":"https:\/\/news.canadamotorjobs.com\/fr\/nouveau-prototype-pour-genesis-genesis-x-speedium-coupe\/#breadcrumb","itemListElement":[{"@type":"ListItem","position":1,"name":"Home","item":"https:\/\/news.canadamotorjobs.com\/fr\/blog\/"},{"@type":"ListItem","position":2,"name":"Nouveau prototype pour Genesis\u00a0: Genesis X Speedium Coupe"}]},{"@type":"WebSite","@id":"https:\/\/news.canadamotorjobs.com\/#website","url":"https:\/\/news.canadamotorjobs.com\/","name":"CanadaMotorJobs.com","description":"Automotive Jobs","publisher":{"@id":"https:\/\/news.canadamotorjobs.com\/#organization"},"potentialAction":[{"@type":"SearchAction","target":{"@type":"EntryPoint","urlTemplate":"https:\/\/news.canadamotorjobs.com\/?s={search_term_string}"},"query-input":"required name=search_term_string"}],"inLanguage":"fr-CA"},{"@type":"Organization","@id":"https:\/\/news.canadamotorjobs.com\/#organization","name":"Canada Motor Jobs","url":"https:\/\/news.canadamotorjobs.com\/","logo":{"@type":"ImageObject","inLanguage":"fr-CA","@id":"https:\/\/news.canadamotorjobs.com\/#\/schema\/logo\/image\/","url":"https:\/\/news.canadamotorjobs.com\/wp-content\/uploads\/2022\/10\/logo-canada-motor-jobs-1.png","contentUrl":"https:\/\/news.canadamotorjobs.com\/wp-content\/uploads\/2022\/10\/logo-canada-motor-jobs-1.png","width":800,"height":400,"caption":"Canada Motor Jobs"},"image":{"@id":"https:\/\/news.canadamotorjobs.com\/#\/schema\/logo\/image\/"},"sameAs":["https:\/\/www.facebook.com\/canadamotorjobs\/","https:\/\/x.com\/canadamotorjobs","https:\/\/www.instagram.com\/canadamotorjobs\/","https:\/\/www.linkedin.com\/company\/canadamotorjobs"]},{"@type":"Person","@id":"https:\/\/news.canadamotorjobs.com\/#\/schema\/person\/51793d1f87d44011d7bcc2ed99269a90","name":"Benoit Charette","image":{"@type":"ImageObject","inLanguage":"fr-CA","@id":"https:\/\/news.canadamotorjobs.com\/#\/schema\/person\/image\/","url":"https:\/\/secure.gravatar.com\/avatar\/45f3d2eebcccd909668d7ce7ea7267b6?s=96&d=mm&r=g","contentUrl":"https:\/\/secure.gravatar.com\/avatar\/45f3d2eebcccd909668d7ce7ea7267b6?s=96&d=mm&r=g","caption":"Benoit Charette"},"description":"Benoit Charette \/ Propri\u00e9taire et r\u00e9dacteur en chef Benoit Charette pratique le journalisme automobile depuis bient\u00f4t 30 ans. Il a fait ses classes au c\u00f4t\u00e9 de Daniel H\u00e9raud et au Carnet de route de 1992 \u00e0 2001. Il est fondateur, copropri\u00e9taire et r\u00e9dacteur en chef de L\u2019Annuel de l\u2019automobile, qu\u2019il publie depuis 2001. Il a anim\u00e9 les \u00e9missions RPM et RPM+ sur V et les L\u00e9gendes de la route sur Historia. \u00c0 la radio depuis 1986, il reprend l\u2019antenne cette ann\u00e9e sur les ondes de Cogeco et participe pour la deuxi\u00e8me ann\u00e9e \u00e0 l\u2019\u00e9mission Passion Auto sur RDS en plus de mettre en ligne le site Web officiel de L\u2019Annuel de l\u2019automobile sur annuelauto.ca.","sameAs":["https:\/\/annuelauto.ca\/"],"url":"https:\/\/news.canadamotorjobs.com\/fr\/author\/benoit-charette\/"}]}},"_links":{"self":[{"href":"https:\/\/news.canadamotorjobs.com\/fr\/wp-json\/wp\/v2\/posts\/39784"}],"collection":[{"href":"https:\/\/news.canadamotorjobs.com\/fr\/wp-json\/wp\/v2\/posts"}],"about":[{"href":"https:\/\/news.canadamotorjobs.com\/fr\/wp-json\/wp\/v2\/types\/post"}],"author":[{"embeddable":true,"href":"https:\/\/news.canadamotorjobs.com\/fr\/wp-json\/wp\/v2\/users\/8"}],"replies":[{"embeddable":true,"href":"https:\/\/news.canadamotorjobs.com\/fr\/wp-json\/wp\/v2\/comments?post=39784"}],"version-history":[{"count":0,"href":"https:\/\/news.canadamotorjobs.com\/fr\/wp-json\/wp\/v2\/posts\/39784\/revisions"}],"wp:featuredmedia":[{"embeddable":true,"href":"https:\/\/news.canadamotorjobs.com\/fr\/wp-json\/wp\/v2\/media\/39788"}],"wp:attachment":[{"href":"https:\/\/news.canadamotorjobs.com\/fr\/wp-json\/wp\/v2\/media?parent=39784"}],"wp:term":[{"taxonomy":"category","embeddable":true,"href":"https:\/\/news.canadamotorjobs.com\/fr\/wp-json\/wp\/v2\/categories?post=39784"},{"taxonomy":"post_tag","embeddable":true,"href":"https:\/\/news.canadamotorjobs.com\/fr\/wp-json\/wp\/v2\/tags?post=39784"}],"curies":[{"name":"wp","href":"https:\/\/api.w.org\/{rel}","templated":true}]}}