{"id":39740,"date":"2022-04-13T12:17:35","date_gmt":"2022-04-13T16:17:35","guid":{"rendered":"https:\/\/blog.canadamotorjobs.com\/chrysler-mise-gros-dans-son-nouveau-concept-electrique-airflow\/"},"modified":"2022-04-13T12:30:10","modified_gmt":"2022-04-13T16:30:10","slug":"chrysler-mise-gros-dans-son-nouveau-concept-electrique-airflow","status":"publish","type":"post","link":"https:\/\/news.canadamotorjobs.com\/fr\/chrysler-mise-gros-dans-son-nouveau-concept-electrique-airflow\/","title":{"rendered":"Chrysler mise gros dans son nouveau concept \u00e9lectrique Airflow"},"content":{"rendered":"<\/p>\n<p><strong>Chrysler souhaite \u00e9tablir sa marque dans le milieu des voitures \u00e9lectriques en d\u00e9voilant un tout nouveau concept pour ses v\u00e9hicules, le Airflow Graphite, qui sera pr\u00e9sent\u00e9 au Salon de l\u2019auto international de New York.<\/strong><\/p>\n<p> Cette arriv\u00e9e d\u00e9montre un nouveau design contemporain et avant-gardiste de Chrysler. Cette nouveaut\u00e9 combin\u00e9e \u00e0 un int\u00e9rieur spacieux, un toit en verre panoramique et des roues de 22 pouces qui vont mettre l&#8217;accent sur le raffinement.<\/p>\n<p> De plus, l\u2019habitacle du Airflow permet de cr\u00e9er un environnement num\u00e9rique unique. Le tout est synchronis\u00e9 pour cr\u00e9er une exp\u00e9rience personnalis\u00e9e pour chaque passager.<\/p>\n<p> Le concept est dot\u00e9 d&#8217;une capacit\u00e9 de traction int\u00e9grale et est propuls\u00e9 par deux moteurs \u00e9lectriques de 150 kW, un \u00e0 l&#8217;avant et un \u00e0 l&#8217;arri\u00e8re.\u00a0 Ceux-ci ont \u00e9t\u00e9 con\u00e7us pour procurer une plus grande capacit\u00e9, offrant le potentiel pour de futures applications hautes performances. L\u2019emplacement des moteurs maximisent l&#8217;espace int\u00e9rieur, permettant la grande taille des roues et une emprise compl\u00e8te du Airflow.<\/p>\n<p> La conduite \u00e9lectrique silencieuse soutient l&#8217;esth\u00e9tique du design. Aussi, \u00e0 l&#8217;avant, le concept annonce directement son tournant \u00e9lectrique avec le logo Chrysler pos\u00e9 sur une lame lumineuse de calandre transversale \u00e9clair\u00e9e par un \u00e9clairage DEL en cristal. Un feu arri\u00e8re \u00e0 DEL en cristal s&#8217;\u00e9tend sur toute la largeur du v\u00e9hicule, accentuant la prestance de la voiture. Airflow comprend un \u00e9clairage d&#8217;accueil et de d\u00e9part anim\u00e9, y compris un signe unique qui signifie que le v\u00e9hicule est en charge. La forme du diffuseur met en valeur l\u2019a\u00e9rodynamisme pour obtenir<\/p>\n","protected":false},"excerpt":{"rendered":"<p>Chrysler souhaite \u00e9tablir sa marque dans le milieu des voitures \u00e9lectriques en d\u00e9voilant un tout nouveau concept pour ses v\u00e9hicules, le Airflow Graphite, qui sera pr\u00e9sent\u00e9 au Salon de l\u2019auto international de New York. Cette arriv\u00e9e d\u00e9montre un nouveau design contemporain et avant-gardiste de Chrysler. Cette nouveaut\u00e9 combin\u00e9e \u00e0 un int\u00e9rieur spacieux, un toit en [&hellip;]<\/p>\n","protected":false},"author":8,"featured_media":39744,"comment_status":"close","ping_status":"closed","sticky":false,"template":"","format":"standard","meta":{"_monsterinsights_skip_tracking":false,"_monsterinsights_sitenote_active":false,"_monsterinsights_sitenote_note":"","_monsterinsights_sitenote_category":0,"footnotes":""},"categories":[101],"tags":[],"yoast_head":"<!-- This site is optimized with the Yoast SEO plugin v23.2 - https:\/\/yoast.com\/wordpress\/plugins\/seo\/ -->\n<title>Chrysler mise gros dans son nouveau concept \u00e9lectrique Airflow - CanadaMotorJobs.com<\/title>\n<meta name=\"description\" content=\"Chrysler mise gros dans son nouveau concept \u00e9lectrique Airflow - Benoit Charette - Annuel automobile - CanadaMotorJobs.com.\" \/>\n<meta name=\"robots\" content=\"index, follow, max-snippet:-1, max-image-preview:large, max-video-preview:-1\" \/>\n<meta property=\"og:locale\" content=\"fr_CA\" \/>\n<meta property=\"og:type\" content=\"article\" \/>\n<meta property=\"og:title\" content=\"Chrysler mise gros dans son nouveau concept \u00e9lectrique Airflow - CanadaMotorJobs.com\" \/>\n<meta property=\"og:description\" content=\"Chrysler mise gros dans son nouveau concept \u00e9lectrique Airflow - Benoit Charette - Annuel automobile - CanadaMotorJobs.com.\" \/>\n<meta property=\"og:url\" content=\"https:\/\/news.canadamotorjobs.com\/fr\/chrysler-mise-gros-dans-son-nouveau-concept-electrique-airflow\/\" \/>\n<meta property=\"og:site_name\" content=\"CanadaMotorJobs.com\" \/>\n<meta property=\"article:publisher\" content=\"https:\/\/www.facebook.com\/canadamotorjobs\/\" \/>\n<meta property=\"article:published_time\" content=\"2022-04-13T16:17:35+00:00\" \/>\n<meta property=\"article:modified_time\" content=\"2022-04-13T16:30:10+00:00\" \/>\n<meta property=\"og:image\" content=\"https:\/\/news.canadamotorjobs.com\/wp-content\/uploads\/2022\/04\/CN022_002CH7tr6e2ue8v9ipi90c7to6mlh9a-1.jpg\" \/>\n\t<meta property=\"og:image:width\" content=\"1942\" \/>\n\t<meta property=\"og:image:height\" content=\"1000\" \/>\n\t<meta property=\"og:image:type\" content=\"image\/jpeg\" \/>\n<meta name=\"author\" content=\"Benoit Charette\" \/>\n<meta name=\"twitter:card\" content=\"summary_large_image\" \/>\n<meta name=\"twitter:creator\" content=\"@canadamotorjobs\" \/>\n<meta name=\"twitter:site\" content=\"@canadamotorjobs\" \/>\n<meta name=\"twitter:label1\" content=\"\u00c9crit par\" \/>\n\t<meta name=\"twitter:data1\" content=\"Benoit Charette\" \/>\n\t<meta name=\"twitter:label2\" content=\"Estimation du temps de lecture\" \/>\n\t<meta name=\"twitter:data2\" content=\"1 minute\" \/>\n<!-- \/ Yoast SEO plugin. -->","yoast_head_json":{"title":"Chrysler mise gros dans son nouveau concept \u00e9lectrique Airflow - CanadaMotorJobs.com","description":"Chrysler mise gros dans son nouveau concept \u00e9lectrique Airflow - Benoit Charette - Annuel automobile - CanadaMotorJobs.com.","robots":{"index":"index","follow":"follow","max-snippet":"max-snippet:-1","max-image-preview":"max-image-preview:large","max-video-preview":"max-video-preview:-1"},"og_locale":"fr_CA","og_type":"article","og_title":"Chrysler mise gros dans son nouveau concept \u00e9lectrique Airflow - CanadaMotorJobs.com","og_description":"Chrysler mise gros dans son nouveau concept \u00e9lectrique Airflow - Benoit Charette - Annuel automobile - CanadaMotorJobs.com.","og_url":"https:\/\/news.canadamotorjobs.com\/fr\/chrysler-mise-gros-dans-son-nouveau-concept-electrique-airflow\/","og_site_name":"CanadaMotorJobs.com","article_publisher":"https:\/\/www.facebook.com\/canadamotorjobs\/","article_published_time":"2022-04-13T16:17:35+00:00","article_modified_time":"2022-04-13T16:30:10+00:00","og_image":[{"width":1942,"height":1000,"url":"https:\/\/news.canadamotorjobs.com\/wp-content\/uploads\/2022\/04\/CN022_002CH7tr6e2ue8v9ipi90c7to6mlh9a-1.jpg","type":"image\/jpeg"}],"author":"Benoit Charette","twitter_card":"summary_large_image","twitter_creator":"@canadamotorjobs","twitter_site":"@canadamotorjobs","twitter_misc":{"\u00c9crit par":"Benoit Charette","Estimation du temps de lecture":"1 minute"},"schema":{"@context":"https:\/\/schema.org","@graph":[{"@type":"Article","@id":"https:\/\/news.canadamotorjobs.com\/fr\/chrysler-mise-gros-dans-son-nouveau-concept-electrique-airflow\/#article","isPartOf":{"@id":"https:\/\/news.canadamotorjobs.com\/fr\/chrysler-mise-gros-dans-son-nouveau-concept-electrique-airflow\/"},"author":{"name":"Benoit Charette","@id":"https:\/\/news.canadamotorjobs.com\/#\/schema\/person\/51793d1f87d44011d7bcc2ed99269a90"},"headline":"Chrysler mise gros dans son nouveau concept \u00e9lectrique Airflow","datePublished":"2022-04-13T16:17:35+00:00","dateModified":"2022-04-13T16:30:10+00:00","mainEntityOfPage":{"@id":"https:\/\/news.canadamotorjobs.com\/fr\/chrysler-mise-gros-dans-son-nouveau-concept-electrique-airflow\/"},"wordCount":285,"publisher":{"@id":"https:\/\/news.canadamotorjobs.com\/#organization"},"image":{"@id":"https:\/\/news.canadamotorjobs.com\/fr\/chrysler-mise-gros-dans-son-nouveau-concept-electrique-airflow\/#primaryimage"},"thumbnailUrl":"https:\/\/news.canadamotorjobs.com\/wp-content\/uploads\/2022\/04\/CN022_002CH7tr6e2ue8v9ipi90c7to6mlh9a-1.jpg","articleSection":["Annuel automobile"],"inLanguage":"fr-CA"},{"@type":"WebPage","@id":"https:\/\/news.canadamotorjobs.com\/fr\/chrysler-mise-gros-dans-son-nouveau-concept-electrique-airflow\/","url":"https:\/\/news.canadamotorjobs.com\/fr\/chrysler-mise-gros-dans-son-nouveau-concept-electrique-airflow\/","name":"Chrysler mise gros dans son nouveau concept \u00e9lectrique Airflow - CanadaMotorJobs.com","isPartOf":{"@id":"https:\/\/news.canadamotorjobs.com\/#website"},"primaryImageOfPage":{"@id":"https:\/\/news.canadamotorjobs.com\/fr\/chrysler-mise-gros-dans-son-nouveau-concept-electrique-airflow\/#primaryimage"},"image":{"@id":"https:\/\/news.canadamotorjobs.com\/fr\/chrysler-mise-gros-dans-son-nouveau-concept-electrique-airflow\/#primaryimage"},"thumbnailUrl":"https:\/\/news.canadamotorjobs.com\/wp-content\/uploads\/2022\/04\/CN022_002CH7tr6e2ue8v9ipi90c7to6mlh9a-1.jpg","datePublished":"2022-04-13T16:17:35+00:00","dateModified":"2022-04-13T16:30:10+00:00","description":"Chrysler mise gros dans son nouveau concept \u00e9lectrique Airflow - Benoit Charette - Annuel automobile - CanadaMotorJobs.com.","breadcrumb":{"@id":"https:\/\/news.canadamotorjobs.com\/fr\/chrysler-mise-gros-dans-son-nouveau-concept-electrique-airflow\/#breadcrumb"},"inLanguage":"fr-CA","potentialAction":[{"@type":"ReadAction","target":["https:\/\/news.canadamotorjobs.com\/fr\/chrysler-mise-gros-dans-son-nouveau-concept-electrique-airflow\/"]}]},{"@type":"ImageObject","inLanguage":"fr-CA","@id":"https:\/\/news.canadamotorjobs.com\/fr\/chrysler-mise-gros-dans-son-nouveau-concept-electrique-airflow\/#primaryimage","url":"https:\/\/news.canadamotorjobs.com\/wp-content\/uploads\/2022\/04\/CN022_002CH7tr6e2ue8v9ipi90c7to6mlh9a-1.jpg","contentUrl":"https:\/\/news.canadamotorjobs.com\/wp-content\/uploads\/2022\/04\/CN022_002CH7tr6e2ue8v9ipi90c7to6mlh9a-1.jpg","width":1942,"height":1000},{"@type":"BreadcrumbList","@id":"https:\/\/news.canadamotorjobs.com\/fr\/chrysler-mise-gros-dans-son-nouveau-concept-electrique-airflow\/#breadcrumb","itemListElement":[{"@type":"ListItem","position":1,"name":"Home","item":"https:\/\/news.canadamotorjobs.com\/fr\/blog\/"},{"@type":"ListItem","position":2,"name":"Chrysler mise gros dans son nouveau concept \u00e9lectrique Airflow"}]},{"@type":"WebSite","@id":"https:\/\/news.canadamotorjobs.com\/#website","url":"https:\/\/news.canadamotorjobs.com\/","name":"CanadaMotorJobs.com","description":"Automotive Jobs","publisher":{"@id":"https:\/\/news.canadamotorjobs.com\/#organization"},"potentialAction":[{"@type":"SearchAction","target":{"@type":"EntryPoint","urlTemplate":"https:\/\/news.canadamotorjobs.com\/?s={search_term_string}"},"query-input":"required name=search_term_string"}],"inLanguage":"fr-CA"},{"@type":"Organization","@id":"https:\/\/news.canadamotorjobs.com\/#organization","name":"Canada Motor Jobs","url":"https:\/\/news.canadamotorjobs.com\/","logo":{"@type":"ImageObject","inLanguage":"fr-CA","@id":"https:\/\/news.canadamotorjobs.com\/#\/schema\/logo\/image\/","url":"https:\/\/news.canadamotorjobs.com\/wp-content\/uploads\/2022\/10\/logo-canada-motor-jobs-1.png","contentUrl":"https:\/\/news.canadamotorjobs.com\/wp-content\/uploads\/2022\/10\/logo-canada-motor-jobs-1.png","width":800,"height":400,"caption":"Canada Motor Jobs"},"image":{"@id":"https:\/\/news.canadamotorjobs.com\/#\/schema\/logo\/image\/"},"sameAs":["https:\/\/www.facebook.com\/canadamotorjobs\/","https:\/\/x.com\/canadamotorjobs","https:\/\/www.instagram.com\/canadamotorjobs\/","https:\/\/www.linkedin.com\/company\/canadamotorjobs"]},{"@type":"Person","@id":"https:\/\/news.canadamotorjobs.com\/#\/schema\/person\/51793d1f87d44011d7bcc2ed99269a90","name":"Benoit Charette","image":{"@type":"ImageObject","inLanguage":"fr-CA","@id":"https:\/\/news.canadamotorjobs.com\/#\/schema\/person\/image\/","url":"https:\/\/secure.gravatar.com\/avatar\/45f3d2eebcccd909668d7ce7ea7267b6?s=96&d=mm&r=g","contentUrl":"https:\/\/secure.gravatar.com\/avatar\/45f3d2eebcccd909668d7ce7ea7267b6?s=96&d=mm&r=g","caption":"Benoit Charette"},"description":"Benoit Charette \/ Propri\u00e9taire et r\u00e9dacteur en chef Benoit Charette pratique le journalisme automobile depuis bient\u00f4t 30 ans. Il a fait ses classes au c\u00f4t\u00e9 de Daniel H\u00e9raud et au Carnet de route de 1992 \u00e0 2001. Il est fondateur, copropri\u00e9taire et r\u00e9dacteur en chef de L\u2019Annuel de l\u2019automobile, qu\u2019il publie depuis 2001. Il a anim\u00e9 les \u00e9missions RPM et RPM+ sur V et les L\u00e9gendes de la route sur Historia. \u00c0 la radio depuis 1986, il reprend l\u2019antenne cette ann\u00e9e sur les ondes de Cogeco et participe pour la deuxi\u00e8me ann\u00e9e \u00e0 l\u2019\u00e9mission Passion Auto sur RDS en plus de mettre en ligne le site Web officiel de L\u2019Annuel de l\u2019automobile sur annuelauto.ca.","sameAs":["https:\/\/annuelauto.ca\/"],"url":"https:\/\/news.canadamotorjobs.com\/fr\/author\/benoit-charette\/"}]}},"_links":{"self":[{"href":"https:\/\/news.canadamotorjobs.com\/fr\/wp-json\/wp\/v2\/posts\/39740"}],"collection":[{"href":"https:\/\/news.canadamotorjobs.com\/fr\/wp-json\/wp\/v2\/posts"}],"about":[{"href":"https:\/\/news.canadamotorjobs.com\/fr\/wp-json\/wp\/v2\/types\/post"}],"author":[{"embeddable":true,"href":"https:\/\/news.canadamotorjobs.com\/fr\/wp-json\/wp\/v2\/users\/8"}],"replies":[{"embeddable":true,"href":"https:\/\/news.canadamotorjobs.com\/fr\/wp-json\/wp\/v2\/comments?post=39740"}],"version-history":[{"count":0,"href":"https:\/\/news.canadamotorjobs.com\/fr\/wp-json\/wp\/v2\/posts\/39740\/revisions"}],"wp:featuredmedia":[{"embeddable":true,"href":"https:\/\/news.canadamotorjobs.com\/fr\/wp-json\/wp\/v2\/media\/39744"}],"wp:attachment":[{"href":"https:\/\/news.canadamotorjobs.com\/fr\/wp-json\/wp\/v2\/media?parent=39740"}],"wp:term":[{"taxonomy":"category","embeddable":true,"href":"https:\/\/news.canadamotorjobs.com\/fr\/wp-json\/wp\/v2\/categories?post=39740"},{"taxonomy":"post_tag","embeddable":true,"href":"https:\/\/news.canadamotorjobs.com\/fr\/wp-json\/wp\/v2\/tags?post=39740"}],"curies":[{"name":"wp","href":"https:\/\/api.w.org\/{rel}","templated":true}]}}