{"id":39700,"date":"2022-04-12T13:31:02","date_gmt":"2022-04-12T17:31:02","guid":{"rendered":"https:\/\/blog.canadamotorjobs.com\/une-nissan-leaf-redessinee-pour-cet-ete\/"},"modified":"2022-04-12T13:44:28","modified_gmt":"2022-04-12T17:44:28","slug":"une-nissan-leaf-redessinee-pour-cet-ete","status":"publish","type":"post","link":"https:\/\/news.canadamotorjobs.com\/fr\/une-nissan-leaf-redessinee-pour-cet-ete\/","title":{"rendered":"Une Nissan LEAF redessin\u00e9e pour cet \u00e9t\u00e9"},"content":{"rendered":"<\/p>\n<p><strong>La Nissan LEAF 2023 aura un mod\u00e8le simplifi\u00e9 avec un nouveau design ext\u00e9rieur au go\u00fbt du jour, le tout dot\u00e9 de jantes en alliage d\u2019aluminium. Une combinaison remani\u00e9e pour plaire aux consommateurs de v\u00e9hicules \u00e9lectriques.<\/strong><br \/> Trois mod\u00e8les seront disponibles sur le march\u00e9, soit la LEAF SV, la LEAF SV PLUS et la LEAF SL PLUS. Ils offrent plusieurs changements au niveau des options disponibles et une technologie repens\u00e9e avec un prix abordable.<\/p>\n<p> Du c\u00f4t\u00e9 esth\u00e9tique, le devant du v\u00e9hicule est redessin\u00e9 avec une nouvelle grille, un pare-chocs diff\u00e9rent de l\u2019ancien mod\u00e8le et des phares arborant une nouvelle finition int\u00e9rieure noire. L\u2019embl\u00e8me Nissan sera maintenant illumin\u00e9 et prendra une nouvelle tangente, puisque la compagnie change d\u2019identit\u00e9 de logo. De plus, les formes des d\u00e9flecteurs de pneus, le diffuseur et l\u2019aileron ont \u00e9t\u00e9 modifi\u00e9s pour fournir un meilleur a\u00e9rodynamisme.<\/p>\n<p> Du c\u00f4t\u00e9 int\u00e9rieur, le volant sera muni du nouveau badge Nissan et une vid\u00e9o d\u2019animation d\u00e9butera sur l\u2019\u00e9cran central au d\u00e9marrage de la voiture. Les mod\u00e8les SV et SV PLUS seront dot\u00e9s de tissu noir avec des finitions noires lustr\u00e9es, tandis que le SL PLUS b\u00e9n\u00e9ficiera du cuir.<\/p>\n<p> La LEAF SV 2023 est \u00e9quip\u00e9e d\u2019une batterie lithium-ion de 40kWh et d\u2019un moteur \u00e9lectrique de 110kW d\u00e9veloppant 147 chevaux et 236 livres de couple. Pour la SV PLUS et la SL PLUS, la batterie est d\u2019une capacit\u00e9 plus grande avec 60kWh et un moteur \u00e9lectrique plus puissant de 160kW d\u00e9veloppant 214 chevaux et 250 livres de couple. L\u2019autonomie sera connue plus<\/p>\n","protected":false},"excerpt":{"rendered":"<p>La Nissan LEAF 2023 aura un mod\u00e8le simplifi\u00e9 avec un nouveau design ext\u00e9rieur au go\u00fbt du jour, le tout dot\u00e9 de jantes en alliage d\u2019aluminium. Une combinaison remani\u00e9e pour plaire aux consommateurs de v\u00e9hicules \u00e9lectriques. Trois mod\u00e8les seront disponibles sur le march\u00e9, soit la LEAF SV, la LEAF SV PLUS et la LEAF SL PLUS. [&hellip;]<\/p>\n","protected":false},"author":8,"featured_media":39704,"comment_status":"close","ping_status":"closed","sticky":false,"template":"","format":"standard","meta":{"_monsterinsights_skip_tracking":false,"_monsterinsights_sitenote_active":false,"_monsterinsights_sitenote_note":"","_monsterinsights_sitenote_category":0,"footnotes":""},"categories":[101],"tags":[],"yoast_head":"<!-- This site is optimized with the Yoast SEO plugin v23.2 - https:\/\/yoast.com\/wordpress\/plugins\/seo\/ -->\n<title>Une Nissan LEAF redessin\u00e9e pour cet \u00e9t\u00e9 - CanadaMotorJobs.com<\/title>\n<meta name=\"description\" content=\"Une Nissan LEAF redessin\u00e9e pour cet \u00e9t\u00e9 - Benoit Charette - Annuel automobile - CanadaMotorJobs.com.\" \/>\n<meta name=\"robots\" content=\"index, follow, max-snippet:-1, max-image-preview:large, max-video-preview:-1\" \/>\n<meta property=\"og:locale\" content=\"fr_CA\" \/>\n<meta property=\"og:type\" content=\"article\" \/>\n<meta property=\"og:title\" content=\"Une Nissan LEAF redessin\u00e9e pour cet \u00e9t\u00e9 - CanadaMotorJobs.com\" \/>\n<meta property=\"og:description\" content=\"Une Nissan LEAF redessin\u00e9e pour cet \u00e9t\u00e9 - Benoit Charette - Annuel automobile - CanadaMotorJobs.com.\" \/>\n<meta property=\"og:url\" content=\"https:\/\/news.canadamotorjobs.com\/fr\/une-nissan-leaf-redessinee-pour-cet-ete\/\" \/>\n<meta property=\"og:site_name\" content=\"CanadaMotorJobs.com\" \/>\n<meta property=\"article:publisher\" content=\"https:\/\/www.facebook.com\/canadamotorjobs\/\" \/>\n<meta property=\"article:published_time\" content=\"2022-04-12T17:31:02+00:00\" \/>\n<meta property=\"article:modified_time\" content=\"2022-04-12T17:44:28+00:00\" \/>\n<meta property=\"og:image\" content=\"https:\/\/news.canadamotorjobs.com\/wp-content\/uploads\/2022\/04\/2023-Nissan-LEAF-36-1200x800-1-1.jpg\" \/>\n\t<meta property=\"og:image:width\" content=\"1200\" \/>\n\t<meta property=\"og:image:height\" content=\"800\" \/>\n\t<meta property=\"og:image:type\" content=\"image\/jpeg\" \/>\n<meta name=\"author\" content=\"Benoit Charette\" \/>\n<meta name=\"twitter:card\" content=\"summary_large_image\" \/>\n<meta name=\"twitter:creator\" content=\"@canadamotorjobs\" \/>\n<meta name=\"twitter:site\" content=\"@canadamotorjobs\" \/>\n<meta name=\"twitter:label1\" content=\"\u00c9crit par\" \/>\n\t<meta name=\"twitter:data1\" content=\"Benoit Charette\" \/>\n\t<meta name=\"twitter:label2\" content=\"Estimation du temps de lecture\" \/>\n\t<meta name=\"twitter:data2\" content=\"1 minute\" \/>\n<!-- \/ Yoast SEO plugin. -->","yoast_head_json":{"title":"Une Nissan LEAF redessin\u00e9e pour cet \u00e9t\u00e9 - CanadaMotorJobs.com","description":"Une Nissan LEAF redessin\u00e9e pour cet \u00e9t\u00e9 - Benoit Charette - Annuel automobile - CanadaMotorJobs.com.","robots":{"index":"index","follow":"follow","max-snippet":"max-snippet:-1","max-image-preview":"max-image-preview:large","max-video-preview":"max-video-preview:-1"},"og_locale":"fr_CA","og_type":"article","og_title":"Une Nissan LEAF redessin\u00e9e pour cet \u00e9t\u00e9 - CanadaMotorJobs.com","og_description":"Une Nissan LEAF redessin\u00e9e pour cet \u00e9t\u00e9 - Benoit Charette - Annuel automobile - CanadaMotorJobs.com.","og_url":"https:\/\/news.canadamotorjobs.com\/fr\/une-nissan-leaf-redessinee-pour-cet-ete\/","og_site_name":"CanadaMotorJobs.com","article_publisher":"https:\/\/www.facebook.com\/canadamotorjobs\/","article_published_time":"2022-04-12T17:31:02+00:00","article_modified_time":"2022-04-12T17:44:28+00:00","og_image":[{"width":1200,"height":800,"url":"https:\/\/news.canadamotorjobs.com\/wp-content\/uploads\/2022\/04\/2023-Nissan-LEAF-36-1200x800-1-1.jpg","type":"image\/jpeg"}],"author":"Benoit Charette","twitter_card":"summary_large_image","twitter_creator":"@canadamotorjobs","twitter_site":"@canadamotorjobs","twitter_misc":{"\u00c9crit par":"Benoit Charette","Estimation du temps de lecture":"1 minute"},"schema":{"@context":"https:\/\/schema.org","@graph":[{"@type":"Article","@id":"https:\/\/news.canadamotorjobs.com\/fr\/une-nissan-leaf-redessinee-pour-cet-ete\/#article","isPartOf":{"@id":"https:\/\/news.canadamotorjobs.com\/fr\/une-nissan-leaf-redessinee-pour-cet-ete\/"},"author":{"name":"Benoit Charette","@id":"https:\/\/news.canadamotorjobs.com\/#\/schema\/person\/51793d1f87d44011d7bcc2ed99269a90"},"headline":"Une Nissan LEAF redessin\u00e9e pour cet \u00e9t\u00e9","datePublished":"2022-04-12T17:31:02+00:00","dateModified":"2022-04-12T17:44:28+00:00","mainEntityOfPage":{"@id":"https:\/\/news.canadamotorjobs.com\/fr\/une-nissan-leaf-redessinee-pour-cet-ete\/"},"wordCount":290,"publisher":{"@id":"https:\/\/news.canadamotorjobs.com\/#organization"},"image":{"@id":"https:\/\/news.canadamotorjobs.com\/fr\/une-nissan-leaf-redessinee-pour-cet-ete\/#primaryimage"},"thumbnailUrl":"https:\/\/news.canadamotorjobs.com\/wp-content\/uploads\/2022\/04\/2023-Nissan-LEAF-36-1200x800-1-1.jpg","articleSection":["Annuel automobile"],"inLanguage":"fr-CA"},{"@type":"WebPage","@id":"https:\/\/news.canadamotorjobs.com\/fr\/une-nissan-leaf-redessinee-pour-cet-ete\/","url":"https:\/\/news.canadamotorjobs.com\/fr\/une-nissan-leaf-redessinee-pour-cet-ete\/","name":"Une Nissan LEAF redessin\u00e9e pour cet \u00e9t\u00e9 - CanadaMotorJobs.com","isPartOf":{"@id":"https:\/\/news.canadamotorjobs.com\/#website"},"primaryImageOfPage":{"@id":"https:\/\/news.canadamotorjobs.com\/fr\/une-nissan-leaf-redessinee-pour-cet-ete\/#primaryimage"},"image":{"@id":"https:\/\/news.canadamotorjobs.com\/fr\/une-nissan-leaf-redessinee-pour-cet-ete\/#primaryimage"},"thumbnailUrl":"https:\/\/news.canadamotorjobs.com\/wp-content\/uploads\/2022\/04\/2023-Nissan-LEAF-36-1200x800-1-1.jpg","datePublished":"2022-04-12T17:31:02+00:00","dateModified":"2022-04-12T17:44:28+00:00","description":"Une Nissan LEAF redessin\u00e9e pour cet \u00e9t\u00e9 - Benoit Charette - Annuel automobile - CanadaMotorJobs.com.","breadcrumb":{"@id":"https:\/\/news.canadamotorjobs.com\/fr\/une-nissan-leaf-redessinee-pour-cet-ete\/#breadcrumb"},"inLanguage":"fr-CA","potentialAction":[{"@type":"ReadAction","target":["https:\/\/news.canadamotorjobs.com\/fr\/une-nissan-leaf-redessinee-pour-cet-ete\/"]}]},{"@type":"ImageObject","inLanguage":"fr-CA","@id":"https:\/\/news.canadamotorjobs.com\/fr\/une-nissan-leaf-redessinee-pour-cet-ete\/#primaryimage","url":"https:\/\/news.canadamotorjobs.com\/wp-content\/uploads\/2022\/04\/2023-Nissan-LEAF-36-1200x800-1-1.jpg","contentUrl":"https:\/\/news.canadamotorjobs.com\/wp-content\/uploads\/2022\/04\/2023-Nissan-LEAF-36-1200x800-1-1.jpg","width":1200,"height":800},{"@type":"BreadcrumbList","@id":"https:\/\/news.canadamotorjobs.com\/fr\/une-nissan-leaf-redessinee-pour-cet-ete\/#breadcrumb","itemListElement":[{"@type":"ListItem","position":1,"name":"Home","item":"https:\/\/news.canadamotorjobs.com\/fr\/blog\/"},{"@type":"ListItem","position":2,"name":"Une Nissan LEAF redessin\u00e9e pour cet \u00e9t\u00e9"}]},{"@type":"WebSite","@id":"https:\/\/news.canadamotorjobs.com\/#website","url":"https:\/\/news.canadamotorjobs.com\/","name":"CanadaMotorJobs.com","description":"Automotive Jobs","publisher":{"@id":"https:\/\/news.canadamotorjobs.com\/#organization"},"potentialAction":[{"@type":"SearchAction","target":{"@type":"EntryPoint","urlTemplate":"https:\/\/news.canadamotorjobs.com\/?s={search_term_string}"},"query-input":"required name=search_term_string"}],"inLanguage":"fr-CA"},{"@type":"Organization","@id":"https:\/\/news.canadamotorjobs.com\/#organization","name":"Canada Motor Jobs","url":"https:\/\/news.canadamotorjobs.com\/","logo":{"@type":"ImageObject","inLanguage":"fr-CA","@id":"https:\/\/news.canadamotorjobs.com\/#\/schema\/logo\/image\/","url":"https:\/\/news.canadamotorjobs.com\/wp-content\/uploads\/2022\/10\/logo-canada-motor-jobs-1.png","contentUrl":"https:\/\/news.canadamotorjobs.com\/wp-content\/uploads\/2022\/10\/logo-canada-motor-jobs-1.png","width":800,"height":400,"caption":"Canada Motor Jobs"},"image":{"@id":"https:\/\/news.canadamotorjobs.com\/#\/schema\/logo\/image\/"},"sameAs":["https:\/\/www.facebook.com\/canadamotorjobs\/","https:\/\/x.com\/canadamotorjobs","https:\/\/www.instagram.com\/canadamotorjobs\/","https:\/\/www.linkedin.com\/company\/canadamotorjobs"]},{"@type":"Person","@id":"https:\/\/news.canadamotorjobs.com\/#\/schema\/person\/51793d1f87d44011d7bcc2ed99269a90","name":"Benoit Charette","image":{"@type":"ImageObject","inLanguage":"fr-CA","@id":"https:\/\/news.canadamotorjobs.com\/#\/schema\/person\/image\/","url":"https:\/\/secure.gravatar.com\/avatar\/45f3d2eebcccd909668d7ce7ea7267b6?s=96&d=mm&r=g","contentUrl":"https:\/\/secure.gravatar.com\/avatar\/45f3d2eebcccd909668d7ce7ea7267b6?s=96&d=mm&r=g","caption":"Benoit Charette"},"description":"Benoit Charette \/ Propri\u00e9taire et r\u00e9dacteur en chef Benoit Charette pratique le journalisme automobile depuis bient\u00f4t 30 ans. Il a fait ses classes au c\u00f4t\u00e9 de Daniel H\u00e9raud et au Carnet de route de 1992 \u00e0 2001. Il est fondateur, copropri\u00e9taire et r\u00e9dacteur en chef de L\u2019Annuel de l\u2019automobile, qu\u2019il publie depuis 2001. Il a anim\u00e9 les \u00e9missions RPM et RPM+ sur V et les L\u00e9gendes de la route sur Historia. \u00c0 la radio depuis 1986, il reprend l\u2019antenne cette ann\u00e9e sur les ondes de Cogeco et participe pour la deuxi\u00e8me ann\u00e9e \u00e0 l\u2019\u00e9mission Passion Auto sur RDS en plus de mettre en ligne le site Web officiel de L\u2019Annuel de l\u2019automobile sur annuelauto.ca.","sameAs":["https:\/\/annuelauto.ca\/"],"url":"https:\/\/news.canadamotorjobs.com\/fr\/author\/benoit-charette\/"}]}},"_links":{"self":[{"href":"https:\/\/news.canadamotorjobs.com\/fr\/wp-json\/wp\/v2\/posts\/39700"}],"collection":[{"href":"https:\/\/news.canadamotorjobs.com\/fr\/wp-json\/wp\/v2\/posts"}],"about":[{"href":"https:\/\/news.canadamotorjobs.com\/fr\/wp-json\/wp\/v2\/types\/post"}],"author":[{"embeddable":true,"href":"https:\/\/news.canadamotorjobs.com\/fr\/wp-json\/wp\/v2\/users\/8"}],"replies":[{"embeddable":true,"href":"https:\/\/news.canadamotorjobs.com\/fr\/wp-json\/wp\/v2\/comments?post=39700"}],"version-history":[{"count":0,"href":"https:\/\/news.canadamotorjobs.com\/fr\/wp-json\/wp\/v2\/posts\/39700\/revisions"}],"wp:featuredmedia":[{"embeddable":true,"href":"https:\/\/news.canadamotorjobs.com\/fr\/wp-json\/wp\/v2\/media\/39704"}],"wp:attachment":[{"href":"https:\/\/news.canadamotorjobs.com\/fr\/wp-json\/wp\/v2\/media?parent=39700"}],"wp:term":[{"taxonomy":"category","embeddable":true,"href":"https:\/\/news.canadamotorjobs.com\/fr\/wp-json\/wp\/v2\/categories?post=39700"},{"taxonomy":"post_tag","embeddable":true,"href":"https:\/\/news.canadamotorjobs.com\/fr\/wp-json\/wp\/v2\/tags?post=39700"}],"curies":[{"name":"wp","href":"https:\/\/api.w.org\/{rel}","templated":true}]}}