{"id":39692,"date":"2022-04-12T07:29:32","date_gmt":"2022-04-12T11:29:32","guid":{"rendered":"https:\/\/blog.canadamotorjobs.com\/honda-consacre-40-milliards-de-dollars-us-a-lelectrification-et-vise-une-production-de-2-millions-de-ve-dici-2030\/"},"modified":"2022-04-12T07:29:50","modified_gmt":"2022-04-12T11:29:50","slug":"honda-consacre-40-milliards-de-dollars-us-a-lelectrification-et-vise-une-production-de-2-millions-de-ve-dici-2030","status":"publish","type":"post","link":"https:\/\/news.canadamotorjobs.com\/fr\/honda-consacre-40-milliards-de-dollars-us-a-lelectrification-et-vise-une-production-de-2-millions-de-ve-dici-2030\/","title":{"rendered":"Honda consacre 40 milliards de dollars US \u00e0 l\u2019\u00e9lectrification et vise une production de 2 millions de VE d\u2019ici 2030."},"content":{"rendered":"<\/p>\n<p>Un changement d\u2019orientation important pour Honda qui se lance massivement dans la production de v\u00e9hicules \u00e9lectriques. Un plan de restructuration imposant qui va aboutir par le d\u00e9veloppement d\u2019une trentaine de v\u00e9hicules enti\u00e8rement \u00e9lectriques dans le monde et en d\u00e9veloppant une capacit\u00e9 de production de 2 millions de v\u00e9hicules \u00e9lectriques par an d&#8217;ici 2030.<br \/> Une nouvelle approche de l\u2019automobile<br \/> Le PDG de Honda Toshihiro Mibe a livr\u00e9 les d\u00e9tails de son plan au si\u00e8ge mondial de Honda, indiquant que le deuxi\u00e8me constructeur automobile japonais adopterait une approche \u00e0 plusieurs volets pour atteindre son objectif d&#8217;avoir une gamme de v\u00e9hicules sans essence d&#8217;ici 2040. D&#8217;une part, il travaillera avec des partenaires \u00e0 court terme pour atteindre une \u00e9chelle et r\u00e9duire les co\u00fbts qui comprennent le partenariat avec GM et les piles Ultium. D&#8217;autre part, Honda d\u00e9veloppera ses propres technologies internes pour assurer sa p\u00e9rennit\u00e9 \u00e0 long terme.<br \/> Des batteries solides<br \/> Parmi les autres \u00e9l\u00e9ments annonc\u00e9s aujourd\u2019hui, Honda d\u00e9pensera 433 millions de dollars pour ouvrir une ligne de d\u00e9monstration pour la production de la prochaine g\u00e9n\u00e9ration de batteries \u00e0 l&#8217;\u00e9tat solide au printemps 2024. La soci\u00e9t\u00e9 souhaite commercialiser ces batteries plus l\u00e9g\u00e8res et denses en \u00e9nergie d\u2019ici 2030. Dans l&#8217;intervalle, Honda continuera \u00e0 s&#8217;approvisionner en batteries lithium-ion Ultium aupr\u00e8s de General Motors et explorera \u00e9galement d&#8217;autres coentreprises pour la production locale de batteries en Am\u00e9rique du Nord. En Chine, elle s&#8217;associera \u00e0 CATL et, sur son march\u00e9 d&#8217;origine, le Japon, elle se procurera des batteries pour une nouvelle s\u00e9rie de mini-v\u00e9hicules \u00e9lectriques aupr\u00e8s<\/p>\n","protected":false},"excerpt":{"rendered":"<p>Un changement d\u2019orientation important pour Honda qui se lance massivement dans la production de v\u00e9hicules \u00e9lectriques. Un plan de restructuration imposant qui va aboutir par le d\u00e9veloppement d\u2019une trentaine de v\u00e9hicules enti\u00e8rement \u00e9lectriques dans le monde et en d\u00e9veloppant une capacit\u00e9 de production de 2 millions de v\u00e9hicules \u00e9lectriques par an d&#8217;ici 2030. Une nouvelle [&hellip;]<\/p>\n","protected":false},"author":8,"featured_media":39696,"comment_status":"close","ping_status":"closed","sticky":false,"template":"","format":"standard","meta":{"_monsterinsights_skip_tracking":false,"_monsterinsights_sitenote_active":false,"_monsterinsights_sitenote_note":"","_monsterinsights_sitenote_category":0,"footnotes":""},"categories":[101],"tags":[],"yoast_head":"<!-- This site is optimized with the Yoast SEO plugin v23.2 - https:\/\/yoast.com\/wordpress\/plugins\/seo\/ -->\n<title>Honda consacre 40 milliards de dollars US \u00e0 l\u2019\u00e9lectrification et vise une production de 2 millions de VE d\u2019ici 2030. - CanadaMotorJobs.com<\/title>\n<meta name=\"description\" content=\"Honda consacre 40 milliards de dollars US \u00e0 l\u2019\u00e9lectrification et vise une production de 2 millions de VE d\u2019ici 2030. - Benoit Charette - Annuel automobile - CanadaMotorJobs.com.\" \/>\n<meta name=\"robots\" content=\"index, follow, max-snippet:-1, max-image-preview:large, max-video-preview:-1\" \/>\n<meta property=\"og:locale\" content=\"fr_CA\" \/>\n<meta property=\"og:type\" content=\"article\" \/>\n<meta property=\"og:title\" content=\"Honda consacre 40 milliards de dollars US \u00e0 l\u2019\u00e9lectrification et vise une production de 2 millions de VE d\u2019ici 2030. - CanadaMotorJobs.com\" \/>\n<meta property=\"og:description\" content=\"Honda consacre 40 milliards de dollars US \u00e0 l\u2019\u00e9lectrification et vise une production de 2 millions de VE d\u2019ici 2030. - Benoit Charette - Annuel automobile - CanadaMotorJobs.com.\" \/>\n<meta property=\"og:url\" content=\"https:\/\/news.canadamotorjobs.com\/fr\/honda-consacre-40-milliards-de-dollars-us-a-lelectrification-et-vise-une-production-de-2-millions-de-ve-dici-2030\/\" \/>\n<meta property=\"og:site_name\" content=\"CanadaMotorJobs.com\" \/>\n<meta property=\"article:publisher\" content=\"https:\/\/www.facebook.com\/canadamotorjobs\/\" \/>\n<meta property=\"article:published_time\" content=\"2022-04-12T11:29:32+00:00\" \/>\n<meta property=\"article:modified_time\" content=\"2022-04-12T11:29:50+00:00\" \/>\n<meta property=\"og:image\" content=\"https:\/\/news.canadamotorjobs.com\/wp-content\/uploads\/2022\/04\/honda-logo-1.png\" \/>\n\t<meta property=\"og:image:width\" content=\"2126\" \/>\n\t<meta property=\"og:image:height\" content=\"1431\" \/>\n\t<meta property=\"og:image:type\" content=\"image\/png\" \/>\n<meta name=\"author\" content=\"Benoit Charette\" \/>\n<meta name=\"twitter:card\" content=\"summary_large_image\" \/>\n<meta name=\"twitter:creator\" content=\"@canadamotorjobs\" \/>\n<meta name=\"twitter:site\" content=\"@canadamotorjobs\" \/>\n<meta name=\"twitter:label1\" content=\"\u00c9crit par\" \/>\n\t<meta name=\"twitter:data1\" content=\"Benoit Charette\" \/>\n\t<meta name=\"twitter:label2\" content=\"Estimation du temps de lecture\" \/>\n\t<meta name=\"twitter:data2\" content=\"1 minute\" \/>\n<!-- \/ Yoast SEO plugin. -->","yoast_head_json":{"title":"Honda consacre 40 milliards de dollars US \u00e0 l\u2019\u00e9lectrification et vise une production de 2 millions de VE d\u2019ici 2030. - CanadaMotorJobs.com","description":"Honda consacre 40 milliards de dollars US \u00e0 l\u2019\u00e9lectrification et vise une production de 2 millions de VE d\u2019ici 2030. - Benoit Charette - Annuel automobile - CanadaMotorJobs.com.","robots":{"index":"index","follow":"follow","max-snippet":"max-snippet:-1","max-image-preview":"max-image-preview:large","max-video-preview":"max-video-preview:-1"},"og_locale":"fr_CA","og_type":"article","og_title":"Honda consacre 40 milliards de dollars US \u00e0 l\u2019\u00e9lectrification et vise une production de 2 millions de VE d\u2019ici 2030. - CanadaMotorJobs.com","og_description":"Honda consacre 40 milliards de dollars US \u00e0 l\u2019\u00e9lectrification et vise une production de 2 millions de VE d\u2019ici 2030. - Benoit Charette - Annuel automobile - CanadaMotorJobs.com.","og_url":"https:\/\/news.canadamotorjobs.com\/fr\/honda-consacre-40-milliards-de-dollars-us-a-lelectrification-et-vise-une-production-de-2-millions-de-ve-dici-2030\/","og_site_name":"CanadaMotorJobs.com","article_publisher":"https:\/\/www.facebook.com\/canadamotorjobs\/","article_published_time":"2022-04-12T11:29:32+00:00","article_modified_time":"2022-04-12T11:29:50+00:00","og_image":[{"width":2126,"height":1431,"url":"https:\/\/news.canadamotorjobs.com\/wp-content\/uploads\/2022\/04\/honda-logo-1.png","type":"image\/png"}],"author":"Benoit Charette","twitter_card":"summary_large_image","twitter_creator":"@canadamotorjobs","twitter_site":"@canadamotorjobs","twitter_misc":{"\u00c9crit par":"Benoit Charette","Estimation du temps de lecture":"1 minute"},"schema":{"@context":"https:\/\/schema.org","@graph":[{"@type":"Article","@id":"https:\/\/news.canadamotorjobs.com\/fr\/honda-consacre-40-milliards-de-dollars-us-a-lelectrification-et-vise-une-production-de-2-millions-de-ve-dici-2030\/#article","isPartOf":{"@id":"https:\/\/news.canadamotorjobs.com\/fr\/honda-consacre-40-milliards-de-dollars-us-a-lelectrification-et-vise-une-production-de-2-millions-de-ve-dici-2030\/"},"author":{"name":"Benoit Charette","@id":"https:\/\/news.canadamotorjobs.com\/#\/schema\/person\/51793d1f87d44011d7bcc2ed99269a90"},"headline":"Honda consacre 40 milliards de dollars US \u00e0 l\u2019\u00e9lectrification et vise une production de 2 millions de VE d\u2019ici 2030.","datePublished":"2022-04-12T11:29:32+00:00","dateModified":"2022-04-12T11:29:50+00:00","mainEntityOfPage":{"@id":"https:\/\/news.canadamotorjobs.com\/fr\/honda-consacre-40-milliards-de-dollars-us-a-lelectrification-et-vise-une-production-de-2-millions-de-ve-dici-2030\/"},"wordCount":300,"publisher":{"@id":"https:\/\/news.canadamotorjobs.com\/#organization"},"image":{"@id":"https:\/\/news.canadamotorjobs.com\/fr\/honda-consacre-40-milliards-de-dollars-us-a-lelectrification-et-vise-une-production-de-2-millions-de-ve-dici-2030\/#primaryimage"},"thumbnailUrl":"https:\/\/news.canadamotorjobs.com\/wp-content\/uploads\/2022\/04\/honda-logo-1.png","articleSection":["Annuel automobile"],"inLanguage":"fr-CA"},{"@type":"WebPage","@id":"https:\/\/news.canadamotorjobs.com\/fr\/honda-consacre-40-milliards-de-dollars-us-a-lelectrification-et-vise-une-production-de-2-millions-de-ve-dici-2030\/","url":"https:\/\/news.canadamotorjobs.com\/fr\/honda-consacre-40-milliards-de-dollars-us-a-lelectrification-et-vise-une-production-de-2-millions-de-ve-dici-2030\/","name":"Honda consacre 40 milliards de dollars US \u00e0 l\u2019\u00e9lectrification et vise une production de 2 millions de VE d\u2019ici 2030. - CanadaMotorJobs.com","isPartOf":{"@id":"https:\/\/news.canadamotorjobs.com\/#website"},"primaryImageOfPage":{"@id":"https:\/\/news.canadamotorjobs.com\/fr\/honda-consacre-40-milliards-de-dollars-us-a-lelectrification-et-vise-une-production-de-2-millions-de-ve-dici-2030\/#primaryimage"},"image":{"@id":"https:\/\/news.canadamotorjobs.com\/fr\/honda-consacre-40-milliards-de-dollars-us-a-lelectrification-et-vise-une-production-de-2-millions-de-ve-dici-2030\/#primaryimage"},"thumbnailUrl":"https:\/\/news.canadamotorjobs.com\/wp-content\/uploads\/2022\/04\/honda-logo-1.png","datePublished":"2022-04-12T11:29:32+00:00","dateModified":"2022-04-12T11:29:50+00:00","description":"Honda consacre 40 milliards de dollars US \u00e0 l\u2019\u00e9lectrification et vise une production de 2 millions de VE d\u2019ici 2030. - Benoit Charette - Annuel automobile - CanadaMotorJobs.com.","breadcrumb":{"@id":"https:\/\/news.canadamotorjobs.com\/fr\/honda-consacre-40-milliards-de-dollars-us-a-lelectrification-et-vise-une-production-de-2-millions-de-ve-dici-2030\/#breadcrumb"},"inLanguage":"fr-CA","potentialAction":[{"@type":"ReadAction","target":["https:\/\/news.canadamotorjobs.com\/fr\/honda-consacre-40-milliards-de-dollars-us-a-lelectrification-et-vise-une-production-de-2-millions-de-ve-dici-2030\/"]}]},{"@type":"ImageObject","inLanguage":"fr-CA","@id":"https:\/\/news.canadamotorjobs.com\/fr\/honda-consacre-40-milliards-de-dollars-us-a-lelectrification-et-vise-une-production-de-2-millions-de-ve-dici-2030\/#primaryimage","url":"https:\/\/news.canadamotorjobs.com\/wp-content\/uploads\/2022\/04\/honda-logo-1.png","contentUrl":"https:\/\/news.canadamotorjobs.com\/wp-content\/uploads\/2022\/04\/honda-logo-1.png","width":2126,"height":1431},{"@type":"BreadcrumbList","@id":"https:\/\/news.canadamotorjobs.com\/fr\/honda-consacre-40-milliards-de-dollars-us-a-lelectrification-et-vise-une-production-de-2-millions-de-ve-dici-2030\/#breadcrumb","itemListElement":[{"@type":"ListItem","position":1,"name":"Home","item":"https:\/\/news.canadamotorjobs.com\/fr\/blog\/"},{"@type":"ListItem","position":2,"name":"Honda consacre 40 milliards de dollars US \u00e0 l\u2019\u00e9lectrification et vise une production de 2 millions de VE d\u2019ici 2030."}]},{"@type":"WebSite","@id":"https:\/\/news.canadamotorjobs.com\/#website","url":"https:\/\/news.canadamotorjobs.com\/","name":"CanadaMotorJobs.com","description":"Automotive Jobs","publisher":{"@id":"https:\/\/news.canadamotorjobs.com\/#organization"},"potentialAction":[{"@type":"SearchAction","target":{"@type":"EntryPoint","urlTemplate":"https:\/\/news.canadamotorjobs.com\/?s={search_term_string}"},"query-input":"required name=search_term_string"}],"inLanguage":"fr-CA"},{"@type":"Organization","@id":"https:\/\/news.canadamotorjobs.com\/#organization","name":"Canada Motor Jobs","url":"https:\/\/news.canadamotorjobs.com\/","logo":{"@type":"ImageObject","inLanguage":"fr-CA","@id":"https:\/\/news.canadamotorjobs.com\/#\/schema\/logo\/image\/","url":"https:\/\/news.canadamotorjobs.com\/wp-content\/uploads\/2022\/10\/logo-canada-motor-jobs-1.png","contentUrl":"https:\/\/news.canadamotorjobs.com\/wp-content\/uploads\/2022\/10\/logo-canada-motor-jobs-1.png","width":800,"height":400,"caption":"Canada Motor Jobs"},"image":{"@id":"https:\/\/news.canadamotorjobs.com\/#\/schema\/logo\/image\/"},"sameAs":["https:\/\/www.facebook.com\/canadamotorjobs\/","https:\/\/x.com\/canadamotorjobs","https:\/\/www.instagram.com\/canadamotorjobs\/","https:\/\/www.linkedin.com\/company\/canadamotorjobs"]},{"@type":"Person","@id":"https:\/\/news.canadamotorjobs.com\/#\/schema\/person\/51793d1f87d44011d7bcc2ed99269a90","name":"Benoit Charette","image":{"@type":"ImageObject","inLanguage":"fr-CA","@id":"https:\/\/news.canadamotorjobs.com\/#\/schema\/person\/image\/","url":"https:\/\/secure.gravatar.com\/avatar\/45f3d2eebcccd909668d7ce7ea7267b6?s=96&d=mm&r=g","contentUrl":"https:\/\/secure.gravatar.com\/avatar\/45f3d2eebcccd909668d7ce7ea7267b6?s=96&d=mm&r=g","caption":"Benoit Charette"},"description":"Benoit Charette \/ Propri\u00e9taire et r\u00e9dacteur en chef Benoit Charette pratique le journalisme automobile depuis bient\u00f4t 30 ans. Il a fait ses classes au c\u00f4t\u00e9 de Daniel H\u00e9raud et au Carnet de route de 1992 \u00e0 2001. Il est fondateur, copropri\u00e9taire et r\u00e9dacteur en chef de L\u2019Annuel de l\u2019automobile, qu\u2019il publie depuis 2001. Il a anim\u00e9 les \u00e9missions RPM et RPM+ sur V et les L\u00e9gendes de la route sur Historia. \u00c0 la radio depuis 1986, il reprend l\u2019antenne cette ann\u00e9e sur les ondes de Cogeco et participe pour la deuxi\u00e8me ann\u00e9e \u00e0 l\u2019\u00e9mission Passion Auto sur RDS en plus de mettre en ligne le site Web officiel de L\u2019Annuel de l\u2019automobile sur annuelauto.ca.","sameAs":["https:\/\/annuelauto.ca\/"],"url":"https:\/\/news.canadamotorjobs.com\/fr\/author\/benoit-charette\/"}]}},"_links":{"self":[{"href":"https:\/\/news.canadamotorjobs.com\/fr\/wp-json\/wp\/v2\/posts\/39692"}],"collection":[{"href":"https:\/\/news.canadamotorjobs.com\/fr\/wp-json\/wp\/v2\/posts"}],"about":[{"href":"https:\/\/news.canadamotorjobs.com\/fr\/wp-json\/wp\/v2\/types\/post"}],"author":[{"embeddable":true,"href":"https:\/\/news.canadamotorjobs.com\/fr\/wp-json\/wp\/v2\/users\/8"}],"replies":[{"embeddable":true,"href":"https:\/\/news.canadamotorjobs.com\/fr\/wp-json\/wp\/v2\/comments?post=39692"}],"version-history":[{"count":0,"href":"https:\/\/news.canadamotorjobs.com\/fr\/wp-json\/wp\/v2\/posts\/39692\/revisions"}],"wp:featuredmedia":[{"embeddable":true,"href":"https:\/\/news.canadamotorjobs.com\/fr\/wp-json\/wp\/v2\/media\/39696"}],"wp:attachment":[{"href":"https:\/\/news.canadamotorjobs.com\/fr\/wp-json\/wp\/v2\/media?parent=39692"}],"wp:term":[{"taxonomy":"category","embeddable":true,"href":"https:\/\/news.canadamotorjobs.com\/fr\/wp-json\/wp\/v2\/categories?post=39692"},{"taxonomy":"post_tag","embeddable":true,"href":"https:\/\/news.canadamotorjobs.com\/fr\/wp-json\/wp\/v2\/tags?post=39692"}],"curies":[{"name":"wp","href":"https:\/\/api.w.org\/{rel}","templated":true}]}}