{"id":39663,"date":"2022-04-10T17:16:37","date_gmt":"2022-04-10T21:16:37","guid":{"rendered":"https:\/\/blog.canadamotorjobs.com\/la-penurie-de-puces-electroniques-va-se-poursuivre-jusquen-2024-selon-volkswagen\/"},"modified":"2022-04-10T17:47:14","modified_gmt":"2022-04-10T21:47:14","slug":"la-penurie-de-puces-electroniques-va-se-poursuivre-jusquen-2024-selon-volkswagen","status":"publish","type":"post","link":"https:\/\/news.canadamotorjobs.com\/fr\/la-penurie-de-puces-electroniques-va-se-poursuivre-jusquen-2024-selon-volkswagen\/","title":{"rendered":"La p\u00e9nurie de puces \u00e9lectroniques va se poursuivre jusqu\u2019en 2024 selon Volkswagen"},"content":{"rendered":"<p>Tout comme la pand\u00e9mie qui semble interminable, la p\u00e9nurie de puces \u00e9lectroniques va continuer de donner des maux de t\u00eate au monde de l\u2019automobile. Dans une entrevue accord\u00e9e au quotidien allemand Boersen-Zeitung, le directeur financier du groupe Volkswagen, Arno Antlitz souligne que l\u2019offre de puces \u00e0 semi-conducteurs ne sera probablement pas suffisante pour satisfaire \u00e0 nouveau compl\u00e8tement la demande avant 2024.<\/p>\n<h3>\nUn d\u00e9but de r\u00e9tablissement<\/h3>\n<p>Selon lui, m\u00eame si les goulots d&#8217;\u00e9tranglement commenceront probablement \u00e0 se r\u00e9sorber vers la fin de cette ann\u00e9e, avec un retour aux niveaux de 2019 l&#8217;ann\u00e9e prochaine, cela ne suffira pas \u00e0 r\u00e9pondre \u00e0 la demande accrue pour les puces.<\/p>\n<h3>\nIl n\u2019y a pas que les puces<\/h3>\n<p>Le manque de faisceaux de c\u00e2bles en provenance d&#8217;Ukraine continue \u00e9galement d&#8217;entra\u00eener la fermeture de certains mod\u00e8les et des retards de production, a indiqu\u00e9 M. Antlitz, m\u00eame si l&#8217;entreprise \u00e9tablit de nouvelles relations avec des fournisseurs pour s&#8217;approvisionner en composants dans d&#8217;autres pays.<\/p>\n<p>Le texte <a href=\"https:\/\/annuelauto.ca\/la-penurie-de-puces-electroniques-va-se-poursuivre-jusquen-2024-selon-volkswagen\/\" rel=\"nofollow\">La p\u00e9nurie de puces \u00e9lectroniques va se poursuivre jusqu\u2019en 2024 selon Volkswagen<\/a> provient de <a href=\"https:\/\/annuelauto.ca\" rel=\"nofollow\">L&#8217;annuel de l&#8217;automobile &#8211; Actualit\u00e9 automobile<\/a><\/p>\n","protected":false},"excerpt":{"rendered":"<p>Tout comme la pand\u00e9mie qui semble interminable, la p\u00e9nurie de puces \u00e9lectroniques va continuer de donner des maux de t\u00eate au monde de l\u2019automobile. Dans une entrevue accord\u00e9e au quotidien allemand Boersen-Zeitung, le directeur financier du groupe Volkswagen, Arno Antlitz souligne que l\u2019offre de puces \u00e0 semi-conducteurs ne sera probablement pas suffisante pour satisfaire \u00e0 [&hellip;]<\/p>\n","protected":false},"author":8,"featured_media":39667,"comment_status":"close","ping_status":"closed","sticky":false,"template":"","format":"standard","meta":{"_monsterinsights_skip_tracking":false,"_monsterinsights_sitenote_active":false,"_monsterinsights_sitenote_note":"","_monsterinsights_sitenote_category":0,"footnotes":""},"categories":[101],"tags":[131],"yoast_head":"<!-- This site is optimized with the Yoast SEO plugin v23.2 - https:\/\/yoast.com\/wordpress\/plugins\/seo\/ -->\n<title>La p\u00e9nurie de puces \u00e9lectroniques va se poursuivre jusqu\u2019en 2024 selon Volkswagen - CanadaMotorJobs.com<\/title>\n<meta name=\"description\" content=\"La p\u00e9nurie de puces \u00e9lectroniques va se poursuivre jusqu\u2019en 2024 selon Volkswagen - Benoit Charette - Annuel automobile - CanadaMotorJobs.com.\" \/>\n<meta name=\"robots\" content=\"index, follow, max-snippet:-1, max-image-preview:large, max-video-preview:-1\" \/>\n<meta property=\"og:locale\" content=\"fr_CA\" \/>\n<meta property=\"og:type\" content=\"article\" \/>\n<meta property=\"og:title\" content=\"La p\u00e9nurie de puces \u00e9lectroniques va se poursuivre jusqu\u2019en 2024 selon Volkswagen - CanadaMotorJobs.com\" \/>\n<meta property=\"og:description\" content=\"La p\u00e9nurie de puces \u00e9lectroniques va se poursuivre jusqu\u2019en 2024 selon Volkswagen - Benoit Charette - Annuel automobile - CanadaMotorJobs.com.\" \/>\n<meta property=\"og:url\" content=\"https:\/\/news.canadamotorjobs.com\/fr\/la-penurie-de-puces-electroniques-va-se-poursuivre-jusquen-2024-selon-volkswagen\/\" \/>\n<meta property=\"og:site_name\" content=\"CanadaMotorJobs.com\" \/>\n<meta property=\"article:publisher\" content=\"https:\/\/www.facebook.com\/canadamotorjobs\/\" \/>\n<meta property=\"article:published_time\" content=\"2022-04-10T21:16:37+00:00\" \/>\n<meta property=\"article:modified_time\" content=\"2022-04-10T21:47:14+00:00\" \/>\n<meta property=\"og:image\" content=\"https:\/\/news.canadamotorjobs.com\/wp-content\/uploads\/2022\/04\/logo-story-volkswagen-1.jpg\" \/>\n\t<meta property=\"og:image:width\" content=\"1280\" \/>\n\t<meta property=\"og:image:height\" content=\"720\" \/>\n\t<meta property=\"og:image:type\" content=\"image\/jpeg\" \/>\n<meta name=\"author\" content=\"Benoit Charette\" \/>\n<meta name=\"twitter:card\" content=\"summary_large_image\" \/>\n<meta name=\"twitter:creator\" content=\"@canadamotorjobs\" \/>\n<meta name=\"twitter:site\" content=\"@canadamotorjobs\" \/>\n<meta name=\"twitter:label1\" content=\"\u00c9crit par\" \/>\n\t<meta name=\"twitter:data1\" content=\"Benoit Charette\" \/>\n\t<meta name=\"twitter:label2\" content=\"Estimation du temps de lecture\" \/>\n\t<meta name=\"twitter:data2\" content=\"1 minute\" \/>\n<!-- \/ Yoast SEO plugin. -->","yoast_head_json":{"title":"La p\u00e9nurie de puces \u00e9lectroniques va se poursuivre jusqu\u2019en 2024 selon Volkswagen - CanadaMotorJobs.com","description":"La p\u00e9nurie de puces \u00e9lectroniques va se poursuivre jusqu\u2019en 2024 selon Volkswagen - Benoit Charette - Annuel automobile - CanadaMotorJobs.com.","robots":{"index":"index","follow":"follow","max-snippet":"max-snippet:-1","max-image-preview":"max-image-preview:large","max-video-preview":"max-video-preview:-1"},"og_locale":"fr_CA","og_type":"article","og_title":"La p\u00e9nurie de puces \u00e9lectroniques va se poursuivre jusqu\u2019en 2024 selon Volkswagen - CanadaMotorJobs.com","og_description":"La p\u00e9nurie de puces \u00e9lectroniques va se poursuivre jusqu\u2019en 2024 selon Volkswagen - Benoit Charette - Annuel automobile - CanadaMotorJobs.com.","og_url":"https:\/\/news.canadamotorjobs.com\/fr\/la-penurie-de-puces-electroniques-va-se-poursuivre-jusquen-2024-selon-volkswagen\/","og_site_name":"CanadaMotorJobs.com","article_publisher":"https:\/\/www.facebook.com\/canadamotorjobs\/","article_published_time":"2022-04-10T21:16:37+00:00","article_modified_time":"2022-04-10T21:47:14+00:00","og_image":[{"width":1280,"height":720,"url":"https:\/\/news.canadamotorjobs.com\/wp-content\/uploads\/2022\/04\/logo-story-volkswagen-1.jpg","type":"image\/jpeg"}],"author":"Benoit Charette","twitter_card":"summary_large_image","twitter_creator":"@canadamotorjobs","twitter_site":"@canadamotorjobs","twitter_misc":{"\u00c9crit par":"Benoit Charette","Estimation du temps de lecture":"1 minute"},"schema":{"@context":"https:\/\/schema.org","@graph":[{"@type":"Article","@id":"https:\/\/news.canadamotorjobs.com\/fr\/la-penurie-de-puces-electroniques-va-se-poursuivre-jusquen-2024-selon-volkswagen\/#article","isPartOf":{"@id":"https:\/\/news.canadamotorjobs.com\/fr\/la-penurie-de-puces-electroniques-va-se-poursuivre-jusquen-2024-selon-volkswagen\/"},"author":{"name":"Benoit Charette","@id":"https:\/\/news.canadamotorjobs.com\/#\/schema\/person\/51793d1f87d44011d7bcc2ed99269a90"},"headline":"La p\u00e9nurie de puces \u00e9lectroniques va se poursuivre jusqu\u2019en 2024 selon Volkswagen","datePublished":"2022-04-10T21:16:37+00:00","dateModified":"2022-04-10T21:47:14+00:00","mainEntityOfPage":{"@id":"https:\/\/news.canadamotorjobs.com\/fr\/la-penurie-de-puces-electroniques-va-se-poursuivre-jusquen-2024-selon-volkswagen\/"},"wordCount":212,"publisher":{"@id":"https:\/\/news.canadamotorjobs.com\/#organization"},"image":{"@id":"https:\/\/news.canadamotorjobs.com\/fr\/la-penurie-de-puces-electroniques-va-se-poursuivre-jusquen-2024-selon-volkswagen\/#primaryimage"},"thumbnailUrl":"https:\/\/news.canadamotorjobs.com\/wp-content\/uploads\/2022\/04\/logo-story-volkswagen-1.jpg","keywords":["Newsletter"],"articleSection":["Annuel automobile"],"inLanguage":"fr-CA"},{"@type":"WebPage","@id":"https:\/\/news.canadamotorjobs.com\/fr\/la-penurie-de-puces-electroniques-va-se-poursuivre-jusquen-2024-selon-volkswagen\/","url":"https:\/\/news.canadamotorjobs.com\/fr\/la-penurie-de-puces-electroniques-va-se-poursuivre-jusquen-2024-selon-volkswagen\/","name":"La p\u00e9nurie de puces \u00e9lectroniques va se poursuivre jusqu\u2019en 2024 selon Volkswagen - CanadaMotorJobs.com","isPartOf":{"@id":"https:\/\/news.canadamotorjobs.com\/#website"},"primaryImageOfPage":{"@id":"https:\/\/news.canadamotorjobs.com\/fr\/la-penurie-de-puces-electroniques-va-se-poursuivre-jusquen-2024-selon-volkswagen\/#primaryimage"},"image":{"@id":"https:\/\/news.canadamotorjobs.com\/fr\/la-penurie-de-puces-electroniques-va-se-poursuivre-jusquen-2024-selon-volkswagen\/#primaryimage"},"thumbnailUrl":"https:\/\/news.canadamotorjobs.com\/wp-content\/uploads\/2022\/04\/logo-story-volkswagen-1.jpg","datePublished":"2022-04-10T21:16:37+00:00","dateModified":"2022-04-10T21:47:14+00:00","description":"La p\u00e9nurie de puces \u00e9lectroniques va se poursuivre jusqu\u2019en 2024 selon Volkswagen - Benoit Charette - Annuel automobile - CanadaMotorJobs.com.","breadcrumb":{"@id":"https:\/\/news.canadamotorjobs.com\/fr\/la-penurie-de-puces-electroniques-va-se-poursuivre-jusquen-2024-selon-volkswagen\/#breadcrumb"},"inLanguage":"fr-CA","potentialAction":[{"@type":"ReadAction","target":["https:\/\/news.canadamotorjobs.com\/fr\/la-penurie-de-puces-electroniques-va-se-poursuivre-jusquen-2024-selon-volkswagen\/"]}]},{"@type":"ImageObject","inLanguage":"fr-CA","@id":"https:\/\/news.canadamotorjobs.com\/fr\/la-penurie-de-puces-electroniques-va-se-poursuivre-jusquen-2024-selon-volkswagen\/#primaryimage","url":"https:\/\/news.canadamotorjobs.com\/wp-content\/uploads\/2022\/04\/logo-story-volkswagen-1.jpg","contentUrl":"https:\/\/news.canadamotorjobs.com\/wp-content\/uploads\/2022\/04\/logo-story-volkswagen-1.jpg","width":1280,"height":720},{"@type":"BreadcrumbList","@id":"https:\/\/news.canadamotorjobs.com\/fr\/la-penurie-de-puces-electroniques-va-se-poursuivre-jusquen-2024-selon-volkswagen\/#breadcrumb","itemListElement":[{"@type":"ListItem","position":1,"name":"Home","item":"https:\/\/news.canadamotorjobs.com\/fr\/blog\/"},{"@type":"ListItem","position":2,"name":"La p\u00e9nurie de puces \u00e9lectroniques va se poursuivre jusqu\u2019en 2024 selon Volkswagen"}]},{"@type":"WebSite","@id":"https:\/\/news.canadamotorjobs.com\/#website","url":"https:\/\/news.canadamotorjobs.com\/","name":"CanadaMotorJobs.com","description":"Automotive Jobs","publisher":{"@id":"https:\/\/news.canadamotorjobs.com\/#organization"},"potentialAction":[{"@type":"SearchAction","target":{"@type":"EntryPoint","urlTemplate":"https:\/\/news.canadamotorjobs.com\/?s={search_term_string}"},"query-input":"required name=search_term_string"}],"inLanguage":"fr-CA"},{"@type":"Organization","@id":"https:\/\/news.canadamotorjobs.com\/#organization","name":"Canada Motor Jobs","url":"https:\/\/news.canadamotorjobs.com\/","logo":{"@type":"ImageObject","inLanguage":"fr-CA","@id":"https:\/\/news.canadamotorjobs.com\/#\/schema\/logo\/image\/","url":"https:\/\/news.canadamotorjobs.com\/wp-content\/uploads\/2022\/10\/logo-canada-motor-jobs-1.png","contentUrl":"https:\/\/news.canadamotorjobs.com\/wp-content\/uploads\/2022\/10\/logo-canada-motor-jobs-1.png","width":800,"height":400,"caption":"Canada Motor Jobs"},"image":{"@id":"https:\/\/news.canadamotorjobs.com\/#\/schema\/logo\/image\/"},"sameAs":["https:\/\/www.facebook.com\/canadamotorjobs\/","https:\/\/x.com\/canadamotorjobs","https:\/\/www.instagram.com\/canadamotorjobs\/","https:\/\/www.linkedin.com\/company\/canadamotorjobs"]},{"@type":"Person","@id":"https:\/\/news.canadamotorjobs.com\/#\/schema\/person\/51793d1f87d44011d7bcc2ed99269a90","name":"Benoit Charette","image":{"@type":"ImageObject","inLanguage":"fr-CA","@id":"https:\/\/news.canadamotorjobs.com\/#\/schema\/person\/image\/","url":"https:\/\/secure.gravatar.com\/avatar\/45f3d2eebcccd909668d7ce7ea7267b6?s=96&d=mm&r=g","contentUrl":"https:\/\/secure.gravatar.com\/avatar\/45f3d2eebcccd909668d7ce7ea7267b6?s=96&d=mm&r=g","caption":"Benoit Charette"},"description":"Benoit Charette \/ Propri\u00e9taire et r\u00e9dacteur en chef Benoit Charette pratique le journalisme automobile depuis bient\u00f4t 30 ans. Il a fait ses classes au c\u00f4t\u00e9 de Daniel H\u00e9raud et au Carnet de route de 1992 \u00e0 2001. Il est fondateur, copropri\u00e9taire et r\u00e9dacteur en chef de L\u2019Annuel de l\u2019automobile, qu\u2019il publie depuis 2001. Il a anim\u00e9 les \u00e9missions RPM et RPM+ sur V et les L\u00e9gendes de la route sur Historia. \u00c0 la radio depuis 1986, il reprend l\u2019antenne cette ann\u00e9e sur les ondes de Cogeco et participe pour la deuxi\u00e8me ann\u00e9e \u00e0 l\u2019\u00e9mission Passion Auto sur RDS en plus de mettre en ligne le site Web officiel de L\u2019Annuel de l\u2019automobile sur annuelauto.ca.","sameAs":["https:\/\/annuelauto.ca\/"],"url":"https:\/\/news.canadamotorjobs.com\/fr\/author\/benoit-charette\/"}]}},"_links":{"self":[{"href":"https:\/\/news.canadamotorjobs.com\/fr\/wp-json\/wp\/v2\/posts\/39663"}],"collection":[{"href":"https:\/\/news.canadamotorjobs.com\/fr\/wp-json\/wp\/v2\/posts"}],"about":[{"href":"https:\/\/news.canadamotorjobs.com\/fr\/wp-json\/wp\/v2\/types\/post"}],"author":[{"embeddable":true,"href":"https:\/\/news.canadamotorjobs.com\/fr\/wp-json\/wp\/v2\/users\/8"}],"replies":[{"embeddable":true,"href":"https:\/\/news.canadamotorjobs.com\/fr\/wp-json\/wp\/v2\/comments?post=39663"}],"version-history":[{"count":0,"href":"https:\/\/news.canadamotorjobs.com\/fr\/wp-json\/wp\/v2\/posts\/39663\/revisions"}],"wp:featuredmedia":[{"embeddable":true,"href":"https:\/\/news.canadamotorjobs.com\/fr\/wp-json\/wp\/v2\/media\/39667"}],"wp:attachment":[{"href":"https:\/\/news.canadamotorjobs.com\/fr\/wp-json\/wp\/v2\/media?parent=39663"}],"wp:term":[{"taxonomy":"category","embeddable":true,"href":"https:\/\/news.canadamotorjobs.com\/fr\/wp-json\/wp\/v2\/categories?post=39663"},{"taxonomy":"post_tag","embeddable":true,"href":"https:\/\/news.canadamotorjobs.com\/fr\/wp-json\/wp\/v2\/tags?post=39663"}],"curies":[{"name":"wp","href":"https:\/\/api.w.org\/{rel}","templated":true}]}}