{"id":39639,"date":"2022-04-08T11:07:00","date_gmt":"2022-04-08T15:07:00","guid":{"rendered":"https:\/\/blog.canadamotorjobs.com\/toyota-prepare-une-supra-avec-un-moteur-de-bmw-m3\/"},"modified":"2022-04-08T11:13:55","modified_gmt":"2022-04-08T15:13:55","slug":"toyota-prepare-une-supra-avec-un-moteur-de-bmw-m3","status":"publish","type":"post","link":"https:\/\/news.canadamotorjobs.com\/fr\/toyota-prepare-une-supra-avec-un-moteur-de-bmw-m3\/","title":{"rendered":"Toyota pr\u00e9pare une Supra avec un moteur de BMW M3"},"content":{"rendered":"<\/p>\n<p>La nouvelle n\u2019est pas officielle, mais des rumeurs persistantes veulent que Toyota emprunte la m\u00e9canique de 532 chevaux de la M3 pour la glisser sous le capot d\u2019une version GRMN de la Supra d\u00e8s l\u2019an prochain.<br \/> Des informations provenant d\u2019un site japonais<br \/> C\u2019est le site Spyder 7 qui a fait cette annonce. Le nom GRMN signifie Gazoo Racing Master of the N\u00fcrburgring. Il s\u2019agit des versions extr\u00eames produites par la division Gazoo Racing qui est la branche performance chez Toyota. C\u2019est cette division qui est derri\u00e8re les mod\u00e8les comme l&#8217;actuelle GR Supra ainsi qu&#8217;\u00e0 la GR 86 et \u00e0 la GR Corolla annonc\u00e9e la semaine derni\u00e8re. Toyota a d\u00e9j\u00e0 utilis\u00e9 le logo GRMN sur une version de la Yaris GR vendu au Japon.<br \/> Un bond significatif de puissance<br \/> Ceux qui ont conduit une M3 savent \u00e0 quel point cette voiture a du caract\u00e8re. Une Supra \u00e9quip\u00e9e d\u2019un tel moteur ferait taire toutes les mauvaises langues. Les am\u00e9liorations apport\u00e9es \u00e0 la voiture pour l&#8217;aider \u00e0 g\u00e9rer la puissance suppl\u00e9mentaire comprennent une nouvelle \u00e9cope massive sur le capot et un pare-chocs qui est presque enti\u00e8rement constitu\u00e9 de prises d&#8217;air pour am\u00e9liorer le refroidissement. Des jupes lat\u00e9rales, un aileron arri\u00e8re massif et ce qui ressemble \u00e0 un toit en carbone dans le rendu de Spyder7 en feraient une voiture de performance s\u00e9rieuse.<br \/> Encore bien des \u00e9tapes \u00e0 franchir<br \/> Il faut d\u2019abord se demander si Toyota va construire cette voiture. Si oui, sera-t-elle vendue chez nous\u00a0? Avouez qu\u2019une Supra \u00e9quip\u00e9 d\u2019un tel moteur serait<\/p>\n","protected":false},"excerpt":{"rendered":"<p>La nouvelle n\u2019est pas officielle, mais des rumeurs persistantes veulent que Toyota emprunte la m\u00e9canique de 532 chevaux de la M3 pour la glisser sous le capot d\u2019une version GRMN de la Supra d\u00e8s l\u2019an prochain. Des informations provenant d\u2019un site japonais C\u2019est le site Spyder 7 qui a fait cette annonce. Le nom GRMN [&hellip;]<\/p>\n","protected":false},"author":8,"featured_media":39643,"comment_status":"close","ping_status":"closed","sticky":false,"template":"","format":"standard","meta":{"_monsterinsights_skip_tracking":false,"_monsterinsights_sitenote_active":false,"_monsterinsights_sitenote_note":"","_monsterinsights_sitenote_category":0,"footnotes":""},"categories":[101],"tags":[],"yoast_head":"<!-- This site is optimized with the Yoast SEO plugin v23.2 - https:\/\/yoast.com\/wordpress\/plugins\/seo\/ -->\n<title>Toyota pr\u00e9pare une Supra avec un moteur de BMW M3 - CanadaMotorJobs.com<\/title>\n<meta name=\"description\" content=\"Toyota pr\u00e9pare une Supra avec un moteur de BMW M3 - Benoit Charette - Annuel automobile - CanadaMotorJobs.com.\" \/>\n<meta name=\"robots\" content=\"index, follow, max-snippet:-1, max-image-preview:large, max-video-preview:-1\" \/>\n<meta property=\"og:locale\" content=\"fr_CA\" \/>\n<meta property=\"og:type\" content=\"article\" \/>\n<meta property=\"og:title\" content=\"Toyota pr\u00e9pare une Supra avec un moteur de BMW M3 - CanadaMotorJobs.com\" \/>\n<meta property=\"og:description\" content=\"Toyota pr\u00e9pare une Supra avec un moteur de BMW M3 - Benoit Charette - Annuel automobile - CanadaMotorJobs.com.\" \/>\n<meta property=\"og:url\" content=\"https:\/\/news.canadamotorjobs.com\/fr\/toyota-prepare-une-supra-avec-un-moteur-de-bmw-m3\/\" \/>\n<meta property=\"og:site_name\" content=\"CanadaMotorJobs.com\" \/>\n<meta property=\"article:publisher\" content=\"https:\/\/www.facebook.com\/canadamotorjobs\/\" \/>\n<meta property=\"article:published_time\" content=\"2022-04-08T15:07:00+00:00\" \/>\n<meta property=\"article:modified_time\" content=\"2022-04-08T15:13:55+00:00\" \/>\n<meta property=\"og:image\" content=\"https:\/\/news.canadamotorjobs.com\/wp-content\/uploads\/2022\/04\/2020-toyota-gr-supra-3000gt-concept-1.jpg\" \/>\n\t<meta property=\"og:image:width\" content=\"1920\" \/>\n\t<meta property=\"og:image:height\" content=\"1080\" \/>\n\t<meta property=\"og:image:type\" content=\"image\/jpeg\" \/>\n<meta name=\"author\" content=\"Benoit Charette\" \/>\n<meta name=\"twitter:card\" content=\"summary_large_image\" \/>\n<meta name=\"twitter:creator\" content=\"@canadamotorjobs\" \/>\n<meta name=\"twitter:site\" content=\"@canadamotorjobs\" \/>\n<meta name=\"twitter:label1\" content=\"\u00c9crit par\" \/>\n\t<meta name=\"twitter:data1\" content=\"Benoit Charette\" \/>\n\t<meta name=\"twitter:label2\" content=\"Estimation du temps de lecture\" \/>\n\t<meta name=\"twitter:data2\" content=\"1 minute\" \/>\n<!-- \/ Yoast SEO plugin. -->","yoast_head_json":{"title":"Toyota pr\u00e9pare une Supra avec un moteur de BMW M3 - CanadaMotorJobs.com","description":"Toyota pr\u00e9pare une Supra avec un moteur de BMW M3 - Benoit Charette - Annuel automobile - CanadaMotorJobs.com.","robots":{"index":"index","follow":"follow","max-snippet":"max-snippet:-1","max-image-preview":"max-image-preview:large","max-video-preview":"max-video-preview:-1"},"og_locale":"fr_CA","og_type":"article","og_title":"Toyota pr\u00e9pare une Supra avec un moteur de BMW M3 - CanadaMotorJobs.com","og_description":"Toyota pr\u00e9pare une Supra avec un moteur de BMW M3 - Benoit Charette - Annuel automobile - CanadaMotorJobs.com.","og_url":"https:\/\/news.canadamotorjobs.com\/fr\/toyota-prepare-une-supra-avec-un-moteur-de-bmw-m3\/","og_site_name":"CanadaMotorJobs.com","article_publisher":"https:\/\/www.facebook.com\/canadamotorjobs\/","article_published_time":"2022-04-08T15:07:00+00:00","article_modified_time":"2022-04-08T15:13:55+00:00","og_image":[{"width":1920,"height":1080,"url":"https:\/\/news.canadamotorjobs.com\/wp-content\/uploads\/2022\/04\/2020-toyota-gr-supra-3000gt-concept-1.jpg","type":"image\/jpeg"}],"author":"Benoit Charette","twitter_card":"summary_large_image","twitter_creator":"@canadamotorjobs","twitter_site":"@canadamotorjobs","twitter_misc":{"\u00c9crit par":"Benoit Charette","Estimation du temps de lecture":"1 minute"},"schema":{"@context":"https:\/\/schema.org","@graph":[{"@type":"Article","@id":"https:\/\/news.canadamotorjobs.com\/fr\/toyota-prepare-une-supra-avec-un-moteur-de-bmw-m3\/#article","isPartOf":{"@id":"https:\/\/news.canadamotorjobs.com\/fr\/toyota-prepare-une-supra-avec-un-moteur-de-bmw-m3\/"},"author":{"name":"Benoit Charette","@id":"https:\/\/news.canadamotorjobs.com\/#\/schema\/person\/51793d1f87d44011d7bcc2ed99269a90"},"headline":"Toyota pr\u00e9pare une Supra avec un moteur de BMW M3","datePublished":"2022-04-08T15:07:00+00:00","dateModified":"2022-04-08T15:13:55+00:00","mainEntityOfPage":{"@id":"https:\/\/news.canadamotorjobs.com\/fr\/toyota-prepare-une-supra-avec-un-moteur-de-bmw-m3\/"},"wordCount":286,"publisher":{"@id":"https:\/\/news.canadamotorjobs.com\/#organization"},"image":{"@id":"https:\/\/news.canadamotorjobs.com\/fr\/toyota-prepare-une-supra-avec-un-moteur-de-bmw-m3\/#primaryimage"},"thumbnailUrl":"https:\/\/news.canadamotorjobs.com\/wp-content\/uploads\/2022\/04\/2020-toyota-gr-supra-3000gt-concept-1.jpg","articleSection":["Annuel automobile"],"inLanguage":"fr-CA"},{"@type":"WebPage","@id":"https:\/\/news.canadamotorjobs.com\/fr\/toyota-prepare-une-supra-avec-un-moteur-de-bmw-m3\/","url":"https:\/\/news.canadamotorjobs.com\/fr\/toyota-prepare-une-supra-avec-un-moteur-de-bmw-m3\/","name":"Toyota pr\u00e9pare une Supra avec un moteur de BMW M3 - CanadaMotorJobs.com","isPartOf":{"@id":"https:\/\/news.canadamotorjobs.com\/#website"},"primaryImageOfPage":{"@id":"https:\/\/news.canadamotorjobs.com\/fr\/toyota-prepare-une-supra-avec-un-moteur-de-bmw-m3\/#primaryimage"},"image":{"@id":"https:\/\/news.canadamotorjobs.com\/fr\/toyota-prepare-une-supra-avec-un-moteur-de-bmw-m3\/#primaryimage"},"thumbnailUrl":"https:\/\/news.canadamotorjobs.com\/wp-content\/uploads\/2022\/04\/2020-toyota-gr-supra-3000gt-concept-1.jpg","datePublished":"2022-04-08T15:07:00+00:00","dateModified":"2022-04-08T15:13:55+00:00","description":"Toyota pr\u00e9pare une Supra avec un moteur de BMW M3 - Benoit Charette - Annuel automobile - CanadaMotorJobs.com.","breadcrumb":{"@id":"https:\/\/news.canadamotorjobs.com\/fr\/toyota-prepare-une-supra-avec-un-moteur-de-bmw-m3\/#breadcrumb"},"inLanguage":"fr-CA","potentialAction":[{"@type":"ReadAction","target":["https:\/\/news.canadamotorjobs.com\/fr\/toyota-prepare-une-supra-avec-un-moteur-de-bmw-m3\/"]}]},{"@type":"ImageObject","inLanguage":"fr-CA","@id":"https:\/\/news.canadamotorjobs.com\/fr\/toyota-prepare-une-supra-avec-un-moteur-de-bmw-m3\/#primaryimage","url":"https:\/\/news.canadamotorjobs.com\/wp-content\/uploads\/2022\/04\/2020-toyota-gr-supra-3000gt-concept-1.jpg","contentUrl":"https:\/\/news.canadamotorjobs.com\/wp-content\/uploads\/2022\/04\/2020-toyota-gr-supra-3000gt-concept-1.jpg","width":1920,"height":1080},{"@type":"BreadcrumbList","@id":"https:\/\/news.canadamotorjobs.com\/fr\/toyota-prepare-une-supra-avec-un-moteur-de-bmw-m3\/#breadcrumb","itemListElement":[{"@type":"ListItem","position":1,"name":"Home","item":"https:\/\/news.canadamotorjobs.com\/fr\/blog\/"},{"@type":"ListItem","position":2,"name":"Toyota pr\u00e9pare une Supra avec un moteur de BMW M3"}]},{"@type":"WebSite","@id":"https:\/\/news.canadamotorjobs.com\/#website","url":"https:\/\/news.canadamotorjobs.com\/","name":"CanadaMotorJobs.com","description":"Automotive Jobs","publisher":{"@id":"https:\/\/news.canadamotorjobs.com\/#organization"},"potentialAction":[{"@type":"SearchAction","target":{"@type":"EntryPoint","urlTemplate":"https:\/\/news.canadamotorjobs.com\/?s={search_term_string}"},"query-input":"required name=search_term_string"}],"inLanguage":"fr-CA"},{"@type":"Organization","@id":"https:\/\/news.canadamotorjobs.com\/#organization","name":"Canada Motor Jobs","url":"https:\/\/news.canadamotorjobs.com\/","logo":{"@type":"ImageObject","inLanguage":"fr-CA","@id":"https:\/\/news.canadamotorjobs.com\/#\/schema\/logo\/image\/","url":"https:\/\/news.canadamotorjobs.com\/wp-content\/uploads\/2022\/10\/logo-canada-motor-jobs-1.png","contentUrl":"https:\/\/news.canadamotorjobs.com\/wp-content\/uploads\/2022\/10\/logo-canada-motor-jobs-1.png","width":800,"height":400,"caption":"Canada Motor Jobs"},"image":{"@id":"https:\/\/news.canadamotorjobs.com\/#\/schema\/logo\/image\/"},"sameAs":["https:\/\/www.facebook.com\/canadamotorjobs\/","https:\/\/x.com\/canadamotorjobs","https:\/\/www.instagram.com\/canadamotorjobs\/","https:\/\/www.linkedin.com\/company\/canadamotorjobs"]},{"@type":"Person","@id":"https:\/\/news.canadamotorjobs.com\/#\/schema\/person\/51793d1f87d44011d7bcc2ed99269a90","name":"Benoit Charette","image":{"@type":"ImageObject","inLanguage":"fr-CA","@id":"https:\/\/news.canadamotorjobs.com\/#\/schema\/person\/image\/","url":"https:\/\/secure.gravatar.com\/avatar\/45f3d2eebcccd909668d7ce7ea7267b6?s=96&d=mm&r=g","contentUrl":"https:\/\/secure.gravatar.com\/avatar\/45f3d2eebcccd909668d7ce7ea7267b6?s=96&d=mm&r=g","caption":"Benoit Charette"},"description":"Benoit Charette \/ Propri\u00e9taire et r\u00e9dacteur en chef Benoit Charette pratique le journalisme automobile depuis bient\u00f4t 30 ans. Il a fait ses classes au c\u00f4t\u00e9 de Daniel H\u00e9raud et au Carnet de route de 1992 \u00e0 2001. Il est fondateur, copropri\u00e9taire et r\u00e9dacteur en chef de L\u2019Annuel de l\u2019automobile, qu\u2019il publie depuis 2001. Il a anim\u00e9 les \u00e9missions RPM et RPM+ sur V et les L\u00e9gendes de la route sur Historia. \u00c0 la radio depuis 1986, il reprend l\u2019antenne cette ann\u00e9e sur les ondes de Cogeco et participe pour la deuxi\u00e8me ann\u00e9e \u00e0 l\u2019\u00e9mission Passion Auto sur RDS en plus de mettre en ligne le site Web officiel de L\u2019Annuel de l\u2019automobile sur annuelauto.ca.","sameAs":["https:\/\/annuelauto.ca\/"],"url":"https:\/\/news.canadamotorjobs.com\/fr\/author\/benoit-charette\/"}]}},"_links":{"self":[{"href":"https:\/\/news.canadamotorjobs.com\/fr\/wp-json\/wp\/v2\/posts\/39639"}],"collection":[{"href":"https:\/\/news.canadamotorjobs.com\/fr\/wp-json\/wp\/v2\/posts"}],"about":[{"href":"https:\/\/news.canadamotorjobs.com\/fr\/wp-json\/wp\/v2\/types\/post"}],"author":[{"embeddable":true,"href":"https:\/\/news.canadamotorjobs.com\/fr\/wp-json\/wp\/v2\/users\/8"}],"replies":[{"embeddable":true,"href":"https:\/\/news.canadamotorjobs.com\/fr\/wp-json\/wp\/v2\/comments?post=39639"}],"version-history":[{"count":0,"href":"https:\/\/news.canadamotorjobs.com\/fr\/wp-json\/wp\/v2\/posts\/39639\/revisions"}],"wp:featuredmedia":[{"embeddable":true,"href":"https:\/\/news.canadamotorjobs.com\/fr\/wp-json\/wp\/v2\/media\/39643"}],"wp:attachment":[{"href":"https:\/\/news.canadamotorjobs.com\/fr\/wp-json\/wp\/v2\/media?parent=39639"}],"wp:term":[{"taxonomy":"category","embeddable":true,"href":"https:\/\/news.canadamotorjobs.com\/fr\/wp-json\/wp\/v2\/categories?post=39639"},{"taxonomy":"post_tag","embeddable":true,"href":"https:\/\/news.canadamotorjobs.com\/fr\/wp-json\/wp\/v2\/tags?post=39639"}],"curies":[{"name":"wp","href":"https:\/\/api.w.org\/{rel}","templated":true}]}}