{"id":39611,"date":"2022-04-06T17:58:19","date_gmt":"2022-04-06T21:58:19","guid":{"rendered":"https:\/\/blog.canadamotorjobs.com\/volvo-porsche-et-bmw-veulent-cesser-dutiliser-la-fibre-de-carbone\/"},"modified":"2022-04-07T09:46:33","modified_gmt":"2022-04-07T13:46:33","slug":"volvo-porsche-et-bmw-veulent-cesser-dutiliser-la-fibre-de-carbone","status":"publish","type":"post","link":"https:\/\/news.canadamotorjobs.com\/fr\/volvo-porsche-et-bmw-veulent-cesser-dutiliser-la-fibre-de-carbone\/","title":{"rendered":"Volvo, Porsche, et BMW veulent cesser d\u2019utiliser la fibre de carbone"},"content":{"rendered":"<\/p>\n<p>Ceux qui connaissent le milieu automobile savent que la fibre de carbone est depuis longtemps la solution de choix pour augmenter la rigidit\u00e9 et la r\u00e9sistance tout en minimisant les gains de poids sur un v\u00e9hicule. Son probl\u00e8me majeur est le prix qui est exorbitant. BMW utilise d\u00e9j\u00e0 depuis des ann\u00e9es un m\u00e9lange de plastique et de fibre de carbone pour diminuer les co\u00fbts. Porsche exp\u00e9rimente depuis l\u2019an dernier les fibres de lin tout comme Polestar. Ce mat\u00e9riau se nomme l\u2019Amplitex.<br \/> Le lin et la r\u00e9sine qui font bon m\u00e9nage<br \/> Bcomp est une compagnie suisse et un \u00ableader\u00bb dans ce domaine et affirme que son mat\u00e9riau ampliTex est l&#8217;avenir des voitures l\u00e9g\u00e8res. Il s\u2019agit d\u2019une combinaison de fibres de lin et de r\u00e9sine \u00e9poxy qui, \u00e0 l\u2019instar de la fibre de carbone, peut prendre diff\u00e9rentes formes et \u00e9paisseurs selon l\u2019application recherch\u00e9e. Nous ne sommes pas encore aux applications grand public de ce mat\u00e9riau de pointe, toutefois Bcomp vient d&#8217;annoncer qu&#8217;elle a achev\u00e9 un tour d&#8217;investissement qui a attir\u00e9 des engagements de soci\u00e9t\u00e9s telles que Volvo et Porsche, et m\u00eame BMW.<br \/> Aussi efficace et plus abordable que la fibre de carbone<br \/> En fait, BMW utilise le mat\u00e9riau ampliTex et les technologies powerRibs de Bcomp dans ses voitures de course depuis 2019. La Cayman GT4 CS MR de Porsche a \u00e9t\u00e9 une autre voiture de piste allemande \u00e0 en b\u00e9n\u00e9ficier, mais le constructeur automobile bas\u00e9 \u00e0 Stuttgart a \u00e9galement mis en \u0153uvre certains des produits de Bcomp dans le concept Mission R.<\/p>\n","protected":false},"excerpt":{"rendered":"<p>Ceux qui connaissent le milieu automobile savent que la fibre de carbone est depuis longtemps la solution de choix pour augmenter la rigidit\u00e9 et la r\u00e9sistance tout en minimisant les gains de poids sur un v\u00e9hicule. Son probl\u00e8me majeur est le prix qui est exorbitant. BMW utilise d\u00e9j\u00e0 depuis des ann\u00e9es un m\u00e9lange de plastique [&hellip;]<\/p>\n","protected":false},"author":8,"featured_media":39615,"comment_status":"close","ping_status":"closed","sticky":false,"template":"","format":"standard","meta":{"_monsterinsights_skip_tracking":false,"_monsterinsights_sitenote_active":false,"_monsterinsights_sitenote_note":"","_monsterinsights_sitenote_category":0,"footnotes":""},"categories":[101],"tags":[],"yoast_head":"<!-- This site is optimized with the Yoast SEO plugin v23.2 - https:\/\/yoast.com\/wordpress\/plugins\/seo\/ -->\n<title>Volvo, Porsche, et BMW veulent cesser d\u2019utiliser la fibre de carbone - CanadaMotorJobs.com<\/title>\n<meta name=\"description\" content=\"Volvo, Porsche, et BMW veulent cesser d\u2019utiliser la fibre de carbone - Benoit Charette - Annuel automobile - CanadaMotorJobs.com.\" \/>\n<meta name=\"robots\" content=\"index, follow, max-snippet:-1, max-image-preview:large, max-video-preview:-1\" \/>\n<meta property=\"og:locale\" content=\"fr_CA\" \/>\n<meta property=\"og:type\" content=\"article\" \/>\n<meta property=\"og:title\" content=\"Volvo, Porsche, et BMW veulent cesser d\u2019utiliser la fibre de carbone - CanadaMotorJobs.com\" \/>\n<meta property=\"og:description\" content=\"Volvo, Porsche, et BMW veulent cesser d\u2019utiliser la fibre de carbone - Benoit Charette - Annuel automobile - CanadaMotorJobs.com.\" \/>\n<meta property=\"og:url\" content=\"https:\/\/news.canadamotorjobs.com\/fr\/volvo-porsche-et-bmw-veulent-cesser-dutiliser-la-fibre-de-carbone\/\" \/>\n<meta property=\"og:site_name\" content=\"CanadaMotorJobs.com\" \/>\n<meta property=\"article:publisher\" content=\"https:\/\/www.facebook.com\/canadamotorjobs\/\" \/>\n<meta property=\"article:published_time\" content=\"2022-04-06T21:58:19+00:00\" \/>\n<meta property=\"article:modified_time\" content=\"2022-04-07T13:46:33+00:00\" \/>\n<meta property=\"og:image\" content=\"https:\/\/news.canadamotorjobs.com\/wp-content\/uploads\/2022\/04\/Amplitex-Porsche-rear-1.jpg\" \/>\n\t<meta property=\"og:image:width\" content=\"1422\" \/>\n\t<meta property=\"og:image:height\" content=\"904\" \/>\n\t<meta property=\"og:image:type\" content=\"image\/jpeg\" \/>\n<meta name=\"author\" content=\"Benoit Charette\" \/>\n<meta name=\"twitter:card\" content=\"summary_large_image\" \/>\n<meta name=\"twitter:creator\" content=\"@canadamotorjobs\" \/>\n<meta name=\"twitter:site\" content=\"@canadamotorjobs\" \/>\n<meta name=\"twitter:label1\" content=\"\u00c9crit par\" \/>\n\t<meta name=\"twitter:data1\" content=\"Benoit Charette\" \/>\n\t<meta name=\"twitter:label2\" content=\"Estimation du temps de lecture\" \/>\n\t<meta name=\"twitter:data2\" content=\"1 minute\" \/>\n<!-- \/ Yoast SEO plugin. -->","yoast_head_json":{"title":"Volvo, Porsche, et BMW veulent cesser d\u2019utiliser la fibre de carbone - CanadaMotorJobs.com","description":"Volvo, Porsche, et BMW veulent cesser d\u2019utiliser la fibre de carbone - Benoit Charette - Annuel automobile - CanadaMotorJobs.com.","robots":{"index":"index","follow":"follow","max-snippet":"max-snippet:-1","max-image-preview":"max-image-preview:large","max-video-preview":"max-video-preview:-1"},"og_locale":"fr_CA","og_type":"article","og_title":"Volvo, Porsche, et BMW veulent cesser d\u2019utiliser la fibre de carbone - CanadaMotorJobs.com","og_description":"Volvo, Porsche, et BMW veulent cesser d\u2019utiliser la fibre de carbone - Benoit Charette - Annuel automobile - CanadaMotorJobs.com.","og_url":"https:\/\/news.canadamotorjobs.com\/fr\/volvo-porsche-et-bmw-veulent-cesser-dutiliser-la-fibre-de-carbone\/","og_site_name":"CanadaMotorJobs.com","article_publisher":"https:\/\/www.facebook.com\/canadamotorjobs\/","article_published_time":"2022-04-06T21:58:19+00:00","article_modified_time":"2022-04-07T13:46:33+00:00","og_image":[{"width":1422,"height":904,"url":"https:\/\/news.canadamotorjobs.com\/wp-content\/uploads\/2022\/04\/Amplitex-Porsche-rear-1.jpg","type":"image\/jpeg"}],"author":"Benoit Charette","twitter_card":"summary_large_image","twitter_creator":"@canadamotorjobs","twitter_site":"@canadamotorjobs","twitter_misc":{"\u00c9crit par":"Benoit Charette","Estimation du temps de lecture":"1 minute"},"schema":{"@context":"https:\/\/schema.org","@graph":[{"@type":"Article","@id":"https:\/\/news.canadamotorjobs.com\/fr\/volvo-porsche-et-bmw-veulent-cesser-dutiliser-la-fibre-de-carbone\/#article","isPartOf":{"@id":"https:\/\/news.canadamotorjobs.com\/fr\/volvo-porsche-et-bmw-veulent-cesser-dutiliser-la-fibre-de-carbone\/"},"author":{"name":"Benoit Charette","@id":"https:\/\/news.canadamotorjobs.com\/#\/schema\/person\/51793d1f87d44011d7bcc2ed99269a90"},"headline":"Volvo, Porsche, et BMW veulent cesser d\u2019utiliser la fibre de carbone","datePublished":"2022-04-06T21:58:19+00:00","dateModified":"2022-04-07T13:46:33+00:00","mainEntityOfPage":{"@id":"https:\/\/news.canadamotorjobs.com\/fr\/volvo-porsche-et-bmw-veulent-cesser-dutiliser-la-fibre-de-carbone\/"},"wordCount":292,"publisher":{"@id":"https:\/\/news.canadamotorjobs.com\/#organization"},"image":{"@id":"https:\/\/news.canadamotorjobs.com\/fr\/volvo-porsche-et-bmw-veulent-cesser-dutiliser-la-fibre-de-carbone\/#primaryimage"},"thumbnailUrl":"https:\/\/news.canadamotorjobs.com\/wp-content\/uploads\/2022\/04\/Amplitex-Porsche-rear-1.jpg","articleSection":["Annuel automobile"],"inLanguage":"fr-CA"},{"@type":"WebPage","@id":"https:\/\/news.canadamotorjobs.com\/fr\/volvo-porsche-et-bmw-veulent-cesser-dutiliser-la-fibre-de-carbone\/","url":"https:\/\/news.canadamotorjobs.com\/fr\/volvo-porsche-et-bmw-veulent-cesser-dutiliser-la-fibre-de-carbone\/","name":"Volvo, Porsche, et BMW veulent cesser d\u2019utiliser la fibre de carbone - CanadaMotorJobs.com","isPartOf":{"@id":"https:\/\/news.canadamotorjobs.com\/#website"},"primaryImageOfPage":{"@id":"https:\/\/news.canadamotorjobs.com\/fr\/volvo-porsche-et-bmw-veulent-cesser-dutiliser-la-fibre-de-carbone\/#primaryimage"},"image":{"@id":"https:\/\/news.canadamotorjobs.com\/fr\/volvo-porsche-et-bmw-veulent-cesser-dutiliser-la-fibre-de-carbone\/#primaryimage"},"thumbnailUrl":"https:\/\/news.canadamotorjobs.com\/wp-content\/uploads\/2022\/04\/Amplitex-Porsche-rear-1.jpg","datePublished":"2022-04-06T21:58:19+00:00","dateModified":"2022-04-07T13:46:33+00:00","description":"Volvo, Porsche, et BMW veulent cesser d\u2019utiliser la fibre de carbone - Benoit Charette - Annuel automobile - CanadaMotorJobs.com.","breadcrumb":{"@id":"https:\/\/news.canadamotorjobs.com\/fr\/volvo-porsche-et-bmw-veulent-cesser-dutiliser-la-fibre-de-carbone\/#breadcrumb"},"inLanguage":"fr-CA","potentialAction":[{"@type":"ReadAction","target":["https:\/\/news.canadamotorjobs.com\/fr\/volvo-porsche-et-bmw-veulent-cesser-dutiliser-la-fibre-de-carbone\/"]}]},{"@type":"ImageObject","inLanguage":"fr-CA","@id":"https:\/\/news.canadamotorjobs.com\/fr\/volvo-porsche-et-bmw-veulent-cesser-dutiliser-la-fibre-de-carbone\/#primaryimage","url":"https:\/\/news.canadamotorjobs.com\/wp-content\/uploads\/2022\/04\/Amplitex-Porsche-rear-1.jpg","contentUrl":"https:\/\/news.canadamotorjobs.com\/wp-content\/uploads\/2022\/04\/Amplitex-Porsche-rear-1.jpg","width":1422,"height":904},{"@type":"BreadcrumbList","@id":"https:\/\/news.canadamotorjobs.com\/fr\/volvo-porsche-et-bmw-veulent-cesser-dutiliser-la-fibre-de-carbone\/#breadcrumb","itemListElement":[{"@type":"ListItem","position":1,"name":"Home","item":"https:\/\/news.canadamotorjobs.com\/fr\/blog\/"},{"@type":"ListItem","position":2,"name":"Volvo, Porsche, et BMW veulent cesser d\u2019utiliser la fibre de carbone"}]},{"@type":"WebSite","@id":"https:\/\/news.canadamotorjobs.com\/#website","url":"https:\/\/news.canadamotorjobs.com\/","name":"CanadaMotorJobs.com","description":"Automotive Jobs","publisher":{"@id":"https:\/\/news.canadamotorjobs.com\/#organization"},"potentialAction":[{"@type":"SearchAction","target":{"@type":"EntryPoint","urlTemplate":"https:\/\/news.canadamotorjobs.com\/?s={search_term_string}"},"query-input":"required name=search_term_string"}],"inLanguage":"fr-CA"},{"@type":"Organization","@id":"https:\/\/news.canadamotorjobs.com\/#organization","name":"Canada Motor Jobs","url":"https:\/\/news.canadamotorjobs.com\/","logo":{"@type":"ImageObject","inLanguage":"fr-CA","@id":"https:\/\/news.canadamotorjobs.com\/#\/schema\/logo\/image\/","url":"https:\/\/news.canadamotorjobs.com\/wp-content\/uploads\/2022\/10\/logo-canada-motor-jobs-1.png","contentUrl":"https:\/\/news.canadamotorjobs.com\/wp-content\/uploads\/2022\/10\/logo-canada-motor-jobs-1.png","width":800,"height":400,"caption":"Canada Motor Jobs"},"image":{"@id":"https:\/\/news.canadamotorjobs.com\/#\/schema\/logo\/image\/"},"sameAs":["https:\/\/www.facebook.com\/canadamotorjobs\/","https:\/\/x.com\/canadamotorjobs","https:\/\/www.instagram.com\/canadamotorjobs\/","https:\/\/www.linkedin.com\/company\/canadamotorjobs"]},{"@type":"Person","@id":"https:\/\/news.canadamotorjobs.com\/#\/schema\/person\/51793d1f87d44011d7bcc2ed99269a90","name":"Benoit Charette","image":{"@type":"ImageObject","inLanguage":"fr-CA","@id":"https:\/\/news.canadamotorjobs.com\/#\/schema\/person\/image\/","url":"https:\/\/secure.gravatar.com\/avatar\/45f3d2eebcccd909668d7ce7ea7267b6?s=96&d=mm&r=g","contentUrl":"https:\/\/secure.gravatar.com\/avatar\/45f3d2eebcccd909668d7ce7ea7267b6?s=96&d=mm&r=g","caption":"Benoit Charette"},"description":"Benoit Charette \/ Propri\u00e9taire et r\u00e9dacteur en chef Benoit Charette pratique le journalisme automobile depuis bient\u00f4t 30 ans. Il a fait ses classes au c\u00f4t\u00e9 de Daniel H\u00e9raud et au Carnet de route de 1992 \u00e0 2001. Il est fondateur, copropri\u00e9taire et r\u00e9dacteur en chef de L\u2019Annuel de l\u2019automobile, qu\u2019il publie depuis 2001. Il a anim\u00e9 les \u00e9missions RPM et RPM+ sur V et les L\u00e9gendes de la route sur Historia. \u00c0 la radio depuis 1986, il reprend l\u2019antenne cette ann\u00e9e sur les ondes de Cogeco et participe pour la deuxi\u00e8me ann\u00e9e \u00e0 l\u2019\u00e9mission Passion Auto sur RDS en plus de mettre en ligne le site Web officiel de L\u2019Annuel de l\u2019automobile sur annuelauto.ca.","sameAs":["https:\/\/annuelauto.ca\/"],"url":"https:\/\/news.canadamotorjobs.com\/fr\/author\/benoit-charette\/"}]}},"_links":{"self":[{"href":"https:\/\/news.canadamotorjobs.com\/fr\/wp-json\/wp\/v2\/posts\/39611"}],"collection":[{"href":"https:\/\/news.canadamotorjobs.com\/fr\/wp-json\/wp\/v2\/posts"}],"about":[{"href":"https:\/\/news.canadamotorjobs.com\/fr\/wp-json\/wp\/v2\/types\/post"}],"author":[{"embeddable":true,"href":"https:\/\/news.canadamotorjobs.com\/fr\/wp-json\/wp\/v2\/users\/8"}],"replies":[{"embeddable":true,"href":"https:\/\/news.canadamotorjobs.com\/fr\/wp-json\/wp\/v2\/comments?post=39611"}],"version-history":[{"count":0,"href":"https:\/\/news.canadamotorjobs.com\/fr\/wp-json\/wp\/v2\/posts\/39611\/revisions"}],"wp:featuredmedia":[{"embeddable":true,"href":"https:\/\/news.canadamotorjobs.com\/fr\/wp-json\/wp\/v2\/media\/39615"}],"wp:attachment":[{"href":"https:\/\/news.canadamotorjobs.com\/fr\/wp-json\/wp\/v2\/media?parent=39611"}],"wp:term":[{"taxonomy":"category","embeddable":true,"href":"https:\/\/news.canadamotorjobs.com\/fr\/wp-json\/wp\/v2\/categories?post=39611"},{"taxonomy":"post_tag","embeddable":true,"href":"https:\/\/news.canadamotorjobs.com\/fr\/wp-json\/wp\/v2\/tags?post=39611"}],"curies":[{"name":"wp","href":"https:\/\/api.w.org\/{rel}","templated":true}]}}