{"id":39595,"date":"2022-04-06T10:24:41","date_gmt":"2022-04-06T14:24:41","guid":{"rendered":"https:\/\/blog.canadamotorjobs.com\/le-lancement-du-nissan-ariya-repousse-a-lautomne\/"},"modified":"2022-04-07T09:46:25","modified_gmt":"2022-04-07T13:46:25","slug":"le-lancement-du-nissan-ariya-repousse-a-lautomne","status":"publish","type":"post","link":"https:\/\/news.canadamotorjobs.com\/fr\/le-lancement-du-nissan-ariya-repousse-a-lautomne\/","title":{"rendered":"Le lancement du Nissan Ariya repouss\u00e9 \u00e0 l\u2019automne"},"content":{"rendered":"<\/p>\n<p>Le Nissan Ariya a \u00e9t\u00e9 d\u00e9voil\u00e9 pour la premi\u00e8re fois au Salon de l\u2019auto de Los Angeles en 2019. Il devait prendre la route en 2021. La COVID est arriv\u00e9e en 2020 et depuis toujours rien.\u00a0 Le Nissan Ariya devait \u00eatre le fer de lance dans la nouvelle gamme de v\u00e9hicules \u00e9lectriques. Il fait partie des 23 milliards de dollars US que Nissan a d\u00e9pens\u00e9s pour l\u2019\u00e9lectrification de sa gamme. Nissan a publi\u00e9 un communiqu\u00e9 en d\u00e9but de semaine indiquant que la date de lancement du VUS \u00e9lectrique Ariya devra \u00eatre repouss\u00e9e en raison de la p\u00e9nurie internationale de semi-conducteurs et de la pression g\u00e9n\u00e9rale sur les cha\u00eenes d&#8217;approvisionnement mondiales.<\/p>\n<p> Au Japon en mai, ensuite l\u2019Europe et l\u2019Am\u00e9rique du Nord.<\/p>\n<p> L&#8217;Ariya devait \u00eatre commercialis\u00e9 au Japon fin mars, voit sa date repouss\u00e9e au 12 mai. Cette d\u00e9cision intervient apr\u00e8s que l&#8217;Ariya ait \u00e9t\u00e9 repouss\u00e9e de mani\u00e8re encore plus significative par rapport \u00e0 son lancement initial pr\u00e9vu pour la mi-2021. Cette date a \u00e9t\u00e9 abandonn\u00e9e en raison de probl\u00e8mes de cha\u00eene d&#8217;approvisionnement li\u00e9s \u00e0 COVID. La nouvelle date report\u00e9e signifie que l&#8217;Europe ne verra les ventes de la nouvelle Ariya commencer qu&#8217;en \u00e9t\u00e9, tandis que les clients am\u00e9ricains ne pourront acheter une nouvelle Ariya qu&#8217;\u00e0 l&#8217;automne.<\/p>\n<p> Moderne et technologique<\/p>\n<p> L&#8217;Ariya est dot\u00e9e d&#8217;une nouvelle calandre au motif 3D, \u00e9clair\u00e9e par 20 lampes \u00e0 DEL, et roule sur des roues de 19 ou 20 pouces. L&#8217;int\u00e9rieur comprend deux grands \u00e9crans de 12,3 pouces pour le tableau de bord<\/p>\n","protected":false},"excerpt":{"rendered":"<p>Le Nissan Ariya a \u00e9t\u00e9 d\u00e9voil\u00e9 pour la premi\u00e8re fois au Salon de l\u2019auto de Los Angeles en 2019. Il devait prendre la route en 2021. La COVID est arriv\u00e9e en 2020 et depuis toujours rien.\u00a0 Le Nissan Ariya devait \u00eatre le fer de lance dans la nouvelle gamme de v\u00e9hicules \u00e9lectriques. Il fait partie [&hellip;]<\/p>\n","protected":false},"author":8,"featured_media":39599,"comment_status":"close","ping_status":"closed","sticky":false,"template":"","format":"standard","meta":{"_monsterinsights_skip_tracking":false,"_monsterinsights_sitenote_active":false,"_monsterinsights_sitenote_note":"","_monsterinsights_sitenote_category":0,"footnotes":""},"categories":[101],"tags":[],"yoast_head":"<!-- This site is optimized with the Yoast SEO plugin v23.2 - https:\/\/yoast.com\/wordpress\/plugins\/seo\/ -->\n<title>Le lancement du Nissan Ariya repouss\u00e9 \u00e0 l\u2019automne - CanadaMotorJobs.com<\/title>\n<meta name=\"description\" content=\"Le lancement du Nissan Ariya repouss\u00e9 \u00e0 l\u2019automne - Benoit Charette - Annuel automobile - CanadaMotorJobs.com.\" \/>\n<meta name=\"robots\" content=\"index, follow, max-snippet:-1, max-image-preview:large, max-video-preview:-1\" \/>\n<meta property=\"og:locale\" content=\"fr_CA\" \/>\n<meta property=\"og:type\" content=\"article\" \/>\n<meta property=\"og:title\" content=\"Le lancement du Nissan Ariya repouss\u00e9 \u00e0 l\u2019automne - CanadaMotorJobs.com\" \/>\n<meta property=\"og:description\" content=\"Le lancement du Nissan Ariya repouss\u00e9 \u00e0 l\u2019automne - Benoit Charette - Annuel automobile - CanadaMotorJobs.com.\" \/>\n<meta property=\"og:url\" content=\"https:\/\/news.canadamotorjobs.com\/fr\/le-lancement-du-nissan-ariya-repousse-a-lautomne\/\" \/>\n<meta property=\"og:site_name\" content=\"CanadaMotorJobs.com\" \/>\n<meta property=\"article:publisher\" content=\"https:\/\/www.facebook.com\/canadamotorjobs\/\" \/>\n<meta property=\"article:published_time\" content=\"2022-04-06T14:24:41+00:00\" \/>\n<meta property=\"article:modified_time\" content=\"2022-04-07T13:46:25+00:00\" \/>\n<meta property=\"og:image\" content=\"https:\/\/news.canadamotorjobs.com\/wp-content\/uploads\/2022\/04\/Nissan-Ariya-front-quarter_1-1200x800-1-1.jpg\" \/>\n\t<meta property=\"og:image:width\" content=\"1200\" \/>\n\t<meta property=\"og:image:height\" content=\"800\" \/>\n\t<meta property=\"og:image:type\" content=\"image\/jpeg\" \/>\n<meta name=\"author\" content=\"Benoit Charette\" \/>\n<meta name=\"twitter:card\" content=\"summary_large_image\" \/>\n<meta name=\"twitter:creator\" content=\"@canadamotorjobs\" \/>\n<meta name=\"twitter:site\" content=\"@canadamotorjobs\" \/>\n<meta name=\"twitter:label1\" content=\"\u00c9crit par\" \/>\n\t<meta name=\"twitter:data1\" content=\"Benoit Charette\" \/>\n\t<meta name=\"twitter:label2\" content=\"Estimation du temps de lecture\" \/>\n\t<meta name=\"twitter:data2\" content=\"1 minute\" \/>\n<!-- \/ Yoast SEO plugin. -->","yoast_head_json":{"title":"Le lancement du Nissan Ariya repouss\u00e9 \u00e0 l\u2019automne - CanadaMotorJobs.com","description":"Le lancement du Nissan Ariya repouss\u00e9 \u00e0 l\u2019automne - Benoit Charette - Annuel automobile - CanadaMotorJobs.com.","robots":{"index":"index","follow":"follow","max-snippet":"max-snippet:-1","max-image-preview":"max-image-preview:large","max-video-preview":"max-video-preview:-1"},"og_locale":"fr_CA","og_type":"article","og_title":"Le lancement du Nissan Ariya repouss\u00e9 \u00e0 l\u2019automne - CanadaMotorJobs.com","og_description":"Le lancement du Nissan Ariya repouss\u00e9 \u00e0 l\u2019automne - Benoit Charette - Annuel automobile - CanadaMotorJobs.com.","og_url":"https:\/\/news.canadamotorjobs.com\/fr\/le-lancement-du-nissan-ariya-repousse-a-lautomne\/","og_site_name":"CanadaMotorJobs.com","article_publisher":"https:\/\/www.facebook.com\/canadamotorjobs\/","article_published_time":"2022-04-06T14:24:41+00:00","article_modified_time":"2022-04-07T13:46:25+00:00","og_image":[{"width":1200,"height":800,"url":"https:\/\/news.canadamotorjobs.com\/wp-content\/uploads\/2022\/04\/Nissan-Ariya-front-quarter_1-1200x800-1-1.jpg","type":"image\/jpeg"}],"author":"Benoit Charette","twitter_card":"summary_large_image","twitter_creator":"@canadamotorjobs","twitter_site":"@canadamotorjobs","twitter_misc":{"\u00c9crit par":"Benoit Charette","Estimation du temps de lecture":"1 minute"},"schema":{"@context":"https:\/\/schema.org","@graph":[{"@type":"Article","@id":"https:\/\/news.canadamotorjobs.com\/fr\/le-lancement-du-nissan-ariya-repousse-a-lautomne\/#article","isPartOf":{"@id":"https:\/\/news.canadamotorjobs.com\/fr\/le-lancement-du-nissan-ariya-repousse-a-lautomne\/"},"author":{"name":"Benoit Charette","@id":"https:\/\/news.canadamotorjobs.com\/#\/schema\/person\/51793d1f87d44011d7bcc2ed99269a90"},"headline":"Le lancement du Nissan Ariya repouss\u00e9 \u00e0 l\u2019automne","datePublished":"2022-04-06T14:24:41+00:00","dateModified":"2022-04-07T13:46:25+00:00","mainEntityOfPage":{"@id":"https:\/\/news.canadamotorjobs.com\/fr\/le-lancement-du-nissan-ariya-repousse-a-lautomne\/"},"wordCount":284,"publisher":{"@id":"https:\/\/news.canadamotorjobs.com\/#organization"},"image":{"@id":"https:\/\/news.canadamotorjobs.com\/fr\/le-lancement-du-nissan-ariya-repousse-a-lautomne\/#primaryimage"},"thumbnailUrl":"https:\/\/news.canadamotorjobs.com\/wp-content\/uploads\/2022\/04\/Nissan-Ariya-front-quarter_1-1200x800-1-1.jpg","articleSection":["Annuel automobile"],"inLanguage":"fr-CA"},{"@type":"WebPage","@id":"https:\/\/news.canadamotorjobs.com\/fr\/le-lancement-du-nissan-ariya-repousse-a-lautomne\/","url":"https:\/\/news.canadamotorjobs.com\/fr\/le-lancement-du-nissan-ariya-repousse-a-lautomne\/","name":"Le lancement du Nissan Ariya repouss\u00e9 \u00e0 l\u2019automne - CanadaMotorJobs.com","isPartOf":{"@id":"https:\/\/news.canadamotorjobs.com\/#website"},"primaryImageOfPage":{"@id":"https:\/\/news.canadamotorjobs.com\/fr\/le-lancement-du-nissan-ariya-repousse-a-lautomne\/#primaryimage"},"image":{"@id":"https:\/\/news.canadamotorjobs.com\/fr\/le-lancement-du-nissan-ariya-repousse-a-lautomne\/#primaryimage"},"thumbnailUrl":"https:\/\/news.canadamotorjobs.com\/wp-content\/uploads\/2022\/04\/Nissan-Ariya-front-quarter_1-1200x800-1-1.jpg","datePublished":"2022-04-06T14:24:41+00:00","dateModified":"2022-04-07T13:46:25+00:00","description":"Le lancement du Nissan Ariya repouss\u00e9 \u00e0 l\u2019automne - Benoit Charette - Annuel automobile - CanadaMotorJobs.com.","breadcrumb":{"@id":"https:\/\/news.canadamotorjobs.com\/fr\/le-lancement-du-nissan-ariya-repousse-a-lautomne\/#breadcrumb"},"inLanguage":"fr-CA","potentialAction":[{"@type":"ReadAction","target":["https:\/\/news.canadamotorjobs.com\/fr\/le-lancement-du-nissan-ariya-repousse-a-lautomne\/"]}]},{"@type":"ImageObject","inLanguage":"fr-CA","@id":"https:\/\/news.canadamotorjobs.com\/fr\/le-lancement-du-nissan-ariya-repousse-a-lautomne\/#primaryimage","url":"https:\/\/news.canadamotorjobs.com\/wp-content\/uploads\/2022\/04\/Nissan-Ariya-front-quarter_1-1200x800-1-1.jpg","contentUrl":"https:\/\/news.canadamotorjobs.com\/wp-content\/uploads\/2022\/04\/Nissan-Ariya-front-quarter_1-1200x800-1-1.jpg","width":1200,"height":800},{"@type":"BreadcrumbList","@id":"https:\/\/news.canadamotorjobs.com\/fr\/le-lancement-du-nissan-ariya-repousse-a-lautomne\/#breadcrumb","itemListElement":[{"@type":"ListItem","position":1,"name":"Home","item":"https:\/\/news.canadamotorjobs.com\/fr\/blog\/"},{"@type":"ListItem","position":2,"name":"Le lancement du Nissan Ariya repouss\u00e9 \u00e0 l\u2019automne"}]},{"@type":"WebSite","@id":"https:\/\/news.canadamotorjobs.com\/#website","url":"https:\/\/news.canadamotorjobs.com\/","name":"CanadaMotorJobs.com","description":"Automotive Jobs","publisher":{"@id":"https:\/\/news.canadamotorjobs.com\/#organization"},"potentialAction":[{"@type":"SearchAction","target":{"@type":"EntryPoint","urlTemplate":"https:\/\/news.canadamotorjobs.com\/?s={search_term_string}"},"query-input":"required name=search_term_string"}],"inLanguage":"fr-CA"},{"@type":"Organization","@id":"https:\/\/news.canadamotorjobs.com\/#organization","name":"Canada Motor Jobs","url":"https:\/\/news.canadamotorjobs.com\/","logo":{"@type":"ImageObject","inLanguage":"fr-CA","@id":"https:\/\/news.canadamotorjobs.com\/#\/schema\/logo\/image\/","url":"https:\/\/news.canadamotorjobs.com\/wp-content\/uploads\/2022\/10\/logo-canada-motor-jobs-1.png","contentUrl":"https:\/\/news.canadamotorjobs.com\/wp-content\/uploads\/2022\/10\/logo-canada-motor-jobs-1.png","width":800,"height":400,"caption":"Canada Motor Jobs"},"image":{"@id":"https:\/\/news.canadamotorjobs.com\/#\/schema\/logo\/image\/"},"sameAs":["https:\/\/www.facebook.com\/canadamotorjobs\/","https:\/\/x.com\/canadamotorjobs","https:\/\/www.instagram.com\/canadamotorjobs\/","https:\/\/www.linkedin.com\/company\/canadamotorjobs"]},{"@type":"Person","@id":"https:\/\/news.canadamotorjobs.com\/#\/schema\/person\/51793d1f87d44011d7bcc2ed99269a90","name":"Benoit Charette","image":{"@type":"ImageObject","inLanguage":"fr-CA","@id":"https:\/\/news.canadamotorjobs.com\/#\/schema\/person\/image\/","url":"https:\/\/secure.gravatar.com\/avatar\/45f3d2eebcccd909668d7ce7ea7267b6?s=96&d=mm&r=g","contentUrl":"https:\/\/secure.gravatar.com\/avatar\/45f3d2eebcccd909668d7ce7ea7267b6?s=96&d=mm&r=g","caption":"Benoit Charette"},"description":"Benoit Charette \/ Propri\u00e9taire et r\u00e9dacteur en chef Benoit Charette pratique le journalisme automobile depuis bient\u00f4t 30 ans. Il a fait ses classes au c\u00f4t\u00e9 de Daniel H\u00e9raud et au Carnet de route de 1992 \u00e0 2001. Il est fondateur, copropri\u00e9taire et r\u00e9dacteur en chef de L\u2019Annuel de l\u2019automobile, qu\u2019il publie depuis 2001. Il a anim\u00e9 les \u00e9missions RPM et RPM+ sur V et les L\u00e9gendes de la route sur Historia. \u00c0 la radio depuis 1986, il reprend l\u2019antenne cette ann\u00e9e sur les ondes de Cogeco et participe pour la deuxi\u00e8me ann\u00e9e \u00e0 l\u2019\u00e9mission Passion Auto sur RDS en plus de mettre en ligne le site Web officiel de L\u2019Annuel de l\u2019automobile sur annuelauto.ca.","sameAs":["https:\/\/annuelauto.ca\/"],"url":"https:\/\/news.canadamotorjobs.com\/fr\/author\/benoit-charette\/"}]}},"_links":{"self":[{"href":"https:\/\/news.canadamotorjobs.com\/fr\/wp-json\/wp\/v2\/posts\/39595"}],"collection":[{"href":"https:\/\/news.canadamotorjobs.com\/fr\/wp-json\/wp\/v2\/posts"}],"about":[{"href":"https:\/\/news.canadamotorjobs.com\/fr\/wp-json\/wp\/v2\/types\/post"}],"author":[{"embeddable":true,"href":"https:\/\/news.canadamotorjobs.com\/fr\/wp-json\/wp\/v2\/users\/8"}],"replies":[{"embeddable":true,"href":"https:\/\/news.canadamotorjobs.com\/fr\/wp-json\/wp\/v2\/comments?post=39595"}],"version-history":[{"count":0,"href":"https:\/\/news.canadamotorjobs.com\/fr\/wp-json\/wp\/v2\/posts\/39595\/revisions"}],"wp:featuredmedia":[{"embeddable":true,"href":"https:\/\/news.canadamotorjobs.com\/fr\/wp-json\/wp\/v2\/media\/39599"}],"wp:attachment":[{"href":"https:\/\/news.canadamotorjobs.com\/fr\/wp-json\/wp\/v2\/media?parent=39595"}],"wp:term":[{"taxonomy":"category","embeddable":true,"href":"https:\/\/news.canadamotorjobs.com\/fr\/wp-json\/wp\/v2\/categories?post=39595"},{"taxonomy":"post_tag","embeddable":true,"href":"https:\/\/news.canadamotorjobs.com\/fr\/wp-json\/wp\/v2\/tags?post=39595"}],"curies":[{"name":"wp","href":"https:\/\/api.w.org\/{rel}","templated":true}]}}