{"id":39587,"date":"2022-04-05T22:13:03","date_gmt":"2022-04-06T02:13:03","guid":{"rendered":"https:\/\/blog.canadamotorjobs.com\/gm-et-honda-ont-annonce-sept-vehicules-electriques-abordables-dici-2027\/"},"modified":"2022-04-07T09:46:23","modified_gmt":"2022-04-07T13:46:23","slug":"gm-et-honda-ont-annonce-sept-vehicules-electriques-abordables-dici-2027","status":"publish","type":"post","link":"https:\/\/news.canadamotorjobs.com\/fr\/gm-et-honda-ont-annonce-sept-vehicules-electriques-abordables-dici-2027\/","title":{"rendered":"GM et Honda ont annonc\u00e9 sept v\u00e9hicules \u00e9lectriques abordables d\u2019ici 2027"},"content":{"rendered":"<\/p>\n<p>Nous savions d\u00e9j\u00e0 que GM et Honda travaillaient ensemble sur des projets de v\u00e9hicules \u00e9lectriques bas\u00e9s sur la technologie Ultium d\u00e9velopp\u00e9e par GM.Les deux constructeurs automobiles ont d\u00e9clar\u00e9 qu&#8217;ils allaient d\u00e9velopper conjointement une gamme de V\u00c9 abordables bas\u00e9s sur une nouvelle plateforme mondiale utilisant la technologie Ultium de nouvelle g\u00e9n\u00e9ration. Parmi ces mod\u00e8les, on retrouvera des multisegments, des mod\u00e8les compacts et des petits VUS qui vont commencer \u00e0 arriver en 2027.<br \/> L\u2019ultime mod\u00e8le Ultium<br \/> Le premier rejeton de cette technologie est le GMC Hummer Edition 1 qui arrive en ce moment aux \u00c9tats-Unis (et en d\u00e9cembre au Canada) avec 24 cellules plus de 245 kWh et 1 000 chevaux. Le prochain mod\u00e8le qui arrive cet \u00e9t\u00e9 sera le Cadillac Lyriq qui sera vendu comme mod\u00e8le 2023. Selon un plan annonc\u00e9 en 2020, Honda et sa marque haut de gamme Acura lanceront chacun un VUS bas\u00e9 sur la technologie Ultium actuelle en 2024. GM se chargera de la production et Honda du d\u00e9veloppement.<br \/> Une plateforme modulable<br \/> La beaut\u00e9 de la plateforme est sa grande modularit\u00e9 qui permet de d\u00e9velopper des mod\u00e8les dans toutes les gammes de prix. Parmi les v\u00e9hicules \u00e9lectriques annonc\u00e9s, GM pr\u00e9cise que certains auront un prix inf\u00e9rieur \u00e0 celui de l&#8217;Equinox EV qui sera lanc\u00e9 en 2024. Il est confirm\u00e9 que l&#8217;Equinox \u00e9lectrique, qui utilisera la technologie Ultium actuelle, commencera \u00e0 environ 30 000 US $.<br \/> Des normes communes pour sauver des co\u00fbts<br \/> GM et Honda ont \u00e9galement d\u00e9clar\u00e9 mardi qu&#8217;ils s&#8217;efforceront de normaliser les \u00e9quipements et les<\/p>\n","protected":false},"excerpt":{"rendered":"<p>Nous savions d\u00e9j\u00e0 que GM et Honda travaillaient ensemble sur des projets de v\u00e9hicules \u00e9lectriques bas\u00e9s sur la technologie Ultium d\u00e9velopp\u00e9e par GM.Les deux constructeurs automobiles ont d\u00e9clar\u00e9 qu&#8217;ils allaient d\u00e9velopper conjointement une gamme de V\u00c9 abordables bas\u00e9s sur une nouvelle plateforme mondiale utilisant la technologie Ultium de nouvelle g\u00e9n\u00e9ration. Parmi ces mod\u00e8les, on retrouvera [&hellip;]<\/p>\n","protected":false},"author":8,"featured_media":39591,"comment_status":"close","ping_status":"closed","sticky":false,"template":"","format":"standard","meta":{"_monsterinsights_skip_tracking":false,"_monsterinsights_sitenote_active":false,"_monsterinsights_sitenote_note":"","_monsterinsights_sitenote_category":0,"footnotes":""},"categories":[101],"tags":[],"yoast_head":"<!-- This site is optimized with the Yoast SEO plugin v23.2 - https:\/\/yoast.com\/wordpress\/plugins\/seo\/ -->\n<title>GM et Honda ont annonc\u00e9 sept v\u00e9hicules \u00e9lectriques abordables d\u2019ici 2027 - CanadaMotorJobs.com<\/title>\n<meta name=\"description\" content=\"GM et Honda ont annonc\u00e9 sept v\u00e9hicules \u00e9lectriques abordables d\u2019ici 2027 - Benoit Charette - Annuel automobile - CanadaMotorJobs.com.\" \/>\n<meta name=\"robots\" content=\"index, follow, max-snippet:-1, max-image-preview:large, max-video-preview:-1\" \/>\n<meta property=\"og:locale\" content=\"fr_CA\" \/>\n<meta property=\"og:type\" content=\"article\" \/>\n<meta property=\"og:title\" content=\"GM et Honda ont annonc\u00e9 sept v\u00e9hicules \u00e9lectriques abordables d\u2019ici 2027 - CanadaMotorJobs.com\" \/>\n<meta property=\"og:description\" content=\"GM et Honda ont annonc\u00e9 sept v\u00e9hicules \u00e9lectriques abordables d\u2019ici 2027 - Benoit Charette - Annuel automobile - CanadaMotorJobs.com.\" \/>\n<meta property=\"og:url\" content=\"https:\/\/news.canadamotorjobs.com\/fr\/gm-et-honda-ont-annonce-sept-vehicules-electriques-abordables-dici-2027\/\" \/>\n<meta property=\"og:site_name\" content=\"CanadaMotorJobs.com\" \/>\n<meta property=\"article:publisher\" content=\"https:\/\/www.facebook.com\/canadamotorjobs\/\" \/>\n<meta property=\"article:published_time\" content=\"2022-04-06T02:13:03+00:00\" \/>\n<meta property=\"article:modified_time\" content=\"2022-04-07T13:46:23+00:00\" \/>\n<meta property=\"og:image\" content=\"https:\/\/news.canadamotorjobs.com\/wp-content\/uploads\/2022\/04\/2024-chevrolet-equinox-ev-001-1641404627-1.jpg\" \/>\n\t<meta property=\"og:image:width\" content=\"980\" \/>\n\t<meta property=\"og:image:height\" content=\"491\" \/>\n\t<meta property=\"og:image:type\" content=\"image\/jpeg\" \/>\n<meta name=\"author\" content=\"Benoit Charette\" \/>\n<meta name=\"twitter:card\" content=\"summary_large_image\" \/>\n<meta name=\"twitter:creator\" content=\"@canadamotorjobs\" \/>\n<meta name=\"twitter:site\" content=\"@canadamotorjobs\" \/>\n<meta name=\"twitter:label1\" content=\"\u00c9crit par\" \/>\n\t<meta name=\"twitter:data1\" content=\"Benoit Charette\" \/>\n\t<meta name=\"twitter:label2\" content=\"Estimation du temps de lecture\" \/>\n\t<meta name=\"twitter:data2\" content=\"1 minute\" \/>\n<!-- \/ Yoast SEO plugin. -->","yoast_head_json":{"title":"GM et Honda ont annonc\u00e9 sept v\u00e9hicules \u00e9lectriques abordables d\u2019ici 2027 - CanadaMotorJobs.com","description":"GM et Honda ont annonc\u00e9 sept v\u00e9hicules \u00e9lectriques abordables d\u2019ici 2027 - Benoit Charette - Annuel automobile - CanadaMotorJobs.com.","robots":{"index":"index","follow":"follow","max-snippet":"max-snippet:-1","max-image-preview":"max-image-preview:large","max-video-preview":"max-video-preview:-1"},"og_locale":"fr_CA","og_type":"article","og_title":"GM et Honda ont annonc\u00e9 sept v\u00e9hicules \u00e9lectriques abordables d\u2019ici 2027 - CanadaMotorJobs.com","og_description":"GM et Honda ont annonc\u00e9 sept v\u00e9hicules \u00e9lectriques abordables d\u2019ici 2027 - Benoit Charette - Annuel automobile - CanadaMotorJobs.com.","og_url":"https:\/\/news.canadamotorjobs.com\/fr\/gm-et-honda-ont-annonce-sept-vehicules-electriques-abordables-dici-2027\/","og_site_name":"CanadaMotorJobs.com","article_publisher":"https:\/\/www.facebook.com\/canadamotorjobs\/","article_published_time":"2022-04-06T02:13:03+00:00","article_modified_time":"2022-04-07T13:46:23+00:00","og_image":[{"width":980,"height":491,"url":"https:\/\/news.canadamotorjobs.com\/wp-content\/uploads\/2022\/04\/2024-chevrolet-equinox-ev-001-1641404627-1.jpg","type":"image\/jpeg"}],"author":"Benoit Charette","twitter_card":"summary_large_image","twitter_creator":"@canadamotorjobs","twitter_site":"@canadamotorjobs","twitter_misc":{"\u00c9crit par":"Benoit Charette","Estimation du temps de lecture":"1 minute"},"schema":{"@context":"https:\/\/schema.org","@graph":[{"@type":"Article","@id":"https:\/\/news.canadamotorjobs.com\/fr\/gm-et-honda-ont-annonce-sept-vehicules-electriques-abordables-dici-2027\/#article","isPartOf":{"@id":"https:\/\/news.canadamotorjobs.com\/fr\/gm-et-honda-ont-annonce-sept-vehicules-electriques-abordables-dici-2027\/"},"author":{"name":"Benoit Charette","@id":"https:\/\/news.canadamotorjobs.com\/#\/schema\/person\/51793d1f87d44011d7bcc2ed99269a90"},"headline":"GM et Honda ont annonc\u00e9 sept v\u00e9hicules \u00e9lectriques abordables d\u2019ici 2027","datePublished":"2022-04-06T02:13:03+00:00","dateModified":"2022-04-07T13:46:23+00:00","mainEntityOfPage":{"@id":"https:\/\/news.canadamotorjobs.com\/fr\/gm-et-honda-ont-annonce-sept-vehicules-electriques-abordables-dici-2027\/"},"wordCount":278,"publisher":{"@id":"https:\/\/news.canadamotorjobs.com\/#organization"},"image":{"@id":"https:\/\/news.canadamotorjobs.com\/fr\/gm-et-honda-ont-annonce-sept-vehicules-electriques-abordables-dici-2027\/#primaryimage"},"thumbnailUrl":"https:\/\/news.canadamotorjobs.com\/wp-content\/uploads\/2022\/04\/2024-chevrolet-equinox-ev-001-1641404627-1.jpg","articleSection":["Annuel automobile"],"inLanguage":"fr-CA"},{"@type":"WebPage","@id":"https:\/\/news.canadamotorjobs.com\/fr\/gm-et-honda-ont-annonce-sept-vehicules-electriques-abordables-dici-2027\/","url":"https:\/\/news.canadamotorjobs.com\/fr\/gm-et-honda-ont-annonce-sept-vehicules-electriques-abordables-dici-2027\/","name":"GM et Honda ont annonc\u00e9 sept v\u00e9hicules \u00e9lectriques abordables d\u2019ici 2027 - CanadaMotorJobs.com","isPartOf":{"@id":"https:\/\/news.canadamotorjobs.com\/#website"},"primaryImageOfPage":{"@id":"https:\/\/news.canadamotorjobs.com\/fr\/gm-et-honda-ont-annonce-sept-vehicules-electriques-abordables-dici-2027\/#primaryimage"},"image":{"@id":"https:\/\/news.canadamotorjobs.com\/fr\/gm-et-honda-ont-annonce-sept-vehicules-electriques-abordables-dici-2027\/#primaryimage"},"thumbnailUrl":"https:\/\/news.canadamotorjobs.com\/wp-content\/uploads\/2022\/04\/2024-chevrolet-equinox-ev-001-1641404627-1.jpg","datePublished":"2022-04-06T02:13:03+00:00","dateModified":"2022-04-07T13:46:23+00:00","description":"GM et Honda ont annonc\u00e9 sept v\u00e9hicules \u00e9lectriques abordables d\u2019ici 2027 - Benoit Charette - Annuel automobile - CanadaMotorJobs.com.","breadcrumb":{"@id":"https:\/\/news.canadamotorjobs.com\/fr\/gm-et-honda-ont-annonce-sept-vehicules-electriques-abordables-dici-2027\/#breadcrumb"},"inLanguage":"fr-CA","potentialAction":[{"@type":"ReadAction","target":["https:\/\/news.canadamotorjobs.com\/fr\/gm-et-honda-ont-annonce-sept-vehicules-electriques-abordables-dici-2027\/"]}]},{"@type":"ImageObject","inLanguage":"fr-CA","@id":"https:\/\/news.canadamotorjobs.com\/fr\/gm-et-honda-ont-annonce-sept-vehicules-electriques-abordables-dici-2027\/#primaryimage","url":"https:\/\/news.canadamotorjobs.com\/wp-content\/uploads\/2022\/04\/2024-chevrolet-equinox-ev-001-1641404627-1.jpg","contentUrl":"https:\/\/news.canadamotorjobs.com\/wp-content\/uploads\/2022\/04\/2024-chevrolet-equinox-ev-001-1641404627-1.jpg","width":980,"height":491},{"@type":"BreadcrumbList","@id":"https:\/\/news.canadamotorjobs.com\/fr\/gm-et-honda-ont-annonce-sept-vehicules-electriques-abordables-dici-2027\/#breadcrumb","itemListElement":[{"@type":"ListItem","position":1,"name":"Home","item":"https:\/\/news.canadamotorjobs.com\/fr\/blog\/"},{"@type":"ListItem","position":2,"name":"GM et Honda ont annonc\u00e9 sept v\u00e9hicules \u00e9lectriques abordables d\u2019ici 2027"}]},{"@type":"WebSite","@id":"https:\/\/news.canadamotorjobs.com\/#website","url":"https:\/\/news.canadamotorjobs.com\/","name":"CanadaMotorJobs.com","description":"Automotive Jobs","publisher":{"@id":"https:\/\/news.canadamotorjobs.com\/#organization"},"potentialAction":[{"@type":"SearchAction","target":{"@type":"EntryPoint","urlTemplate":"https:\/\/news.canadamotorjobs.com\/?s={search_term_string}"},"query-input":"required name=search_term_string"}],"inLanguage":"fr-CA"},{"@type":"Organization","@id":"https:\/\/news.canadamotorjobs.com\/#organization","name":"Canada Motor Jobs","url":"https:\/\/news.canadamotorjobs.com\/","logo":{"@type":"ImageObject","inLanguage":"fr-CA","@id":"https:\/\/news.canadamotorjobs.com\/#\/schema\/logo\/image\/","url":"https:\/\/news.canadamotorjobs.com\/wp-content\/uploads\/2022\/10\/logo-canada-motor-jobs-1.png","contentUrl":"https:\/\/news.canadamotorjobs.com\/wp-content\/uploads\/2022\/10\/logo-canada-motor-jobs-1.png","width":800,"height":400,"caption":"Canada Motor Jobs"},"image":{"@id":"https:\/\/news.canadamotorjobs.com\/#\/schema\/logo\/image\/"},"sameAs":["https:\/\/www.facebook.com\/canadamotorjobs\/","https:\/\/x.com\/canadamotorjobs","https:\/\/www.instagram.com\/canadamotorjobs\/","https:\/\/www.linkedin.com\/company\/canadamotorjobs"]},{"@type":"Person","@id":"https:\/\/news.canadamotorjobs.com\/#\/schema\/person\/51793d1f87d44011d7bcc2ed99269a90","name":"Benoit Charette","image":{"@type":"ImageObject","inLanguage":"fr-CA","@id":"https:\/\/news.canadamotorjobs.com\/#\/schema\/person\/image\/","url":"https:\/\/secure.gravatar.com\/avatar\/45f3d2eebcccd909668d7ce7ea7267b6?s=96&d=mm&r=g","contentUrl":"https:\/\/secure.gravatar.com\/avatar\/45f3d2eebcccd909668d7ce7ea7267b6?s=96&d=mm&r=g","caption":"Benoit Charette"},"description":"Benoit Charette \/ Propri\u00e9taire et r\u00e9dacteur en chef Benoit Charette pratique le journalisme automobile depuis bient\u00f4t 30 ans. Il a fait ses classes au c\u00f4t\u00e9 de Daniel H\u00e9raud et au Carnet de route de 1992 \u00e0 2001. Il est fondateur, copropri\u00e9taire et r\u00e9dacteur en chef de L\u2019Annuel de l\u2019automobile, qu\u2019il publie depuis 2001. Il a anim\u00e9 les \u00e9missions RPM et RPM+ sur V et les L\u00e9gendes de la route sur Historia. \u00c0 la radio depuis 1986, il reprend l\u2019antenne cette ann\u00e9e sur les ondes de Cogeco et participe pour la deuxi\u00e8me ann\u00e9e \u00e0 l\u2019\u00e9mission Passion Auto sur RDS en plus de mettre en ligne le site Web officiel de L\u2019Annuel de l\u2019automobile sur annuelauto.ca.","sameAs":["https:\/\/annuelauto.ca\/"],"url":"https:\/\/news.canadamotorjobs.com\/fr\/author\/benoit-charette\/"}]}},"_links":{"self":[{"href":"https:\/\/news.canadamotorjobs.com\/fr\/wp-json\/wp\/v2\/posts\/39587"}],"collection":[{"href":"https:\/\/news.canadamotorjobs.com\/fr\/wp-json\/wp\/v2\/posts"}],"about":[{"href":"https:\/\/news.canadamotorjobs.com\/fr\/wp-json\/wp\/v2\/types\/post"}],"author":[{"embeddable":true,"href":"https:\/\/news.canadamotorjobs.com\/fr\/wp-json\/wp\/v2\/users\/8"}],"replies":[{"embeddable":true,"href":"https:\/\/news.canadamotorjobs.com\/fr\/wp-json\/wp\/v2\/comments?post=39587"}],"version-history":[{"count":0,"href":"https:\/\/news.canadamotorjobs.com\/fr\/wp-json\/wp\/v2\/posts\/39587\/revisions"}],"wp:featuredmedia":[{"embeddable":true,"href":"https:\/\/news.canadamotorjobs.com\/fr\/wp-json\/wp\/v2\/media\/39591"}],"wp:attachment":[{"href":"https:\/\/news.canadamotorjobs.com\/fr\/wp-json\/wp\/v2\/media?parent=39587"}],"wp:term":[{"taxonomy":"category","embeddable":true,"href":"https:\/\/news.canadamotorjobs.com\/fr\/wp-json\/wp\/v2\/categories?post=39587"},{"taxonomy":"post_tag","embeddable":true,"href":"https:\/\/news.canadamotorjobs.com\/fr\/wp-json\/wp\/v2\/tags?post=39587"}],"curies":[{"name":"wp","href":"https:\/\/api.w.org\/{rel}","templated":true}]}}