{"id":39571,"date":"2022-04-04T13:03:16","date_gmt":"2022-04-04T17:03:16","guid":{"rendered":"https:\/\/blog.canadamotorjobs.com\/des-images-du-prochain-honda-hr-v-2023\/"},"modified":"2022-04-07T09:46:17","modified_gmt":"2022-04-07T13:46:17","slug":"des-images-du-prochain-honda-hr-v-2023","status":"publish","type":"post","link":"https:\/\/news.canadamotorjobs.com\/fr\/des-images-du-prochain-honda-hr-v-2023\/","title":{"rendered":"Des images du prochain Honda HR-V 2023"},"content":{"rendered":"<\/p>\n<p>Le mod\u00e8le HR-V nord-am\u00e9ricain sera un peu diff\u00e9rent et plus spacieux que les autres mod\u00e8les ailleurs dans le monde. La version vendue chez nous sera bas\u00e9e sur la plateforme de la 11e g\u00e9n\u00e9ration de la Civic.<br \/> Une calandre plus audacieuse<br \/> Dot\u00e9 d&#8217;une calandre qui donne plus de caract\u00e8re, d&#8217;un long capot et d&#8217;une ligne de toit \u00e9l\u00e9gante qui se termine par un aileron arri\u00e8re mont\u00e9 sur le hayon, le HR-V sera lanc\u00e9 \u00e0 l&#8217;\u00e9t\u00e9 pour l&#8217;ann\u00e9e-mod\u00e8le 2023. Le prix aux \u00c9tats-Unis est annonc\u00e9 \u00e0 partir de 22 195 $ hors taxes. Le format en fera un concurrent pour le Corolla Cross chez Toyota. Honda n\u2019a pas encore donn\u00e9 de d\u00e9tails sur la motorisation de ce nouveau HR-V. Le mod\u00e8le actuel est \u00e9quip\u00e9 d&#8217;un 4 cylindres 1,8 litre qui d\u00e9veloppe 141 chevaux et 127 livres-pieds de couple. Quant \u00e0 la Civic, on parle de 158 chevaux et 138 lb-pi (187 Nm) pour le 2.0L de base et de 180 ch et 177 lb-pi (240 Nm) pour le 1.5L turbo. Le 1,5 litre turbo ferait un bon concurrent au Corolla Cross qui fait 169 chevaux. Il y a fort \u00e0 parier que la bo\u00eete CVT va demeurer.<\/p>\n<p> Nous aurons plus d\u2019informations dans les prochaines semaines<\/p>\n<p>Le texte <a rel=\"nofollow\" href=\"https:\/\/annuelauto.ca\/des-images-du-prochain-honda-hr-v-2023\/\">Des images du prochain Honda HR-V 2023<\/a> provient de <a rel=\"nofollow\" href=\"https:\/\/annuelauto.ca\">L&#039;annuel de l&#039;automobile &#8211; Actualit\u00e9 automobile<\/a><\/p>\n<p> <\/p>\n","protected":false},"excerpt":{"rendered":"<p>Le mod\u00e8le HR-V nord-am\u00e9ricain sera un peu diff\u00e9rent et plus spacieux que les autres mod\u00e8les ailleurs dans le monde. La version vendue chez nous sera bas\u00e9e sur la plateforme de la 11e g\u00e9n\u00e9ration de la Civic. Une calandre plus audacieuse Dot\u00e9 d&#8217;une calandre qui donne plus de caract\u00e8re, d&#8217;un long capot et d&#8217;une ligne de [&hellip;]<\/p>\n","protected":false},"author":8,"featured_media":39575,"comment_status":"close","ping_status":"closed","sticky":false,"template":"","format":"standard","meta":{"_monsterinsights_skip_tracking":false,"_monsterinsights_sitenote_active":false,"_monsterinsights_sitenote_note":"","_monsterinsights_sitenote_category":0,"footnotes":""},"categories":[101],"tags":[],"yoast_head":"<!-- This site is optimized with the Yoast SEO plugin v23.2 - https:\/\/yoast.com\/wordpress\/plugins\/seo\/ -->\n<title>Des images du prochain Honda HR-V 2023 - CanadaMotorJobs.com<\/title>\n<meta name=\"description\" content=\"Des images du prochain Honda HR-V 2023 - Benoit Charette - Annuel automobile - CanadaMotorJobs.com.\" \/>\n<meta name=\"robots\" content=\"index, follow, max-snippet:-1, max-image-preview:large, max-video-preview:-1\" \/>\n<meta property=\"og:locale\" content=\"fr_CA\" \/>\n<meta property=\"og:type\" content=\"article\" \/>\n<meta property=\"og:title\" content=\"Des images du prochain Honda HR-V 2023 - CanadaMotorJobs.com\" \/>\n<meta property=\"og:description\" content=\"Des images du prochain Honda HR-V 2023 - Benoit Charette - Annuel automobile - CanadaMotorJobs.com.\" \/>\n<meta property=\"og:url\" content=\"https:\/\/news.canadamotorjobs.com\/fr\/des-images-du-prochain-honda-hr-v-2023\/\" \/>\n<meta property=\"og:site_name\" content=\"CanadaMotorJobs.com\" \/>\n<meta property=\"article:publisher\" content=\"https:\/\/www.facebook.com\/canadamotorjobs\/\" \/>\n<meta property=\"article:published_time\" content=\"2022-04-04T17:03:16+00:00\" \/>\n<meta property=\"article:modified_time\" content=\"2022-04-07T13:46:17+00:00\" \/>\n<meta property=\"og:image\" content=\"https:\/\/news.canadamotorjobs.com\/wp-content\/uploads\/2022\/04\/04-2023-Honda-HR-V-1.jpg\" \/>\n\t<meta property=\"og:image:width\" content=\"1200\" \/>\n\t<meta property=\"og:image:height\" content=\"718\" \/>\n\t<meta property=\"og:image:type\" content=\"image\/jpeg\" \/>\n<meta name=\"author\" content=\"Benoit Charette\" \/>\n<meta name=\"twitter:card\" content=\"summary_large_image\" \/>\n<meta name=\"twitter:creator\" content=\"@canadamotorjobs\" \/>\n<meta name=\"twitter:site\" content=\"@canadamotorjobs\" \/>\n<meta name=\"twitter:label1\" content=\"\u00c9crit par\" \/>\n\t<meta name=\"twitter:data1\" content=\"Benoit Charette\" \/>\n\t<meta name=\"twitter:label2\" content=\"Estimation du temps de lecture\" \/>\n\t<meta name=\"twitter:data2\" content=\"1 minute\" \/>\n<!-- \/ Yoast SEO plugin. -->","yoast_head_json":{"title":"Des images du prochain Honda HR-V 2023 - CanadaMotorJobs.com","description":"Des images du prochain Honda HR-V 2023 - Benoit Charette - Annuel automobile - CanadaMotorJobs.com.","robots":{"index":"index","follow":"follow","max-snippet":"max-snippet:-1","max-image-preview":"max-image-preview:large","max-video-preview":"max-video-preview:-1"},"og_locale":"fr_CA","og_type":"article","og_title":"Des images du prochain Honda HR-V 2023 - CanadaMotorJobs.com","og_description":"Des images du prochain Honda HR-V 2023 - Benoit Charette - Annuel automobile - CanadaMotorJobs.com.","og_url":"https:\/\/news.canadamotorjobs.com\/fr\/des-images-du-prochain-honda-hr-v-2023\/","og_site_name":"CanadaMotorJobs.com","article_publisher":"https:\/\/www.facebook.com\/canadamotorjobs\/","article_published_time":"2022-04-04T17:03:16+00:00","article_modified_time":"2022-04-07T13:46:17+00:00","og_image":[{"width":1200,"height":718,"url":"https:\/\/news.canadamotorjobs.com\/wp-content\/uploads\/2022\/04\/04-2023-Honda-HR-V-1.jpg","type":"image\/jpeg"}],"author":"Benoit Charette","twitter_card":"summary_large_image","twitter_creator":"@canadamotorjobs","twitter_site":"@canadamotorjobs","twitter_misc":{"\u00c9crit par":"Benoit Charette","Estimation du temps de lecture":"1 minute"},"schema":{"@context":"https:\/\/schema.org","@graph":[{"@type":"Article","@id":"https:\/\/news.canadamotorjobs.com\/fr\/des-images-du-prochain-honda-hr-v-2023\/#article","isPartOf":{"@id":"https:\/\/news.canadamotorjobs.com\/fr\/des-images-du-prochain-honda-hr-v-2023\/"},"author":{"name":"Benoit Charette","@id":"https:\/\/news.canadamotorjobs.com\/#\/schema\/person\/51793d1f87d44011d7bcc2ed99269a90"},"headline":"Des images du prochain Honda HR-V 2023","datePublished":"2022-04-04T17:03:16+00:00","dateModified":"2022-04-07T13:46:17+00:00","mainEntityOfPage":{"@id":"https:\/\/news.canadamotorjobs.com\/fr\/des-images-du-prochain-honda-hr-v-2023\/"},"wordCount":230,"publisher":{"@id":"https:\/\/news.canadamotorjobs.com\/#organization"},"image":{"@id":"https:\/\/news.canadamotorjobs.com\/fr\/des-images-du-prochain-honda-hr-v-2023\/#primaryimage"},"thumbnailUrl":"https:\/\/news.canadamotorjobs.com\/wp-content\/uploads\/2022\/04\/04-2023-Honda-HR-V-1.jpg","articleSection":["Annuel automobile"],"inLanguage":"fr-CA"},{"@type":"WebPage","@id":"https:\/\/news.canadamotorjobs.com\/fr\/des-images-du-prochain-honda-hr-v-2023\/","url":"https:\/\/news.canadamotorjobs.com\/fr\/des-images-du-prochain-honda-hr-v-2023\/","name":"Des images du prochain Honda HR-V 2023 - CanadaMotorJobs.com","isPartOf":{"@id":"https:\/\/news.canadamotorjobs.com\/#website"},"primaryImageOfPage":{"@id":"https:\/\/news.canadamotorjobs.com\/fr\/des-images-du-prochain-honda-hr-v-2023\/#primaryimage"},"image":{"@id":"https:\/\/news.canadamotorjobs.com\/fr\/des-images-du-prochain-honda-hr-v-2023\/#primaryimage"},"thumbnailUrl":"https:\/\/news.canadamotorjobs.com\/wp-content\/uploads\/2022\/04\/04-2023-Honda-HR-V-1.jpg","datePublished":"2022-04-04T17:03:16+00:00","dateModified":"2022-04-07T13:46:17+00:00","description":"Des images du prochain Honda HR-V 2023 - Benoit Charette - Annuel automobile - CanadaMotorJobs.com.","breadcrumb":{"@id":"https:\/\/news.canadamotorjobs.com\/fr\/des-images-du-prochain-honda-hr-v-2023\/#breadcrumb"},"inLanguage":"fr-CA","potentialAction":[{"@type":"ReadAction","target":["https:\/\/news.canadamotorjobs.com\/fr\/des-images-du-prochain-honda-hr-v-2023\/"]}]},{"@type":"ImageObject","inLanguage":"fr-CA","@id":"https:\/\/news.canadamotorjobs.com\/fr\/des-images-du-prochain-honda-hr-v-2023\/#primaryimage","url":"https:\/\/news.canadamotorjobs.com\/wp-content\/uploads\/2022\/04\/04-2023-Honda-HR-V-1.jpg","contentUrl":"https:\/\/news.canadamotorjobs.com\/wp-content\/uploads\/2022\/04\/04-2023-Honda-HR-V-1.jpg","width":1200,"height":718},{"@type":"BreadcrumbList","@id":"https:\/\/news.canadamotorjobs.com\/fr\/des-images-du-prochain-honda-hr-v-2023\/#breadcrumb","itemListElement":[{"@type":"ListItem","position":1,"name":"Home","item":"https:\/\/news.canadamotorjobs.com\/fr\/blog\/"},{"@type":"ListItem","position":2,"name":"Des images du prochain Honda HR-V 2023"}]},{"@type":"WebSite","@id":"https:\/\/news.canadamotorjobs.com\/#website","url":"https:\/\/news.canadamotorjobs.com\/","name":"CanadaMotorJobs.com","description":"Automotive Jobs","publisher":{"@id":"https:\/\/news.canadamotorjobs.com\/#organization"},"potentialAction":[{"@type":"SearchAction","target":{"@type":"EntryPoint","urlTemplate":"https:\/\/news.canadamotorjobs.com\/?s={search_term_string}"},"query-input":"required name=search_term_string"}],"inLanguage":"fr-CA"},{"@type":"Organization","@id":"https:\/\/news.canadamotorjobs.com\/#organization","name":"Canada Motor Jobs","url":"https:\/\/news.canadamotorjobs.com\/","logo":{"@type":"ImageObject","inLanguage":"fr-CA","@id":"https:\/\/news.canadamotorjobs.com\/#\/schema\/logo\/image\/","url":"https:\/\/news.canadamotorjobs.com\/wp-content\/uploads\/2022\/10\/logo-canada-motor-jobs-1.png","contentUrl":"https:\/\/news.canadamotorjobs.com\/wp-content\/uploads\/2022\/10\/logo-canada-motor-jobs-1.png","width":800,"height":400,"caption":"Canada Motor Jobs"},"image":{"@id":"https:\/\/news.canadamotorjobs.com\/#\/schema\/logo\/image\/"},"sameAs":["https:\/\/www.facebook.com\/canadamotorjobs\/","https:\/\/x.com\/canadamotorjobs","https:\/\/www.instagram.com\/canadamotorjobs\/","https:\/\/www.linkedin.com\/company\/canadamotorjobs"]},{"@type":"Person","@id":"https:\/\/news.canadamotorjobs.com\/#\/schema\/person\/51793d1f87d44011d7bcc2ed99269a90","name":"Benoit Charette","image":{"@type":"ImageObject","inLanguage":"fr-CA","@id":"https:\/\/news.canadamotorjobs.com\/#\/schema\/person\/image\/","url":"https:\/\/secure.gravatar.com\/avatar\/45f3d2eebcccd909668d7ce7ea7267b6?s=96&d=mm&r=g","contentUrl":"https:\/\/secure.gravatar.com\/avatar\/45f3d2eebcccd909668d7ce7ea7267b6?s=96&d=mm&r=g","caption":"Benoit Charette"},"description":"Benoit Charette \/ Propri\u00e9taire et r\u00e9dacteur en chef Benoit Charette pratique le journalisme automobile depuis bient\u00f4t 30 ans. Il a fait ses classes au c\u00f4t\u00e9 de Daniel H\u00e9raud et au Carnet de route de 1992 \u00e0 2001. Il est fondateur, copropri\u00e9taire et r\u00e9dacteur en chef de L\u2019Annuel de l\u2019automobile, qu\u2019il publie depuis 2001. Il a anim\u00e9 les \u00e9missions RPM et RPM+ sur V et les L\u00e9gendes de la route sur Historia. \u00c0 la radio depuis 1986, il reprend l\u2019antenne cette ann\u00e9e sur les ondes de Cogeco et participe pour la deuxi\u00e8me ann\u00e9e \u00e0 l\u2019\u00e9mission Passion Auto sur RDS en plus de mettre en ligne le site Web officiel de L\u2019Annuel de l\u2019automobile sur annuelauto.ca.","sameAs":["https:\/\/annuelauto.ca\/"],"url":"https:\/\/news.canadamotorjobs.com\/fr\/author\/benoit-charette\/"}]}},"_links":{"self":[{"href":"https:\/\/news.canadamotorjobs.com\/fr\/wp-json\/wp\/v2\/posts\/39571"}],"collection":[{"href":"https:\/\/news.canadamotorjobs.com\/fr\/wp-json\/wp\/v2\/posts"}],"about":[{"href":"https:\/\/news.canadamotorjobs.com\/fr\/wp-json\/wp\/v2\/types\/post"}],"author":[{"embeddable":true,"href":"https:\/\/news.canadamotorjobs.com\/fr\/wp-json\/wp\/v2\/users\/8"}],"replies":[{"embeddable":true,"href":"https:\/\/news.canadamotorjobs.com\/fr\/wp-json\/wp\/v2\/comments?post=39571"}],"version-history":[{"count":0,"href":"https:\/\/news.canadamotorjobs.com\/fr\/wp-json\/wp\/v2\/posts\/39571\/revisions"}],"wp:featuredmedia":[{"embeddable":true,"href":"https:\/\/news.canadamotorjobs.com\/fr\/wp-json\/wp\/v2\/media\/39575"}],"wp:attachment":[{"href":"https:\/\/news.canadamotorjobs.com\/fr\/wp-json\/wp\/v2\/media?parent=39571"}],"wp:term":[{"taxonomy":"category","embeddable":true,"href":"https:\/\/news.canadamotorjobs.com\/fr\/wp-json\/wp\/v2\/categories?post=39571"},{"taxonomy":"post_tag","embeddable":true,"href":"https:\/\/news.canadamotorjobs.com\/fr\/wp-json\/wp\/v2\/tags?post=39571"}],"curies":[{"name":"wp","href":"https:\/\/api.w.org\/{rel}","templated":true}]}}