{"id":39531,"date":"2022-04-02T09:56:38","date_gmt":"2022-04-02T13:56:38","guid":{"rendered":"https:\/\/blog.canadamotorjobs.com\/pourquoi-devriez-vous-garder-votre-vehicule-encore-un-an-ou-deux\/"},"modified":"2022-04-07T09:46:04","modified_gmt":"2022-04-07T13:46:04","slug":"pourquoi-devriez-vous-garder-votre-vehicule-encore-un-an-ou-deux","status":"publish","type":"post","link":"https:\/\/news.canadamotorjobs.com\/fr\/pourquoi-devriez-vous-garder-votre-vehicule-encore-un-an-ou-deux\/","title":{"rendered":"Pourquoi devriez-vous garder votre v\u00e9hicule encore un an ou deux ?"},"content":{"rendered":"<\/p>\n<p>Je ne vous apprends rien en vous disant que l\u2019achat d\u2019un v\u00e9hicule en ce moment est probl\u00e9matique. Il suffit de jeter un coup d&#8217;\u0153il \u00e0 toutes les places vacantes chez vos concessionnaires locaux. Des concessionnaires qui ont une centaine de v\u00e9hicules par mois en sont r\u00e9duits \u00e0 10 ou 12. L\u2019attente moyenne est au minimum de six mois et va jusqu\u2019\u00e0 trois ans dans certains cas. On r\u00e9organise les lots pour essayer de donner l&#8217;impression qu\u2019il y a plus de voitures qu\u2019en r\u00e9alit\u00e9.<br \/> Des p\u00e9nuries qui persistent et aucune n\u00e9gociation sur le prix<br \/> Les constructeurs automobiles sont confront\u00e9s \u00e0 des p\u00e9nuries persistantes de pi\u00e8ces essentielles, en particulier de semi-conducteurs. Il y a aussi les cha\u00eenes d\u2019approvisionnement qui sont bris\u00e9es, la guerre en Ukraine qui ajoute au manque de pi\u00e8ces. Il en r\u00e9sulte une grave p\u00e9nurie de voitures et des prix qui sont non n\u00e9gociables. Ce n\u2019est pas seulement une question de prix, il n\u2019y a pas non plus le mod\u00e8le qui vous int\u00e9resse en magasin.<br \/> Garder votre voiture en laissant passer la crise<br \/> Je prends l\u2019exemple d\u2019une personne que je connais bien qui poss\u00e8de un mod\u00e8le 2018 qui n\u2019a pas roul\u00e9 beaucoup. Le mod\u00e8le a moins de 40 000 km au compteur. Le bail de location se termine en mai 2022. La valeur r\u00e9siduelle au bail est de 25 695 $. Sur le march\u00e9 d\u2019occasion, la voiture est \u00e9valu\u00e9e en ce moment \u00e0 35 000$. J\u2019ai donc conseill\u00e9 \u00e0 cette personne de racheter sa voiture, de la conserver deux ans.<\/p>\n","protected":false},"excerpt":{"rendered":"<p>Je ne vous apprends rien en vous disant que l\u2019achat d\u2019un v\u00e9hicule en ce moment est probl\u00e9matique. Il suffit de jeter un coup d&#8217;\u0153il \u00e0 toutes les places vacantes chez vos concessionnaires locaux. Des concessionnaires qui ont une centaine de v\u00e9hicules par mois en sont r\u00e9duits \u00e0 10 ou 12. L\u2019attente moyenne est au minimum [&hellip;]<\/p>\n","protected":false},"author":8,"featured_media":39535,"comment_status":"close","ping_status":"closed","sticky":false,"template":"","format":"standard","meta":{"_monsterinsights_skip_tracking":false,"_monsterinsights_sitenote_active":false,"_monsterinsights_sitenote_note":"","_monsterinsights_sitenote_category":0,"footnotes":""},"categories":[101],"tags":[],"yoast_head":"<!-- This site is optimized with the Yoast SEO plugin v23.2 - https:\/\/yoast.com\/wordpress\/plugins\/seo\/ -->\n<title>Pourquoi devriez-vous garder votre v\u00e9hicule encore un an ou deux ? - CanadaMotorJobs.com<\/title>\n<meta name=\"description\" content=\"Pourquoi devriez-vous garder votre v\u00e9hicule encore un an ou deux ? - Benoit Charette - Annuel automobile - CanadaMotorJobs.com.\" \/>\n<meta name=\"robots\" content=\"index, follow, max-snippet:-1, max-image-preview:large, max-video-preview:-1\" \/>\n<meta property=\"og:locale\" content=\"fr_CA\" \/>\n<meta property=\"og:type\" content=\"article\" \/>\n<meta property=\"og:title\" content=\"Pourquoi devriez-vous garder votre v\u00e9hicule encore un an ou deux ? - CanadaMotorJobs.com\" \/>\n<meta property=\"og:description\" content=\"Pourquoi devriez-vous garder votre v\u00e9hicule encore un an ou deux ? - Benoit Charette - Annuel automobile - CanadaMotorJobs.com.\" \/>\n<meta property=\"og:url\" content=\"https:\/\/news.canadamotorjobs.com\/fr\/pourquoi-devriez-vous-garder-votre-vehicule-encore-un-an-ou-deux\/\" \/>\n<meta property=\"og:site_name\" content=\"CanadaMotorJobs.com\" \/>\n<meta property=\"article:publisher\" content=\"https:\/\/www.facebook.com\/canadamotorjobs\/\" \/>\n<meta property=\"article:published_time\" content=\"2022-04-02T13:56:38+00:00\" \/>\n<meta property=\"article:modified_time\" content=\"2022-04-07T13:46:04+00:00\" \/>\n<meta property=\"og:image\" content=\"https:\/\/news.canadamotorjobs.com\/wp-content\/uploads\/2022\/04\/1140-toyota-camry-cr-top-cars-1.jpg\" \/>\n\t<meta property=\"og:image:width\" content=\"1140\" \/>\n\t<meta property=\"og:image:height\" content=\"655\" \/>\n\t<meta property=\"og:image:type\" content=\"image\/jpeg\" \/>\n<meta name=\"author\" content=\"Benoit Charette\" \/>\n<meta name=\"twitter:card\" content=\"summary_large_image\" \/>\n<meta name=\"twitter:creator\" content=\"@canadamotorjobs\" \/>\n<meta name=\"twitter:site\" content=\"@canadamotorjobs\" \/>\n<meta name=\"twitter:label1\" content=\"\u00c9crit par\" \/>\n\t<meta name=\"twitter:data1\" content=\"Benoit Charette\" \/>\n\t<meta name=\"twitter:label2\" content=\"Estimation du temps de lecture\" \/>\n\t<meta name=\"twitter:data2\" content=\"1 minute\" \/>\n<!-- \/ Yoast SEO plugin. -->","yoast_head_json":{"title":"Pourquoi devriez-vous garder votre v\u00e9hicule encore un an ou deux ? - CanadaMotorJobs.com","description":"Pourquoi devriez-vous garder votre v\u00e9hicule encore un an ou deux ? - Benoit Charette - Annuel automobile - CanadaMotorJobs.com.","robots":{"index":"index","follow":"follow","max-snippet":"max-snippet:-1","max-image-preview":"max-image-preview:large","max-video-preview":"max-video-preview:-1"},"og_locale":"fr_CA","og_type":"article","og_title":"Pourquoi devriez-vous garder votre v\u00e9hicule encore un an ou deux ? - CanadaMotorJobs.com","og_description":"Pourquoi devriez-vous garder votre v\u00e9hicule encore un an ou deux ? - Benoit Charette - Annuel automobile - CanadaMotorJobs.com.","og_url":"https:\/\/news.canadamotorjobs.com\/fr\/pourquoi-devriez-vous-garder-votre-vehicule-encore-un-an-ou-deux\/","og_site_name":"CanadaMotorJobs.com","article_publisher":"https:\/\/www.facebook.com\/canadamotorjobs\/","article_published_time":"2022-04-02T13:56:38+00:00","article_modified_time":"2022-04-07T13:46:04+00:00","og_image":[{"width":1140,"height":655,"url":"https:\/\/news.canadamotorjobs.com\/wp-content\/uploads\/2022\/04\/1140-toyota-camry-cr-top-cars-1.jpg","type":"image\/jpeg"}],"author":"Benoit Charette","twitter_card":"summary_large_image","twitter_creator":"@canadamotorjobs","twitter_site":"@canadamotorjobs","twitter_misc":{"\u00c9crit par":"Benoit Charette","Estimation du temps de lecture":"1 minute"},"schema":{"@context":"https:\/\/schema.org","@graph":[{"@type":"Article","@id":"https:\/\/news.canadamotorjobs.com\/fr\/pourquoi-devriez-vous-garder-votre-vehicule-encore-un-an-ou-deux\/#article","isPartOf":{"@id":"https:\/\/news.canadamotorjobs.com\/fr\/pourquoi-devriez-vous-garder-votre-vehicule-encore-un-an-ou-deux\/"},"author":{"name":"Benoit Charette","@id":"https:\/\/news.canadamotorjobs.com\/#\/schema\/person\/51793d1f87d44011d7bcc2ed99269a90"},"headline":"Pourquoi devriez-vous garder votre v\u00e9hicule encore un an ou deux ?","datePublished":"2022-04-02T13:56:38+00:00","dateModified":"2022-04-07T13:46:04+00:00","mainEntityOfPage":{"@id":"https:\/\/news.canadamotorjobs.com\/fr\/pourquoi-devriez-vous-garder-votre-vehicule-encore-un-an-ou-deux\/"},"wordCount":284,"publisher":{"@id":"https:\/\/news.canadamotorjobs.com\/#organization"},"image":{"@id":"https:\/\/news.canadamotorjobs.com\/fr\/pourquoi-devriez-vous-garder-votre-vehicule-encore-un-an-ou-deux\/#primaryimage"},"thumbnailUrl":"https:\/\/news.canadamotorjobs.com\/wp-content\/uploads\/2022\/04\/1140-toyota-camry-cr-top-cars-1.jpg","articleSection":["Annuel automobile"],"inLanguage":"fr-CA"},{"@type":"WebPage","@id":"https:\/\/news.canadamotorjobs.com\/fr\/pourquoi-devriez-vous-garder-votre-vehicule-encore-un-an-ou-deux\/","url":"https:\/\/news.canadamotorjobs.com\/fr\/pourquoi-devriez-vous-garder-votre-vehicule-encore-un-an-ou-deux\/","name":"Pourquoi devriez-vous garder votre v\u00e9hicule encore un an ou deux ? - CanadaMotorJobs.com","isPartOf":{"@id":"https:\/\/news.canadamotorjobs.com\/#website"},"primaryImageOfPage":{"@id":"https:\/\/news.canadamotorjobs.com\/fr\/pourquoi-devriez-vous-garder-votre-vehicule-encore-un-an-ou-deux\/#primaryimage"},"image":{"@id":"https:\/\/news.canadamotorjobs.com\/fr\/pourquoi-devriez-vous-garder-votre-vehicule-encore-un-an-ou-deux\/#primaryimage"},"thumbnailUrl":"https:\/\/news.canadamotorjobs.com\/wp-content\/uploads\/2022\/04\/1140-toyota-camry-cr-top-cars-1.jpg","datePublished":"2022-04-02T13:56:38+00:00","dateModified":"2022-04-07T13:46:04+00:00","description":"Pourquoi devriez-vous garder votre v\u00e9hicule encore un an ou deux ? - Benoit Charette - Annuel automobile - CanadaMotorJobs.com.","breadcrumb":{"@id":"https:\/\/news.canadamotorjobs.com\/fr\/pourquoi-devriez-vous-garder-votre-vehicule-encore-un-an-ou-deux\/#breadcrumb"},"inLanguage":"fr-CA","potentialAction":[{"@type":"ReadAction","target":["https:\/\/news.canadamotorjobs.com\/fr\/pourquoi-devriez-vous-garder-votre-vehicule-encore-un-an-ou-deux\/"]}]},{"@type":"ImageObject","inLanguage":"fr-CA","@id":"https:\/\/news.canadamotorjobs.com\/fr\/pourquoi-devriez-vous-garder-votre-vehicule-encore-un-an-ou-deux\/#primaryimage","url":"https:\/\/news.canadamotorjobs.com\/wp-content\/uploads\/2022\/04\/1140-toyota-camry-cr-top-cars-1.jpg","contentUrl":"https:\/\/news.canadamotorjobs.com\/wp-content\/uploads\/2022\/04\/1140-toyota-camry-cr-top-cars-1.jpg","width":1140,"height":655},{"@type":"BreadcrumbList","@id":"https:\/\/news.canadamotorjobs.com\/fr\/pourquoi-devriez-vous-garder-votre-vehicule-encore-un-an-ou-deux\/#breadcrumb","itemListElement":[{"@type":"ListItem","position":1,"name":"Home","item":"https:\/\/news.canadamotorjobs.com\/fr\/blog\/"},{"@type":"ListItem","position":2,"name":"Pourquoi devriez-vous garder votre v\u00e9hicule encore un an ou deux ?"}]},{"@type":"WebSite","@id":"https:\/\/news.canadamotorjobs.com\/#website","url":"https:\/\/news.canadamotorjobs.com\/","name":"CanadaMotorJobs.com","description":"Automotive Jobs","publisher":{"@id":"https:\/\/news.canadamotorjobs.com\/#organization"},"potentialAction":[{"@type":"SearchAction","target":{"@type":"EntryPoint","urlTemplate":"https:\/\/news.canadamotorjobs.com\/?s={search_term_string}"},"query-input":"required name=search_term_string"}],"inLanguage":"fr-CA"},{"@type":"Organization","@id":"https:\/\/news.canadamotorjobs.com\/#organization","name":"Canada Motor Jobs","url":"https:\/\/news.canadamotorjobs.com\/","logo":{"@type":"ImageObject","inLanguage":"fr-CA","@id":"https:\/\/news.canadamotorjobs.com\/#\/schema\/logo\/image\/","url":"https:\/\/news.canadamotorjobs.com\/wp-content\/uploads\/2022\/10\/logo-canada-motor-jobs-1.png","contentUrl":"https:\/\/news.canadamotorjobs.com\/wp-content\/uploads\/2022\/10\/logo-canada-motor-jobs-1.png","width":800,"height":400,"caption":"Canada Motor Jobs"},"image":{"@id":"https:\/\/news.canadamotorjobs.com\/#\/schema\/logo\/image\/"},"sameAs":["https:\/\/www.facebook.com\/canadamotorjobs\/","https:\/\/x.com\/canadamotorjobs","https:\/\/www.instagram.com\/canadamotorjobs\/","https:\/\/www.linkedin.com\/company\/canadamotorjobs"]},{"@type":"Person","@id":"https:\/\/news.canadamotorjobs.com\/#\/schema\/person\/51793d1f87d44011d7bcc2ed99269a90","name":"Benoit Charette","image":{"@type":"ImageObject","inLanguage":"fr-CA","@id":"https:\/\/news.canadamotorjobs.com\/#\/schema\/person\/image\/","url":"https:\/\/secure.gravatar.com\/avatar\/45f3d2eebcccd909668d7ce7ea7267b6?s=96&d=mm&r=g","contentUrl":"https:\/\/secure.gravatar.com\/avatar\/45f3d2eebcccd909668d7ce7ea7267b6?s=96&d=mm&r=g","caption":"Benoit Charette"},"description":"Benoit Charette \/ Propri\u00e9taire et r\u00e9dacteur en chef Benoit Charette pratique le journalisme automobile depuis bient\u00f4t 30 ans. Il a fait ses classes au c\u00f4t\u00e9 de Daniel H\u00e9raud et au Carnet de route de 1992 \u00e0 2001. Il est fondateur, copropri\u00e9taire et r\u00e9dacteur en chef de L\u2019Annuel de l\u2019automobile, qu\u2019il publie depuis 2001. Il a anim\u00e9 les \u00e9missions RPM et RPM+ sur V et les L\u00e9gendes de la route sur Historia. \u00c0 la radio depuis 1986, il reprend l\u2019antenne cette ann\u00e9e sur les ondes de Cogeco et participe pour la deuxi\u00e8me ann\u00e9e \u00e0 l\u2019\u00e9mission Passion Auto sur RDS en plus de mettre en ligne le site Web officiel de L\u2019Annuel de l\u2019automobile sur annuelauto.ca.","sameAs":["https:\/\/annuelauto.ca\/"],"url":"https:\/\/news.canadamotorjobs.com\/fr\/author\/benoit-charette\/"}]}},"_links":{"self":[{"href":"https:\/\/news.canadamotorjobs.com\/fr\/wp-json\/wp\/v2\/posts\/39531"}],"collection":[{"href":"https:\/\/news.canadamotorjobs.com\/fr\/wp-json\/wp\/v2\/posts"}],"about":[{"href":"https:\/\/news.canadamotorjobs.com\/fr\/wp-json\/wp\/v2\/types\/post"}],"author":[{"embeddable":true,"href":"https:\/\/news.canadamotorjobs.com\/fr\/wp-json\/wp\/v2\/users\/8"}],"replies":[{"embeddable":true,"href":"https:\/\/news.canadamotorjobs.com\/fr\/wp-json\/wp\/v2\/comments?post=39531"}],"version-history":[{"count":0,"href":"https:\/\/news.canadamotorjobs.com\/fr\/wp-json\/wp\/v2\/posts\/39531\/revisions"}],"wp:featuredmedia":[{"embeddable":true,"href":"https:\/\/news.canadamotorjobs.com\/fr\/wp-json\/wp\/v2\/media\/39535"}],"wp:attachment":[{"href":"https:\/\/news.canadamotorjobs.com\/fr\/wp-json\/wp\/v2\/media?parent=39531"}],"wp:term":[{"taxonomy":"category","embeddable":true,"href":"https:\/\/news.canadamotorjobs.com\/fr\/wp-json\/wp\/v2\/categories?post=39531"},{"taxonomy":"post_tag","embeddable":true,"href":"https:\/\/news.canadamotorjobs.com\/fr\/wp-json\/wp\/v2\/tags?post=39531"}],"curies":[{"name":"wp","href":"https:\/\/api.w.org\/{rel}","templated":true}]}}