{"id":35219,"date":"2022-01-08T08:54:32","date_gmt":"2022-01-08T13:54:32","guid":{"rendered":"https:\/\/blog.canadamotorjobs.com\/une-meilleure-autonomie-pour-le-volkswagen-i-d-4-2022\/"},"modified":"2022-01-08T08:58:41","modified_gmt":"2022-01-08T13:58:41","slug":"une-meilleure-autonomie-pour-le-volkswagen-i-d-4-2022","status":"publish","type":"post","link":"https:\/\/news.canadamotorjobs.com\/fr\/une-meilleure-autonomie-pour-le-volkswagen-i-d-4-2022\/","title":{"rendered":"Une meilleure autonomie pour le Volkswagen I.D. 4 2022"},"content":{"rendered":"<\/p>\n<p>Le premier v\u00e9hicule \u00e9lectrique de Volkswagen vendu en Am\u00e9rique du Nord, l&#8217;ID.4, s&#8217;est av\u00e9r\u00e9 \u00eatre une option populaire pour les amateurs de V\u00c9. Avec un prix r\u00e9aliste et de nombreuses caract\u00e9ristiques, dont une configuration \u00e0 deux moteurs et 4RM, la demande pour ce petit VUS reste forte. Bien qu&#8217;il n&#8217;ait qu&#8217;un an, Volkswagen apporte d\u00e9j\u00e0 quelques am\u00e9liorations.<br \/> 30 \u00e0 40 km de plus et un chargeur embarqu\u00e9 plus puissant<br \/> L&#8217;autonomie est actuellement de 400 km sur une seule charge pour la version ID.4 Pro \u00e0 propulsion. Volkswagen n&#8217;a pas r\u00e9v\u00e9l\u00e9 la distance que l&#8217;ID.4 peut parcourir sur une charge, mais une augmentation de 30 \u00e0 40 km semble correcte. Car and Driver confirme que la capacit\u00e9 du chargeur embarqu\u00e9 passera de 125 kilowatts \u00e0 135 kilowatts.<br \/> Un prix de base \u00e0 la baisse en 2023<br \/> Pour l&#8217;ann\u00e9e mod\u00e8le 2023, l&#8217;ID.4 sera construit dans l&#8217;usine de VW \u00e0 Chattanooga dans le Tennessee. Le fournisseur de batteries passera de LG \u00e0 SKI, mais aucun changement connexe n&#8217;est signal\u00e9. Un \u00e9l\u00e9ment qui \u00e9voluera pour le mod\u00e8le nord-am\u00e9ricain est une console centrale r\u00e9vis\u00e9e plus &#8220;am\u00e9ricaine&#8221;. Ce que cela signifie reste \u00e0 voir.<\/p>\n<p> Enfin, le PDG de VW of America, Scott Keogh, indique qu&#8217;ils travaillent sur une version moins ch\u00e8re qui devrait arriver sur le march\u00e9 pour environ 35 000 $ US en 2023. Esp\u00e9rons que ce rabais va aussi se traduire dans les mod\u00e8les vendus au Canada.<\/p>\n<p> &nbsp;<\/p>\n<p>Le texte <a rel=\"nofollow\" href=\"https:\/\/annuelauto.ca\/une-meilleure-autonomie-pour-le-volkswagen-i-d-4-2022\/\">Une meilleure autonomie pour le Volkswagen I.D. 4 2022<\/a> provient de <a rel=\"nofollow\" href=\"https:\/\/annuelauto.ca\">L&#039;annuel de<\/p>\n<p><\/a><\/p>\n","protected":false},"excerpt":{"rendered":"<p>Le premier v\u00e9hicule \u00e9lectrique de Volkswagen vendu en Am\u00e9rique du Nord, l&#8217;ID.4, s&#8217;est av\u00e9r\u00e9 \u00eatre une option populaire pour les amateurs de V\u00c9. Avec un prix r\u00e9aliste et de nombreuses caract\u00e9ristiques, dont une configuration \u00e0 deux moteurs et 4RM, la demande pour ce petit VUS reste forte. Bien qu&#8217;il n&#8217;ait qu&#8217;un an, Volkswagen apporte d\u00e9j\u00e0 [&hellip;]<\/p>\n","protected":false},"author":8,"featured_media":35223,"comment_status":"close","ping_status":"closed","sticky":false,"template":"","format":"standard","meta":{"_monsterinsights_skip_tracking":false,"_monsterinsights_sitenote_active":false,"_monsterinsights_sitenote_note":"","_monsterinsights_sitenote_category":0,"footnotes":""},"categories":[101],"tags":[],"yoast_head":"<!-- This site is optimized with the Yoast SEO plugin v23.2 - https:\/\/yoast.com\/wordpress\/plugins\/seo\/ -->\n<title>Une meilleure autonomie pour le Volkswagen I.D. 4 2022 - CanadaMotorJobs.com<\/title>\n<meta name=\"description\" content=\"Une meilleure autonomie pour le Volkswagen I.D. 4 2022 - Benoit Charette - Annuel automobile - CanadaMotorJobs.com.\" \/>\n<meta name=\"robots\" content=\"index, follow, max-snippet:-1, max-image-preview:large, max-video-preview:-1\" \/>\n<meta property=\"og:locale\" content=\"fr_CA\" \/>\n<meta property=\"og:type\" content=\"article\" \/>\n<meta property=\"og:title\" content=\"Une meilleure autonomie pour le Volkswagen I.D. 4 2022 - CanadaMotorJobs.com\" \/>\n<meta property=\"og:description\" content=\"Une meilleure autonomie pour le Volkswagen I.D. 4 2022 - Benoit Charette - Annuel automobile - CanadaMotorJobs.com.\" \/>\n<meta property=\"og:url\" content=\"https:\/\/news.canadamotorjobs.com\/fr\/une-meilleure-autonomie-pour-le-volkswagen-i-d-4-2022\/\" \/>\n<meta property=\"og:site_name\" content=\"CanadaMotorJobs.com\" \/>\n<meta property=\"article:publisher\" content=\"https:\/\/www.facebook.com\/canadamotorjobs\/\" \/>\n<meta property=\"article:published_time\" content=\"2022-01-08T13:54:32+00:00\" \/>\n<meta property=\"article:modified_time\" content=\"2022-01-08T13:58:41+00:00\" \/>\n<meta property=\"og:image\" content=\"https:\/\/news.canadamotorjobs.com\/wp-content\/uploads\/2022\/01\/Small-14160-2021ID.4AWDProSwithGradientPackage-1.jpg\" \/>\n\t<meta property=\"og:image:width\" content=\"1500\" \/>\n\t<meta property=\"og:image:height\" content=\"1001\" \/>\n\t<meta property=\"og:image:type\" content=\"image\/jpeg\" \/>\n<meta name=\"author\" content=\"Benoit Charette\" \/>\n<meta name=\"twitter:card\" content=\"summary_large_image\" \/>\n<meta name=\"twitter:creator\" content=\"@canadamotorjobs\" \/>\n<meta name=\"twitter:site\" content=\"@canadamotorjobs\" \/>\n<meta name=\"twitter:label1\" content=\"\u00c9crit par\" \/>\n\t<meta name=\"twitter:data1\" content=\"Benoit Charette\" \/>\n\t<meta name=\"twitter:label2\" content=\"Estimation du temps de lecture\" \/>\n\t<meta name=\"twitter:data2\" content=\"1 minute\" \/>\n<!-- \/ Yoast SEO plugin. -->","yoast_head_json":{"title":"Une meilleure autonomie pour le Volkswagen I.D. 4 2022 - CanadaMotorJobs.com","description":"Une meilleure autonomie pour le Volkswagen I.D. 4 2022 - Benoit Charette - Annuel automobile - CanadaMotorJobs.com.","robots":{"index":"index","follow":"follow","max-snippet":"max-snippet:-1","max-image-preview":"max-image-preview:large","max-video-preview":"max-video-preview:-1"},"og_locale":"fr_CA","og_type":"article","og_title":"Une meilleure autonomie pour le Volkswagen I.D. 4 2022 - CanadaMotorJobs.com","og_description":"Une meilleure autonomie pour le Volkswagen I.D. 4 2022 - Benoit Charette - Annuel automobile - CanadaMotorJobs.com.","og_url":"https:\/\/news.canadamotorjobs.com\/fr\/une-meilleure-autonomie-pour-le-volkswagen-i-d-4-2022\/","og_site_name":"CanadaMotorJobs.com","article_publisher":"https:\/\/www.facebook.com\/canadamotorjobs\/","article_published_time":"2022-01-08T13:54:32+00:00","article_modified_time":"2022-01-08T13:58:41+00:00","og_image":[{"width":1500,"height":1001,"url":"https:\/\/news.canadamotorjobs.com\/wp-content\/uploads\/2022\/01\/Small-14160-2021ID.4AWDProSwithGradientPackage-1.jpg","type":"image\/jpeg"}],"author":"Benoit Charette","twitter_card":"summary_large_image","twitter_creator":"@canadamotorjobs","twitter_site":"@canadamotorjobs","twitter_misc":{"\u00c9crit par":"Benoit Charette","Estimation du temps de lecture":"1 minute"},"schema":{"@context":"https:\/\/schema.org","@graph":[{"@type":"Article","@id":"https:\/\/news.canadamotorjobs.com\/fr\/une-meilleure-autonomie-pour-le-volkswagen-i-d-4-2022\/#article","isPartOf":{"@id":"https:\/\/news.canadamotorjobs.com\/fr\/une-meilleure-autonomie-pour-le-volkswagen-i-d-4-2022\/"},"author":{"name":"Benoit Charette","@id":"https:\/\/news.canadamotorjobs.com\/#\/schema\/person\/51793d1f87d44011d7bcc2ed99269a90"},"headline":"Une meilleure autonomie pour le Volkswagen I.D. 4 2022","datePublished":"2022-01-08T13:54:32+00:00","dateModified":"2022-01-08T13:58:41+00:00","mainEntityOfPage":{"@id":"https:\/\/news.canadamotorjobs.com\/fr\/une-meilleure-autonomie-pour-le-volkswagen-i-d-4-2022\/"},"wordCount":268,"publisher":{"@id":"https:\/\/news.canadamotorjobs.com\/#organization"},"image":{"@id":"https:\/\/news.canadamotorjobs.com\/fr\/une-meilleure-autonomie-pour-le-volkswagen-i-d-4-2022\/#primaryimage"},"thumbnailUrl":"https:\/\/news.canadamotorjobs.com\/wp-content\/uploads\/2022\/01\/Small-14160-2021ID.4AWDProSwithGradientPackage-1.jpg","articleSection":["Annuel automobile"],"inLanguage":"fr-CA"},{"@type":"WebPage","@id":"https:\/\/news.canadamotorjobs.com\/fr\/une-meilleure-autonomie-pour-le-volkswagen-i-d-4-2022\/","url":"https:\/\/news.canadamotorjobs.com\/fr\/une-meilleure-autonomie-pour-le-volkswagen-i-d-4-2022\/","name":"Une meilleure autonomie pour le Volkswagen I.D. 4 2022 - CanadaMotorJobs.com","isPartOf":{"@id":"https:\/\/news.canadamotorjobs.com\/#website"},"primaryImageOfPage":{"@id":"https:\/\/news.canadamotorjobs.com\/fr\/une-meilleure-autonomie-pour-le-volkswagen-i-d-4-2022\/#primaryimage"},"image":{"@id":"https:\/\/news.canadamotorjobs.com\/fr\/une-meilleure-autonomie-pour-le-volkswagen-i-d-4-2022\/#primaryimage"},"thumbnailUrl":"https:\/\/news.canadamotorjobs.com\/wp-content\/uploads\/2022\/01\/Small-14160-2021ID.4AWDProSwithGradientPackage-1.jpg","datePublished":"2022-01-08T13:54:32+00:00","dateModified":"2022-01-08T13:58:41+00:00","description":"Une meilleure autonomie pour le Volkswagen I.D. 4 2022 - Benoit Charette - Annuel automobile - CanadaMotorJobs.com.","breadcrumb":{"@id":"https:\/\/news.canadamotorjobs.com\/fr\/une-meilleure-autonomie-pour-le-volkswagen-i-d-4-2022\/#breadcrumb"},"inLanguage":"fr-CA","potentialAction":[{"@type":"ReadAction","target":["https:\/\/news.canadamotorjobs.com\/fr\/une-meilleure-autonomie-pour-le-volkswagen-i-d-4-2022\/"]}]},{"@type":"ImageObject","inLanguage":"fr-CA","@id":"https:\/\/news.canadamotorjobs.com\/fr\/une-meilleure-autonomie-pour-le-volkswagen-i-d-4-2022\/#primaryimage","url":"https:\/\/news.canadamotorjobs.com\/wp-content\/uploads\/2022\/01\/Small-14160-2021ID.4AWDProSwithGradientPackage-1.jpg","contentUrl":"https:\/\/news.canadamotorjobs.com\/wp-content\/uploads\/2022\/01\/Small-14160-2021ID.4AWDProSwithGradientPackage-1.jpg","width":1500,"height":1001},{"@type":"BreadcrumbList","@id":"https:\/\/news.canadamotorjobs.com\/fr\/une-meilleure-autonomie-pour-le-volkswagen-i-d-4-2022\/#breadcrumb","itemListElement":[{"@type":"ListItem","position":1,"name":"Home","item":"https:\/\/news.canadamotorjobs.com\/fr\/blog\/"},{"@type":"ListItem","position":2,"name":"Une meilleure autonomie pour le Volkswagen I.D. 4 2022"}]},{"@type":"WebSite","@id":"https:\/\/news.canadamotorjobs.com\/#website","url":"https:\/\/news.canadamotorjobs.com\/","name":"CanadaMotorJobs.com","description":"Automotive Jobs","publisher":{"@id":"https:\/\/news.canadamotorjobs.com\/#organization"},"potentialAction":[{"@type":"SearchAction","target":{"@type":"EntryPoint","urlTemplate":"https:\/\/news.canadamotorjobs.com\/?s={search_term_string}"},"query-input":"required name=search_term_string"}],"inLanguage":"fr-CA"},{"@type":"Organization","@id":"https:\/\/news.canadamotorjobs.com\/#organization","name":"Canada Motor Jobs","url":"https:\/\/news.canadamotorjobs.com\/","logo":{"@type":"ImageObject","inLanguage":"fr-CA","@id":"https:\/\/news.canadamotorjobs.com\/#\/schema\/logo\/image\/","url":"https:\/\/news.canadamotorjobs.com\/wp-content\/uploads\/2022\/10\/logo-canada-motor-jobs-1.png","contentUrl":"https:\/\/news.canadamotorjobs.com\/wp-content\/uploads\/2022\/10\/logo-canada-motor-jobs-1.png","width":800,"height":400,"caption":"Canada Motor Jobs"},"image":{"@id":"https:\/\/news.canadamotorjobs.com\/#\/schema\/logo\/image\/"},"sameAs":["https:\/\/www.facebook.com\/canadamotorjobs\/","https:\/\/x.com\/canadamotorjobs","https:\/\/www.instagram.com\/canadamotorjobs\/","https:\/\/www.linkedin.com\/company\/canadamotorjobs"]},{"@type":"Person","@id":"https:\/\/news.canadamotorjobs.com\/#\/schema\/person\/51793d1f87d44011d7bcc2ed99269a90","name":"Benoit Charette","image":{"@type":"ImageObject","inLanguage":"fr-CA","@id":"https:\/\/news.canadamotorjobs.com\/#\/schema\/person\/image\/","url":"https:\/\/secure.gravatar.com\/avatar\/45f3d2eebcccd909668d7ce7ea7267b6?s=96&d=mm&r=g","contentUrl":"https:\/\/secure.gravatar.com\/avatar\/45f3d2eebcccd909668d7ce7ea7267b6?s=96&d=mm&r=g","caption":"Benoit Charette"},"description":"Benoit Charette \/ Propri\u00e9taire et r\u00e9dacteur en chef Benoit Charette pratique le journalisme automobile depuis bient\u00f4t 30 ans. Il a fait ses classes au c\u00f4t\u00e9 de Daniel H\u00e9raud et au Carnet de route de 1992 \u00e0 2001. Il est fondateur, copropri\u00e9taire et r\u00e9dacteur en chef de L\u2019Annuel de l\u2019automobile, qu\u2019il publie depuis 2001. Il a anim\u00e9 les \u00e9missions RPM et RPM+ sur V et les L\u00e9gendes de la route sur Historia. \u00c0 la radio depuis 1986, il reprend l\u2019antenne cette ann\u00e9e sur les ondes de Cogeco et participe pour la deuxi\u00e8me ann\u00e9e \u00e0 l\u2019\u00e9mission Passion Auto sur RDS en plus de mettre en ligne le site Web officiel de L\u2019Annuel de l\u2019automobile sur annuelauto.ca.","sameAs":["https:\/\/annuelauto.ca\/"],"url":"https:\/\/news.canadamotorjobs.com\/fr\/author\/benoit-charette\/"}]}},"_links":{"self":[{"href":"https:\/\/news.canadamotorjobs.com\/fr\/wp-json\/wp\/v2\/posts\/35219"}],"collection":[{"href":"https:\/\/news.canadamotorjobs.com\/fr\/wp-json\/wp\/v2\/posts"}],"about":[{"href":"https:\/\/news.canadamotorjobs.com\/fr\/wp-json\/wp\/v2\/types\/post"}],"author":[{"embeddable":true,"href":"https:\/\/news.canadamotorjobs.com\/fr\/wp-json\/wp\/v2\/users\/8"}],"replies":[{"embeddable":true,"href":"https:\/\/news.canadamotorjobs.com\/fr\/wp-json\/wp\/v2\/comments?post=35219"}],"version-history":[{"count":0,"href":"https:\/\/news.canadamotorjobs.com\/fr\/wp-json\/wp\/v2\/posts\/35219\/revisions"}],"wp:featuredmedia":[{"embeddable":true,"href":"https:\/\/news.canadamotorjobs.com\/fr\/wp-json\/wp\/v2\/media\/35223"}],"wp:attachment":[{"href":"https:\/\/news.canadamotorjobs.com\/fr\/wp-json\/wp\/v2\/media?parent=35219"}],"wp:term":[{"taxonomy":"category","embeddable":true,"href":"https:\/\/news.canadamotorjobs.com\/fr\/wp-json\/wp\/v2\/categories?post=35219"},{"taxonomy":"post_tag","embeddable":true,"href":"https:\/\/news.canadamotorjobs.com\/fr\/wp-json\/wp\/v2\/tags?post=35219"}],"curies":[{"name":"wp","href":"https:\/\/api.w.org\/{rel}","templated":true}]}}