{"id":34674,"date":"2021-12-25T10:50:17","date_gmt":"2021-12-25T15:50:17","guid":{"rendered":"https:\/\/blog.canadamotorjobs.com\/des-chiffres-sur-limpact-du-froid-sur-les-vehicules-electriques\/"},"modified":"2021-12-25T11:00:49","modified_gmt":"2021-12-25T16:00:49","slug":"des-chiffres-sur-limpact-du-froid-sur-les-vehicules-electriques","status":"publish","type":"post","link":"https:\/\/news.canadamotorjobs.com\/fr\/des-chiffres-sur-limpact-du-froid-sur-les-vehicules-electriques\/","title":{"rendered":"Des chiffres sur l\u2019impact du froid sur les v\u00e9hicules \u00e9lectriques"},"content":{"rendered":"<\/p>\n<p>Une communaut\u00e9 am\u00e9ricaine, Recurrent, qui compte plus de 7\u00a0000 membres vient de publier une \u00e9tude sur l\u2019impact du froid sur les v\u00e9hicules \u00e9lectriques. Une deuxi\u00e8me \u00e9tude qui d\u00e9montre que certains mod\u00e8les sont plus fragiles que d\u2019autres\u00a0 quand le thermom\u00e8tre plonge.<br \/> Pourquoi le froid affecte-t-il l&#8217;autonomie des v\u00e9hicules \u00e9lectriques ?<br \/> Dans un premier temps, les r\u00e9actions chimiques et physiques dans la batterie se produisent plus lentement par temps froid. Cela r\u00e9duit la puissance des batteries. Les temp\u00e9ratures froides inhibent les r\u00e9actions chimiques et agissent comme une r\u00e9sistance qui ralentit les processus physiques. Dans un deuxi\u00e8me temps, les voitures \u00e9lectriques doivent produire leur propre chaleur. Alors que le surplus de chaleur d\u2019un moteur \u00e0 combustion chauffe l\u2019habitacle en hiver, le v\u00e9hicule \u00e9lectrique a besoin d\u2019une autre source. Les chauffages d&#8217;habitacle puisent g\u00e9n\u00e9ralement dans la batterie haute tension, ce qui r\u00e9duit la quantit\u00e9 de batteries restante pour la conduite.<br \/> Conseils pour \u00e9viter la perte d&#8217;autonomie en hiver<br \/> <strong>\u2014 Le pr\u00e9conditionnement<\/strong> est disponible dans la plupart des VE gr\u00e2ce \u00e0 une application de services connect\u00e9s qui vous permet de r\u00e9chauffer la batterie et l&#8217;habitacle avant de monter dans votre voiture, le tout \u00e0 partir de votre t\u00e9l\u00e9phone. Certains v\u00e9hicules proposent \u00e9galement des ensembles d\u2019hiver sp\u00e9cialement con\u00e7u pour maintenir la temp\u00e9rature de la batterie dans une zone id\u00e9ale.<\/p>\n<p> <strong>\u2014 Pr\u00e9parez-vous \u00e0 des temps de charge plus longs<\/strong>. Pour prot\u00e9ger la batterie haute tension, de nombreuses voitures limitent la tension de charge lorsque la batterie est froide. Le syst\u00e8me de gestion thermique l\u00e8ve g\u00e9n\u00e9ralement la<\/p>\n","protected":false},"excerpt":{"rendered":"<p>Une communaut\u00e9 am\u00e9ricaine, Recurrent, qui compte plus de 7\u00a0000 membres vient de publier une \u00e9tude sur l\u2019impact du froid sur les v\u00e9hicules \u00e9lectriques. Une deuxi\u00e8me \u00e9tude qui d\u00e9montre que certains mod\u00e8les sont plus fragiles que d\u2019autres\u00a0 quand le thermom\u00e8tre plonge. Pourquoi le froid affecte-t-il l&#8217;autonomie des v\u00e9hicules \u00e9lectriques ? Dans un premier temps, les r\u00e9actions [&hellip;]<\/p>\n","protected":false},"author":8,"featured_media":34680,"comment_status":"close","ping_status":"closed","sticky":false,"template":"","format":"standard","meta":{"_monsterinsights_skip_tracking":false,"_monsterinsights_sitenote_active":false,"_monsterinsights_sitenote_note":"","_monsterinsights_sitenote_category":0,"footnotes":""},"categories":[101],"tags":[],"yoast_head":"<!-- This site is optimized with the Yoast SEO plugin v23.2 - https:\/\/yoast.com\/wordpress\/plugins\/seo\/ -->\n<title>Des chiffres sur l\u2019impact du froid sur les v\u00e9hicules \u00e9lectriques - CanadaMotorJobs.com<\/title>\n<meta name=\"description\" content=\"Des chiffres sur l\u2019impact du froid sur les v\u00e9hicules \u00e9lectriques - Benoit Charette - Annuel automobile - CanadaMotorJobs.com.\" \/>\n<meta name=\"robots\" content=\"index, follow, max-snippet:-1, max-image-preview:large, max-video-preview:-1\" \/>\n<meta property=\"og:locale\" content=\"fr_CA\" \/>\n<meta property=\"og:type\" content=\"article\" \/>\n<meta property=\"og:title\" content=\"Des chiffres sur l\u2019impact du froid sur les v\u00e9hicules \u00e9lectriques - CanadaMotorJobs.com\" \/>\n<meta property=\"og:description\" content=\"Des chiffres sur l\u2019impact du froid sur les v\u00e9hicules \u00e9lectriques - Benoit Charette - Annuel automobile - CanadaMotorJobs.com.\" \/>\n<meta property=\"og:url\" content=\"https:\/\/news.canadamotorjobs.com\/fr\/des-chiffres-sur-limpact-du-froid-sur-les-vehicules-electriques\/\" \/>\n<meta property=\"og:site_name\" content=\"CanadaMotorJobs.com\" \/>\n<meta property=\"article:publisher\" content=\"https:\/\/www.facebook.com\/canadamotorjobs\/\" \/>\n<meta property=\"article:published_time\" content=\"2021-12-25T15:50:17+00:00\" \/>\n<meta property=\"article:modified_time\" content=\"2021-12-25T16:00:49+00:00\" \/>\n<meta property=\"og:image\" content=\"https:\/\/news.canadamotorjobs.com\/wp-content\/uploads\/2021\/12\/2-tesla-model-x-26-100-units-sold-1.jpg\" \/>\n\t<meta property=\"og:image:width\" content=\"1920\" \/>\n\t<meta property=\"og:image:height\" content=\"1080\" \/>\n\t<meta property=\"og:image:type\" content=\"image\/jpeg\" \/>\n<meta name=\"author\" content=\"Benoit Charette\" \/>\n<meta name=\"twitter:card\" content=\"summary_large_image\" \/>\n<meta name=\"twitter:creator\" content=\"@canadamotorjobs\" \/>\n<meta name=\"twitter:site\" content=\"@canadamotorjobs\" \/>\n<meta name=\"twitter:label1\" content=\"\u00c9crit par\" \/>\n\t<meta name=\"twitter:data1\" content=\"Benoit Charette\" \/>\n\t<meta name=\"twitter:label2\" content=\"Estimation du temps de lecture\" \/>\n\t<meta name=\"twitter:data2\" content=\"1 minute\" \/>\n<!-- \/ Yoast SEO plugin. -->","yoast_head_json":{"title":"Des chiffres sur l\u2019impact du froid sur les v\u00e9hicules \u00e9lectriques - CanadaMotorJobs.com","description":"Des chiffres sur l\u2019impact du froid sur les v\u00e9hicules \u00e9lectriques - Benoit Charette - Annuel automobile - CanadaMotorJobs.com.","robots":{"index":"index","follow":"follow","max-snippet":"max-snippet:-1","max-image-preview":"max-image-preview:large","max-video-preview":"max-video-preview:-1"},"og_locale":"fr_CA","og_type":"article","og_title":"Des chiffres sur l\u2019impact du froid sur les v\u00e9hicules \u00e9lectriques - CanadaMotorJobs.com","og_description":"Des chiffres sur l\u2019impact du froid sur les v\u00e9hicules \u00e9lectriques - Benoit Charette - Annuel automobile - CanadaMotorJobs.com.","og_url":"https:\/\/news.canadamotorjobs.com\/fr\/des-chiffres-sur-limpact-du-froid-sur-les-vehicules-electriques\/","og_site_name":"CanadaMotorJobs.com","article_publisher":"https:\/\/www.facebook.com\/canadamotorjobs\/","article_published_time":"2021-12-25T15:50:17+00:00","article_modified_time":"2021-12-25T16:00:49+00:00","og_image":[{"width":1920,"height":1080,"url":"https:\/\/news.canadamotorjobs.com\/wp-content\/uploads\/2021\/12\/2-tesla-model-x-26-100-units-sold-1.jpg","type":"image\/jpeg"}],"author":"Benoit Charette","twitter_card":"summary_large_image","twitter_creator":"@canadamotorjobs","twitter_site":"@canadamotorjobs","twitter_misc":{"\u00c9crit par":"Benoit Charette","Estimation du temps de lecture":"1 minute"},"schema":{"@context":"https:\/\/schema.org","@graph":[{"@type":"Article","@id":"https:\/\/news.canadamotorjobs.com\/fr\/des-chiffres-sur-limpact-du-froid-sur-les-vehicules-electriques\/#article","isPartOf":{"@id":"https:\/\/news.canadamotorjobs.com\/fr\/des-chiffres-sur-limpact-du-froid-sur-les-vehicules-electriques\/"},"author":{"name":"Benoit Charette","@id":"https:\/\/news.canadamotorjobs.com\/#\/schema\/person\/51793d1f87d44011d7bcc2ed99269a90"},"headline":"Des chiffres sur l\u2019impact du froid sur les v\u00e9hicules \u00e9lectriques","datePublished":"2021-12-25T15:50:17+00:00","dateModified":"2021-12-25T16:00:49+00:00","mainEntityOfPage":{"@id":"https:\/\/news.canadamotorjobs.com\/fr\/des-chiffres-sur-limpact-du-froid-sur-les-vehicules-electriques\/"},"wordCount":297,"publisher":{"@id":"https:\/\/news.canadamotorjobs.com\/#organization"},"image":{"@id":"https:\/\/news.canadamotorjobs.com\/fr\/des-chiffres-sur-limpact-du-froid-sur-les-vehicules-electriques\/#primaryimage"},"thumbnailUrl":"https:\/\/news.canadamotorjobs.com\/wp-content\/uploads\/2021\/12\/2-tesla-model-x-26-100-units-sold-1.jpg","articleSection":["Annuel automobile"],"inLanguage":"fr-CA"},{"@type":"WebPage","@id":"https:\/\/news.canadamotorjobs.com\/fr\/des-chiffres-sur-limpact-du-froid-sur-les-vehicules-electriques\/","url":"https:\/\/news.canadamotorjobs.com\/fr\/des-chiffres-sur-limpact-du-froid-sur-les-vehicules-electriques\/","name":"Des chiffres sur l\u2019impact du froid sur les v\u00e9hicules \u00e9lectriques - CanadaMotorJobs.com","isPartOf":{"@id":"https:\/\/news.canadamotorjobs.com\/#website"},"primaryImageOfPage":{"@id":"https:\/\/news.canadamotorjobs.com\/fr\/des-chiffres-sur-limpact-du-froid-sur-les-vehicules-electriques\/#primaryimage"},"image":{"@id":"https:\/\/news.canadamotorjobs.com\/fr\/des-chiffres-sur-limpact-du-froid-sur-les-vehicules-electriques\/#primaryimage"},"thumbnailUrl":"https:\/\/news.canadamotorjobs.com\/wp-content\/uploads\/2021\/12\/2-tesla-model-x-26-100-units-sold-1.jpg","datePublished":"2021-12-25T15:50:17+00:00","dateModified":"2021-12-25T16:00:49+00:00","description":"Des chiffres sur l\u2019impact du froid sur les v\u00e9hicules \u00e9lectriques - Benoit Charette - Annuel automobile - CanadaMotorJobs.com.","breadcrumb":{"@id":"https:\/\/news.canadamotorjobs.com\/fr\/des-chiffres-sur-limpact-du-froid-sur-les-vehicules-electriques\/#breadcrumb"},"inLanguage":"fr-CA","potentialAction":[{"@type":"ReadAction","target":["https:\/\/news.canadamotorjobs.com\/fr\/des-chiffres-sur-limpact-du-froid-sur-les-vehicules-electriques\/"]}]},{"@type":"ImageObject","inLanguage":"fr-CA","@id":"https:\/\/news.canadamotorjobs.com\/fr\/des-chiffres-sur-limpact-du-froid-sur-les-vehicules-electriques\/#primaryimage","url":"https:\/\/news.canadamotorjobs.com\/wp-content\/uploads\/2021\/12\/2-tesla-model-x-26-100-units-sold-1.jpg","contentUrl":"https:\/\/news.canadamotorjobs.com\/wp-content\/uploads\/2021\/12\/2-tesla-model-x-26-100-units-sold-1.jpg","width":1920,"height":1080},{"@type":"BreadcrumbList","@id":"https:\/\/news.canadamotorjobs.com\/fr\/des-chiffres-sur-limpact-du-froid-sur-les-vehicules-electriques\/#breadcrumb","itemListElement":[{"@type":"ListItem","position":1,"name":"Home","item":"https:\/\/news.canadamotorjobs.com\/fr\/blog\/"},{"@type":"ListItem","position":2,"name":"Des chiffres sur l\u2019impact du froid sur les v\u00e9hicules \u00e9lectriques"}]},{"@type":"WebSite","@id":"https:\/\/news.canadamotorjobs.com\/#website","url":"https:\/\/news.canadamotorjobs.com\/","name":"CanadaMotorJobs.com","description":"Automotive Jobs","publisher":{"@id":"https:\/\/news.canadamotorjobs.com\/#organization"},"potentialAction":[{"@type":"SearchAction","target":{"@type":"EntryPoint","urlTemplate":"https:\/\/news.canadamotorjobs.com\/?s={search_term_string}"},"query-input":"required name=search_term_string"}],"inLanguage":"fr-CA"},{"@type":"Organization","@id":"https:\/\/news.canadamotorjobs.com\/#organization","name":"Canada Motor Jobs","url":"https:\/\/news.canadamotorjobs.com\/","logo":{"@type":"ImageObject","inLanguage":"fr-CA","@id":"https:\/\/news.canadamotorjobs.com\/#\/schema\/logo\/image\/","url":"https:\/\/news.canadamotorjobs.com\/wp-content\/uploads\/2022\/10\/logo-canada-motor-jobs-1.png","contentUrl":"https:\/\/news.canadamotorjobs.com\/wp-content\/uploads\/2022\/10\/logo-canada-motor-jobs-1.png","width":800,"height":400,"caption":"Canada Motor Jobs"},"image":{"@id":"https:\/\/news.canadamotorjobs.com\/#\/schema\/logo\/image\/"},"sameAs":["https:\/\/www.facebook.com\/canadamotorjobs\/","https:\/\/x.com\/canadamotorjobs","https:\/\/www.instagram.com\/canadamotorjobs\/","https:\/\/www.linkedin.com\/company\/canadamotorjobs"]},{"@type":"Person","@id":"https:\/\/news.canadamotorjobs.com\/#\/schema\/person\/51793d1f87d44011d7bcc2ed99269a90","name":"Benoit Charette","image":{"@type":"ImageObject","inLanguage":"fr-CA","@id":"https:\/\/news.canadamotorjobs.com\/#\/schema\/person\/image\/","url":"https:\/\/secure.gravatar.com\/avatar\/45f3d2eebcccd909668d7ce7ea7267b6?s=96&d=mm&r=g","contentUrl":"https:\/\/secure.gravatar.com\/avatar\/45f3d2eebcccd909668d7ce7ea7267b6?s=96&d=mm&r=g","caption":"Benoit Charette"},"description":"Benoit Charette \/ Propri\u00e9taire et r\u00e9dacteur en chef Benoit Charette pratique le journalisme automobile depuis bient\u00f4t 30 ans. Il a fait ses classes au c\u00f4t\u00e9 de Daniel H\u00e9raud et au Carnet de route de 1992 \u00e0 2001. Il est fondateur, copropri\u00e9taire et r\u00e9dacteur en chef de L\u2019Annuel de l\u2019automobile, qu\u2019il publie depuis 2001. Il a anim\u00e9 les \u00e9missions RPM et RPM+ sur V et les L\u00e9gendes de la route sur Historia. \u00c0 la radio depuis 1986, il reprend l\u2019antenne cette ann\u00e9e sur les ondes de Cogeco et participe pour la deuxi\u00e8me ann\u00e9e \u00e0 l\u2019\u00e9mission Passion Auto sur RDS en plus de mettre en ligne le site Web officiel de L\u2019Annuel de l\u2019automobile sur annuelauto.ca.","sameAs":["https:\/\/annuelauto.ca\/"],"url":"https:\/\/news.canadamotorjobs.com\/fr\/author\/benoit-charette\/"}]}},"_links":{"self":[{"href":"https:\/\/news.canadamotorjobs.com\/fr\/wp-json\/wp\/v2\/posts\/34674"}],"collection":[{"href":"https:\/\/news.canadamotorjobs.com\/fr\/wp-json\/wp\/v2\/posts"}],"about":[{"href":"https:\/\/news.canadamotorjobs.com\/fr\/wp-json\/wp\/v2\/types\/post"}],"author":[{"embeddable":true,"href":"https:\/\/news.canadamotorjobs.com\/fr\/wp-json\/wp\/v2\/users\/8"}],"replies":[{"embeddable":true,"href":"https:\/\/news.canadamotorjobs.com\/fr\/wp-json\/wp\/v2\/comments?post=34674"}],"version-history":[{"count":0,"href":"https:\/\/news.canadamotorjobs.com\/fr\/wp-json\/wp\/v2\/posts\/34674\/revisions"}],"wp:featuredmedia":[{"embeddable":true,"href":"https:\/\/news.canadamotorjobs.com\/fr\/wp-json\/wp\/v2\/media\/34680"}],"wp:attachment":[{"href":"https:\/\/news.canadamotorjobs.com\/fr\/wp-json\/wp\/v2\/media?parent=34674"}],"wp:term":[{"taxonomy":"category","embeddable":true,"href":"https:\/\/news.canadamotorjobs.com\/fr\/wp-json\/wp\/v2\/categories?post=34674"},{"taxonomy":"post_tag","embeddable":true,"href":"https:\/\/news.canadamotorjobs.com\/fr\/wp-json\/wp\/v2\/tags?post=34674"}],"curies":[{"name":"wp","href":"https:\/\/api.w.org\/{rel}","templated":true}]}}