{"id":33572,"date":"2021-12-04T10:48:08","date_gmt":"2021-12-04T15:48:08","guid":{"rendered":"https:\/\/blog.canadamotorjobs.com\/gm-promet-linstallation-retroactive-des-sieges-et-des-volants-chauffants\/"},"modified":"2021-12-04T10:59:11","modified_gmt":"2021-12-04T15:59:11","slug":"gm-promet-linstallation-retroactive-des-sieges-et-des-volants-chauffants","status":"publish","type":"post","link":"https:\/\/news.canadamotorjobs.com\/fr\/gm-promet-linstallation-retroactive-des-sieges-et-des-volants-chauffants\/","title":{"rendered":"GM promet l\u2019installation r\u00e9troactive des si\u00e8ges et des volants chauffants"},"content":{"rendered":"<\/p>\n<p><a href=\"https:\/\/annuelauto.ca\/gm-retire-loption-des-sieges-chauffants-dune-grande-partie-de-sa-gamme-en-raison-dune-penurie-de-puces\/\" target=\"_blank\" rel=\"noopener noreferrer\">Le 19 novembre dernier<\/a>, GM annon\u00e7ait qu\u2019elle vendrait bon nombre de ses VUS sans si\u00e8ges ni volant chauffants en raison de la p\u00e9nurie de puces \u00e9lectroniques qui a durement touch\u00e9 le g\u00e9ant am\u00e9ricain. GM a annonc\u00e9 hier l\u2019installation r\u00e9troactive du volant chauffant ainsi que les si\u00e8ges chauffants et ventil\u00e9s en 2022. Parmi les mod\u00e8les vis\u00e9s: Chevrolet Colorado, Blazer et Equinox et les GMC Canyon et Terrain. Ces caract\u00e9ristiques seront \u00e9galement \u00e9limin\u00e9es sur tous les <a href=\"https:\/\/annuelauto.ca\/gm-ordonne-aux-concessionnaires-de-cesser-la-vente-des-silverado-et-sierra-hd\/\" target=\"_blank\" rel=\"noopener noreferrer\">Chevrolet Silverado<\/a> et Traverse, \u00e0 l\u2019exception des mod\u00e8les High Country, et sur tous les GMC Sierra et Acadia, \u00e0 l\u2019exception des Denali.<\/p>\n<p> Le processus de r\u00e9installation de ces populaires options commencera lorsque les pi\u00e8ces seront livrables, probablement au troisi\u00e8me trimestre de 2022, sans frais suppl\u00e9mentaires pour le client, a d\u00e9clar\u00e9 GM dans un communiqu\u00e9. Les clients concern\u00e9s recevront un cr\u00e9dit de 25 dollars par v\u00e9hicule. GM avait pr\u00e9vu de r\u00e9duire les v\u00e9hicules de 150 dollars si les volants chauffants ne pouvaient pas \u00eatre install\u00e9s.<\/p>\n<p> GM offre \u00e9galement un an d&#8217;utilisation gratuite de son plan d&#8217;acc\u00e8s \u00e0 distance aux clients qui feront \u00e9quiper leur v\u00e9hicule de volants chauffants, de si\u00e8ges chauffants ou de si\u00e8ges ventil\u00e9s. Ce plan comprend la t\u00e9l\u00e9commande, la localisation du v\u00e9hicule, le diagnostic \u00e0 la demande et le service vocal pour les v\u00e9hicules qui en sont \u00e9quip\u00e9s. Les clients peuvent s&#8217;inscrire \u00e0 ce plan imm\u00e9diatement, a d\u00e9clar\u00e9 GM.<\/p>\n<p> Avec des renseignements d\u2019Automotive News<\/p>\n<p>Le texte <a rel=\"nofollow\" href=\"https:\/\/annuelauto.ca\/gm-promet-linstallation-retroactive-des-sieges-et-des-volants-chauffants\/\">GM promet l\u2019installation r\u00e9troactive des si\u00e8ges et des volants chauffants<\/a> provient de <a rel=\"nofollow\" href=\"https:\/\/annuelauto.ca\">L&#039;annuel de l&#039;automobile &#8211; Actualit\u00e9<\/p>\n<p><\/a><\/p>\n","protected":false},"excerpt":{"rendered":"<p>Le 19 novembre dernier, GM annon\u00e7ait qu\u2019elle vendrait bon nombre de ses VUS sans si\u00e8ges ni volant chauffants en raison de la p\u00e9nurie de puces \u00e9lectroniques qui a durement touch\u00e9 le g\u00e9ant am\u00e9ricain. GM a annonc\u00e9 hier l\u2019installation r\u00e9troactive du volant chauffant ainsi que les si\u00e8ges chauffants et ventil\u00e9s en 2022. Parmi les mod\u00e8les vis\u00e9s: [&hellip;]<\/p>\n","protected":false},"author":8,"featured_media":33576,"comment_status":"close","ping_status":"closed","sticky":false,"template":"","format":"standard","meta":{"_monsterinsights_skip_tracking":false,"_monsterinsights_sitenote_active":false,"_monsterinsights_sitenote_note":"","_monsterinsights_sitenote_category":0,"footnotes":""},"categories":[101],"tags":[],"yoast_head":"<!-- This site is optimized with the Yoast SEO plugin v23.2 - https:\/\/yoast.com\/wordpress\/plugins\/seo\/ -->\n<title>GM promet l\u2019installation r\u00e9troactive des si\u00e8ges et des volants chauffants - CanadaMotorJobs.com<\/title>\n<meta name=\"description\" content=\"GM promet l\u2019installation r\u00e9troactive des si\u00e8ges et des volants chauffants - Benoit Charette - Annuel automobile - CanadaMotorJobs.com.\" \/>\n<meta name=\"robots\" content=\"index, follow, max-snippet:-1, max-image-preview:large, max-video-preview:-1\" \/>\n<meta property=\"og:locale\" content=\"fr_CA\" \/>\n<meta property=\"og:type\" content=\"article\" \/>\n<meta property=\"og:title\" content=\"GM promet l\u2019installation r\u00e9troactive des si\u00e8ges et des volants chauffants - CanadaMotorJobs.com\" \/>\n<meta property=\"og:description\" content=\"GM promet l\u2019installation r\u00e9troactive des si\u00e8ges et des volants chauffants - Benoit Charette - Annuel automobile - CanadaMotorJobs.com.\" \/>\n<meta property=\"og:url\" content=\"https:\/\/news.canadamotorjobs.com\/fr\/gm-promet-linstallation-retroactive-des-sieges-et-des-volants-chauffants\/\" \/>\n<meta property=\"og:site_name\" content=\"CanadaMotorJobs.com\" \/>\n<meta property=\"article:publisher\" content=\"https:\/\/www.facebook.com\/canadamotorjobs\/\" \/>\n<meta property=\"article:published_time\" content=\"2021-12-04T15:48:08+00:00\" \/>\n<meta property=\"article:modified_time\" content=\"2021-12-04T15:59:11+00:00\" \/>\n<meta property=\"og:image\" content=\"https:\/\/news.canadamotorjobs.com\/wp-content\/uploads\/2021\/12\/General-Motors-logo-2010-3300x3300-1-1.png\" \/>\n\t<meta property=\"og:image:width\" content=\"3300\" \/>\n\t<meta property=\"og:image:height\" content=\"3300\" \/>\n\t<meta property=\"og:image:type\" content=\"image\/png\" \/>\n<meta name=\"author\" content=\"Benoit Charette\" \/>\n<meta name=\"twitter:card\" content=\"summary_large_image\" \/>\n<meta name=\"twitter:creator\" content=\"@canadamotorjobs\" \/>\n<meta name=\"twitter:site\" content=\"@canadamotorjobs\" \/>\n<meta name=\"twitter:label1\" content=\"\u00c9crit par\" \/>\n\t<meta name=\"twitter:data1\" content=\"Benoit Charette\" \/>\n\t<meta name=\"twitter:label2\" content=\"Estimation du temps de lecture\" \/>\n\t<meta name=\"twitter:data2\" content=\"1 minute\" \/>\n<!-- \/ Yoast SEO plugin. -->","yoast_head_json":{"title":"GM promet l\u2019installation r\u00e9troactive des si\u00e8ges et des volants chauffants - CanadaMotorJobs.com","description":"GM promet l\u2019installation r\u00e9troactive des si\u00e8ges et des volants chauffants - Benoit Charette - Annuel automobile - CanadaMotorJobs.com.","robots":{"index":"index","follow":"follow","max-snippet":"max-snippet:-1","max-image-preview":"max-image-preview:large","max-video-preview":"max-video-preview:-1"},"og_locale":"fr_CA","og_type":"article","og_title":"GM promet l\u2019installation r\u00e9troactive des si\u00e8ges et des volants chauffants - CanadaMotorJobs.com","og_description":"GM promet l\u2019installation r\u00e9troactive des si\u00e8ges et des volants chauffants - Benoit Charette - Annuel automobile - CanadaMotorJobs.com.","og_url":"https:\/\/news.canadamotorjobs.com\/fr\/gm-promet-linstallation-retroactive-des-sieges-et-des-volants-chauffants\/","og_site_name":"CanadaMotorJobs.com","article_publisher":"https:\/\/www.facebook.com\/canadamotorjobs\/","article_published_time":"2021-12-04T15:48:08+00:00","article_modified_time":"2021-12-04T15:59:11+00:00","og_image":[{"width":3300,"height":3300,"url":"https:\/\/news.canadamotorjobs.com\/wp-content\/uploads\/2021\/12\/General-Motors-logo-2010-3300x3300-1-1.png","type":"image\/png"}],"author":"Benoit Charette","twitter_card":"summary_large_image","twitter_creator":"@canadamotorjobs","twitter_site":"@canadamotorjobs","twitter_misc":{"\u00c9crit par":"Benoit Charette","Estimation du temps de lecture":"1 minute"},"schema":{"@context":"https:\/\/schema.org","@graph":[{"@type":"Article","@id":"https:\/\/news.canadamotorjobs.com\/fr\/gm-promet-linstallation-retroactive-des-sieges-et-des-volants-chauffants\/#article","isPartOf":{"@id":"https:\/\/news.canadamotorjobs.com\/fr\/gm-promet-linstallation-retroactive-des-sieges-et-des-volants-chauffants\/"},"author":{"name":"Benoit Charette","@id":"https:\/\/news.canadamotorjobs.com\/#\/schema\/person\/51793d1f87d44011d7bcc2ed99269a90"},"headline":"GM promet l\u2019installation r\u00e9troactive des si\u00e8ges et des volants chauffants","datePublished":"2021-12-04T15:48:08+00:00","dateModified":"2021-12-04T15:59:11+00:00","mainEntityOfPage":{"@id":"https:\/\/news.canadamotorjobs.com\/fr\/gm-promet-linstallation-retroactive-des-sieges-et-des-volants-chauffants\/"},"wordCount":300,"publisher":{"@id":"https:\/\/news.canadamotorjobs.com\/#organization"},"image":{"@id":"https:\/\/news.canadamotorjobs.com\/fr\/gm-promet-linstallation-retroactive-des-sieges-et-des-volants-chauffants\/#primaryimage"},"thumbnailUrl":"https:\/\/news.canadamotorjobs.com\/wp-content\/uploads\/2021\/12\/General-Motors-logo-2010-3300x3300-1-1.png","articleSection":["Annuel automobile"],"inLanguage":"fr-CA"},{"@type":"WebPage","@id":"https:\/\/news.canadamotorjobs.com\/fr\/gm-promet-linstallation-retroactive-des-sieges-et-des-volants-chauffants\/","url":"https:\/\/news.canadamotorjobs.com\/fr\/gm-promet-linstallation-retroactive-des-sieges-et-des-volants-chauffants\/","name":"GM promet l\u2019installation r\u00e9troactive des si\u00e8ges et des volants chauffants - CanadaMotorJobs.com","isPartOf":{"@id":"https:\/\/news.canadamotorjobs.com\/#website"},"primaryImageOfPage":{"@id":"https:\/\/news.canadamotorjobs.com\/fr\/gm-promet-linstallation-retroactive-des-sieges-et-des-volants-chauffants\/#primaryimage"},"image":{"@id":"https:\/\/news.canadamotorjobs.com\/fr\/gm-promet-linstallation-retroactive-des-sieges-et-des-volants-chauffants\/#primaryimage"},"thumbnailUrl":"https:\/\/news.canadamotorjobs.com\/wp-content\/uploads\/2021\/12\/General-Motors-logo-2010-3300x3300-1-1.png","datePublished":"2021-12-04T15:48:08+00:00","dateModified":"2021-12-04T15:59:11+00:00","description":"GM promet l\u2019installation r\u00e9troactive des si\u00e8ges et des volants chauffants - Benoit Charette - Annuel automobile - CanadaMotorJobs.com.","breadcrumb":{"@id":"https:\/\/news.canadamotorjobs.com\/fr\/gm-promet-linstallation-retroactive-des-sieges-et-des-volants-chauffants\/#breadcrumb"},"inLanguage":"fr-CA","potentialAction":[{"@type":"ReadAction","target":["https:\/\/news.canadamotorjobs.com\/fr\/gm-promet-linstallation-retroactive-des-sieges-et-des-volants-chauffants\/"]}]},{"@type":"ImageObject","inLanguage":"fr-CA","@id":"https:\/\/news.canadamotorjobs.com\/fr\/gm-promet-linstallation-retroactive-des-sieges-et-des-volants-chauffants\/#primaryimage","url":"https:\/\/news.canadamotorjobs.com\/wp-content\/uploads\/2021\/12\/General-Motors-logo-2010-3300x3300-1-1.png","contentUrl":"https:\/\/news.canadamotorjobs.com\/wp-content\/uploads\/2021\/12\/General-Motors-logo-2010-3300x3300-1-1.png","width":3300,"height":3300},{"@type":"BreadcrumbList","@id":"https:\/\/news.canadamotorjobs.com\/fr\/gm-promet-linstallation-retroactive-des-sieges-et-des-volants-chauffants\/#breadcrumb","itemListElement":[{"@type":"ListItem","position":1,"name":"Home","item":"https:\/\/news.canadamotorjobs.com\/fr\/blog\/"},{"@type":"ListItem","position":2,"name":"GM promet l\u2019installation r\u00e9troactive des si\u00e8ges et des volants chauffants"}]},{"@type":"WebSite","@id":"https:\/\/news.canadamotorjobs.com\/#website","url":"https:\/\/news.canadamotorjobs.com\/","name":"CanadaMotorJobs.com","description":"Automotive Jobs","publisher":{"@id":"https:\/\/news.canadamotorjobs.com\/#organization"},"potentialAction":[{"@type":"SearchAction","target":{"@type":"EntryPoint","urlTemplate":"https:\/\/news.canadamotorjobs.com\/?s={search_term_string}"},"query-input":"required name=search_term_string"}],"inLanguage":"fr-CA"},{"@type":"Organization","@id":"https:\/\/news.canadamotorjobs.com\/#organization","name":"Canada Motor Jobs","url":"https:\/\/news.canadamotorjobs.com\/","logo":{"@type":"ImageObject","inLanguage":"fr-CA","@id":"https:\/\/news.canadamotorjobs.com\/#\/schema\/logo\/image\/","url":"https:\/\/news.canadamotorjobs.com\/wp-content\/uploads\/2022\/10\/logo-canada-motor-jobs-1.png","contentUrl":"https:\/\/news.canadamotorjobs.com\/wp-content\/uploads\/2022\/10\/logo-canada-motor-jobs-1.png","width":800,"height":400,"caption":"Canada Motor Jobs"},"image":{"@id":"https:\/\/news.canadamotorjobs.com\/#\/schema\/logo\/image\/"},"sameAs":["https:\/\/www.facebook.com\/canadamotorjobs\/","https:\/\/x.com\/canadamotorjobs","https:\/\/www.instagram.com\/canadamotorjobs\/","https:\/\/www.linkedin.com\/company\/canadamotorjobs"]},{"@type":"Person","@id":"https:\/\/news.canadamotorjobs.com\/#\/schema\/person\/51793d1f87d44011d7bcc2ed99269a90","name":"Benoit Charette","image":{"@type":"ImageObject","inLanguage":"fr-CA","@id":"https:\/\/news.canadamotorjobs.com\/#\/schema\/person\/image\/","url":"https:\/\/secure.gravatar.com\/avatar\/45f3d2eebcccd909668d7ce7ea7267b6?s=96&d=mm&r=g","contentUrl":"https:\/\/secure.gravatar.com\/avatar\/45f3d2eebcccd909668d7ce7ea7267b6?s=96&d=mm&r=g","caption":"Benoit Charette"},"description":"Benoit Charette \/ Propri\u00e9taire et r\u00e9dacteur en chef Benoit Charette pratique le journalisme automobile depuis bient\u00f4t 30 ans. Il a fait ses classes au c\u00f4t\u00e9 de Daniel H\u00e9raud et au Carnet de route de 1992 \u00e0 2001. Il est fondateur, copropri\u00e9taire et r\u00e9dacteur en chef de L\u2019Annuel de l\u2019automobile, qu\u2019il publie depuis 2001. Il a anim\u00e9 les \u00e9missions RPM et RPM+ sur V et les L\u00e9gendes de la route sur Historia. \u00c0 la radio depuis 1986, il reprend l\u2019antenne cette ann\u00e9e sur les ondes de Cogeco et participe pour la deuxi\u00e8me ann\u00e9e \u00e0 l\u2019\u00e9mission Passion Auto sur RDS en plus de mettre en ligne le site Web officiel de L\u2019Annuel de l\u2019automobile sur annuelauto.ca.","sameAs":["https:\/\/annuelauto.ca\/"],"url":"https:\/\/news.canadamotorjobs.com\/fr\/author\/benoit-charette\/"}]}},"_links":{"self":[{"href":"https:\/\/news.canadamotorjobs.com\/fr\/wp-json\/wp\/v2\/posts\/33572"}],"collection":[{"href":"https:\/\/news.canadamotorjobs.com\/fr\/wp-json\/wp\/v2\/posts"}],"about":[{"href":"https:\/\/news.canadamotorjobs.com\/fr\/wp-json\/wp\/v2\/types\/post"}],"author":[{"embeddable":true,"href":"https:\/\/news.canadamotorjobs.com\/fr\/wp-json\/wp\/v2\/users\/8"}],"replies":[{"embeddable":true,"href":"https:\/\/news.canadamotorjobs.com\/fr\/wp-json\/wp\/v2\/comments?post=33572"}],"version-history":[{"count":0,"href":"https:\/\/news.canadamotorjobs.com\/fr\/wp-json\/wp\/v2\/posts\/33572\/revisions"}],"wp:featuredmedia":[{"embeddable":true,"href":"https:\/\/news.canadamotorjobs.com\/fr\/wp-json\/wp\/v2\/media\/33576"}],"wp:attachment":[{"href":"https:\/\/news.canadamotorjobs.com\/fr\/wp-json\/wp\/v2\/media?parent=33572"}],"wp:term":[{"taxonomy":"category","embeddable":true,"href":"https:\/\/news.canadamotorjobs.com\/fr\/wp-json\/wp\/v2\/categories?post=33572"},{"taxonomy":"post_tag","embeddable":true,"href":"https:\/\/news.canadamotorjobs.com\/fr\/wp-json\/wp\/v2\/tags?post=33572"}],"curies":[{"name":"wp","href":"https:\/\/api.w.org\/{rel}","templated":true}]}}