{"id":33297,"date":"2021-11-30T07:30:46","date_gmt":"2021-11-30T12:30:46","guid":{"rendered":"https:\/\/blog.canadamotorjobs.com\/une-perte-de-62-dautonomie-en-remorquage-avec-un-camion-rivian\/"},"modified":"2021-11-30T07:44:29","modified_gmt":"2021-11-30T12:44:29","slug":"une-perte-de-62-dautonomie-en-remorquage-avec-un-camion-rivian","status":"publish","type":"post","link":"https:\/\/news.canadamotorjobs.com\/fr\/une-perte-de-62-dautonomie-en-remorquage-avec-un-camion-rivian\/","title":{"rendered":"Une perte de 62 % d\u2019autonomie en remorquage avec un camion Rivian"},"content":{"rendered":"<\/p>\n<p>Le chat est sorti du sac. La question que bien des amateurs de camions posent depuis des mois a enfin une r\u00e9ponse, du moins chez Rivian. Le Rivian R1T est en mesure de remorquer jusqu\u2019\u00e0 11 000 livres. Rivian affirme que l&#8217;autonomie diminue d&#8217;environ 50 % en cas de remorquage.<br \/> Un test pour le prouver<br \/> Le test consistait \u00e0 charger une Ford Mustang sur une remorque ouverte pour la transporter de Detroit, MI, \u00e0 Los Angeles, CA. L\u2019article original pr\u00e9cise que le poids total de la remorque et de la Mustang est de 8\u00a0820 livres ou 14\u00a0620 livres en incluant le poids du R1T. Nous ne savons pas dans quelles conditions le camion a \u00e9t\u00e9 conduit. Est-ce le conducteur a respect\u00e9 les limites de vitesse\u2009? Est-ce qu\u2019il y a eu plusieurs fortes acc\u00e9l\u00e9rations\u2009? Les affirmations de Rivian d\u2019une perte de 50 % ont \u00e9t\u00e9 d\u00e9pass\u00e9es.<\/p>\n<p> Le testeur a calcul\u00e9 une perte d&#8217;autonomie de 62 %. D&#8217;apr\u00e8s les images publi\u00e9es sur le compte Instagram de gideontherivian, le Rivian affiche 44 miles d&#8217;autonomie restante avec une batterie \u00e0 un \u00e9tat de charge de 37%. Driveteslacanada a fait le calcul et, sur la base d&#8217;une autonomie de 315 miles (505 km) avec une batterie de 135 kWh compl\u00e8tement charg\u00e9e, cela revient \u00e0 seulement 118 kilom\u00e8tres d&#8217;autonomie, soit une perte de 62 %. Le chauffeur pr\u00e9cise qu\u2019il roulait en moyenne \u00e0 117 km\/h. Ce qui explique sans doute la perte calcul\u00e9e \u00e0 62 %. Pour rester dans les param\u00e8tres de 50 % avancer<\/p>\n","protected":false},"excerpt":{"rendered":"<p>Le chat est sorti du sac. La question que bien des amateurs de camions posent depuis des mois a enfin une r\u00e9ponse, du moins chez Rivian. Le Rivian R1T est en mesure de remorquer jusqu\u2019\u00e0 11 000 livres. Rivian affirme que l&#8217;autonomie diminue d&#8217;environ 50 % en cas de remorquage. Un test pour le prouver [&hellip;]<\/p>\n","protected":false},"author":8,"featured_media":33301,"comment_status":"close","ping_status":"closed","sticky":false,"template":"","format":"standard","meta":{"_monsterinsights_skip_tracking":false,"_monsterinsights_sitenote_active":false,"_monsterinsights_sitenote_note":"","_monsterinsights_sitenote_category":0,"footnotes":""},"categories":[101],"tags":[],"yoast_head":"<!-- This site is optimized with the Yoast SEO plugin v23.2 - https:\/\/yoast.com\/wordpress\/plugins\/seo\/ -->\n<title>Une perte de 62 % d\u2019autonomie en remorquage avec un camion Rivian - CanadaMotorJobs.com<\/title>\n<meta name=\"description\" content=\"Une perte de 62 % d\u2019autonomie en remorquage avec un camion Rivian - Benoit Charette - Annuel automobile - CanadaMotorJobs.com.\" \/>\n<meta name=\"robots\" content=\"index, follow, max-snippet:-1, max-image-preview:large, max-video-preview:-1\" \/>\n<meta property=\"og:locale\" content=\"fr_CA\" \/>\n<meta property=\"og:type\" content=\"article\" \/>\n<meta property=\"og:title\" content=\"Une perte de 62 % d\u2019autonomie en remorquage avec un camion Rivian - CanadaMotorJobs.com\" \/>\n<meta property=\"og:description\" content=\"Une perte de 62 % d\u2019autonomie en remorquage avec un camion Rivian - Benoit Charette - Annuel automobile - CanadaMotorJobs.com.\" \/>\n<meta property=\"og:url\" content=\"https:\/\/news.canadamotorjobs.com\/fr\/une-perte-de-62-dautonomie-en-remorquage-avec-un-camion-rivian\/\" \/>\n<meta property=\"og:site_name\" content=\"CanadaMotorJobs.com\" \/>\n<meta property=\"article:publisher\" content=\"https:\/\/www.facebook.com\/canadamotorjobs\/\" \/>\n<meta property=\"article:published_time\" content=\"2021-11-30T12:30:46+00:00\" \/>\n<meta property=\"article:modified_time\" content=\"2021-11-30T12:44:29+00:00\" \/>\n<meta property=\"og:image\" content=\"https:\/\/news.canadamotorjobs.com\/wp-content\/uploads\/2021\/11\/2022-rivian-r1t-trailer-towing-shelby-gt-1.jpg\" \/>\n\t<meta property=\"og:image:width\" content=\"1000\" \/>\n\t<meta property=\"og:image:height\" content=\"647\" \/>\n\t<meta property=\"og:image:type\" content=\"image\/jpeg\" \/>\n<meta name=\"author\" content=\"Benoit Charette\" \/>\n<meta name=\"twitter:card\" content=\"summary_large_image\" \/>\n<meta name=\"twitter:creator\" content=\"@canadamotorjobs\" \/>\n<meta name=\"twitter:site\" content=\"@canadamotorjobs\" \/>\n<meta name=\"twitter:label1\" content=\"\u00c9crit par\" \/>\n\t<meta name=\"twitter:data1\" content=\"Benoit Charette\" \/>\n\t<meta name=\"twitter:label2\" content=\"Estimation du temps de lecture\" \/>\n\t<meta name=\"twitter:data2\" content=\"1 minute\" \/>\n<!-- \/ Yoast SEO plugin. -->","yoast_head_json":{"title":"Une perte de 62 % d\u2019autonomie en remorquage avec un camion Rivian - CanadaMotorJobs.com","description":"Une perte de 62 % d\u2019autonomie en remorquage avec un camion Rivian - Benoit Charette - Annuel automobile - CanadaMotorJobs.com.","robots":{"index":"index","follow":"follow","max-snippet":"max-snippet:-1","max-image-preview":"max-image-preview:large","max-video-preview":"max-video-preview:-1"},"og_locale":"fr_CA","og_type":"article","og_title":"Une perte de 62 % d\u2019autonomie en remorquage avec un camion Rivian - CanadaMotorJobs.com","og_description":"Une perte de 62 % d\u2019autonomie en remorquage avec un camion Rivian - Benoit Charette - Annuel automobile - CanadaMotorJobs.com.","og_url":"https:\/\/news.canadamotorjobs.com\/fr\/une-perte-de-62-dautonomie-en-remorquage-avec-un-camion-rivian\/","og_site_name":"CanadaMotorJobs.com","article_publisher":"https:\/\/www.facebook.com\/canadamotorjobs\/","article_published_time":"2021-11-30T12:30:46+00:00","article_modified_time":"2021-11-30T12:44:29+00:00","og_image":[{"width":1000,"height":647,"url":"https:\/\/news.canadamotorjobs.com\/wp-content\/uploads\/2021\/11\/2022-rivian-r1t-trailer-towing-shelby-gt-1.jpg","type":"image\/jpeg"}],"author":"Benoit Charette","twitter_card":"summary_large_image","twitter_creator":"@canadamotorjobs","twitter_site":"@canadamotorjobs","twitter_misc":{"\u00c9crit par":"Benoit Charette","Estimation du temps de lecture":"1 minute"},"schema":{"@context":"https:\/\/schema.org","@graph":[{"@type":"Article","@id":"https:\/\/news.canadamotorjobs.com\/fr\/une-perte-de-62-dautonomie-en-remorquage-avec-un-camion-rivian\/#article","isPartOf":{"@id":"https:\/\/news.canadamotorjobs.com\/fr\/une-perte-de-62-dautonomie-en-remorquage-avec-un-camion-rivian\/"},"author":{"name":"Benoit Charette","@id":"https:\/\/news.canadamotorjobs.com\/#\/schema\/person\/51793d1f87d44011d7bcc2ed99269a90"},"headline":"Une perte de 62 % d\u2019autonomie en remorquage avec un camion Rivian","datePublished":"2021-11-30T12:30:46+00:00","dateModified":"2021-11-30T12:44:29+00:00","mainEntityOfPage":{"@id":"https:\/\/news.canadamotorjobs.com\/fr\/une-perte-de-62-dautonomie-en-remorquage-avec-un-camion-rivian\/"},"wordCount":259,"publisher":{"@id":"https:\/\/news.canadamotorjobs.com\/#organization"},"image":{"@id":"https:\/\/news.canadamotorjobs.com\/fr\/une-perte-de-62-dautonomie-en-remorquage-avec-un-camion-rivian\/#primaryimage"},"thumbnailUrl":"https:\/\/news.canadamotorjobs.com\/wp-content\/uploads\/2021\/11\/2022-rivian-r1t-trailer-towing-shelby-gt-1.jpg","articleSection":["Annuel automobile"],"inLanguage":"fr-CA"},{"@type":"WebPage","@id":"https:\/\/news.canadamotorjobs.com\/fr\/une-perte-de-62-dautonomie-en-remorquage-avec-un-camion-rivian\/","url":"https:\/\/news.canadamotorjobs.com\/fr\/une-perte-de-62-dautonomie-en-remorquage-avec-un-camion-rivian\/","name":"Une perte de 62 % d\u2019autonomie en remorquage avec un camion Rivian - CanadaMotorJobs.com","isPartOf":{"@id":"https:\/\/news.canadamotorjobs.com\/#website"},"primaryImageOfPage":{"@id":"https:\/\/news.canadamotorjobs.com\/fr\/une-perte-de-62-dautonomie-en-remorquage-avec-un-camion-rivian\/#primaryimage"},"image":{"@id":"https:\/\/news.canadamotorjobs.com\/fr\/une-perte-de-62-dautonomie-en-remorquage-avec-un-camion-rivian\/#primaryimage"},"thumbnailUrl":"https:\/\/news.canadamotorjobs.com\/wp-content\/uploads\/2021\/11\/2022-rivian-r1t-trailer-towing-shelby-gt-1.jpg","datePublished":"2021-11-30T12:30:46+00:00","dateModified":"2021-11-30T12:44:29+00:00","description":"Une perte de 62 % d\u2019autonomie en remorquage avec un camion Rivian - Benoit Charette - Annuel automobile - CanadaMotorJobs.com.","breadcrumb":{"@id":"https:\/\/news.canadamotorjobs.com\/fr\/une-perte-de-62-dautonomie-en-remorquage-avec-un-camion-rivian\/#breadcrumb"},"inLanguage":"fr-CA","potentialAction":[{"@type":"ReadAction","target":["https:\/\/news.canadamotorjobs.com\/fr\/une-perte-de-62-dautonomie-en-remorquage-avec-un-camion-rivian\/"]}]},{"@type":"ImageObject","inLanguage":"fr-CA","@id":"https:\/\/news.canadamotorjobs.com\/fr\/une-perte-de-62-dautonomie-en-remorquage-avec-un-camion-rivian\/#primaryimage","url":"https:\/\/news.canadamotorjobs.com\/wp-content\/uploads\/2021\/11\/2022-rivian-r1t-trailer-towing-shelby-gt-1.jpg","contentUrl":"https:\/\/news.canadamotorjobs.com\/wp-content\/uploads\/2021\/11\/2022-rivian-r1t-trailer-towing-shelby-gt-1.jpg","width":1000,"height":647},{"@type":"BreadcrumbList","@id":"https:\/\/news.canadamotorjobs.com\/fr\/une-perte-de-62-dautonomie-en-remorquage-avec-un-camion-rivian\/#breadcrumb","itemListElement":[{"@type":"ListItem","position":1,"name":"Home","item":"https:\/\/news.canadamotorjobs.com\/fr\/blog\/"},{"@type":"ListItem","position":2,"name":"Une perte de 62 % d\u2019autonomie en remorquage avec un camion Rivian"}]},{"@type":"WebSite","@id":"https:\/\/news.canadamotorjobs.com\/#website","url":"https:\/\/news.canadamotorjobs.com\/","name":"CanadaMotorJobs.com","description":"Automotive Jobs","publisher":{"@id":"https:\/\/news.canadamotorjobs.com\/#organization"},"potentialAction":[{"@type":"SearchAction","target":{"@type":"EntryPoint","urlTemplate":"https:\/\/news.canadamotorjobs.com\/?s={search_term_string}"},"query-input":"required name=search_term_string"}],"inLanguage":"fr-CA"},{"@type":"Organization","@id":"https:\/\/news.canadamotorjobs.com\/#organization","name":"Canada Motor Jobs","url":"https:\/\/news.canadamotorjobs.com\/","logo":{"@type":"ImageObject","inLanguage":"fr-CA","@id":"https:\/\/news.canadamotorjobs.com\/#\/schema\/logo\/image\/","url":"https:\/\/news.canadamotorjobs.com\/wp-content\/uploads\/2022\/10\/logo-canada-motor-jobs-1.png","contentUrl":"https:\/\/news.canadamotorjobs.com\/wp-content\/uploads\/2022\/10\/logo-canada-motor-jobs-1.png","width":800,"height":400,"caption":"Canada Motor Jobs"},"image":{"@id":"https:\/\/news.canadamotorjobs.com\/#\/schema\/logo\/image\/"},"sameAs":["https:\/\/www.facebook.com\/canadamotorjobs\/","https:\/\/x.com\/canadamotorjobs","https:\/\/www.instagram.com\/canadamotorjobs\/","https:\/\/www.linkedin.com\/company\/canadamotorjobs"]},{"@type":"Person","@id":"https:\/\/news.canadamotorjobs.com\/#\/schema\/person\/51793d1f87d44011d7bcc2ed99269a90","name":"Benoit Charette","image":{"@type":"ImageObject","inLanguage":"fr-CA","@id":"https:\/\/news.canadamotorjobs.com\/#\/schema\/person\/image\/","url":"https:\/\/secure.gravatar.com\/avatar\/45f3d2eebcccd909668d7ce7ea7267b6?s=96&d=mm&r=g","contentUrl":"https:\/\/secure.gravatar.com\/avatar\/45f3d2eebcccd909668d7ce7ea7267b6?s=96&d=mm&r=g","caption":"Benoit Charette"},"description":"Benoit Charette \/ Propri\u00e9taire et r\u00e9dacteur en chef Benoit Charette pratique le journalisme automobile depuis bient\u00f4t 30 ans. Il a fait ses classes au c\u00f4t\u00e9 de Daniel H\u00e9raud et au Carnet de route de 1992 \u00e0 2001. Il est fondateur, copropri\u00e9taire et r\u00e9dacteur en chef de L\u2019Annuel de l\u2019automobile, qu\u2019il publie depuis 2001. Il a anim\u00e9 les \u00e9missions RPM et RPM+ sur V et les L\u00e9gendes de la route sur Historia. \u00c0 la radio depuis 1986, il reprend l\u2019antenne cette ann\u00e9e sur les ondes de Cogeco et participe pour la deuxi\u00e8me ann\u00e9e \u00e0 l\u2019\u00e9mission Passion Auto sur RDS en plus de mettre en ligne le site Web officiel de L\u2019Annuel de l\u2019automobile sur annuelauto.ca.","sameAs":["https:\/\/annuelauto.ca\/"],"url":"https:\/\/news.canadamotorjobs.com\/fr\/author\/benoit-charette\/"}]}},"_links":{"self":[{"href":"https:\/\/news.canadamotorjobs.com\/fr\/wp-json\/wp\/v2\/posts\/33297"}],"collection":[{"href":"https:\/\/news.canadamotorjobs.com\/fr\/wp-json\/wp\/v2\/posts"}],"about":[{"href":"https:\/\/news.canadamotorjobs.com\/fr\/wp-json\/wp\/v2\/types\/post"}],"author":[{"embeddable":true,"href":"https:\/\/news.canadamotorjobs.com\/fr\/wp-json\/wp\/v2\/users\/8"}],"replies":[{"embeddable":true,"href":"https:\/\/news.canadamotorjobs.com\/fr\/wp-json\/wp\/v2\/comments?post=33297"}],"version-history":[{"count":0,"href":"https:\/\/news.canadamotorjobs.com\/fr\/wp-json\/wp\/v2\/posts\/33297\/revisions"}],"wp:featuredmedia":[{"embeddable":true,"href":"https:\/\/news.canadamotorjobs.com\/fr\/wp-json\/wp\/v2\/media\/33301"}],"wp:attachment":[{"href":"https:\/\/news.canadamotorjobs.com\/fr\/wp-json\/wp\/v2\/media?parent=33297"}],"wp:term":[{"taxonomy":"category","embeddable":true,"href":"https:\/\/news.canadamotorjobs.com\/fr\/wp-json\/wp\/v2\/categories?post=33297"},{"taxonomy":"post_tag","embeddable":true,"href":"https:\/\/news.canadamotorjobs.com\/fr\/wp-json\/wp\/v2\/tags?post=33297"}],"curies":[{"name":"wp","href":"https:\/\/api.w.org\/{rel}","templated":true}]}}