{"id":30958,"date":"2021-10-28T10:31:00","date_gmt":"2021-10-28T14:31:00","guid":{"rendered":"https:\/\/blog.canadamotorjobs.com\/un-retour-aux-sources-pour-la-nouvelle-mercedes-amg-sl-2022\/"},"modified":"2021-10-28T10:44:13","modified_gmt":"2021-10-28T14:44:13","slug":"un-retour-aux-sources-pour-la-nouvelle-mercedes-amg-sl-2022","status":"publish","type":"post","link":"https:\/\/news.canadamotorjobs.com\/fr\/un-retour-aux-sources-pour-la-nouvelle-mercedes-amg-sl-2022\/","title":{"rendered":"Un retour aux sources pour la nouvelle Mercedes AMG SL 2022"},"content":{"rendered":"<\/p>\n<p>Voici la premi\u00e8re photo de la Mercedes AMG SL 2022 qui revient avec un toit souple, ses g\u00eanes sportifs et une \u00e9l\u00e9gance \u00e0 nulle autre pareille. Une combinaison qui a fait son succ\u00e8s dans le pass\u00e9 sur laquelle Mercedes s\u2019appuie pour le futur.<br \/> Empattement long et porte-\u00e0-faux courts<br \/> Pour donner un style noble \u00e0 la voiture, Mercedes a allong\u00e9 le capot et diminu\u00e9 l\u2019espace derri\u00e8re les roues pour procurer un espace habitacle plus grand. Le pare-brise plus fortement inclin\u00e9 ajoute une touche sportive au mod\u00e8le. La calandre sp\u00e9cifique \u00e0 AMG accentue l&#8217;effet de largeur de l&#8217;avant et, avec ses 14 lamelles verticales, rappelle l&#8217;anc\u00eatre de tous les mod\u00e8les SL, la l\u00e9gendaire voiture de sport de course 300 SL de 1952.<br \/> Un int\u00e9rieur 2+2<br \/> Au-del\u00e0 des mat\u00e9riaux nobles et une finition soign\u00e9e, la conception du tableau de bord jusqu&#8217;\u00e0 l&#8217;\u00e9cran r\u00e9glable de la console centrale, est centr\u00e9e sur le conducteur. Dans le m\u00eame temps, le tout nouveau concept d&#8217;espace int\u00e9rieur avec une configuration 2+2 donne un surplus d\u2019espace pour mettre quelques bagages \u00e0 l\u2019arri\u00e8re, un peu comme la Porsche 911.<\/p>\n<p> Par rapport \u00e0 la s\u00e9rie de mod\u00e8les pr\u00e9c\u00e9dente, la rigidit\u00e9 torsionnelle de la structure de la carrosserie a augment\u00e9 de 18\u00a0%. La rigidit\u00e9 transversale est sup\u00e9rieure de 50\u00a0% \u00e0 la valeur de l&#8217;AMG GT Roadster. La rigidit\u00e9 longitudinale est sup\u00e9rieure de 40\u00a0%. Le poids de la carrosserie brute est d&#8217;environ 270 kilogrammes.<br \/> Le retour du toit souple<br \/> Le positionnement plus sportif du nouveau SL a \u00e9galement sugg\u00e9r\u00e9 la d\u00e9cision d&#8217;opter<\/p>\n","protected":false},"excerpt":{"rendered":"<p>Voici la premi\u00e8re photo de la Mercedes AMG SL 2022 qui revient avec un toit souple, ses g\u00eanes sportifs et une \u00e9l\u00e9gance \u00e0 nulle autre pareille. Une combinaison qui a fait son succ\u00e8s dans le pass\u00e9 sur laquelle Mercedes s\u2019appuie pour le futur. Empattement long et porte-\u00e0-faux courts Pour donner un style noble \u00e0 la [&hellip;]<\/p>\n","protected":false},"author":8,"featured_media":30962,"comment_status":"close","ping_status":"closed","sticky":false,"template":"","format":"standard","meta":{"_monsterinsights_skip_tracking":false,"_monsterinsights_sitenote_active":false,"_monsterinsights_sitenote_note":"","_monsterinsights_sitenote_category":0,"footnotes":""},"categories":[101],"tags":[],"yoast_head":"<!-- This site is optimized with the Yoast SEO plugin v23.2 - https:\/\/yoast.com\/wordpress\/plugins\/seo\/ -->\n<title>Un retour aux sources pour la nouvelle Mercedes AMG SL 2022 - CanadaMotorJobs.com<\/title>\n<meta name=\"description\" content=\"Un retour aux sources pour la nouvelle Mercedes AMG SL 2022 - Benoit Charette - Annuel automobile - CanadaMotorJobs.com.\" \/>\n<meta name=\"robots\" content=\"index, follow, max-snippet:-1, max-image-preview:large, max-video-preview:-1\" \/>\n<meta property=\"og:locale\" content=\"fr_CA\" \/>\n<meta property=\"og:type\" content=\"article\" \/>\n<meta property=\"og:title\" content=\"Un retour aux sources pour la nouvelle Mercedes AMG SL 2022 - CanadaMotorJobs.com\" \/>\n<meta property=\"og:description\" content=\"Un retour aux sources pour la nouvelle Mercedes AMG SL 2022 - Benoit Charette - Annuel automobile - CanadaMotorJobs.com.\" \/>\n<meta property=\"og:url\" content=\"https:\/\/news.canadamotorjobs.com\/fr\/un-retour-aux-sources-pour-la-nouvelle-mercedes-amg-sl-2022\/\" \/>\n<meta property=\"og:site_name\" content=\"CanadaMotorJobs.com\" \/>\n<meta property=\"article:publisher\" content=\"https:\/\/www.facebook.com\/canadamotorjobs\/\" \/>\n<meta property=\"article:published_time\" content=\"2021-10-28T14:31:00+00:00\" \/>\n<meta property=\"article:modified_time\" content=\"2021-10-28T14:44:13+00:00\" \/>\n<meta property=\"og:image\" content=\"https:\/\/news.canadamotorjobs.com\/wp-content\/uploads\/2021\/10\/2021-07-14_Mercedes-AMG-SL_Front-1.jpg\" \/>\n\t<meta property=\"og:image:width\" content=\"1200\" \/>\n\t<meta property=\"og:image:height\" content=\"801\" \/>\n\t<meta property=\"og:image:type\" content=\"image\/jpeg\" \/>\n<meta name=\"author\" content=\"Benoit Charette\" \/>\n<meta name=\"twitter:card\" content=\"summary_large_image\" \/>\n<meta name=\"twitter:creator\" content=\"@canadamotorjobs\" \/>\n<meta name=\"twitter:site\" content=\"@canadamotorjobs\" \/>\n<meta name=\"twitter:label1\" content=\"\u00c9crit par\" \/>\n\t<meta name=\"twitter:data1\" content=\"Benoit Charette\" \/>\n\t<meta name=\"twitter:label2\" content=\"Estimation du temps de lecture\" \/>\n\t<meta name=\"twitter:data2\" content=\"1 minute\" \/>\n<!-- \/ Yoast SEO plugin. -->","yoast_head_json":{"title":"Un retour aux sources pour la nouvelle Mercedes AMG SL 2022 - CanadaMotorJobs.com","description":"Un retour aux sources pour la nouvelle Mercedes AMG SL 2022 - Benoit Charette - Annuel automobile - CanadaMotorJobs.com.","robots":{"index":"index","follow":"follow","max-snippet":"max-snippet:-1","max-image-preview":"max-image-preview:large","max-video-preview":"max-video-preview:-1"},"og_locale":"fr_CA","og_type":"article","og_title":"Un retour aux sources pour la nouvelle Mercedes AMG SL 2022 - CanadaMotorJobs.com","og_description":"Un retour aux sources pour la nouvelle Mercedes AMG SL 2022 - Benoit Charette - Annuel automobile - CanadaMotorJobs.com.","og_url":"https:\/\/news.canadamotorjobs.com\/fr\/un-retour-aux-sources-pour-la-nouvelle-mercedes-amg-sl-2022\/","og_site_name":"CanadaMotorJobs.com","article_publisher":"https:\/\/www.facebook.com\/canadamotorjobs\/","article_published_time":"2021-10-28T14:31:00+00:00","article_modified_time":"2021-10-28T14:44:13+00:00","og_image":[{"width":1200,"height":801,"url":"https:\/\/news.canadamotorjobs.com\/wp-content\/uploads\/2021\/10\/2021-07-14_Mercedes-AMG-SL_Front-1.jpg","type":"image\/jpeg"}],"author":"Benoit Charette","twitter_card":"summary_large_image","twitter_creator":"@canadamotorjobs","twitter_site":"@canadamotorjobs","twitter_misc":{"\u00c9crit par":"Benoit Charette","Estimation du temps de lecture":"1 minute"},"schema":{"@context":"https:\/\/schema.org","@graph":[{"@type":"Article","@id":"https:\/\/news.canadamotorjobs.com\/fr\/un-retour-aux-sources-pour-la-nouvelle-mercedes-amg-sl-2022\/#article","isPartOf":{"@id":"https:\/\/news.canadamotorjobs.com\/fr\/un-retour-aux-sources-pour-la-nouvelle-mercedes-amg-sl-2022\/"},"author":{"name":"Benoit Charette","@id":"https:\/\/news.canadamotorjobs.com\/#\/schema\/person\/51793d1f87d44011d7bcc2ed99269a90"},"headline":"Un retour aux sources pour la nouvelle Mercedes AMG SL 2022","datePublished":"2021-10-28T14:31:00+00:00","dateModified":"2021-10-28T14:44:13+00:00","mainEntityOfPage":{"@id":"https:\/\/news.canadamotorjobs.com\/fr\/un-retour-aux-sources-pour-la-nouvelle-mercedes-amg-sl-2022\/"},"wordCount":281,"publisher":{"@id":"https:\/\/news.canadamotorjobs.com\/#organization"},"image":{"@id":"https:\/\/news.canadamotorjobs.com\/fr\/un-retour-aux-sources-pour-la-nouvelle-mercedes-amg-sl-2022\/#primaryimage"},"thumbnailUrl":"https:\/\/news.canadamotorjobs.com\/wp-content\/uploads\/2021\/10\/2021-07-14_Mercedes-AMG-SL_Front-1.jpg","articleSection":["Annuel automobile"],"inLanguage":"fr-CA"},{"@type":"WebPage","@id":"https:\/\/news.canadamotorjobs.com\/fr\/un-retour-aux-sources-pour-la-nouvelle-mercedes-amg-sl-2022\/","url":"https:\/\/news.canadamotorjobs.com\/fr\/un-retour-aux-sources-pour-la-nouvelle-mercedes-amg-sl-2022\/","name":"Un retour aux sources pour la nouvelle Mercedes AMG SL 2022 - CanadaMotorJobs.com","isPartOf":{"@id":"https:\/\/news.canadamotorjobs.com\/#website"},"primaryImageOfPage":{"@id":"https:\/\/news.canadamotorjobs.com\/fr\/un-retour-aux-sources-pour-la-nouvelle-mercedes-amg-sl-2022\/#primaryimage"},"image":{"@id":"https:\/\/news.canadamotorjobs.com\/fr\/un-retour-aux-sources-pour-la-nouvelle-mercedes-amg-sl-2022\/#primaryimage"},"thumbnailUrl":"https:\/\/news.canadamotorjobs.com\/wp-content\/uploads\/2021\/10\/2021-07-14_Mercedes-AMG-SL_Front-1.jpg","datePublished":"2021-10-28T14:31:00+00:00","dateModified":"2021-10-28T14:44:13+00:00","description":"Un retour aux sources pour la nouvelle Mercedes AMG SL 2022 - Benoit Charette - Annuel automobile - CanadaMotorJobs.com.","breadcrumb":{"@id":"https:\/\/news.canadamotorjobs.com\/fr\/un-retour-aux-sources-pour-la-nouvelle-mercedes-amg-sl-2022\/#breadcrumb"},"inLanguage":"fr-CA","potentialAction":[{"@type":"ReadAction","target":["https:\/\/news.canadamotorjobs.com\/fr\/un-retour-aux-sources-pour-la-nouvelle-mercedes-amg-sl-2022\/"]}]},{"@type":"ImageObject","inLanguage":"fr-CA","@id":"https:\/\/news.canadamotorjobs.com\/fr\/un-retour-aux-sources-pour-la-nouvelle-mercedes-amg-sl-2022\/#primaryimage","url":"https:\/\/news.canadamotorjobs.com\/wp-content\/uploads\/2021\/10\/2021-07-14_Mercedes-AMG-SL_Front-1.jpg","contentUrl":"https:\/\/news.canadamotorjobs.com\/wp-content\/uploads\/2021\/10\/2021-07-14_Mercedes-AMG-SL_Front-1.jpg","width":1200,"height":801},{"@type":"BreadcrumbList","@id":"https:\/\/news.canadamotorjobs.com\/fr\/un-retour-aux-sources-pour-la-nouvelle-mercedes-amg-sl-2022\/#breadcrumb","itemListElement":[{"@type":"ListItem","position":1,"name":"Home","item":"https:\/\/news.canadamotorjobs.com\/fr\/blog\/"},{"@type":"ListItem","position":2,"name":"Un retour aux sources pour la nouvelle Mercedes AMG SL 2022"}]},{"@type":"WebSite","@id":"https:\/\/news.canadamotorjobs.com\/#website","url":"https:\/\/news.canadamotorjobs.com\/","name":"CanadaMotorJobs.com","description":"Automotive Jobs","publisher":{"@id":"https:\/\/news.canadamotorjobs.com\/#organization"},"potentialAction":[{"@type":"SearchAction","target":{"@type":"EntryPoint","urlTemplate":"https:\/\/news.canadamotorjobs.com\/?s={search_term_string}"},"query-input":"required name=search_term_string"}],"inLanguage":"fr-CA"},{"@type":"Organization","@id":"https:\/\/news.canadamotorjobs.com\/#organization","name":"Canada Motor Jobs","url":"https:\/\/news.canadamotorjobs.com\/","logo":{"@type":"ImageObject","inLanguage":"fr-CA","@id":"https:\/\/news.canadamotorjobs.com\/#\/schema\/logo\/image\/","url":"https:\/\/news.canadamotorjobs.com\/wp-content\/uploads\/2022\/10\/logo-canada-motor-jobs-1.png","contentUrl":"https:\/\/news.canadamotorjobs.com\/wp-content\/uploads\/2022\/10\/logo-canada-motor-jobs-1.png","width":800,"height":400,"caption":"Canada Motor Jobs"},"image":{"@id":"https:\/\/news.canadamotorjobs.com\/#\/schema\/logo\/image\/"},"sameAs":["https:\/\/www.facebook.com\/canadamotorjobs\/","https:\/\/x.com\/canadamotorjobs","https:\/\/www.instagram.com\/canadamotorjobs\/","https:\/\/www.linkedin.com\/company\/canadamotorjobs"]},{"@type":"Person","@id":"https:\/\/news.canadamotorjobs.com\/#\/schema\/person\/51793d1f87d44011d7bcc2ed99269a90","name":"Benoit Charette","image":{"@type":"ImageObject","inLanguage":"fr-CA","@id":"https:\/\/news.canadamotorjobs.com\/#\/schema\/person\/image\/","url":"https:\/\/secure.gravatar.com\/avatar\/45f3d2eebcccd909668d7ce7ea7267b6?s=96&d=mm&r=g","contentUrl":"https:\/\/secure.gravatar.com\/avatar\/45f3d2eebcccd909668d7ce7ea7267b6?s=96&d=mm&r=g","caption":"Benoit Charette"},"description":"Benoit Charette \/ Propri\u00e9taire et r\u00e9dacteur en chef Benoit Charette pratique le journalisme automobile depuis bient\u00f4t 30 ans. Il a fait ses classes au c\u00f4t\u00e9 de Daniel H\u00e9raud et au Carnet de route de 1992 \u00e0 2001. Il est fondateur, copropri\u00e9taire et r\u00e9dacteur en chef de L\u2019Annuel de l\u2019automobile, qu\u2019il publie depuis 2001. Il a anim\u00e9 les \u00e9missions RPM et RPM+ sur V et les L\u00e9gendes de la route sur Historia. \u00c0 la radio depuis 1986, il reprend l\u2019antenne cette ann\u00e9e sur les ondes de Cogeco et participe pour la deuxi\u00e8me ann\u00e9e \u00e0 l\u2019\u00e9mission Passion Auto sur RDS en plus de mettre en ligne le site Web officiel de L\u2019Annuel de l\u2019automobile sur annuelauto.ca.","sameAs":["https:\/\/annuelauto.ca\/"],"url":"https:\/\/news.canadamotorjobs.com\/fr\/author\/benoit-charette\/"}]}},"_links":{"self":[{"href":"https:\/\/news.canadamotorjobs.com\/fr\/wp-json\/wp\/v2\/posts\/30958"}],"collection":[{"href":"https:\/\/news.canadamotorjobs.com\/fr\/wp-json\/wp\/v2\/posts"}],"about":[{"href":"https:\/\/news.canadamotorjobs.com\/fr\/wp-json\/wp\/v2\/types\/post"}],"author":[{"embeddable":true,"href":"https:\/\/news.canadamotorjobs.com\/fr\/wp-json\/wp\/v2\/users\/8"}],"replies":[{"embeddable":true,"href":"https:\/\/news.canadamotorjobs.com\/fr\/wp-json\/wp\/v2\/comments?post=30958"}],"version-history":[{"count":0,"href":"https:\/\/news.canadamotorjobs.com\/fr\/wp-json\/wp\/v2\/posts\/30958\/revisions"}],"wp:featuredmedia":[{"embeddable":true,"href":"https:\/\/news.canadamotorjobs.com\/fr\/wp-json\/wp\/v2\/media\/30962"}],"wp:attachment":[{"href":"https:\/\/news.canadamotorjobs.com\/fr\/wp-json\/wp\/v2\/media?parent=30958"}],"wp:term":[{"taxonomy":"category","embeddable":true,"href":"https:\/\/news.canadamotorjobs.com\/fr\/wp-json\/wp\/v2\/categories?post=30958"},{"taxonomy":"post_tag","embeddable":true,"href":"https:\/\/news.canadamotorjobs.com\/fr\/wp-json\/wp\/v2\/tags?post=30958"}],"curies":[{"name":"wp","href":"https:\/\/api.w.org\/{rel}","templated":true}]}}