{"id":248453,"date":"2026-08-30T00:00:00","date_gmt":"2026-08-30T04:00:00","guid":{"rendered":"https:\/\/news.canadamotorjobs.com\/?p=248453"},"modified":"2026-09-03T10:36:02","modified_gmt":"2026-09-03T14:36:02","slug":"lacademie-vast-auto-distribution-pres-de-deux-decennies-au-service-de-la-formation","status":"publish","type":"post","link":"https:\/\/news.canadamotorjobs.com\/fr\/lacademie-vast-auto-distribution-pres-de-deux-decennies-au-service-de-la-formation\/","title":{"rendered":"L\u2019Acad\u00e9mie Vast-Auto Distribution\u00a0: pr\u00e8s de deux d\u00e9cennies au service de la formation\u00a0"},"content":{"rendered":"<p><\/p>\n<p class=\"wp-block-paragraph\">Depuis 2006, l\u2019Acad\u00e9mie Vast-Auto Distribution\u00a0fa\u00e7onne l\u2019avenir de ses membres \u00e0 travers un engagement soutenu envers la formation. C\u2019est cette ann\u00e9e-l\u00e0 qu\u2019Antoine Janisse s\u2019est joint \u00e0 Vast-Auto Distribution\u00a0\/ O\u00a0Reilly\u2019s\u00a0Pi\u00e8ces d\u2019Auto pour d\u00e9velopper le volet formation en gestion, posant les premi\u00e8res pierres d\u2019un programme qui allait devenir une r\u00e9f\u00e9rence dans l\u2019industrie de l\u2019apr\u00e8s-march\u00e9 automobile.\u00a0<\/p>\n<p class=\"wp-block-paragraph\">Deux ans plus tard, en 2008, <a href=\"https:\/\/www.linkedin.com\/in\/wilson-almeida-cd-86a12370\/\">Wilson Almeida<\/a> rejoignait l\u2019\u00e9quipe pour prendre en charge la formation technique. Sous sa direction, l\u2019Acad\u00e9mie a consid\u00e9rablement \u00e9largi son offre, notamment gr\u00e2ce \u00e0 des partenariats strat\u00e9giques avec plusieurs Centres de formation professionnelle (CFP), des Comit\u00e9s\u00a0paritaires\u00a0de l\u2019Automobile, dont ceux de Montr\u00e9al, de Qu\u00e9bec-L\u00e9vis Saguenay, Lanaudi\u00e8re-Laurentides et Sherbrooke. Ces collaborations permettent d\u2019arrimer la formation technique et de gestion aux r\u00e9alit\u00e9s du terrain et de pr\u00e9parer la rel\u00e8ve de l\u2019industrie.\u00a0<\/p>\n<h2 class=\"wp-block-heading has-medium-font-size\"><strong>Des partenariats tourn\u00e9s vers l\u2019innovation<\/strong>\u00a0<\/h2>\n<p class=\"wp-block-paragraph\">L\u2019Acad\u00e9mie a \u00e9galement fut le premier centre de formation d\u2019apr\u00e8s-marche\u00a0\u00e0\u00a0\u00e9tablir un plan de collaboration avec le programme PCVE (Programme Comp\u00e9tences VE) et PCVE + (avec INNOVISTE) renfor\u00e7ant son positionnement dans le domaine des v\u00e9hicules \u00e9lectriques et hybrides.\u00a0De plus, il y a une collaboration tr\u00e8s \u00e9troite avec l\u2019\u00e9mission de radio The Car Show \u2013\u00a0with\u00a0Lisa Christensen a CJAD 800.\u00a0<\/p>\n<h2 class=\"wp-block-heading has-medium-font-size\"><strong>Une offre de formation en pleine croissance<\/strong>\u00a0<\/h2>\n<p class=\"wp-block-paragraph\">Aujourd\u2019hui, l\u2019offre de formation de l\u2019Acad\u00e9mie Vast-Auto Distribution\u00a0couvre autant la gestion que le volet technique, disponible en fran\u00e7ais et en anglais, afin de r\u00e9pondre aux besoins des membres \u00e0 travers l\u2019Ontario, le Qu\u00e9bec et les provinces\u00a0maritimes. Cette port\u00e9e bilingue et interprovinciale t\u00e9moigne de l\u2019ampleur du r\u00e9seau desservi par l\u2019Acad\u00e9mie.\u00a0<\/p>\n<p class=\"wp-block-paragraph\">En 2025, l\u2019\u00e9quipe de formateurs s\u2019est enrichie avec l\u2019arriv\u00e9e de Jason Gosselin \u00e0 titre de formateur technique, qui couvre d\u00e9sormais la province de Qu\u00e9bec. Son ajout vient renforcer la capacit\u00e9 de l\u2019Acad\u00e9mie \u00e0 r\u00e9pondre \u00e0 la demande croissante en formation technique sp\u00e9cialis\u00e9e, dans un contexte o\u00f9 les technologies automobiles \u00e9voluent rapidement.\u00a0<\/p>\n<h2 class=\"wp-block-heading has-medium-font-size\"><strong>Une r\u00e9f\u00e9rence pour les membres<\/strong>\u00a0<\/h2>\n<p class=\"wp-block-paragraph\">Gr\u00e2ce \u00e0 cette structure solide et une r\u00e9putation hors\u00a0pair b\u00e2tie au fil des ans, l\u2019Acad\u00e9mie Vast-Auto Distribution\u00a0continue de jouer un r\u00f4le central dans le d\u00e9veloppement des\u00a0comp\u00e9tences de gestion et techniques de ses membres, contribuant ainsi \u00e0 la croissance et \u00e0 la rentabilit\u00e9 \u00e0 long terme du r\u00e9seau qu\u2019elle dessert.\u00a0<\/p>\n<p class=\"wp-block-paragraph\">Pour nous contacter\u00a0:\u00a0<a href=\"mailto:avad@vastauto.com\" target=\"_blank\" rel=\"noreferrer noopener\">avad@vastauto.com<\/a>\u00a0<\/p>\n<p class=\"wp-block-paragraph\">\n<p><\/p>\n<p>L\u2019article <a href=\"https:\/\/auto-gestion.ca\/lacademie-vast-auto-distribution-pres-de-deux-decennies-au-service-de-la-formation\/\">L\u2019Acad\u00e9mie Vast-Auto Distribution\u00a0: pr\u00e8s de deux d\u00e9cennies au service de la formation\u00a0<\/a> est apparu en premier sur <a href=\"https:\/\/auto-gestion.ca\">Auto Gestion<\/a>.<\/p>\n<p><\/p>\n","protected":false},"excerpt":{"rendered":"<p>Depuis 2006, l\u2019Acad\u00e9mie Vast-Auto Distribution\u00a0fa\u00e7onne l\u2019avenir de ses membres \u00e0 travers un engagement soutenu envers la formation. C\u2019est cette ann\u00e9e-l\u00e0 qu\u2019Antoine Janisse s\u2019est joint \u00e0 Vast-Auto Distribution\u00a0\/ O\u00a0Reilly\u2019s\u00a0Pi\u00e8ces d\u2019Auto pour d\u00e9velopper le volet formation en gestion, posant les premi\u00e8res pierres d\u2019un programme qui allait devenir une r\u00e9f\u00e9rence dans l\u2019industrie de l\u2019apr\u00e8s-march\u00e9 automobile.\u00a0 Deux ans plus [&hellip;]<\/p>\n","protected":false},"author":13,"featured_media":248344,"comment_status":"close","ping_status":"closed","sticky":false,"template":"","format":"standard","meta":{"_monsterinsights_skip_tracking":false,"footnotes":""},"categories":[160],"tags":[],"class_list":["post-248453","post","type-post","status-publish","format-standard","has-post-thumbnail","hentry","category-auto-gestion"],"yoast_head":"<!-- This site is optimized with the Yoast SEO plugin v28.4 - https:\/\/yoast.com\/product\/yoast-seo-wordpress\/ -->\n<title>L\u2019Acad\u00e9mie Vast-Auto Distribution\u00a0: pr\u00e8s de deux d\u00e9cennies au service de la formation\u00a0 - CanadaMotorJobs.com<\/title>\n<meta name=\"description\" content=\"L\u2019Acad\u00e9mie Vast-Auto Distribution\u00a0: pr\u00e8s de deux d\u00e9cennies au service de la formation\u00a0 - Auto Gestion - Auto-Gestion - CanadaMotorJobs.com.\" \/>\n<meta name=\"robots\" content=\"index, follow, max-snippet:-1, max-image-preview:large, max-video-preview:-1\" \/>\n<meta property=\"og:locale\" content=\"fr_CA\" \/>\n<meta property=\"og:type\" content=\"article\" \/>\n<meta property=\"og:title\" content=\"L\u2019Acad\u00e9mie Vast-Auto Distribution\u00a0: pr\u00e8s de deux d\u00e9cennies au service de la formation\u00a0 - CanadaMotorJobs.com\" \/>\n<meta property=\"og:description\" content=\"L\u2019Acad\u00e9mie Vast-Auto Distribution\u00a0: pr\u00e8s de deux d\u00e9cennies au service de la formation\u00a0 - Auto Gestion - Auto-Gestion - CanadaMotorJobs.com.\" \/>\n<meta property=\"og:url\" content=\"https:\/\/news.canadamotorjobs.com\/fr\/lacademie-vast-auto-distribution-pres-de-deux-decennies-au-service-de-la-formation\/\" \/>\n<meta property=\"og:site_name\" content=\"CanadaMotorJobs.com\" \/>\n<meta property=\"article:publisher\" content=\"https:\/\/www.facebook.com\/canadamotorjobs\/\" \/>\n<meta property=\"article:published_time\" content=\"2026-08-30T04:00:00+00:00\" \/>\n<meta property=\"article:modified_time\" content=\"2026-09-03T14:36:02+00:00\" \/>\n<meta property=\"og:image\" content=\"https:\/\/news.canadamotorjobs.com\/wp-content\/uploads\/2026\/08\/favicon_auto_gestion-33.webp\" \/>\n\t<meta property=\"og:image:width\" content=\"150\" \/>\n\t<meta property=\"og:image:height\" content=\"150\" \/>\n\t<meta property=\"og:image:type\" content=\"image\/webp\" \/>\n<meta name=\"author\" content=\"Auto Gestion\" \/>\n<meta name=\"twitter:card\" content=\"summary_large_image\" \/>\n<meta name=\"twitter:creator\" content=\"@canadamotorjobs\" \/>\n<meta name=\"twitter:site\" content=\"@canadamotorjobs\" \/>\n<meta name=\"twitter:label1\" content=\"\u00c9crit par\" \/>\n\t<meta name=\"twitter:data1\" content=\"Auto Gestion\" \/>\n\t<meta name=\"twitter:label2\" content=\"Estimation du temps de lecture\" \/>\n\t<meta name=\"twitter:data2\" content=\"2 minutes\" \/>\n<!-- \/ Yoast SEO plugin. -->","yoast_head_json":{"title":"L\u2019Acad\u00e9mie Vast-Auto Distribution\u00a0: pr\u00e8s de deux d\u00e9cennies au service de la formation\u00a0 - CanadaMotorJobs.com","description":"L\u2019Acad\u00e9mie Vast-Auto Distribution\u00a0: pr\u00e8s de deux d\u00e9cennies au service de la formation\u00a0 - Auto Gestion - Auto-Gestion - CanadaMotorJobs.com.","robots":{"index":"index","follow":"follow","max-snippet":"max-snippet:-1","max-image-preview":"max-image-preview:large","max-video-preview":"max-video-preview:-1"},"og_locale":"fr_CA","og_type":"article","og_title":"L\u2019Acad\u00e9mie Vast-Auto Distribution\u00a0: pr\u00e8s de deux d\u00e9cennies au service de la formation\u00a0 - CanadaMotorJobs.com","og_description":"L\u2019Acad\u00e9mie Vast-Auto Distribution\u00a0: pr\u00e8s de deux d\u00e9cennies au service de la formation\u00a0 - Auto Gestion - Auto-Gestion - CanadaMotorJobs.com.","og_url":"https:\/\/news.canadamotorjobs.com\/fr\/lacademie-vast-auto-distribution-pres-de-deux-decennies-au-service-de-la-formation\/","og_site_name":"CanadaMotorJobs.com","article_publisher":"https:\/\/www.facebook.com\/canadamotorjobs\/","article_published_time":"2026-08-30T04:00:00+00:00","article_modified_time":"2026-09-03T14:36:02+00:00","og_image":[{"width":150,"height":150,"url":"https:\/\/news.canadamotorjobs.com\/wp-content\/uploads\/2026\/08\/favicon_auto_gestion-33.webp","type":"image\/webp"}],"author":"Auto Gestion","twitter_card":"summary_large_image","twitter_creator":"@canadamotorjobs","twitter_site":"@canadamotorjobs","twitter_misc":{"\u00c9crit par":"Auto Gestion","Estimation du temps de lecture":"2 minutes"},"schema":{"@context":"https:\/\/schema.org","@graph":[{"@type":"Article","@id":"https:\/\/news.canadamotorjobs.com\/fr\/lacademie-vast-auto-distribution-pres-de-deux-decennies-au-service-de-la-formation\/#article","isPartOf":{"@id":"https:\/\/news.canadamotorjobs.com\/fr\/lacademie-vast-auto-distribution-pres-de-deux-decennies-au-service-de-la-formation\/"},"author":{"name":"Auto Gestion","@id":"https:\/\/news.canadamotorjobs.com\/#\/schema\/person\/3d038c976c7f6464db1c59117cf9ba6d"},"headline":"L\u2019Acad\u00e9mie Vast-Auto Distribution\u00a0: pr\u00e8s de deux d\u00e9cennies au service de la formation\u00a0","datePublished":"2026-08-30T04:00:00+00:00","dateModified":"2026-09-03T14:36:02+00:00","mainEntityOfPage":{"@id":"https:\/\/news.canadamotorjobs.com\/fr\/lacademie-vast-auto-distribution-pres-de-deux-decennies-au-service-de-la-formation\/"},"wordCount":477,"publisher":{"@id":"https:\/\/news.canadamotorjobs.com\/#organization"},"image":{"@id":"https:\/\/news.canadamotorjobs.com\/fr\/lacademie-vast-auto-distribution-pres-de-deux-decennies-au-service-de-la-formation\/#primaryimage"},"thumbnailUrl":"https:\/\/news.canadamotorjobs.com\/wp-content\/uploads\/2026\/08\/favicon_auto_gestion-33.webp","articleSection":["Auto-Gestion"],"inLanguage":"fr-CA"},{"@type":"WebPage","@id":"https:\/\/news.canadamotorjobs.com\/fr\/lacademie-vast-auto-distribution-pres-de-deux-decennies-au-service-de-la-formation\/","url":"https:\/\/news.canadamotorjobs.com\/fr\/lacademie-vast-auto-distribution-pres-de-deux-decennies-au-service-de-la-formation\/","name":"L\u2019Acad\u00e9mie Vast-Auto Distribution\u00a0: pr\u00e8s de deux d\u00e9cennies au service de la formation\u00a0 - CanadaMotorJobs.com","isPartOf":{"@id":"https:\/\/news.canadamotorjobs.com\/#website"},"primaryImageOfPage":{"@id":"https:\/\/news.canadamotorjobs.com\/fr\/lacademie-vast-auto-distribution-pres-de-deux-decennies-au-service-de-la-formation\/#primaryimage"},"image":{"@id":"https:\/\/news.canadamotorjobs.com\/fr\/lacademie-vast-auto-distribution-pres-de-deux-decennies-au-service-de-la-formation\/#primaryimage"},"thumbnailUrl":"https:\/\/news.canadamotorjobs.com\/wp-content\/uploads\/2026\/08\/favicon_auto_gestion-33.webp","datePublished":"2026-08-30T04:00:00+00:00","dateModified":"2026-09-03T14:36:02+00:00","description":"L\u2019Acad\u00e9mie Vast-Auto Distribution\u00a0: pr\u00e8s de deux d\u00e9cennies au service de la formation\u00a0 - Auto Gestion - Auto-Gestion - CanadaMotorJobs.com.","breadcrumb":{"@id":"https:\/\/news.canadamotorjobs.com\/fr\/lacademie-vast-auto-distribution-pres-de-deux-decennies-au-service-de-la-formation\/#breadcrumb"},"inLanguage":"fr-CA","potentialAction":[{"@type":"ReadAction","target":["https:\/\/news.canadamotorjobs.com\/fr\/lacademie-vast-auto-distribution-pres-de-deux-decennies-au-service-de-la-formation\/"]}]},{"@type":"ImageObject","inLanguage":"fr-CA","@id":"https:\/\/news.canadamotorjobs.com\/fr\/lacademie-vast-auto-distribution-pres-de-deux-decennies-au-service-de-la-formation\/#primaryimage","url":"https:\/\/news.canadamotorjobs.com\/wp-content\/uploads\/2026\/08\/favicon_auto_gestion-33.webp","contentUrl":"https:\/\/news.canadamotorjobs.com\/wp-content\/uploads\/2026\/08\/favicon_auto_gestion-33.webp","width":150,"height":150},{"@type":"BreadcrumbList","@id":"https:\/\/news.canadamotorjobs.com\/fr\/lacademie-vast-auto-distribution-pres-de-deux-decennies-au-service-de-la-formation\/#breadcrumb","itemListElement":[{"@type":"ListItem","position":1,"name":"Home","item":"https:\/\/news.canadamotorjobs.com\/fr\/blog\/"},{"@type":"ListItem","position":2,"name":"L\u2019Acad\u00e9mie Vast-Auto Distribution\u00a0: pr\u00e8s de deux d\u00e9cennies au service de la formation\u00a0"}]},{"@type":"WebSite","@id":"https:\/\/news.canadamotorjobs.com\/#website","url":"https:\/\/news.canadamotorjobs.com\/","name":"CanadaMotorJobs.com","description":"Automotive Jobs","publisher":{"@id":"https:\/\/news.canadamotorjobs.com\/#organization"},"potentialAction":[{"@type":"SearchAction","target":{"@type":"EntryPoint","urlTemplate":"https:\/\/news.canadamotorjobs.com\/?s={search_term_string}"},"query-input":{"@type":"PropertyValueSpecification","valueRequired":true,"valueName":"search_term_string"}}],"inLanguage":"fr-CA"},{"@type":"Organization","@id":"https:\/\/news.canadamotorjobs.com\/#organization","name":"Canada Motor Jobs","url":"https:\/\/news.canadamotorjobs.com\/","logo":{"@type":"ImageObject","inLanguage":"fr-CA","@id":"https:\/\/news.canadamotorjobs.com\/#\/schema\/logo\/image\/","url":"https:\/\/news.canadamotorjobs.com\/wp-content\/uploads\/2022\/10\/logo-canada-motor-jobs-1.png","contentUrl":"https:\/\/news.canadamotorjobs.com\/wp-content\/uploads\/2022\/10\/logo-canada-motor-jobs-1.png","width":800,"height":400,"caption":"Canada Motor Jobs"},"image":{"@id":"https:\/\/news.canadamotorjobs.com\/#\/schema\/logo\/image\/"},"sameAs":["https:\/\/www.facebook.com\/canadamotorjobs\/","https:\/\/x.com\/canadamotorjobs","https:\/\/www.instagram.com\/canadamotorjobs\/","https:\/\/www.linkedin.com\/company\/canadamotorjobs"]},{"@type":"Person","@id":"https:\/\/news.canadamotorjobs.com\/#\/schema\/person\/3d038c976c7f6464db1c59117cf9ba6d","name":"Auto Gestion","image":{"@type":"ImageObject","inLanguage":"fr-CA","@id":"https:\/\/secure.gravatar.com\/avatar\/dedac238d37b83c22648cf2cefe0e3d9d94db2e6d68e3c0e282fad9c6d1e5acc?s=96&d=mm&r=g","url":"https:\/\/secure.gravatar.com\/avatar\/dedac238d37b83c22648cf2cefe0e3d9d94db2e6d68e3c0e282fad9c6d1e5acc?s=96&d=mm&r=g","contentUrl":"https:\/\/secure.gravatar.com\/avatar\/dedac238d37b83c22648cf2cefe0e3d9d94db2e6d68e3c0e282fad9c6d1e5acc?s=96&d=mm&r=g","caption":"Auto Gestion"},"sameAs":["https:\/\/auto-gestion.ca"],"url":"https:\/\/news.canadamotorjobs.com\/fr\/author\/auto_gestion\/"}]}},"_links":{"self":[{"href":"https:\/\/news.canadamotorjobs.com\/fr\/wp-json\/wp\/v2\/posts\/248453","targetHints":{"allow":["GET"]}}],"collection":[{"href":"https:\/\/news.canadamotorjobs.com\/fr\/wp-json\/wp\/v2\/posts"}],"about":[{"href":"https:\/\/news.canadamotorjobs.com\/fr\/wp-json\/wp\/v2\/types\/post"}],"author":[{"embeddable":true,"href":"https:\/\/news.canadamotorjobs.com\/fr\/wp-json\/wp\/v2\/users\/13"}],"replies":[{"embeddable":true,"href":"https:\/\/news.canadamotorjobs.com\/fr\/wp-json\/wp\/v2\/comments?post=248453"}],"version-history":[{"count":0,"href":"https:\/\/news.canadamotorjobs.com\/fr\/wp-json\/wp\/v2\/posts\/248453\/revisions"}],"wp:featuredmedia":[{"embeddable":true,"href":"https:\/\/news.canadamotorjobs.com\/fr\/wp-json\/wp\/v2\/media\/248344"}],"wp:attachment":[{"href":"https:\/\/news.canadamotorjobs.com\/fr\/wp-json\/wp\/v2\/media?parent=248453"}],"wp:term":[{"taxonomy":"category","embeddable":true,"href":"https:\/\/news.canadamotorjobs.com\/fr\/wp-json\/wp\/v2\/categories?post=248453"},{"taxonomy":"post_tag","embeddable":true,"href":"https:\/\/news.canadamotorjobs.com\/fr\/wp-json\/wp\/v2\/tags?post=248453"}],"curies":[{"name":"wp","href":"https:\/\/api.w.org\/{rel}","templated":true}]}}