{"id":240940,"date":"2026-05-01T07:12:35","date_gmt":"2026-05-01T11:12:35","guid":{"rendered":"https:\/\/news.canadamotorjobs.com\/?p=240940"},"modified":"2026-05-01T07:20:11","modified_gmt":"2026-05-01T11:20:11","slug":"volkswagen-golf-gti","status":"publish","type":"post","link":"https:\/\/news.canadamotorjobs.com\/fr\/volkswagen-golf-gti\/","title":{"rendered":"Volkswagen Golf GTi"},"content":{"rendered":"<\/p>\n<p>Il y a des voitures qui changent avec le temps, et d\u2019autres qui \u00e9voluent en gardant leur ADN bien ancr\u00e9. La GTI fait clairement partie de la seconde cat\u00e9gorie. Depuis des d\u00e9cennies, Volkswagen perfectionne la recette : une compacte pratique, assez confortable pour le quotidien\u2026 mais avec juste assez de piquant pour transformer un d\u00e9tour inutile en moment de bonheur. Et en 2026, m\u00eame si elle n\u2019\u00e9volue pas m\u00e9caniquement, elle continue de prouver qu\u2019elle comprend mieux que bien des rivales ce que veut vraiment un conducteur. Visuellement, la GTI 2026 ne r\u00e9volutionne rien. Et c\u2019est probablement volontaire. La silhouette reste reconnaissable entre mille, avec ses accents rouges, sa signature lumineuse distinctive et ses proportions \u00e9quilibr\u00e9es. Ce n\u2019est pas une voiture flamboyante \u2014 mais elle d\u00e9gage une certaine assurance tranquille. Un peu comme quelqu\u2019un qui n\u2019a rien \u00e0 prouver.<\/p>\n<h3>Un 4 cylindres nerveux<\/h3>\n<p>\nSous le capot, le quatre cylindres turbo de 2,0 litres livre 241 chevaux et surtout les 273 lb-pi de couple disponible tr\u00e8s t\u00f4t. La GTI ne cherche pas \u00e0 impressionner par la brutalit\u00e9. Elle s\u00e9duit par sa fluidit\u00e9. L\u2019acc\u00e9l\u00e9ration est progressive, lin\u00e9aire, presque \u00e9l\u00e9gante. La bo\u00eete DSG \u00e0 double embrayage encha\u00eene les rapports avec une rapidit\u00e9 clinique, mais sans jamais donner l\u2019impression de brusquer. Et surtout, contrairement \u00e0 certaines sportives modernes, elle reste exploitable. Pas besoin d\u2019\u00eatre sur un circuit pour en profiter.<\/p>\n<h3>L\u2019\u00e9quilibre avant tout<\/h3>\n<p>\nC\u2019est dans les virages que la magie op\u00e8re. La GTI n\u2019est pas une voiture qui intimide \u2014 elle invite. Le train avant mord avec pr\u00e9cision, le diff\u00e9rentiel autobloquant fait un travail remarquable pour canaliser la puissance, et l\u2019ensemble donne une sensation de contr\u00f4le quasi imm\u00e9diate. On entre dans un virage avec confiance, on ajuste la trajectoire sans effort, et on ressort avec le sourire. Si vous optez pour une version Autobahn, elle ajoute une suspension adaptative qui change litt\u00e9ralement la personnalit\u00e9 de la voiture. En mode confortable, elle absorbe correctement les imperfections. En mode sport, elle se raffermit et transforme la GTI en v\u00e9ritable petite machine \u00e0 attaquer.<\/p>\n<h3>Confort de roulement<\/h3>\n<p>\nSur les routes qu\u00e9b\u00e9coises \u2014 terrain d\u2019essai impitoyable \u2014 la GTI trouve un compromis int\u00e9ressant. Elle reste ferme, oui, mais jamais punitive. Les bosses sont ressenties, mais rarement subies. Sur autoroute, elle se montre stable et relativement silencieuse. Ce n\u2019est pas une berline de luxe, mais pour une compacte sportive, elle fait preuve d\u2019une maturit\u00e9 impressionnante. Bref, elle peut jouer deux r\u00f4les sans trop de compromis : voiture de semaine et jouet de fin de semaine.<\/p>\n<h3>Technologie parfois frustrante<\/h3>\n<p>\nC\u2019est probablement ici que la GTI divise le plus. L\u2019\u00e9cran central de 12,9 pouces est moderne, r\u00e9actif, bien int\u00e9gr\u00e9 visuellement. L\u2019instrumentation num\u00e9rique configurable ajoute une touche techno bienvenue. La connectivit\u00e9 avec Apple CarPlay et Android Auto sans fil fonctionne bien, et l\u2019ensemble des fonctions est complet. Mais voil\u00e0 : Volkswagen a c\u00e9d\u00e9 \u00e0 la mode du tout tactile. R\u00e9sultat, certaines commandes \u2014 climatisation, volume \u2014 demandent plus d\u2019attention qu\u2019elles ne devraient. On s\u2019y habitue\u2026 mais pas toujours avec enthousiasme. Le retour \u00e0 des molettes en l;ieu et place des commandes par effleurement serait une tr\u00e8s bonne id\u00e9e. Heureusement, le reste de l\u2019\u00e9quipement est g\u00e9n\u00e9reux : r\u00e9gulateur adaptatif, maintien de voie, surveillance des angles morts, affichage t\u00eate haute (Autobahn), recharge sans fil\u2026 tout y est.<\/p>\n<h3>Habitacle accueillant<\/h3>\n<p>\n\u00c0 bord, la GTI reste fid\u00e8le \u00e0 elle-m\u00eame. Pas de luxe ostentatoire, mais une ambiance coh\u00e9rente et bien construite. Les si\u00e8ges offrent un excellent maintien, parfait pour une conduite dynamique, tout en restant confortables sur longue distance. Le volant chauffant et les si\u00e8ges chauffants rappellent qu\u2019on est au Canada \u2014 et que quelqu\u2019un chez Volkswagen y a pens\u00e9. L\u2019assemblage est solide, les mat\u00e9riaux sont de bonne qualit\u00e9, m\u00eame si certains plastiques rappellent qu\u2019on n\u2019est pas dans une Audi.<\/p>\n<h3>Aussi pratique qu\u2019une familiale<\/h3>\n<p>\nC\u2019est ici que la GTI ridiculise plusieurs sportives plus puissantes. Avec son hayon, elle reste une voiture pratique au quotidien. Le coffre offre plus de 560 litres, et presque le double une fois les si\u00e8ges abaiss\u00e9s. Les places arri\u00e8res sont g\u00e9n\u00e9reuses. C\u2019est une sportive que l\u2019on peut r\u00e9ellement utiliser tous les jours, sans compromis majeur.<\/p>\n<h3>Conclusion<\/h3>\n<p>\nLa Volkswagen Golf GTI \u00a0ne cherche pas \u00e0 \u00eatre la plus rapide, la plus spectaculaire ou la plus technologique. Elle cherche \u00e0 \u00eatre la plus agr\u00e9able \u00e0 conduire au quotidien. Et elle r\u00e9ussit encore. Dans un monde o\u00f9 plusieurs sportives deviennent extr\u00eames ou compliqu\u00e9es, la GTI reste fid\u00e8le \u00e0 sa mission : offrir du plaisir accessible, intelligent, et \u00e9tonnamment complet. Et franchement, \u00e7a m\u00e9rite encore le respect. Une version de base commence \u00e0 37\u00a0000 $ et ira jusqu\u2019\u00e0 42\u00a0000 $ pour une version Autobahn. Vous avez beaucoup de voiture pour le prix .<\/p>\n<h3><strong>Forces<\/strong><\/h3>\n<p>\nComportement routier toujours aussi aff\u00fbt\u00e9<\/p>\n<p>Moteur turbo plein de caract\u00e8re<\/p>\n<p>Polyvalence exceptionnelle gr\u00e2ce au hayon<\/p>\n<p>Technologie moderne bien int\u00e9gr\u00e9e<\/p>\n<p>Rapport plaisir\/prix difficile \u00e0 battre<\/p>\n<h3><strong>Faiblesses<\/strong><\/h3>\n<p>\nInterface tactile parfois irritante \u00e0 l\u2019usage<\/p>\n<p>Perte de certaines commandes physiques<\/p>\n<p>Confort ferme sur chauss\u00e9e d\u00e9grad\u00e9e<\/p>\n<p>\u00a0<\/p>\n<p>Le texte <a href=\"https:\/\/annuelauto.ca\/volkswagen-golf-gti\/\">Volkswagen Golf GTi<\/a> provient de <a href=\"https:\/\/annuelauto.ca\">L&#8217;annuel de l&#8217;automobile &#8211; Actualit\u00e9 automobile<\/a><\/p>\n<p><\/p>\n","protected":false},"excerpt":{"rendered":"<p>Il y a des voitures qui changent avec le temps, et d\u2019autres qui \u00e9voluent en gardant leur ADN bien ancr\u00e9. La GTI fait clairement partie de la seconde cat\u00e9gorie. Depuis des d\u00e9cennies, Volkswagen perfectionne la recette : une compacte pratique, assez confortable pour le quotidien\u2026 mais avec juste assez de piquant pour transformer un d\u00e9tour [&hellip;]<\/p>\n","protected":false},"author":8,"featured_media":240942,"comment_status":"close","ping_status":"closed","sticky":false,"template":"","format":"standard","meta":{"_monsterinsights_skip_tracking":false,"_monsterinsights_sitenote_active":false,"_monsterinsights_sitenote_note":"","_monsterinsights_sitenote_category":0,"footnotes":""},"categories":[101],"tags":[],"yoast_head":"<!-- This site is optimized with the Yoast SEO plugin v23.2 - https:\/\/yoast.com\/wordpress\/plugins\/seo\/ -->\n<title>Volkswagen Golf GTi - CanadaMotorJobs.com<\/title>\n<meta name=\"description\" content=\"Volkswagen Golf GTi - Benoit Charette - Annuel automobile - CanadaMotorJobs.com.\" \/>\n<meta name=\"robots\" content=\"index, follow, max-snippet:-1, max-image-preview:large, max-video-preview:-1\" \/>\n<meta property=\"og:locale\" content=\"fr_CA\" \/>\n<meta property=\"og:type\" content=\"article\" \/>\n<meta property=\"og:title\" content=\"Volkswagen Golf GTi - CanadaMotorJobs.com\" \/>\n<meta property=\"og:description\" content=\"Volkswagen Golf GTi - Benoit Charette - Annuel automobile - CanadaMotorJobs.com.\" \/>\n<meta property=\"og:url\" content=\"https:\/\/news.canadamotorjobs.com\/fr\/volkswagen-golf-gti\/\" \/>\n<meta property=\"og:site_name\" content=\"CanadaMotorJobs.com\" \/>\n<meta property=\"article:publisher\" content=\"https:\/\/www.facebook.com\/canadamotorjobs\/\" \/>\n<meta property=\"article:published_time\" content=\"2026-05-01T11:12:35+00:00\" \/>\n<meta property=\"article:modified_time\" content=\"2026-05-01T11:20:11+00:00\" \/>\n<meta property=\"og:image\" content=\"https:\/\/news.canadamotorjobs.com\/wp-content\/uploads\/2026\/05\/Small-18934-2025-golf-gti-autobahn-kings-red-metallic-2.jpg\" \/>\n\t<meta property=\"og:image:width\" content=\"1200\" \/>\n\t<meta property=\"og:image:height\" content=\"800\" \/>\n\t<meta property=\"og:image:type\" content=\"image\/jpeg\" \/>\n<meta name=\"author\" content=\"Benoit Charette\" \/>\n<meta name=\"twitter:card\" content=\"summary_large_image\" \/>\n<meta name=\"twitter:creator\" content=\"@canadamotorjobs\" \/>\n<meta name=\"twitter:site\" content=\"@canadamotorjobs\" \/>\n<meta name=\"twitter:label1\" content=\"\u00c9crit par\" \/>\n\t<meta name=\"twitter:data1\" content=\"Benoit Charette\" \/>\n\t<meta name=\"twitter:label2\" content=\"Estimation du temps de lecture\" \/>\n\t<meta name=\"twitter:data2\" content=\"4 minutes\" \/>\n<!-- \/ Yoast SEO plugin. -->","yoast_head_json":{"title":"Volkswagen Golf GTi - CanadaMotorJobs.com","description":"Volkswagen Golf GTi - Benoit Charette - Annuel automobile - CanadaMotorJobs.com.","robots":{"index":"index","follow":"follow","max-snippet":"max-snippet:-1","max-image-preview":"max-image-preview:large","max-video-preview":"max-video-preview:-1"},"og_locale":"fr_CA","og_type":"article","og_title":"Volkswagen Golf GTi - CanadaMotorJobs.com","og_description":"Volkswagen Golf GTi - Benoit Charette - Annuel automobile - CanadaMotorJobs.com.","og_url":"https:\/\/news.canadamotorjobs.com\/fr\/volkswagen-golf-gti\/","og_site_name":"CanadaMotorJobs.com","article_publisher":"https:\/\/www.facebook.com\/canadamotorjobs\/","article_published_time":"2026-05-01T11:12:35+00:00","article_modified_time":"2026-05-01T11:20:11+00:00","og_image":[{"width":1200,"height":800,"url":"https:\/\/news.canadamotorjobs.com\/wp-content\/uploads\/2026\/05\/Small-18934-2025-golf-gti-autobahn-kings-red-metallic-2.jpg","type":"image\/jpeg"}],"author":"Benoit Charette","twitter_card":"summary_large_image","twitter_creator":"@canadamotorjobs","twitter_site":"@canadamotorjobs","twitter_misc":{"\u00c9crit par":"Benoit Charette","Estimation du temps de lecture":"4 minutes"},"schema":{"@context":"https:\/\/schema.org","@graph":[{"@type":"Article","@id":"https:\/\/news.canadamotorjobs.com\/fr\/volkswagen-golf-gti\/#article","isPartOf":{"@id":"https:\/\/news.canadamotorjobs.com\/fr\/volkswagen-golf-gti\/"},"author":{"name":"Benoit Charette","@id":"https:\/\/news.canadamotorjobs.com\/#\/schema\/person\/51793d1f87d44011d7bcc2ed99269a90"},"headline":"Volkswagen Golf GTi","datePublished":"2026-05-01T11:12:35+00:00","dateModified":"2026-05-01T11:20:11+00:00","mainEntityOfPage":{"@id":"https:\/\/news.canadamotorjobs.com\/fr\/volkswagen-golf-gti\/"},"wordCount":897,"publisher":{"@id":"https:\/\/news.canadamotorjobs.com\/#organization"},"image":{"@id":"https:\/\/news.canadamotorjobs.com\/fr\/volkswagen-golf-gti\/#primaryimage"},"thumbnailUrl":"https:\/\/news.canadamotorjobs.com\/wp-content\/uploads\/2026\/05\/Small-18934-2025-golf-gti-autobahn-kings-red-metallic-2.jpg","articleSection":["Annuel automobile"],"inLanguage":"fr-CA"},{"@type":"WebPage","@id":"https:\/\/news.canadamotorjobs.com\/fr\/volkswagen-golf-gti\/","url":"https:\/\/news.canadamotorjobs.com\/fr\/volkswagen-golf-gti\/","name":"Volkswagen Golf GTi - CanadaMotorJobs.com","isPartOf":{"@id":"https:\/\/news.canadamotorjobs.com\/#website"},"primaryImageOfPage":{"@id":"https:\/\/news.canadamotorjobs.com\/fr\/volkswagen-golf-gti\/#primaryimage"},"image":{"@id":"https:\/\/news.canadamotorjobs.com\/fr\/volkswagen-golf-gti\/#primaryimage"},"thumbnailUrl":"https:\/\/news.canadamotorjobs.com\/wp-content\/uploads\/2026\/05\/Small-18934-2025-golf-gti-autobahn-kings-red-metallic-2.jpg","datePublished":"2026-05-01T11:12:35+00:00","dateModified":"2026-05-01T11:20:11+00:00","description":"Volkswagen Golf GTi - Benoit Charette - Annuel automobile - CanadaMotorJobs.com.","breadcrumb":{"@id":"https:\/\/news.canadamotorjobs.com\/fr\/volkswagen-golf-gti\/#breadcrumb"},"inLanguage":"fr-CA","potentialAction":[{"@type":"ReadAction","target":["https:\/\/news.canadamotorjobs.com\/fr\/volkswagen-golf-gti\/"]}]},{"@type":"ImageObject","inLanguage":"fr-CA","@id":"https:\/\/news.canadamotorjobs.com\/fr\/volkswagen-golf-gti\/#primaryimage","url":"https:\/\/news.canadamotorjobs.com\/wp-content\/uploads\/2026\/05\/Small-18934-2025-golf-gti-autobahn-kings-red-metallic-2.jpg","contentUrl":"https:\/\/news.canadamotorjobs.com\/wp-content\/uploads\/2026\/05\/Small-18934-2025-golf-gti-autobahn-kings-red-metallic-2.jpg","width":1200,"height":800},{"@type":"BreadcrumbList","@id":"https:\/\/news.canadamotorjobs.com\/fr\/volkswagen-golf-gti\/#breadcrumb","itemListElement":[{"@type":"ListItem","position":1,"name":"Home","item":"https:\/\/news.canadamotorjobs.com\/fr\/blog\/"},{"@type":"ListItem","position":2,"name":"Volkswagen Golf GTi"}]},{"@type":"WebSite","@id":"https:\/\/news.canadamotorjobs.com\/#website","url":"https:\/\/news.canadamotorjobs.com\/","name":"CanadaMotorJobs.com","description":"Automotive Jobs","publisher":{"@id":"https:\/\/news.canadamotorjobs.com\/#organization"},"potentialAction":[{"@type":"SearchAction","target":{"@type":"EntryPoint","urlTemplate":"https:\/\/news.canadamotorjobs.com\/?s={search_term_string}"},"query-input":"required name=search_term_string"}],"inLanguage":"fr-CA"},{"@type":"Organization","@id":"https:\/\/news.canadamotorjobs.com\/#organization","name":"Canada Motor Jobs","url":"https:\/\/news.canadamotorjobs.com\/","logo":{"@type":"ImageObject","inLanguage":"fr-CA","@id":"https:\/\/news.canadamotorjobs.com\/#\/schema\/logo\/image\/","url":"https:\/\/news.canadamotorjobs.com\/wp-content\/uploads\/2022\/10\/logo-canada-motor-jobs-1.png","contentUrl":"https:\/\/news.canadamotorjobs.com\/wp-content\/uploads\/2022\/10\/logo-canada-motor-jobs-1.png","width":800,"height":400,"caption":"Canada Motor Jobs"},"image":{"@id":"https:\/\/news.canadamotorjobs.com\/#\/schema\/logo\/image\/"},"sameAs":["https:\/\/www.facebook.com\/canadamotorjobs\/","https:\/\/x.com\/canadamotorjobs","https:\/\/www.instagram.com\/canadamotorjobs\/","https:\/\/www.linkedin.com\/company\/canadamotorjobs"]},{"@type":"Person","@id":"https:\/\/news.canadamotorjobs.com\/#\/schema\/person\/51793d1f87d44011d7bcc2ed99269a90","name":"Benoit Charette","image":{"@type":"ImageObject","inLanguage":"fr-CA","@id":"https:\/\/news.canadamotorjobs.com\/#\/schema\/person\/image\/","url":"https:\/\/secure.gravatar.com\/avatar\/45f3d2eebcccd909668d7ce7ea7267b6?s=96&d=mm&r=g","contentUrl":"https:\/\/secure.gravatar.com\/avatar\/45f3d2eebcccd909668d7ce7ea7267b6?s=96&d=mm&r=g","caption":"Benoit Charette"},"description":"Benoit Charette \/ Propri\u00e9taire et r\u00e9dacteur en chef Benoit Charette pratique le journalisme automobile depuis bient\u00f4t 30 ans. Il a fait ses classes au c\u00f4t\u00e9 de Daniel H\u00e9raud et au Carnet de route de 1992 \u00e0 2001. Il est fondateur, copropri\u00e9taire et r\u00e9dacteur en chef de L\u2019Annuel de l\u2019automobile, qu\u2019il publie depuis 2001. Il a anim\u00e9 les \u00e9missions RPM et RPM+ sur V et les L\u00e9gendes de la route sur Historia. \u00c0 la radio depuis 1986, il reprend l\u2019antenne cette ann\u00e9e sur les ondes de Cogeco et participe pour la deuxi\u00e8me ann\u00e9e \u00e0 l\u2019\u00e9mission Passion Auto sur RDS en plus de mettre en ligne le site Web officiel de L\u2019Annuel de l\u2019automobile sur annuelauto.ca.","sameAs":["https:\/\/annuelauto.ca\/"],"url":"https:\/\/news.canadamotorjobs.com\/fr\/author\/benoit-charette\/"}]}},"_links":{"self":[{"href":"https:\/\/news.canadamotorjobs.com\/fr\/wp-json\/wp\/v2\/posts\/240940"}],"collection":[{"href":"https:\/\/news.canadamotorjobs.com\/fr\/wp-json\/wp\/v2\/posts"}],"about":[{"href":"https:\/\/news.canadamotorjobs.com\/fr\/wp-json\/wp\/v2\/types\/post"}],"author":[{"embeddable":true,"href":"https:\/\/news.canadamotorjobs.com\/fr\/wp-json\/wp\/v2\/users\/8"}],"replies":[{"embeddable":true,"href":"https:\/\/news.canadamotorjobs.com\/fr\/wp-json\/wp\/v2\/comments?post=240940"}],"version-history":[{"count":2,"href":"https:\/\/news.canadamotorjobs.com\/fr\/wp-json\/wp\/v2\/posts\/240940\/revisions"}],"predecessor-version":[{"id":240944,"href":"https:\/\/news.canadamotorjobs.com\/fr\/wp-json\/wp\/v2\/posts\/240940\/revisions\/240944"}],"wp:featuredmedia":[{"embeddable":true,"href":"https:\/\/news.canadamotorjobs.com\/fr\/wp-json\/wp\/v2\/media\/240942"}],"wp:attachment":[{"href":"https:\/\/news.canadamotorjobs.com\/fr\/wp-json\/wp\/v2\/media?parent=240940"}],"wp:term":[{"taxonomy":"category","embeddable":true,"href":"https:\/\/news.canadamotorjobs.com\/fr\/wp-json\/wp\/v2\/categories?post=240940"},{"taxonomy":"post_tag","embeddable":true,"href":"https:\/\/news.canadamotorjobs.com\/fr\/wp-json\/wp\/v2\/tags?post=240940"}],"curies":[{"name":"wp","href":"https:\/\/api.w.org\/{rel}","templated":true}]}}