{"id":240917,"date":"2026-05-01T06:59:41","date_gmt":"2026-05-01T10:59:41","guid":{"rendered":"https:\/\/news.canadamotorjobs.com\/?p=240917"},"modified":"2026-05-01T07:05:25","modified_gmt":"2026-05-01T11:05:25","slug":"bmw-m340i-50-jahre-edition","status":"publish","type":"post","link":"https:\/\/news.canadamotorjobs.com\/fr\/bmw-m340i-50-jahre-edition\/","title":{"rendered":"BMW M340i 50 Jahre Edition"},"content":{"rendered":"<\/p>\n<p>La division M de BMW c\u00e9l\u00e8bre un demi-si\u00e8cle de passion automobile. Pour marquer cette ann\u00e9e historique, le constructeur bavarois propose une version sp\u00e9ciale d\u2019une berline iconique, la M340i xDrive \u00c9dition 50 Jahre Edition. Elle se veut un hommage \u00e0 l\u2019h\u00e9ritage allemand de haute performance.<\/p>\n<p>Cette \u00e9dition anniversaire se d\u00e9marque par des choix esth\u00e9tiques subtils mais pr\u00e9cis. On a ressorti les embl\u00e8mes classiques r\u00e9tro de la division sportive et on les a pos\u00e9s sur le capot, le coffre et les roues. Des couleurs historiques refont aussi surface pour s\u00e9duire les puristes de la marque.<\/p>\n<p>Ces touches visuelles rappellent la riche histoire de la firme sur les circuits de course.<\/p>\n<p>Sous le capot, la formule est connue. Le six cylindres en ligne de 3 litres second\u00e9 par un turbocompresseur produit 382 chevaux bien tass\u00e9s. Avec la traction int\u00e9grale xDrive, cette m\u00e9canique catapulte la voiture avec une belle vigueur. Le comportement routier frise la perfection. Sa direction se r\u00e9v\u00e8le chirurgicale et sa suspension maintient la voiture au sol avec autorit\u00e9.<\/p>\n<p>La transmission automatique \u00e0 huit rapports encha\u00eene les vitesses de mani\u00e8re brutale lorsqu&#8217;on active le mode sport. C\u2019est une sportive faite pour d\u00e9vorer les courbes avec une aisance remarquable. Le conducteur per\u00e7oit le v\u00e9ritable ADN de la piste sur le bitume de nos routes du Qu\u00e9bec, \u00e0 condition d\u2019\u00e9viter les nids de poule.<\/p>\n<p>Cette sportivit\u00e9 assum\u00e9e exige un gros sacrifice. Il est mon\u00e9taire et il se trouve \u00e0 la pompe. La m\u00e9lodie rugissante incite le conducteur \u00e0 pousser la machine \u00e0 chaque feu vert ou bretelle d&#8217;autoroute. \u00c7a se traduit par une consommation d&#8217;essence tr\u00e8s \u00e9lev\u00e9e. Lors de notre semaine d&#8217;essai, la moyenne a vite grimp\u00e9 au-del\u00e0 des 11 litres aux 100 km. La facture de super va faire pleurer votre portefeuille \u00e0 chaque semaine.<\/p>\n<p>Cela dit, si vous conduisez prudemment, vous pouvez r\u00e9duire cette consommation sous les 9 l\/100 km.<\/p>\n<p>Face \u00e0 cette r\u00e9alit\u00e9 financi\u00e8re, une question existentielle se pose invariablement. Pourquoi s&#8217;offrir une berline \u00e0 essence tr\u00e8s co\u00fbteuse alors que BMW propose de superbes alternatives \u00e9lectriques?<\/p>\n<p>La BMW i4 M50, par exemple, livre des acc\u00e9l\u00e9rations encore plus f\u00e9roces gr\u00e2ce \u00e0 la magie de l&#8217;\u00e9lectricit\u00e9, et elle \u00e9limine de fa\u00e7on d\u00e9finitive les visites \u00e0 la station-service et les frais d&#8217;entretien associ\u00e9s aux moteurs thermiques.<\/p>\n<p>L&#8217;acheteur rationnel et m\u00eame \u00e9motionnel devrait se tourner vers cette modernit\u00e9 silencieuse, tant qu&#8217;\u00e0 y \u00eatre. Au Canada, le prix de d\u00e9tail de cette \u00e9dition 50 Jahre fr\u00f4le les 75 000 $. Avec les taxes applicables, la facture totale devient tr\u00e8s sal\u00e9e. \u00c0 ce prix, l&#8217;argument de la voiture \u00e9lectrique devient doublement difficile \u00e0 ignorer.<\/p>\n<p>Pourtant, cette M340i sp\u00e9ciale conserve un attrait profond pour une client\u00e8le passionn\u00e9e. Les amateurs de m\u00e9canique traditionnelle qui recherchent cette m\u00e9lodie unique typique des moteurs \u00e0 six cylindres vont \u00eatre satisfaits. Ils vont ressentir avec plaisir les vibrations du moteur et les passages des rapports.<\/p>\n<p>Cette \u00e9dition anniversaire incarne tr\u00e8s certainement la toute derni\u00e8re occasion de s&#8217;offrir une S\u00e9rie 3 thermique pure et dure avant le passage \u00e0 l&#8217;\u00e9lectrification. Ce n&#8217;est pas du tout un achat rationnel, mais un investissement \u00e9motionnel pur et simple.<\/p>\n<p>Une pi\u00e8ce de collection en devenir qui est \u00e0 l\u2019apoth\u00e9ose de l\u2019\u00e8re fossile et qui, si elle est bien conserv\u00e9e, deviendra elle aussi un fossile.<\/p>\n<p>Le texte <a href=\"https:\/\/annuelauto.ca\/bmw-m340i-50-jahre-edition\/\">BMW M340i 50 Jahre Edition<\/a> provient de <a href=\"https:\/\/annuelauto.ca\">L&#8217;annuel de l&#8217;automobile &#8211; Actualit\u00e9 automobile<\/a><\/p>\n<p><\/p>\n","protected":false},"excerpt":{"rendered":"<p>La division M de BMW c\u00e9l\u00e8bre un demi-si\u00e8cle de passion automobile. Pour marquer cette ann\u00e9e historique, le constructeur bavarois propose une version sp\u00e9ciale d\u2019une berline iconique, la M340i xDrive \u00c9dition 50 Jahre Edition. Elle se veut un hommage \u00e0 l\u2019h\u00e9ritage allemand de haute performance. Cette \u00e9dition anniversaire se d\u00e9marque par des choix esth\u00e9tiques subtils mais [&hellip;]<\/p>\n","protected":false},"author":8,"featured_media":240919,"comment_status":"close","ping_status":"closed","sticky":false,"template":"","format":"standard","meta":{"_monsterinsights_skip_tracking":false,"_monsterinsights_sitenote_active":false,"_monsterinsights_sitenote_note":"","_monsterinsights_sitenote_category":0,"footnotes":""},"categories":[101],"tags":[],"yoast_head":"<!-- This site is optimized with the Yoast SEO plugin v23.2 - https:\/\/yoast.com\/wordpress\/plugins\/seo\/ -->\n<title>BMW M340i 50 Jahre Edition - CanadaMotorJobs.com<\/title>\n<meta name=\"description\" content=\"BMW M340i 50 Jahre Edition - Benoit Charette - Annuel automobile - CanadaMotorJobs.com.\" \/>\n<meta name=\"robots\" content=\"index, follow, max-snippet:-1, max-image-preview:large, max-video-preview:-1\" \/>\n<meta property=\"og:locale\" content=\"fr_CA\" \/>\n<meta property=\"og:type\" content=\"article\" \/>\n<meta property=\"og:title\" content=\"BMW M340i 50 Jahre Edition - CanadaMotorJobs.com\" \/>\n<meta property=\"og:description\" content=\"BMW M340i 50 Jahre Edition - Benoit Charette - Annuel automobile - CanadaMotorJobs.com.\" \/>\n<meta property=\"og:url\" content=\"https:\/\/news.canadamotorjobs.com\/fr\/bmw-m340i-50-jahre-edition\/\" \/>\n<meta property=\"og:site_name\" content=\"CanadaMotorJobs.com\" \/>\n<meta property=\"article:publisher\" content=\"https:\/\/www.facebook.com\/canadamotorjobs\/\" \/>\n<meta property=\"article:published_time\" content=\"2026-05-01T10:59:41+00:00\" \/>\n<meta property=\"article:modified_time\" content=\"2026-05-01T11:05:25+00:00\" \/>\n<meta property=\"og:image\" content=\"https:\/\/news.canadamotorjobs.com\/wp-content\/uploads\/2026\/05\/P90623642_highRes_2026-bmw-m340i-xdriv.jpg\" \/>\n\t<meta property=\"og:image:width\" content=\"1200\" \/>\n\t<meta property=\"og:image:height\" content=\"675\" \/>\n\t<meta property=\"og:image:type\" content=\"image\/jpeg\" \/>\n<meta name=\"author\" content=\"Benoit Charette\" \/>\n<meta name=\"twitter:card\" content=\"summary_large_image\" \/>\n<meta name=\"twitter:creator\" content=\"@canadamotorjobs\" \/>\n<meta name=\"twitter:site\" content=\"@canadamotorjobs\" \/>\n<meta name=\"twitter:label1\" content=\"\u00c9crit par\" \/>\n\t<meta name=\"twitter:data1\" content=\"Benoit Charette\" \/>\n\t<meta name=\"twitter:label2\" content=\"Estimation du temps de lecture\" \/>\n\t<meta name=\"twitter:data2\" content=\"3 minutes\" \/>\n<!-- \/ Yoast SEO plugin. -->","yoast_head_json":{"title":"BMW M340i 50 Jahre Edition - CanadaMotorJobs.com","description":"BMW M340i 50 Jahre Edition - Benoit Charette - Annuel automobile - CanadaMotorJobs.com.","robots":{"index":"index","follow":"follow","max-snippet":"max-snippet:-1","max-image-preview":"max-image-preview:large","max-video-preview":"max-video-preview:-1"},"og_locale":"fr_CA","og_type":"article","og_title":"BMW M340i 50 Jahre Edition - CanadaMotorJobs.com","og_description":"BMW M340i 50 Jahre Edition - Benoit Charette - Annuel automobile - CanadaMotorJobs.com.","og_url":"https:\/\/news.canadamotorjobs.com\/fr\/bmw-m340i-50-jahre-edition\/","og_site_name":"CanadaMotorJobs.com","article_publisher":"https:\/\/www.facebook.com\/canadamotorjobs\/","article_published_time":"2026-05-01T10:59:41+00:00","article_modified_time":"2026-05-01T11:05:25+00:00","og_image":[{"width":1200,"height":675,"url":"https:\/\/news.canadamotorjobs.com\/wp-content\/uploads\/2026\/05\/P90623642_highRes_2026-bmw-m340i-xdriv.jpg","type":"image\/jpeg"}],"author":"Benoit Charette","twitter_card":"summary_large_image","twitter_creator":"@canadamotorjobs","twitter_site":"@canadamotorjobs","twitter_misc":{"\u00c9crit par":"Benoit Charette","Estimation du temps de lecture":"3 minutes"},"schema":{"@context":"https:\/\/schema.org","@graph":[{"@type":"Article","@id":"https:\/\/news.canadamotorjobs.com\/fr\/bmw-m340i-50-jahre-edition\/#article","isPartOf":{"@id":"https:\/\/news.canadamotorjobs.com\/fr\/bmw-m340i-50-jahre-edition\/"},"author":{"name":"Benoit Charette","@id":"https:\/\/news.canadamotorjobs.com\/#\/schema\/person\/51793d1f87d44011d7bcc2ed99269a90"},"headline":"BMW M340i 50 Jahre Edition","datePublished":"2026-05-01T10:59:41+00:00","dateModified":"2026-05-01T11:05:25+00:00","mainEntityOfPage":{"@id":"https:\/\/news.canadamotorjobs.com\/fr\/bmw-m340i-50-jahre-edition\/"},"wordCount":608,"publisher":{"@id":"https:\/\/news.canadamotorjobs.com\/#organization"},"image":{"@id":"https:\/\/news.canadamotorjobs.com\/fr\/bmw-m340i-50-jahre-edition\/#primaryimage"},"thumbnailUrl":"https:\/\/news.canadamotorjobs.com\/wp-content\/uploads\/2026\/05\/P90623642_highRes_2026-bmw-m340i-xdriv.jpg","articleSection":["Annuel automobile"],"inLanguage":"fr-CA"},{"@type":"WebPage","@id":"https:\/\/news.canadamotorjobs.com\/fr\/bmw-m340i-50-jahre-edition\/","url":"https:\/\/news.canadamotorjobs.com\/fr\/bmw-m340i-50-jahre-edition\/","name":"BMW M340i 50 Jahre Edition - CanadaMotorJobs.com","isPartOf":{"@id":"https:\/\/news.canadamotorjobs.com\/#website"},"primaryImageOfPage":{"@id":"https:\/\/news.canadamotorjobs.com\/fr\/bmw-m340i-50-jahre-edition\/#primaryimage"},"image":{"@id":"https:\/\/news.canadamotorjobs.com\/fr\/bmw-m340i-50-jahre-edition\/#primaryimage"},"thumbnailUrl":"https:\/\/news.canadamotorjobs.com\/wp-content\/uploads\/2026\/05\/P90623642_highRes_2026-bmw-m340i-xdriv.jpg","datePublished":"2026-05-01T10:59:41+00:00","dateModified":"2026-05-01T11:05:25+00:00","description":"BMW M340i 50 Jahre Edition - Benoit Charette - Annuel automobile - CanadaMotorJobs.com.","breadcrumb":{"@id":"https:\/\/news.canadamotorjobs.com\/fr\/bmw-m340i-50-jahre-edition\/#breadcrumb"},"inLanguage":"fr-CA","potentialAction":[{"@type":"ReadAction","target":["https:\/\/news.canadamotorjobs.com\/fr\/bmw-m340i-50-jahre-edition\/"]}]},{"@type":"ImageObject","inLanguage":"fr-CA","@id":"https:\/\/news.canadamotorjobs.com\/fr\/bmw-m340i-50-jahre-edition\/#primaryimage","url":"https:\/\/news.canadamotorjobs.com\/wp-content\/uploads\/2026\/05\/P90623642_highRes_2026-bmw-m340i-xdriv.jpg","contentUrl":"https:\/\/news.canadamotorjobs.com\/wp-content\/uploads\/2026\/05\/P90623642_highRes_2026-bmw-m340i-xdriv.jpg","width":1200,"height":675},{"@type":"BreadcrumbList","@id":"https:\/\/news.canadamotorjobs.com\/fr\/bmw-m340i-50-jahre-edition\/#breadcrumb","itemListElement":[{"@type":"ListItem","position":1,"name":"Home","item":"https:\/\/news.canadamotorjobs.com\/fr\/blog\/"},{"@type":"ListItem","position":2,"name":"BMW M340i 50 Jahre Edition"}]},{"@type":"WebSite","@id":"https:\/\/news.canadamotorjobs.com\/#website","url":"https:\/\/news.canadamotorjobs.com\/","name":"CanadaMotorJobs.com","description":"Automotive Jobs","publisher":{"@id":"https:\/\/news.canadamotorjobs.com\/#organization"},"potentialAction":[{"@type":"SearchAction","target":{"@type":"EntryPoint","urlTemplate":"https:\/\/news.canadamotorjobs.com\/?s={search_term_string}"},"query-input":"required name=search_term_string"}],"inLanguage":"fr-CA"},{"@type":"Organization","@id":"https:\/\/news.canadamotorjobs.com\/#organization","name":"Canada Motor Jobs","url":"https:\/\/news.canadamotorjobs.com\/","logo":{"@type":"ImageObject","inLanguage":"fr-CA","@id":"https:\/\/news.canadamotorjobs.com\/#\/schema\/logo\/image\/","url":"https:\/\/news.canadamotorjobs.com\/wp-content\/uploads\/2022\/10\/logo-canada-motor-jobs-1.png","contentUrl":"https:\/\/news.canadamotorjobs.com\/wp-content\/uploads\/2022\/10\/logo-canada-motor-jobs-1.png","width":800,"height":400,"caption":"Canada Motor Jobs"},"image":{"@id":"https:\/\/news.canadamotorjobs.com\/#\/schema\/logo\/image\/"},"sameAs":["https:\/\/www.facebook.com\/canadamotorjobs\/","https:\/\/x.com\/canadamotorjobs","https:\/\/www.instagram.com\/canadamotorjobs\/","https:\/\/www.linkedin.com\/company\/canadamotorjobs"]},{"@type":"Person","@id":"https:\/\/news.canadamotorjobs.com\/#\/schema\/person\/51793d1f87d44011d7bcc2ed99269a90","name":"Benoit Charette","image":{"@type":"ImageObject","inLanguage":"fr-CA","@id":"https:\/\/news.canadamotorjobs.com\/#\/schema\/person\/image\/","url":"https:\/\/secure.gravatar.com\/avatar\/45f3d2eebcccd909668d7ce7ea7267b6?s=96&d=mm&r=g","contentUrl":"https:\/\/secure.gravatar.com\/avatar\/45f3d2eebcccd909668d7ce7ea7267b6?s=96&d=mm&r=g","caption":"Benoit Charette"},"description":"Benoit Charette \/ Propri\u00e9taire et r\u00e9dacteur en chef Benoit Charette pratique le journalisme automobile depuis bient\u00f4t 30 ans. Il a fait ses classes au c\u00f4t\u00e9 de Daniel H\u00e9raud et au Carnet de route de 1992 \u00e0 2001. Il est fondateur, copropri\u00e9taire et r\u00e9dacteur en chef de L\u2019Annuel de l\u2019automobile, qu\u2019il publie depuis 2001. Il a anim\u00e9 les \u00e9missions RPM et RPM+ sur V et les L\u00e9gendes de la route sur Historia. \u00c0 la radio depuis 1986, il reprend l\u2019antenne cette ann\u00e9e sur les ondes de Cogeco et participe pour la deuxi\u00e8me ann\u00e9e \u00e0 l\u2019\u00e9mission Passion Auto sur RDS en plus de mettre en ligne le site Web officiel de L\u2019Annuel de l\u2019automobile sur annuelauto.ca.","sameAs":["https:\/\/annuelauto.ca\/"],"url":"https:\/\/news.canadamotorjobs.com\/fr\/author\/benoit-charette\/"}]}},"_links":{"self":[{"href":"https:\/\/news.canadamotorjobs.com\/fr\/wp-json\/wp\/v2\/posts\/240917"}],"collection":[{"href":"https:\/\/news.canadamotorjobs.com\/fr\/wp-json\/wp\/v2\/posts"}],"about":[{"href":"https:\/\/news.canadamotorjobs.com\/fr\/wp-json\/wp\/v2\/types\/post"}],"author":[{"embeddable":true,"href":"https:\/\/news.canadamotorjobs.com\/fr\/wp-json\/wp\/v2\/users\/8"}],"replies":[{"embeddable":true,"href":"https:\/\/news.canadamotorjobs.com\/fr\/wp-json\/wp\/v2\/comments?post=240917"}],"version-history":[{"count":2,"href":"https:\/\/news.canadamotorjobs.com\/fr\/wp-json\/wp\/v2\/posts\/240917\/revisions"}],"predecessor-version":[{"id":240921,"href":"https:\/\/news.canadamotorjobs.com\/fr\/wp-json\/wp\/v2\/posts\/240917\/revisions\/240921"}],"wp:featuredmedia":[{"embeddable":true,"href":"https:\/\/news.canadamotorjobs.com\/fr\/wp-json\/wp\/v2\/media\/240919"}],"wp:attachment":[{"href":"https:\/\/news.canadamotorjobs.com\/fr\/wp-json\/wp\/v2\/media?parent=240917"}],"wp:term":[{"taxonomy":"category","embeddable":true,"href":"https:\/\/news.canadamotorjobs.com\/fr\/wp-json\/wp\/v2\/categories?post=240917"},{"taxonomy":"post_tag","embeddable":true,"href":"https:\/\/news.canadamotorjobs.com\/fr\/wp-json\/wp\/v2\/tags?post=240917"}],"curies":[{"name":"wp","href":"https:\/\/api.w.org\/{rel}","templated":true}]}}