{"id":240898,"date":"2026-05-01T06:40:30","date_gmt":"2026-05-01T10:40:30","guid":{"rendered":"https:\/\/news.canadamotorjobs.com\/?p=240898"},"modified":"2026-05-01T06:49:57","modified_gmt":"2026-05-01T10:49:57","slug":"la-guerre-en-iran-aide-les-ve-chinois","status":"publish","type":"post","link":"https:\/\/news.canadamotorjobs.com\/fr\/la-guerre-en-iran-aide-les-ve-chinois\/","title":{"rendered":"La guerre en Iran aide\u2026 les V\u00c9 chinois"},"content":{"rendered":"<\/p>\n<p>Le conflit en Iran a fait exploser le prix du baril de p\u00e9trole. L\u2019Europe a d\u00e9cid\u00e9 que c\u2019\u00e9tait assez, et veut s\u2019\u00e9lectrifier. Ce sont les constructeurs chinois qui vont en profiter\u2026<\/p>\n<p>Le Vieux Continent d\u00e9pend historiquement des importations \u00e9trang\u00e8res de p\u00e9trole.<\/p>\n<p>L\u00e0-bas, la transition vers la voiture \u00e9lectrique devient une urgence de s\u00e9curit\u00e9 nationale. Les politiciens europ\u00e9ens veulent couper les ponts avec le p\u00e9trole instable et acc\u00e9l\u00e8rent les politiques pour verdir les transports.<\/p>\n<p>Ce n\u2019est pas seulement politique ni \u00e9conomique. L\u2019Europe persiste dans son plan de r\u00e9duire les \u00e9missions de gaz polluants caus\u00e9es par le transport. Le plafond des \u00e9missions est calcul\u00e9 par constructeur, et ceux qui ne d\u00e9passent le plafond vont payer des amendes sal\u00e9es. Et ce plafond, il va descendre assez brusquement en 2027.<\/p>\n<p>C\u2019est une occasion en or pour les constructeurs automobiles chinois qui attendaient exactement ce moment. Des entreprises comme BYD ou Geely poss\u00e8dent une longueur d&#8217;avance qui leur permet de produire des v\u00e9hicules \u00e9lectriques \u00e0 des prix imbattables. BYD est de loin le constructeur qui se conforme le mieux aux plafonds d\u2019\u00e9mission europ\u00e9ens.<\/p>\n<p>Et l&#8217;Europe a besoin de ces voitures abordables pour r\u00e9ussir sa transition. Les mod\u00e8les chinois inonderont d\u00e9j\u00e0 les routes de Paris et de Berlin, et le prix des carburants qui grimpe agit comme un acc\u00e9l\u00e9rant sur cette tendance.<\/p>\n<p>Aux \u00c9tats-Unis, on le sait, Trump veut rel\u00e9guer la voiture \u00e9lectrique aux oubliettes. Drill, baby, drill, c\u2019est la politique \u00e9trang\u00e8re du pr\u00e9sident am\u00e9ricain. Le Canada est donc coinc\u00e9 entre ses deux partenaires, mais on a l\u2019impression que ce qui se produit en Europe ces jours-ci risque de se reproduire chez nous dans les prochaines ann\u00e9es \u00e9galement.<\/p>\n<p>Le texte <a href=\"https:\/\/annuelauto.ca\/la-guerre-en-iran-aide-les-ve-chinois\/\">La guerre en Iran aide\u2026 les V\u00c9 chinois<\/a> provient de <a href=\"https:\/\/annuelauto.ca\">L&#8217;annuel de l&#8217;automobile &#8211; Actualit\u00e9 automobile<\/a><\/p>\n<p><\/p>\n","protected":false},"excerpt":{"rendered":"<p>Le conflit en Iran a fait exploser le prix du baril de p\u00e9trole. L\u2019Europe a d\u00e9cid\u00e9 que c\u2019\u00e9tait assez, et veut s\u2019\u00e9lectrifier. Ce sont les constructeurs chinois qui vont en profiter\u2026 Le Vieux Continent d\u00e9pend historiquement des importations \u00e9trang\u00e8res de p\u00e9trole. L\u00e0-bas, la transition vers la voiture \u00e9lectrique devient une urgence de s\u00e9curit\u00e9 nationale. Les [&hellip;]<\/p>\n","protected":false},"author":8,"featured_media":240900,"comment_status":"close","ping_status":"closed","sticky":false,"template":"","format":"standard","meta":{"_monsterinsights_skip_tracking":false,"_monsterinsights_sitenote_active":false,"_monsterinsights_sitenote_note":"","_monsterinsights_sitenote_category":0,"footnotes":""},"categories":[101],"tags":[],"yoast_head":"<!-- This site is optimized with the Yoast SEO plugin v23.2 - https:\/\/yoast.com\/wordpress\/plugins\/seo\/ -->\n<title>La guerre en Iran aide\u2026 les V\u00c9 chinois - CanadaMotorJobs.com<\/title>\n<meta name=\"description\" content=\"La guerre en Iran aide\u2026 les V\u00c9 chinois - Benoit Charette - Annuel automobile - CanadaMotorJobs.com.\" \/>\n<meta name=\"robots\" content=\"index, follow, max-snippet:-1, max-image-preview:large, max-video-preview:-1\" \/>\n<meta property=\"og:locale\" content=\"fr_CA\" \/>\n<meta property=\"og:type\" content=\"article\" \/>\n<meta property=\"og:title\" content=\"La guerre en Iran aide\u2026 les V\u00c9 chinois - CanadaMotorJobs.com\" \/>\n<meta property=\"og:description\" content=\"La guerre en Iran aide\u2026 les V\u00c9 chinois - Benoit Charette - Annuel automobile - CanadaMotorJobs.com.\" \/>\n<meta property=\"og:url\" content=\"https:\/\/news.canadamotorjobs.com\/fr\/la-guerre-en-iran-aide-les-ve-chinois\/\" \/>\n<meta property=\"og:site_name\" content=\"CanadaMotorJobs.com\" \/>\n<meta property=\"article:publisher\" content=\"https:\/\/www.facebook.com\/canadamotorjobs\/\" \/>\n<meta property=\"article:published_time\" content=\"2026-05-01T10:40:30+00:00\" \/>\n<meta property=\"article:modified_time\" content=\"2026-05-01T10:49:57+00:00\" \/>\n<meta property=\"og:image\" content=\"https:\/\/news.canadamotorjobs.com\/wp-content\/uploads\/2026\/05\/BYD-Qin-L-2024-1.jpg\" \/>\n\t<meta property=\"og:image:width\" content=\"1024\" \/>\n\t<meta property=\"og:image:height\" content=\"683\" \/>\n\t<meta property=\"og:image:type\" content=\"image\/jpeg\" \/>\n<meta name=\"author\" content=\"Benoit Charette\" \/>\n<meta name=\"twitter:card\" content=\"summary_large_image\" \/>\n<meta name=\"twitter:creator\" content=\"@canadamotorjobs\" \/>\n<meta name=\"twitter:site\" content=\"@canadamotorjobs\" \/>\n<meta name=\"twitter:label1\" content=\"\u00c9crit par\" \/>\n\t<meta name=\"twitter:data1\" content=\"Benoit Charette\" \/>\n\t<meta name=\"twitter:label2\" content=\"Estimation du temps de lecture\" \/>\n\t<meta name=\"twitter:data2\" content=\"2 minutes\" \/>\n<!-- \/ Yoast SEO plugin. -->","yoast_head_json":{"title":"La guerre en Iran aide\u2026 les V\u00c9 chinois - CanadaMotorJobs.com","description":"La guerre en Iran aide\u2026 les V\u00c9 chinois - Benoit Charette - Annuel automobile - CanadaMotorJobs.com.","robots":{"index":"index","follow":"follow","max-snippet":"max-snippet:-1","max-image-preview":"max-image-preview:large","max-video-preview":"max-video-preview:-1"},"og_locale":"fr_CA","og_type":"article","og_title":"La guerre en Iran aide\u2026 les V\u00c9 chinois - CanadaMotorJobs.com","og_description":"La guerre en Iran aide\u2026 les V\u00c9 chinois - Benoit Charette - Annuel automobile - CanadaMotorJobs.com.","og_url":"https:\/\/news.canadamotorjobs.com\/fr\/la-guerre-en-iran-aide-les-ve-chinois\/","og_site_name":"CanadaMotorJobs.com","article_publisher":"https:\/\/www.facebook.com\/canadamotorjobs\/","article_published_time":"2026-05-01T10:40:30+00:00","article_modified_time":"2026-05-01T10:49:57+00:00","og_image":[{"width":1024,"height":683,"url":"https:\/\/news.canadamotorjobs.com\/wp-content\/uploads\/2026\/05\/BYD-Qin-L-2024-1.jpg","type":"image\/jpeg"}],"author":"Benoit Charette","twitter_card":"summary_large_image","twitter_creator":"@canadamotorjobs","twitter_site":"@canadamotorjobs","twitter_misc":{"\u00c9crit par":"Benoit Charette","Estimation du temps de lecture":"2 minutes"},"schema":{"@context":"https:\/\/schema.org","@graph":[{"@type":"Article","@id":"https:\/\/news.canadamotorjobs.com\/fr\/la-guerre-en-iran-aide-les-ve-chinois\/#article","isPartOf":{"@id":"https:\/\/news.canadamotorjobs.com\/fr\/la-guerre-en-iran-aide-les-ve-chinois\/"},"author":{"name":"Benoit Charette","@id":"https:\/\/news.canadamotorjobs.com\/#\/schema\/person\/51793d1f87d44011d7bcc2ed99269a90"},"headline":"La guerre en Iran aide\u2026 les V\u00c9 chinois","datePublished":"2026-05-01T10:40:30+00:00","dateModified":"2026-05-01T10:49:57+00:00","mainEntityOfPage":{"@id":"https:\/\/news.canadamotorjobs.com\/fr\/la-guerre-en-iran-aide-les-ve-chinois\/"},"wordCount":337,"publisher":{"@id":"https:\/\/news.canadamotorjobs.com\/#organization"},"image":{"@id":"https:\/\/news.canadamotorjobs.com\/fr\/la-guerre-en-iran-aide-les-ve-chinois\/#primaryimage"},"thumbnailUrl":"https:\/\/news.canadamotorjobs.com\/wp-content\/uploads\/2026\/05\/BYD-Qin-L-2024-1.jpg","articleSection":["Annuel automobile"],"inLanguage":"fr-CA"},{"@type":"WebPage","@id":"https:\/\/news.canadamotorjobs.com\/fr\/la-guerre-en-iran-aide-les-ve-chinois\/","url":"https:\/\/news.canadamotorjobs.com\/fr\/la-guerre-en-iran-aide-les-ve-chinois\/","name":"La guerre en Iran aide\u2026 les V\u00c9 chinois - CanadaMotorJobs.com","isPartOf":{"@id":"https:\/\/news.canadamotorjobs.com\/#website"},"primaryImageOfPage":{"@id":"https:\/\/news.canadamotorjobs.com\/fr\/la-guerre-en-iran-aide-les-ve-chinois\/#primaryimage"},"image":{"@id":"https:\/\/news.canadamotorjobs.com\/fr\/la-guerre-en-iran-aide-les-ve-chinois\/#primaryimage"},"thumbnailUrl":"https:\/\/news.canadamotorjobs.com\/wp-content\/uploads\/2026\/05\/BYD-Qin-L-2024-1.jpg","datePublished":"2026-05-01T10:40:30+00:00","dateModified":"2026-05-01T10:49:57+00:00","description":"La guerre en Iran aide\u2026 les V\u00c9 chinois - Benoit Charette - Annuel automobile - CanadaMotorJobs.com.","breadcrumb":{"@id":"https:\/\/news.canadamotorjobs.com\/fr\/la-guerre-en-iran-aide-les-ve-chinois\/#breadcrumb"},"inLanguage":"fr-CA","potentialAction":[{"@type":"ReadAction","target":["https:\/\/news.canadamotorjobs.com\/fr\/la-guerre-en-iran-aide-les-ve-chinois\/"]}]},{"@type":"ImageObject","inLanguage":"fr-CA","@id":"https:\/\/news.canadamotorjobs.com\/fr\/la-guerre-en-iran-aide-les-ve-chinois\/#primaryimage","url":"https:\/\/news.canadamotorjobs.com\/wp-content\/uploads\/2026\/05\/BYD-Qin-L-2024-1.jpg","contentUrl":"https:\/\/news.canadamotorjobs.com\/wp-content\/uploads\/2026\/05\/BYD-Qin-L-2024-1.jpg","width":1024,"height":683},{"@type":"BreadcrumbList","@id":"https:\/\/news.canadamotorjobs.com\/fr\/la-guerre-en-iran-aide-les-ve-chinois\/#breadcrumb","itemListElement":[{"@type":"ListItem","position":1,"name":"Home","item":"https:\/\/news.canadamotorjobs.com\/fr\/blog\/"},{"@type":"ListItem","position":2,"name":"La guerre en Iran aide\u2026 les V\u00c9 chinois"}]},{"@type":"WebSite","@id":"https:\/\/news.canadamotorjobs.com\/#website","url":"https:\/\/news.canadamotorjobs.com\/","name":"CanadaMotorJobs.com","description":"Automotive Jobs","publisher":{"@id":"https:\/\/news.canadamotorjobs.com\/#organization"},"potentialAction":[{"@type":"SearchAction","target":{"@type":"EntryPoint","urlTemplate":"https:\/\/news.canadamotorjobs.com\/?s={search_term_string}"},"query-input":"required name=search_term_string"}],"inLanguage":"fr-CA"},{"@type":"Organization","@id":"https:\/\/news.canadamotorjobs.com\/#organization","name":"Canada Motor Jobs","url":"https:\/\/news.canadamotorjobs.com\/","logo":{"@type":"ImageObject","inLanguage":"fr-CA","@id":"https:\/\/news.canadamotorjobs.com\/#\/schema\/logo\/image\/","url":"https:\/\/news.canadamotorjobs.com\/wp-content\/uploads\/2022\/10\/logo-canada-motor-jobs-1.png","contentUrl":"https:\/\/news.canadamotorjobs.com\/wp-content\/uploads\/2022\/10\/logo-canada-motor-jobs-1.png","width":800,"height":400,"caption":"Canada Motor Jobs"},"image":{"@id":"https:\/\/news.canadamotorjobs.com\/#\/schema\/logo\/image\/"},"sameAs":["https:\/\/www.facebook.com\/canadamotorjobs\/","https:\/\/x.com\/canadamotorjobs","https:\/\/www.instagram.com\/canadamotorjobs\/","https:\/\/www.linkedin.com\/company\/canadamotorjobs"]},{"@type":"Person","@id":"https:\/\/news.canadamotorjobs.com\/#\/schema\/person\/51793d1f87d44011d7bcc2ed99269a90","name":"Benoit Charette","image":{"@type":"ImageObject","inLanguage":"fr-CA","@id":"https:\/\/news.canadamotorjobs.com\/#\/schema\/person\/image\/","url":"https:\/\/secure.gravatar.com\/avatar\/45f3d2eebcccd909668d7ce7ea7267b6?s=96&d=mm&r=g","contentUrl":"https:\/\/secure.gravatar.com\/avatar\/45f3d2eebcccd909668d7ce7ea7267b6?s=96&d=mm&r=g","caption":"Benoit Charette"},"description":"Benoit Charette \/ Propri\u00e9taire et r\u00e9dacteur en chef Benoit Charette pratique le journalisme automobile depuis bient\u00f4t 30 ans. Il a fait ses classes au c\u00f4t\u00e9 de Daniel H\u00e9raud et au Carnet de route de 1992 \u00e0 2001. Il est fondateur, copropri\u00e9taire et r\u00e9dacteur en chef de L\u2019Annuel de l\u2019automobile, qu\u2019il publie depuis 2001. Il a anim\u00e9 les \u00e9missions RPM et RPM+ sur V et les L\u00e9gendes de la route sur Historia. \u00c0 la radio depuis 1986, il reprend l\u2019antenne cette ann\u00e9e sur les ondes de Cogeco et participe pour la deuxi\u00e8me ann\u00e9e \u00e0 l\u2019\u00e9mission Passion Auto sur RDS en plus de mettre en ligne le site Web officiel de L\u2019Annuel de l\u2019automobile sur annuelauto.ca.","sameAs":["https:\/\/annuelauto.ca\/"],"url":"https:\/\/news.canadamotorjobs.com\/fr\/author\/benoit-charette\/"}]}},"_links":{"self":[{"href":"https:\/\/news.canadamotorjobs.com\/fr\/wp-json\/wp\/v2\/posts\/240898"}],"collection":[{"href":"https:\/\/news.canadamotorjobs.com\/fr\/wp-json\/wp\/v2\/posts"}],"about":[{"href":"https:\/\/news.canadamotorjobs.com\/fr\/wp-json\/wp\/v2\/types\/post"}],"author":[{"embeddable":true,"href":"https:\/\/news.canadamotorjobs.com\/fr\/wp-json\/wp\/v2\/users\/8"}],"replies":[{"embeddable":true,"href":"https:\/\/news.canadamotorjobs.com\/fr\/wp-json\/wp\/v2\/comments?post=240898"}],"version-history":[{"count":2,"href":"https:\/\/news.canadamotorjobs.com\/fr\/wp-json\/wp\/v2\/posts\/240898\/revisions"}],"predecessor-version":[{"id":240902,"href":"https:\/\/news.canadamotorjobs.com\/fr\/wp-json\/wp\/v2\/posts\/240898\/revisions\/240902"}],"wp:featuredmedia":[{"embeddable":true,"href":"https:\/\/news.canadamotorjobs.com\/fr\/wp-json\/wp\/v2\/media\/240900"}],"wp:attachment":[{"href":"https:\/\/news.canadamotorjobs.com\/fr\/wp-json\/wp\/v2\/media?parent=240898"}],"wp:term":[{"taxonomy":"category","embeddable":true,"href":"https:\/\/news.canadamotorjobs.com\/fr\/wp-json\/wp\/v2\/categories?post=240898"},{"taxonomy":"post_tag","embeddable":true,"href":"https:\/\/news.canadamotorjobs.com\/fr\/wp-json\/wp\/v2\/tags?post=240898"}],"curies":[{"name":"wp","href":"https:\/\/api.w.org\/{rel}","templated":true}]}}