{"id":240815,"date":"2026-04-30T06:51:06","date_gmt":"2026-04-30T10:51:06","guid":{"rendered":"https:\/\/news.canadamotorjobs.com\/?p=240815"},"modified":"2026-04-30T07:05:13","modified_gmt":"2026-04-30T11:05:13","slug":"le-nouveau-v8-de-gm-sera-fabrique-au-canada","status":"publish","type":"post","link":"https:\/\/news.canadamotorjobs.com\/fr\/le-nouveau-v8-de-gm-sera-fabrique-au-canada\/","title":{"rendered":"Le nouveau V8 de GM sera fabriqu\u00e9 au Canada"},"content":{"rendered":"<\/p>\n<p data-start=\"625\" data-end=\"978\">Dans un contexte o\u00f9 l\u2019\u00e9lectrification domine les discours, <strong data-start=\"684\" data-end=\"725\"><span class=\"hover:entity-accent entity-underline inline cursor-pointer align-baseline\"><span class=\"whitespace-normal\">General Motors<\/span><\/span><\/strong> choisit de rappeler que le V8 n\u2019a pas dit son dernier mot. Le 29 avril, le constructeur a confirm\u00e9 un investissement majeur de 691 millions de dollars \u00e0 son usine de St. Catharines, en Ontario, pour produire une toute nouvelle g\u00e9n\u00e9ration de moteurs V8. Un choix loin d\u2019\u00eatre nostalgique. Il s\u2019agit plut\u00f4t d\u2019un geste calcul\u00e9 visant \u00e0 consolider sa pr\u00e9sence dans l\u2019un des segments les plus lucratifs de l\u2019industrie : les camionnettes pleine grandeur et les VUS.<\/p>\n<h3 data-section-id=\"6b1h8w\" data-start=\"1192\" data-end=\"1246\">St. Catharines : une pi\u00e8ce ma\u00eetresse du puzzle GM<\/h3>\n<p><\/p>\n<p data-start=\"1247\" data-end=\"1452\">L\u2019usine ontarienne ne se contente pas de survivre \u2014 elle devient centrale. Avec cette annonce, GM confirme que St. Catharines jouera un r\u00f4le strat\u00e9gique dans ses programmes moteurs pour les ann\u00e9es \u00e0 venir. Le pr\u00e9sident de GM Canada, <span class=\"hover:entity-accent entity-underline inline cursor-pointer align-baseline\"><span class=\"whitespace-normal\">Jack Uppal<\/span><\/span>, insiste d\u2019ailleurs sur la confiance accord\u00e9e \u00e0 la main-d\u2019\u0153uvre locale et \u00e0 un h\u00e9ritage industriel de 74 ans. Un message clair : malgr\u00e9 les turbulences, le Canada reste dans le plan.<\/p>\n<h3 data-section-id=\"1khlbhq\" data-start=\"1708\" data-end=\"1757\">Une nouvelle g\u00e9n\u00e9ration de V8 en pr\u00e9paration<\/h3>\n<p><\/p>\n<p data-start=\"1758\" data-end=\"1970\">Ces moteurs de sixi\u00e8me g\u00e9n\u00e9ration seront destin\u00e9s aux mod\u00e8les les plus rentables de GM en Am\u00e9rique du Nord. On parle ici des piliers comme les camionnettes et VUS pleine grandeur, mais aussi de mod\u00e8les iconiques. Parmi les rumeurs les plus cr\u00e9dibles : un nouveau V8 de 6,7 litres pourrait se retrouver sous le capot de la future <span class=\"hover:entity-accent entity-underline inline cursor-pointer align-baseline\"><span class=\"whitespace-normal\">Chevrolet Corvette Grand Sport<\/span><\/span>. Une cylindr\u00e9e en hausse qui va \u00e0 contre-courant des tendances downsizing, mais qui correspond parfaitement aux attentes du march\u00e9 nord-am\u00e9ricain. GM promet \u00e9galement des gains en performance gr\u00e2ce \u00e0 des avanc\u00e9es en combustion et en gestion thermique. Traduction : plus de puissance, mais aussi une meilleure efficacit\u00e9 \u2014 un \u00e9quilibre crucial aujourd\u2019hui.<\/p>\n<h3 data-section-id=\"krfb8b\" data-start=\"2489\" data-end=\"2535\">Une production r\u00e9partie entre trois sites<\/h3>\n<p><\/p>\n<p data-start=\"2536\" data-end=\"2659\">St. Catharines ne sera pas seule dans cette aventure. Deux autres usines participeront \u00e0 la production de ces nouveaux V8, celle de Tonawanda, New York et Flint, Michigan. Une strat\u00e9gie classique chez GM : r\u00e9partir les risques tout en optimisant les capacit\u00e9s industrielles.<\/p>\n<h3 data-section-id=\"j5bzz5\" data-start=\"2815\" data-end=\"2865\">Entre investissements et r\u00e9alit\u00e9s \u00e9conomiques<\/h3>\n<p><\/p>\n<p data-start=\"2866\" data-end=\"3076\">Cet investissement arrive toutefois dans un climat tendu. Les tarifs impos\u00e9s par les \u00c9tats-Unis sur les v\u00e9hicules produits au Canada soul\u00e8vent des inqui\u00e9tudes pour l\u2019avenir de l\u2019industrie automobile canadienne. Paradoxalement, GM continue d\u2019injecter des sommes importantes au pays :<\/p>\n<ul data-start=\"3151\" data-end=\"3312\"><\/p>\n<li data-section-id=\"1f8rud7\" data-start=\"3151\" data-end=\"3212\">343 M$ pour l\u2019usine d\u2019Oshawa (production de camionnettes)<\/li>\n<p><\/p>\n<li data-section-id=\"yv92pd\" data-start=\"3213\" data-end=\"3261\">828 M$ investis \u00e0 St. Catharines depuis 2020<\/li>\n<p><\/p>\n<li data-section-id=\"r88pj1\" data-start=\"3262\" data-end=\"3312\">3,3 milliards $ au total au Canada depuis 2020<\/li>\n<p>\n<\/ul>\n<p><\/p>\n<p data-start=\"3314\" data-end=\"3480\">Mais tout n\u2019est pas rose. L\u2019usine d\u2019Oshawa a r\u00e9cemment r\u00e9duit ses op\u00e9rations, entra\u00eenant la perte de 500 emplois apr\u00e8s un transfert de production vers les \u00c9tats-Unis.<\/p>\n<h3 data-section-id=\"pavmj6\" data-start=\"3487\" data-end=\"3538\">L\u2019\u00e9lectrique en pause, le thermique en renfort<\/h3>\n<p><\/p>\n<p data-start=\"3539\" data-end=\"3749\">Pendant que le V8 se pr\u00e9pare \u00e0 une nouvelle vie, certains projets \u00e9lectriques stagnent. L\u2019usine CAMI d\u2019Ingersoll est \u00e0 l\u2019arr\u00eat depuis octobre, apr\u00e8s l\u2019abandon du fourgon \u00e9lectrique BrightDrop, faute de demande. Un rappel brutal d\u2019une r\u00e9alit\u00e9 que plusieurs constructeurs red\u00e9couvrent : la transition \u00e9lectrique sera plus longue \u2014 et plus complexe \u2014 que pr\u00e9vu.<\/p>\n<h2 data-section-id=\"1x58bkr\" data-start=\"3905\" data-end=\"3926\">Conclusion<\/h2>\n<p><\/p>\n<p data-start=\"3927\" data-end=\"4202\">Ce retour en force du V8 n\u2019est pas un recul, mais un ajustement strat\u00e9gique. GM comprend mieux que quiconque que les marges se font encore sur les camionnettes et les gros VUS. Tant que la demande sera l\u00e0 \u2014 particuli\u00e8rement en Am\u00e9rique du Nord \u2014 le V8 restera incontournable. L\u2019ajout probable d\u2019un 6,7 litres dans une Corvette montre aussi une volont\u00e9 de pr\u00e9server l\u2019ADN \u00e9motionnel de la marque, tout en modernisant la technologie. En clair, GM joue sur deux tableaux : \u00e9lectrification \u00e0 long terme, thermique optimis\u00e9 \u00e0 court et moyen terme. Et pour l\u2019instant, ce pari est loin d\u2019\u00eatre irrationnel.<\/p>\n<p><\/p>\n<p data-start=\"3927\" data-end=\"4202\">Avec des renseignements d&#8217;Automotive News<\/p>\n<p>Le texte <a href=\"https:\/\/annuelauto.ca\/le-nouveau-v8-de-gm-sera-fabrique-au-canada\/\">Le nouveau V8 de GM sera fabriqu\u00e9 au Canada<\/a> provient de <a href=\"https:\/\/annuelauto.ca\">L&#8217;annuel de l&#8217;automobile &#8211; Actualit\u00e9 automobile<\/a><\/p>\n<p><\/p>\n","protected":false},"excerpt":{"rendered":"<p>Dans un contexte o\u00f9 l\u2019\u00e9lectrification domine les discours, General Motors choisit de rappeler que le V8 n\u2019a pas dit son dernier mot. Le 29 avril, le constructeur a confirm\u00e9 un investissement majeur de 691 millions de dollars \u00e0 son usine de St. Catharines, en Ontario, pour produire une toute nouvelle g\u00e9n\u00e9ration de moteurs V8. Un [&hellip;]<\/p>\n","protected":false},"author":8,"featured_media":240817,"comment_status":"close","ping_status":"closed","sticky":false,"template":"","format":"standard","meta":{"_monsterinsights_skip_tracking":false,"_monsterinsights_sitenote_active":false,"_monsterinsights_sitenote_note":"","_monsterinsights_sitenote_category":0,"footnotes":""},"categories":[101],"tags":[],"yoast_head":"<!-- This site is optimized with the Yoast SEO plugin v23.2 - https:\/\/yoast.com\/wordpress\/plugins\/seo\/ -->\n<title>Le nouveau V8 de GM sera fabriqu\u00e9 au Canada - CanadaMotorJobs.com<\/title>\n<meta name=\"description\" content=\"Le nouveau V8 de GM sera fabriqu\u00e9 au Canada - Benoit Charette - Annuel automobile - CanadaMotorJobs.com.\" \/>\n<meta name=\"robots\" content=\"index, follow, max-snippet:-1, max-image-preview:large, max-video-preview:-1\" \/>\n<meta property=\"og:locale\" content=\"fr_CA\" \/>\n<meta property=\"og:type\" content=\"article\" \/>\n<meta property=\"og:title\" content=\"Le nouveau V8 de GM sera fabriqu\u00e9 au Canada - CanadaMotorJobs.com\" \/>\n<meta property=\"og:description\" content=\"Le nouveau V8 de GM sera fabriqu\u00e9 au Canada - Benoit Charette - Annuel automobile - CanadaMotorJobs.com.\" \/>\n<meta property=\"og:url\" content=\"https:\/\/news.canadamotorjobs.com\/fr\/le-nouveau-v8-de-gm-sera-fabrique-au-canada\/\" \/>\n<meta property=\"og:site_name\" content=\"CanadaMotorJobs.com\" \/>\n<meta property=\"article:publisher\" content=\"https:\/\/www.facebook.com\/canadamotorjobs\/\" \/>\n<meta property=\"article:published_time\" content=\"2026-04-30T10:51:06+00:00\" \/>\n<meta property=\"article:modified_time\" content=\"2026-04-30T11:05:13+00:00\" \/>\n<meta property=\"og:image\" content=\"https:\/\/news.canadamotorjobs.com\/wp-content\/uploads\/2026\/04\/SRG7RO4C4RGT3LWRACO7YFXTAU-scaled-1.jpg\" \/>\n\t<meta property=\"og:image:width\" content=\"2560\" \/>\n\t<meta property=\"og:image:height\" content=\"1579\" \/>\n\t<meta property=\"og:image:type\" content=\"image\/jpeg\" \/>\n<meta name=\"author\" content=\"Benoit Charette\" \/>\n<meta name=\"twitter:card\" content=\"summary_large_image\" \/>\n<meta name=\"twitter:creator\" content=\"@canadamotorjobs\" \/>\n<meta name=\"twitter:site\" content=\"@canadamotorjobs\" \/>\n<meta name=\"twitter:label1\" content=\"\u00c9crit par\" \/>\n\t<meta name=\"twitter:data1\" content=\"Benoit Charette\" \/>\n\t<meta name=\"twitter:label2\" content=\"Estimation du temps de lecture\" \/>\n\t<meta name=\"twitter:data2\" content=\"3 minutes\" \/>\n<!-- \/ Yoast SEO plugin. -->","yoast_head_json":{"title":"Le nouveau V8 de GM sera fabriqu\u00e9 au Canada - CanadaMotorJobs.com","description":"Le nouveau V8 de GM sera fabriqu\u00e9 au Canada - Benoit Charette - Annuel automobile - CanadaMotorJobs.com.","robots":{"index":"index","follow":"follow","max-snippet":"max-snippet:-1","max-image-preview":"max-image-preview:large","max-video-preview":"max-video-preview:-1"},"og_locale":"fr_CA","og_type":"article","og_title":"Le nouveau V8 de GM sera fabriqu\u00e9 au Canada - CanadaMotorJobs.com","og_description":"Le nouveau V8 de GM sera fabriqu\u00e9 au Canada - Benoit Charette - Annuel automobile - CanadaMotorJobs.com.","og_url":"https:\/\/news.canadamotorjobs.com\/fr\/le-nouveau-v8-de-gm-sera-fabrique-au-canada\/","og_site_name":"CanadaMotorJobs.com","article_publisher":"https:\/\/www.facebook.com\/canadamotorjobs\/","article_published_time":"2026-04-30T10:51:06+00:00","article_modified_time":"2026-04-30T11:05:13+00:00","og_image":[{"width":2560,"height":1579,"url":"https:\/\/news.canadamotorjobs.com\/wp-content\/uploads\/2026\/04\/SRG7RO4C4RGT3LWRACO7YFXTAU-scaled-1.jpg","type":"image\/jpeg"}],"author":"Benoit Charette","twitter_card":"summary_large_image","twitter_creator":"@canadamotorjobs","twitter_site":"@canadamotorjobs","twitter_misc":{"\u00c9crit par":"Benoit Charette","Estimation du temps de lecture":"3 minutes"},"schema":{"@context":"https:\/\/schema.org","@graph":[{"@type":"Article","@id":"https:\/\/news.canadamotorjobs.com\/fr\/le-nouveau-v8-de-gm-sera-fabrique-au-canada\/#article","isPartOf":{"@id":"https:\/\/news.canadamotorjobs.com\/fr\/le-nouveau-v8-de-gm-sera-fabrique-au-canada\/"},"author":{"name":"Benoit Charette","@id":"https:\/\/news.canadamotorjobs.com\/#\/schema\/person\/51793d1f87d44011d7bcc2ed99269a90"},"headline":"Le nouveau V8 de GM sera fabriqu\u00e9 au Canada","datePublished":"2026-04-30T10:51:06+00:00","dateModified":"2026-04-30T11:05:13+00:00","mainEntityOfPage":{"@id":"https:\/\/news.canadamotorjobs.com\/fr\/le-nouveau-v8-de-gm-sera-fabrique-au-canada\/"},"wordCount":673,"publisher":{"@id":"https:\/\/news.canadamotorjobs.com\/#organization"},"image":{"@id":"https:\/\/news.canadamotorjobs.com\/fr\/le-nouveau-v8-de-gm-sera-fabrique-au-canada\/#primaryimage"},"thumbnailUrl":"https:\/\/news.canadamotorjobs.com\/wp-content\/uploads\/2026\/04\/SRG7RO4C4RGT3LWRACO7YFXTAU-scaled-1.jpg","articleSection":["Annuel automobile"],"inLanguage":"fr-CA"},{"@type":"WebPage","@id":"https:\/\/news.canadamotorjobs.com\/fr\/le-nouveau-v8-de-gm-sera-fabrique-au-canada\/","url":"https:\/\/news.canadamotorjobs.com\/fr\/le-nouveau-v8-de-gm-sera-fabrique-au-canada\/","name":"Le nouveau V8 de GM sera fabriqu\u00e9 au Canada - CanadaMotorJobs.com","isPartOf":{"@id":"https:\/\/news.canadamotorjobs.com\/#website"},"primaryImageOfPage":{"@id":"https:\/\/news.canadamotorjobs.com\/fr\/le-nouveau-v8-de-gm-sera-fabrique-au-canada\/#primaryimage"},"image":{"@id":"https:\/\/news.canadamotorjobs.com\/fr\/le-nouveau-v8-de-gm-sera-fabrique-au-canada\/#primaryimage"},"thumbnailUrl":"https:\/\/news.canadamotorjobs.com\/wp-content\/uploads\/2026\/04\/SRG7RO4C4RGT3LWRACO7YFXTAU-scaled-1.jpg","datePublished":"2026-04-30T10:51:06+00:00","dateModified":"2026-04-30T11:05:13+00:00","description":"Le nouveau V8 de GM sera fabriqu\u00e9 au Canada - Benoit Charette - Annuel automobile - CanadaMotorJobs.com.","breadcrumb":{"@id":"https:\/\/news.canadamotorjobs.com\/fr\/le-nouveau-v8-de-gm-sera-fabrique-au-canada\/#breadcrumb"},"inLanguage":"fr-CA","potentialAction":[{"@type":"ReadAction","target":["https:\/\/news.canadamotorjobs.com\/fr\/le-nouveau-v8-de-gm-sera-fabrique-au-canada\/"]}]},{"@type":"ImageObject","inLanguage":"fr-CA","@id":"https:\/\/news.canadamotorjobs.com\/fr\/le-nouveau-v8-de-gm-sera-fabrique-au-canada\/#primaryimage","url":"https:\/\/news.canadamotorjobs.com\/wp-content\/uploads\/2026\/04\/SRG7RO4C4RGT3LWRACO7YFXTAU-scaled-1.jpg","contentUrl":"https:\/\/news.canadamotorjobs.com\/wp-content\/uploads\/2026\/04\/SRG7RO4C4RGT3LWRACO7YFXTAU-scaled-1.jpg","width":2560,"height":1579},{"@type":"BreadcrumbList","@id":"https:\/\/news.canadamotorjobs.com\/fr\/le-nouveau-v8-de-gm-sera-fabrique-au-canada\/#breadcrumb","itemListElement":[{"@type":"ListItem","position":1,"name":"Home","item":"https:\/\/news.canadamotorjobs.com\/fr\/blog\/"},{"@type":"ListItem","position":2,"name":"Le nouveau V8 de GM sera fabriqu\u00e9 au Canada"}]},{"@type":"WebSite","@id":"https:\/\/news.canadamotorjobs.com\/#website","url":"https:\/\/news.canadamotorjobs.com\/","name":"CanadaMotorJobs.com","description":"Automotive Jobs","publisher":{"@id":"https:\/\/news.canadamotorjobs.com\/#organization"},"potentialAction":[{"@type":"SearchAction","target":{"@type":"EntryPoint","urlTemplate":"https:\/\/news.canadamotorjobs.com\/?s={search_term_string}"},"query-input":"required name=search_term_string"}],"inLanguage":"fr-CA"},{"@type":"Organization","@id":"https:\/\/news.canadamotorjobs.com\/#organization","name":"Canada Motor Jobs","url":"https:\/\/news.canadamotorjobs.com\/","logo":{"@type":"ImageObject","inLanguage":"fr-CA","@id":"https:\/\/news.canadamotorjobs.com\/#\/schema\/logo\/image\/","url":"https:\/\/news.canadamotorjobs.com\/wp-content\/uploads\/2022\/10\/logo-canada-motor-jobs-1.png","contentUrl":"https:\/\/news.canadamotorjobs.com\/wp-content\/uploads\/2022\/10\/logo-canada-motor-jobs-1.png","width":800,"height":400,"caption":"Canada Motor Jobs"},"image":{"@id":"https:\/\/news.canadamotorjobs.com\/#\/schema\/logo\/image\/"},"sameAs":["https:\/\/www.facebook.com\/canadamotorjobs\/","https:\/\/x.com\/canadamotorjobs","https:\/\/www.instagram.com\/canadamotorjobs\/","https:\/\/www.linkedin.com\/company\/canadamotorjobs"]},{"@type":"Person","@id":"https:\/\/news.canadamotorjobs.com\/#\/schema\/person\/51793d1f87d44011d7bcc2ed99269a90","name":"Benoit Charette","image":{"@type":"ImageObject","inLanguage":"fr-CA","@id":"https:\/\/news.canadamotorjobs.com\/#\/schema\/person\/image\/","url":"https:\/\/secure.gravatar.com\/avatar\/45f3d2eebcccd909668d7ce7ea7267b6?s=96&d=mm&r=g","contentUrl":"https:\/\/secure.gravatar.com\/avatar\/45f3d2eebcccd909668d7ce7ea7267b6?s=96&d=mm&r=g","caption":"Benoit Charette"},"description":"Benoit Charette \/ Propri\u00e9taire et r\u00e9dacteur en chef Benoit Charette pratique le journalisme automobile depuis bient\u00f4t 30 ans. Il a fait ses classes au c\u00f4t\u00e9 de Daniel H\u00e9raud et au Carnet de route de 1992 \u00e0 2001. Il est fondateur, copropri\u00e9taire et r\u00e9dacteur en chef de L\u2019Annuel de l\u2019automobile, qu\u2019il publie depuis 2001. Il a anim\u00e9 les \u00e9missions RPM et RPM+ sur V et les L\u00e9gendes de la route sur Historia. \u00c0 la radio depuis 1986, il reprend l\u2019antenne cette ann\u00e9e sur les ondes de Cogeco et participe pour la deuxi\u00e8me ann\u00e9e \u00e0 l\u2019\u00e9mission Passion Auto sur RDS en plus de mettre en ligne le site Web officiel de L\u2019Annuel de l\u2019automobile sur annuelauto.ca.","sameAs":["https:\/\/annuelauto.ca\/"],"url":"https:\/\/news.canadamotorjobs.com\/fr\/author\/benoit-charette\/"}]}},"_links":{"self":[{"href":"https:\/\/news.canadamotorjobs.com\/fr\/wp-json\/wp\/v2\/posts\/240815"}],"collection":[{"href":"https:\/\/news.canadamotorjobs.com\/fr\/wp-json\/wp\/v2\/posts"}],"about":[{"href":"https:\/\/news.canadamotorjobs.com\/fr\/wp-json\/wp\/v2\/types\/post"}],"author":[{"embeddable":true,"href":"https:\/\/news.canadamotorjobs.com\/fr\/wp-json\/wp\/v2\/users\/8"}],"replies":[{"embeddable":true,"href":"https:\/\/news.canadamotorjobs.com\/fr\/wp-json\/wp\/v2\/comments?post=240815"}],"version-history":[{"count":2,"href":"https:\/\/news.canadamotorjobs.com\/fr\/wp-json\/wp\/v2\/posts\/240815\/revisions"}],"predecessor-version":[{"id":240819,"href":"https:\/\/news.canadamotorjobs.com\/fr\/wp-json\/wp\/v2\/posts\/240815\/revisions\/240819"}],"wp:featuredmedia":[{"embeddable":true,"href":"https:\/\/news.canadamotorjobs.com\/fr\/wp-json\/wp\/v2\/media\/240817"}],"wp:attachment":[{"href":"https:\/\/news.canadamotorjobs.com\/fr\/wp-json\/wp\/v2\/media?parent=240815"}],"wp:term":[{"taxonomy":"category","embeddable":true,"href":"https:\/\/news.canadamotorjobs.com\/fr\/wp-json\/wp\/v2\/categories?post=240815"},{"taxonomy":"post_tag","embeddable":true,"href":"https:\/\/news.canadamotorjobs.com\/fr\/wp-json\/wp\/v2\/tags?post=240815"}],"curies":[{"name":"wp","href":"https:\/\/api.w.org\/{rel}","templated":true}]}}