{"id":240729,"date":"2026-04-28T07:51:09","date_gmt":"2026-04-28T11:51:09","guid":{"rendered":"https:\/\/news.canadamotorjobs.com\/?p=240729"},"modified":"2026-04-28T08:04:58","modified_gmt":"2026-04-28T12:04:58","slug":"land-rover-rappelle-14-000-modeles-hybrides-au-canada","status":"publish","type":"post","link":"https:\/\/news.canadamotorjobs.com\/fr\/land-rover-rappelle-14-000-modeles-hybrides-au-canada\/","title":{"rendered":"Land Rover rappelle 14 000 mod\u00e8les hybrides au Canada"},"content":{"rendered":"<\/p>\n<p data-start=\"540\" data-end=\"713\"><span class=\"hover:entity-accent entity-underline inline cursor-pointer align-baseline\"><span class=\"whitespace-normal\">Land Rover<\/span><\/span> est vis\u00e9 par un rappel d\u2019envergure au Canada touchant plusieurs de ses mod\u00e8les \u00e9quip\u00e9s d\u2019une motorisation hybride l\u00e9g\u00e8re (mild-hybrid). Selon <span class=\"hover:entity-accent entity-underline inline cursor-pointer align-baseline\"><span class=\"whitespace-normal\">Transport Canada<\/span><\/span>, le probl\u00e8me provient du convertisseur DC\/DC, un composant cl\u00e9 du syst\u00e8me \u00e9lectrique. Au total, 14 542 v\u00e9hicules pourraient \u00eatre affect\u00e9s \u00e0 l\u2019\u00e9chelle du pays.<\/p>\n<h3 data-section-id=\"1iur5th\" data-start=\"928\" data-end=\"976\">Quels sont les risques pour les conducteurs ?<\/h3>\n<p><\/p>\n<p data-start=\"977\" data-end=\"1110\">Le d\u00e9faut identifi\u00e9 pourrait entra\u00eener une d\u00e9faillance du convertisseur, emp\u00eachant la batterie 12 volts de se recharger correctement. Dans un tel sc\u00e9nario, vous aurez une perte de puissance aux roues et l&#8217;extinction soudaine des phares ou des syst\u00e8mes \u00e9lectriques En clair, si le syst\u00e8me cesse de fonctionner pendant que le v\u00e9hicule roule, l\u2019exp\u00e9rience peut rapidement devenir probl\u00e9matique, voire dangereuse.<\/p>\n<h3 data-section-id=\"10435yc\" data-start=\"1424\" data-end=\"1466\">Le r\u00f4le du convertisseur DC\/DC<\/h3>\n<p><\/p>\n<p data-start=\"1467\" data-end=\"1595\">Contrairement \u00e0 ce que son nom laisse croire, le convertisseur DC\/DC ne change pas la nature du courant, mais plut\u00f4t sa tension. Dans un v\u00e9hicule hybride l\u00e9ger le syst\u00e8me principal fonctionne en 48 volts et les accessoires (\u00e9clairage, infodivertissement, etc.) utilisent du 12 volts. Le convertisseur agit donc comme un pont entre ces deux circuits. On peut le comparer \u00e0 un alternateur dans un v\u00e9hicule \u00e0 essence : sans lui, les commandes \u00e9lectriques finissent par s\u2019\u00e9teindre.<\/p>\n<h3 data-section-id=\"j9rk16\" data-start=\"1960\" data-end=\"2006\">Tous les mod\u00e8les touch\u00e9s hybrides l\u00e9gers touch\u00e9s<\/h3>\n<p><\/p>\n<p data-start=\"2007\" data-end=\"2103\">Le rappel couvre une large portion de la gamme Land Rover, pour les ann\u00e9es-mod\u00e8les 2019 \u00e0 2024 :<\/p>\n<ul data-start=\"2105\" data-end=\"2398\"><\/p>\n<li data-section-id=\"1gcjogl\" data-start=\"2105\" data-end=\"2146\"><span class=\"hover:entity-accent entity-underline inline cursor-pointer align-baseline\"><span class=\"whitespace-normal\">Land Rover Defender<\/span><\/span><\/li>\n<p><\/p>\n<li data-section-id=\"cgv1px\" data-start=\"2147\" data-end=\"2188\"><span class=\"hover:entity-accent entity-underline inline cursor-pointer align-baseline\"><span class=\"whitespace-normal\">Land Rover Discovery<\/span><\/span><\/li>\n<p><\/p>\n<li data-section-id=\"eyrt5h\" data-start=\"2189\" data-end=\"2230\"><span class=\"hover:entity-accent entity-underline inline cursor-pointer align-baseline\"><span class=\"whitespace-normal\">Land Rover Discovery Sport<\/span><\/span><\/li>\n<p><\/p>\n<li data-section-id=\"hjs5dh\" data-start=\"2231\" data-end=\"2272\"><span class=\"hover:entity-accent entity-underline inline cursor-pointer align-baseline\"><span class=\"whitespace-normal\">Land Rover Range Rover<\/span><\/span><\/li>\n<p><\/p>\n<li data-section-id=\"pzvh1x\" data-start=\"2273\" data-end=\"2314\"><span class=\"hover:entity-accent entity-underline inline cursor-pointer align-baseline\"><span class=\"whitespace-normal\">Land Rover Range Rover Sport<\/span><\/span><\/li>\n<p><\/p>\n<li data-section-id=\"1l5awad\" data-start=\"2315\" data-end=\"2356\"><span class=\"hover:entity-accent entity-underline inline cursor-pointer align-baseline\"><span class=\"whitespace-normal\">Land Rover Range Rover Velar<\/span><\/span><\/li>\n<p><\/p>\n<li data-section-id=\"1upsd79\" data-start=\"2357\" data-end=\"2398\"><span class=\"hover:entity-accent entity-underline inline cursor-pointer align-baseline\"><span class=\"whitespace-normal\">Land Rover Range Rover Evoque<\/span><\/span><\/li>\n<p>\n<\/ul>\n<p><\/p>\n<h3 data-section-id=\"1pyglv7\" data-start=\"2485\" data-end=\"2524\">Une solution encore en d\u00e9veloppement<\/h3>\n<p><\/p>\n<p data-start=\"2525\" data-end=\"2692\">Land Rover indique que les propri\u00e9taires seront contact\u00e9s par courrier. Toutefois, la marque pr\u00e9cise que la solution technique est toujours en cours d\u2019\u00e9laboration. Autrement dit, les r\u00e9parations ne seront pas imm\u00e9diates en concession, ce qui pourrait cr\u00e9er un certain flou \u00e0 court terme pour les propri\u00e9taires.<\/p>\n<h3 data-section-id=\"8dtpi\" data-start=\"3501\" data-end=\"3514\">Conclusion<\/h3>\n<p><\/p>\n<p data-start=\"3515\" data-end=\"3804\">Avec plus de 14 000 unit\u00e9s concern\u00e9es au Canada, ce rappel souligne l\u2019importance de bien encadrer les nouvelles technologies d\u2019\u00e9lectrification. En attendant une solution officielle, les propri\u00e9taires ont tout int\u00e9r\u00eat \u00e0 rester vigilants et \u00e0 surveiller tout comportement \u00e9lectrique anormal.<\/p>\n<p><\/p>\n<p data-start=\"3515\" data-end=\"3804\">Avec des renseignements de Driving.ca<\/p>\n<p>Le texte <a href=\"https:\/\/annuelauto.ca\/land-rover-rappelle-14-000-modeles-hybrides-au-canada\/\">Land Rover rappelle 14 000 mod\u00e8les hybrides au Canada<\/a> provient de <a href=\"https:\/\/annuelauto.ca\">template  &#8211; Car and truck parts &#8211; We deliver our parts and accessories everywhere in Canada<\/a><\/p>\n<p><\/p>\n","protected":false},"excerpt":{"rendered":"<p>Land Rover est vis\u00e9 par un rappel d\u2019envergure au Canada touchant plusieurs de ses mod\u00e8les \u00e9quip\u00e9s d\u2019une motorisation hybride l\u00e9g\u00e8re (mild-hybrid). Selon Transport Canada, le probl\u00e8me provient du convertisseur DC\/DC, un composant cl\u00e9 du syst\u00e8me \u00e9lectrique. Au total, 14 542 v\u00e9hicules pourraient \u00eatre affect\u00e9s \u00e0 l\u2019\u00e9chelle du pays. Quels sont les risques pour les conducteurs [&hellip;]<\/p>\n","protected":false},"author":8,"featured_media":240731,"comment_status":"close","ping_status":"closed","sticky":false,"template":"","format":"standard","meta":{"_monsterinsights_skip_tracking":false,"_monsterinsights_sitenote_active":false,"_monsterinsights_sitenote_note":"","_monsterinsights_sitenote_category":0,"footnotes":""},"categories":[101],"tags":[],"yoast_head":"<!-- This site is optimized with the Yoast SEO plugin v23.2 - https:\/\/yoast.com\/wordpress\/plugins\/seo\/ -->\n<title>Land Rover rappelle 14 000 mod\u00e8les hybrides au Canada - CanadaMotorJobs.com<\/title>\n<meta name=\"description\" content=\"Land Rover rappelle 14 000 mod\u00e8les hybrides au Canada - Benoit Charette - Annuel automobile - CanadaMotorJobs.com.\" \/>\n<meta name=\"robots\" content=\"index, follow, max-snippet:-1, max-image-preview:large, max-video-preview:-1\" \/>\n<meta property=\"og:locale\" content=\"fr_CA\" \/>\n<meta property=\"og:type\" content=\"article\" \/>\n<meta property=\"og:title\" content=\"Land Rover rappelle 14 000 mod\u00e8les hybrides au Canada - CanadaMotorJobs.com\" \/>\n<meta property=\"og:description\" content=\"Land Rover rappelle 14 000 mod\u00e8les hybrides au Canada - Benoit Charette - Annuel automobile - CanadaMotorJobs.com.\" \/>\n<meta property=\"og:url\" content=\"https:\/\/news.canadamotorjobs.com\/fr\/land-rover-rappelle-14-000-modeles-hybrides-au-canada\/\" \/>\n<meta property=\"og:site_name\" content=\"CanadaMotorJobs.com\" \/>\n<meta property=\"article:publisher\" content=\"https:\/\/www.facebook.com\/canadamotorjobs\/\" \/>\n<meta property=\"article:published_time\" content=\"2026-04-28T11:51:09+00:00\" \/>\n<meta property=\"article:modified_time\" content=\"2026-04-28T12:04:58+00:00\" \/>\n<meta property=\"og:image\" content=\"https:\/\/news.canadamotorjobs.com\/wp-content\/uploads\/2026\/04\/land-rover-range-rover-sport-p400-2024_4.jpg\" \/>\n\t<meta property=\"og:image:width\" content=\"1200\" \/>\n\t<meta property=\"og:image:height\" content=\"800\" \/>\n\t<meta property=\"og:image:type\" content=\"image\/jpeg\" \/>\n<meta name=\"author\" content=\"Benoit Charette\" \/>\n<meta name=\"twitter:card\" content=\"summary_large_image\" \/>\n<meta name=\"twitter:creator\" content=\"@canadamotorjobs\" \/>\n<meta name=\"twitter:site\" content=\"@canadamotorjobs\" \/>\n<meta name=\"twitter:label1\" content=\"\u00c9crit par\" \/>\n\t<meta name=\"twitter:data1\" content=\"Benoit Charette\" \/>\n\t<meta name=\"twitter:label2\" content=\"Estimation du temps de lecture\" \/>\n\t<meta name=\"twitter:data2\" content=\"2 minutes\" \/>\n<!-- \/ Yoast SEO plugin. -->","yoast_head_json":{"title":"Land Rover rappelle 14 000 mod\u00e8les hybrides au Canada - CanadaMotorJobs.com","description":"Land Rover rappelle 14 000 mod\u00e8les hybrides au Canada - Benoit Charette - Annuel automobile - CanadaMotorJobs.com.","robots":{"index":"index","follow":"follow","max-snippet":"max-snippet:-1","max-image-preview":"max-image-preview:large","max-video-preview":"max-video-preview:-1"},"og_locale":"fr_CA","og_type":"article","og_title":"Land Rover rappelle 14 000 mod\u00e8les hybrides au Canada - CanadaMotorJobs.com","og_description":"Land Rover rappelle 14 000 mod\u00e8les hybrides au Canada - Benoit Charette - Annuel automobile - CanadaMotorJobs.com.","og_url":"https:\/\/news.canadamotorjobs.com\/fr\/land-rover-rappelle-14-000-modeles-hybrides-au-canada\/","og_site_name":"CanadaMotorJobs.com","article_publisher":"https:\/\/www.facebook.com\/canadamotorjobs\/","article_published_time":"2026-04-28T11:51:09+00:00","article_modified_time":"2026-04-28T12:04:58+00:00","og_image":[{"width":1200,"height":800,"url":"https:\/\/news.canadamotorjobs.com\/wp-content\/uploads\/2026\/04\/land-rover-range-rover-sport-p400-2024_4.jpg","type":"image\/jpeg"}],"author":"Benoit Charette","twitter_card":"summary_large_image","twitter_creator":"@canadamotorjobs","twitter_site":"@canadamotorjobs","twitter_misc":{"\u00c9crit par":"Benoit Charette","Estimation du temps de lecture":"2 minutes"},"schema":{"@context":"https:\/\/schema.org","@graph":[{"@type":"Article","@id":"https:\/\/news.canadamotorjobs.com\/fr\/land-rover-rappelle-14-000-modeles-hybrides-au-canada\/#article","isPartOf":{"@id":"https:\/\/news.canadamotorjobs.com\/fr\/land-rover-rappelle-14-000-modeles-hybrides-au-canada\/"},"author":{"name":"Benoit Charette","@id":"https:\/\/news.canadamotorjobs.com\/#\/schema\/person\/51793d1f87d44011d7bcc2ed99269a90"},"headline":"Land Rover rappelle 14 000 mod\u00e8les hybrides au Canada","datePublished":"2026-04-28T11:51:09+00:00","dateModified":"2026-04-28T12:04:58+00:00","mainEntityOfPage":{"@id":"https:\/\/news.canadamotorjobs.com\/fr\/land-rover-rappelle-14-000-modeles-hybrides-au-canada\/"},"wordCount":419,"publisher":{"@id":"https:\/\/news.canadamotorjobs.com\/#organization"},"image":{"@id":"https:\/\/news.canadamotorjobs.com\/fr\/land-rover-rappelle-14-000-modeles-hybrides-au-canada\/#primaryimage"},"thumbnailUrl":"https:\/\/news.canadamotorjobs.com\/wp-content\/uploads\/2026\/04\/land-rover-range-rover-sport-p400-2024_4.jpg","articleSection":["Annuel automobile"],"inLanguage":"fr-CA"},{"@type":"WebPage","@id":"https:\/\/news.canadamotorjobs.com\/fr\/land-rover-rappelle-14-000-modeles-hybrides-au-canada\/","url":"https:\/\/news.canadamotorjobs.com\/fr\/land-rover-rappelle-14-000-modeles-hybrides-au-canada\/","name":"Land Rover rappelle 14 000 mod\u00e8les hybrides au Canada - CanadaMotorJobs.com","isPartOf":{"@id":"https:\/\/news.canadamotorjobs.com\/#website"},"primaryImageOfPage":{"@id":"https:\/\/news.canadamotorjobs.com\/fr\/land-rover-rappelle-14-000-modeles-hybrides-au-canada\/#primaryimage"},"image":{"@id":"https:\/\/news.canadamotorjobs.com\/fr\/land-rover-rappelle-14-000-modeles-hybrides-au-canada\/#primaryimage"},"thumbnailUrl":"https:\/\/news.canadamotorjobs.com\/wp-content\/uploads\/2026\/04\/land-rover-range-rover-sport-p400-2024_4.jpg","datePublished":"2026-04-28T11:51:09+00:00","dateModified":"2026-04-28T12:04:58+00:00","description":"Land Rover rappelle 14 000 mod\u00e8les hybrides au Canada - Benoit Charette - Annuel automobile - CanadaMotorJobs.com.","breadcrumb":{"@id":"https:\/\/news.canadamotorjobs.com\/fr\/land-rover-rappelle-14-000-modeles-hybrides-au-canada\/#breadcrumb"},"inLanguage":"fr-CA","potentialAction":[{"@type":"ReadAction","target":["https:\/\/news.canadamotorjobs.com\/fr\/land-rover-rappelle-14-000-modeles-hybrides-au-canada\/"]}]},{"@type":"ImageObject","inLanguage":"fr-CA","@id":"https:\/\/news.canadamotorjobs.com\/fr\/land-rover-rappelle-14-000-modeles-hybrides-au-canada\/#primaryimage","url":"https:\/\/news.canadamotorjobs.com\/wp-content\/uploads\/2026\/04\/land-rover-range-rover-sport-p400-2024_4.jpg","contentUrl":"https:\/\/news.canadamotorjobs.com\/wp-content\/uploads\/2026\/04\/land-rover-range-rover-sport-p400-2024_4.jpg","width":1200,"height":800},{"@type":"BreadcrumbList","@id":"https:\/\/news.canadamotorjobs.com\/fr\/land-rover-rappelle-14-000-modeles-hybrides-au-canada\/#breadcrumb","itemListElement":[{"@type":"ListItem","position":1,"name":"Home","item":"https:\/\/news.canadamotorjobs.com\/fr\/blog\/"},{"@type":"ListItem","position":2,"name":"Land Rover rappelle 14 000 mod\u00e8les hybrides au Canada"}]},{"@type":"WebSite","@id":"https:\/\/news.canadamotorjobs.com\/#website","url":"https:\/\/news.canadamotorjobs.com\/","name":"CanadaMotorJobs.com","description":"Automotive Jobs","publisher":{"@id":"https:\/\/news.canadamotorjobs.com\/#organization"},"potentialAction":[{"@type":"SearchAction","target":{"@type":"EntryPoint","urlTemplate":"https:\/\/news.canadamotorjobs.com\/?s={search_term_string}"},"query-input":"required name=search_term_string"}],"inLanguage":"fr-CA"},{"@type":"Organization","@id":"https:\/\/news.canadamotorjobs.com\/#organization","name":"Canada Motor Jobs","url":"https:\/\/news.canadamotorjobs.com\/","logo":{"@type":"ImageObject","inLanguage":"fr-CA","@id":"https:\/\/news.canadamotorjobs.com\/#\/schema\/logo\/image\/","url":"https:\/\/news.canadamotorjobs.com\/wp-content\/uploads\/2022\/10\/logo-canada-motor-jobs-1.png","contentUrl":"https:\/\/news.canadamotorjobs.com\/wp-content\/uploads\/2022\/10\/logo-canada-motor-jobs-1.png","width":800,"height":400,"caption":"Canada Motor Jobs"},"image":{"@id":"https:\/\/news.canadamotorjobs.com\/#\/schema\/logo\/image\/"},"sameAs":["https:\/\/www.facebook.com\/canadamotorjobs\/","https:\/\/x.com\/canadamotorjobs","https:\/\/www.instagram.com\/canadamotorjobs\/","https:\/\/www.linkedin.com\/company\/canadamotorjobs"]},{"@type":"Person","@id":"https:\/\/news.canadamotorjobs.com\/#\/schema\/person\/51793d1f87d44011d7bcc2ed99269a90","name":"Benoit Charette","image":{"@type":"ImageObject","inLanguage":"fr-CA","@id":"https:\/\/news.canadamotorjobs.com\/#\/schema\/person\/image\/","url":"https:\/\/secure.gravatar.com\/avatar\/45f3d2eebcccd909668d7ce7ea7267b6?s=96&d=mm&r=g","contentUrl":"https:\/\/secure.gravatar.com\/avatar\/45f3d2eebcccd909668d7ce7ea7267b6?s=96&d=mm&r=g","caption":"Benoit Charette"},"description":"Benoit Charette \/ Propri\u00e9taire et r\u00e9dacteur en chef Benoit Charette pratique le journalisme automobile depuis bient\u00f4t 30 ans. Il a fait ses classes au c\u00f4t\u00e9 de Daniel H\u00e9raud et au Carnet de route de 1992 \u00e0 2001. Il est fondateur, copropri\u00e9taire et r\u00e9dacteur en chef de L\u2019Annuel de l\u2019automobile, qu\u2019il publie depuis 2001. Il a anim\u00e9 les \u00e9missions RPM et RPM+ sur V et les L\u00e9gendes de la route sur Historia. \u00c0 la radio depuis 1986, il reprend l\u2019antenne cette ann\u00e9e sur les ondes de Cogeco et participe pour la deuxi\u00e8me ann\u00e9e \u00e0 l\u2019\u00e9mission Passion Auto sur RDS en plus de mettre en ligne le site Web officiel de L\u2019Annuel de l\u2019automobile sur annuelauto.ca.","sameAs":["https:\/\/annuelauto.ca\/"],"url":"https:\/\/news.canadamotorjobs.com\/fr\/author\/benoit-charette\/"}]}},"_links":{"self":[{"href":"https:\/\/news.canadamotorjobs.com\/fr\/wp-json\/wp\/v2\/posts\/240729"}],"collection":[{"href":"https:\/\/news.canadamotorjobs.com\/fr\/wp-json\/wp\/v2\/posts"}],"about":[{"href":"https:\/\/news.canadamotorjobs.com\/fr\/wp-json\/wp\/v2\/types\/post"}],"author":[{"embeddable":true,"href":"https:\/\/news.canadamotorjobs.com\/fr\/wp-json\/wp\/v2\/users\/8"}],"replies":[{"embeddable":true,"href":"https:\/\/news.canadamotorjobs.com\/fr\/wp-json\/wp\/v2\/comments?post=240729"}],"version-history":[{"count":2,"href":"https:\/\/news.canadamotorjobs.com\/fr\/wp-json\/wp\/v2\/posts\/240729\/revisions"}],"predecessor-version":[{"id":240733,"href":"https:\/\/news.canadamotorjobs.com\/fr\/wp-json\/wp\/v2\/posts\/240729\/revisions\/240733"}],"wp:featuredmedia":[{"embeddable":true,"href":"https:\/\/news.canadamotorjobs.com\/fr\/wp-json\/wp\/v2\/media\/240731"}],"wp:attachment":[{"href":"https:\/\/news.canadamotorjobs.com\/fr\/wp-json\/wp\/v2\/media?parent=240729"}],"wp:term":[{"taxonomy":"category","embeddable":true,"href":"https:\/\/news.canadamotorjobs.com\/fr\/wp-json\/wp\/v2\/categories?post=240729"},{"taxonomy":"post_tag","embeddable":true,"href":"https:\/\/news.canadamotorjobs.com\/fr\/wp-json\/wp\/v2\/tags?post=240729"}],"curies":[{"name":"wp","href":"https:\/\/api.w.org\/{rel}","templated":true}]}}